{"id":13659,"date":"2019-05-22T14:21:53","date_gmt":"2019-05-22T17:21:53","guid":{"rendered":"http:\/\/vamosporlaliberacion.org\/crpmlm\/?p=13659"},"modified":"2019-05-22T14:21:53","modified_gmt":"2019-05-22T17:21:53","slug":"cfk-pateo-el-tablero-politico","status":"publish","type":"post","link":"https:\/\/vamosporlaliberacion.org\/crpmlm\/cfk-pateo-el-tablero-politico\/","title":{"rendered":"CFK pate\u00f3 el tablero pol\u00edtico"},"content":{"rendered":"<p>La decisi\u00f3n de Cristina Fern\u00e1ndez de Kirchner de postular a Alberto Fern\u00e1ndez como candidato a presidente acompa\u00f1ado por ella como vice de la f\u00f3rmula de Unidad Ciudadana-PJ, sacudi\u00f3 el tablero pol\u00edtico electoral. Cristina lo hace cuando viene encabezando todas las encuestas. Pero en la s\u00edntesis de su video afirma que \u201cno se trata de ganar, sino de gobernar\u201d, marcando que este acuerdo obedece en primer lugar a avanzar en ampliar la unidad y en segundo lugar para generar gobernabilidad en la Argentina que viene luego de un pa\u00eds desbastado a\u00fan peor que en el 2001.<\/p>\n<p>Acuerdo anti macrista<\/p>\n<p>Si a este acuerdo se lo mira, como debe ser, el kirchnerismo cede la cabeza para lograr que esa unidad amplia ocurra.<\/p>\n<p>Alberto Fern\u00e1ndez nunca se desdijo de sus afirmaciones lapidarias sobre CFK y su gobierno. Fue Jefe de Gabinete de N\u00e9stor Kirchner y CFK hasta que renunci\u00f3; y fue reemplazado por Sergio Massa luego del conflicto agrario. El n\u00facleo duro del kirchnerismo lo caracteriz\u00f3 de empleado de Clar\u00edn, le sac\u00f3 sus v\u00ednculos con Duhalde, etc. Luego, \u00e9ste en el 2013 se acerc\u00f3 al Frente Renovador (FR) para ser luego en las elecciones del 2015 jefe de campa\u00f1a de Massa. Y rompi\u00f3 con \u00e9ste cuando viaj\u00f3 a Davos acompa\u00f1ando a Macri en enero de 2016. De all\u00ed salt\u00f3 a trabajar con Florencio Randazzo \u2013de quien fue su jefe de campa\u00f1a para las elecciones del 2017\u2013, quien desde el PJ le birl\u00f3 la posibilidad de salir primera senadora a CFK. A principio de 2018 se sella el acercamiento al kircnerismo y al poco tiempo Alberto Fern\u00e1ndez pasa a integrar la mesa chica de Cristina con M\u00e1ximo Kirchner y Axel Kicillof.<\/p>\n<p>As\u00ed como en el 2003 hubo un acuerdo con N\u00e9stor Kirchner, hoy lo es con Cristina. Alberto Fern\u00e1ndez no tiene peso territorial, ni construy\u00f3 una corriente propia, con lo que est\u00e1 obligado a negociar con el kirchnerismo y otros sectores. Pero es sabido que su llegada obedece al requerimiento de los intendentes del conurbano bonaerense del PJ y otros dirigentes del interior para ganar amplitud y restarle poder a La Campora. El malestar en las filas kirchneristas se hicieron sentir en el activo de esa corriente.<\/p>\n<p>Lecturas del acuerdo<\/p>\n<p>La primera lectura del acuerdo es que golpea centralmente al oficialismo, y en particular la candidatura de Macri, ya que la nueva f\u00f3rmula atiende los l\u00edmites de la propia Cristina Kirchner y apunta a romper de alguna manera la polaridad que m\u00e1s le conviene al Ejecutivo (ya que la teor\u00eda del t\u00edtere Fern\u00e1ndez manejado por la Sra. Fern\u00e1ndez es muy poco cre\u00edble). Por otro lado, es una movida efectiva porque sumergido en la crisis pol\u00edtica de la alianza Cambiemos, deja con muy poco margen al gobierno para un recambio. De hacerlo ser\u00eda una se\u00f1al de extrema debilidad faltando d\u00edas para el cierre de listas. Ahora el oficialismo buscar\u00e1 ofrecer a sus aliados la vice presidencia (se espera que la Convenci\u00f3n de la UCR sea muy dura) y apuesta a que el Peronismo Federal se mantenga lo mas unido posible y no ceda a la propuesta de unidad que le ofrecen desde el PJ.<\/p>\n<p>La segunda es la que presiona al Peronismo Federal, en particular a los gobernadores, en cuanto a si van a dividir la oposici\u00f3n o no (\u00e9stos tendr\u00e1n su reuni\u00f3n el pr\u00f3ximo mi\u00e9rcoles). Sobre todo luego que Alberto Fern\u00e1ndez afirmara que \u201cpueden ir a las PASO y que la gente decida\u201d. Apenas se supo la f\u00f3rmula hubo varios gobernadores que saludaron la decisi\u00f3n.<br \/>\nUn tercer elemento es el contexto internacional, ya que es clara la injerencia de los EEUU en la vida interna de nuestro pa\u00eds. No solo en la econom\u00eda, sino tambi\u00e9n en la Justicia, la Seguridad y la Inteligencia. \u00c9stos jugaron fuerte en sostener a su candidato Mauricio Macri que se hunde en la crisis econ\u00f3mica sin antecedentes (aunque ahora enciendan el pulmotor de la \u201ctendencia a la baja de la inflaci\u00f3n\u201d). Pero tambi\u00e9n las elecciones en nuestro pa\u00eds se dan en el marco de una agudizaci\u00f3n de la disputa inter-imperialista, que tiene en la llamada \u201cguerra comercial\u201d entre los EEUU y China como eje internacional y la ofensiva sobre Venezuela por parte de los EEUU y sus aliados (como el gobierno de Macri) el eje en la regi\u00f3n.<\/p>\n<p>El imperialismo yanqui ha avanzado en la regi\u00f3n y los gobiernos que se han impuesto en Brasil, Chile, Ecuador, Colombia, Paraguay y Argentina, entre otros, han cerrado alineamientos con los EEUU, si bien mantienen los lazos econ\u00f3micos con el imperialismo chino y otros como el ruso. Esta realidad agudiza las confrontaciones entre estados y monopolios por las riquezas en la regi\u00f3n. De hecho, la disputa por el petr\u00f3leo es el trasfondo de la ofensiva sobre Venezuela y es la que se desarrolla en Vaca Muerta en nuestro pa\u00eds. Aqu\u00ed el macrismo profundiz\u00f3 la penetraci\u00f3n de monopolios yanquis y otros en este yacimiento estrat\u00e9gico. No solo en esa regi\u00f3n, sino que ahora entrega los yacimientos sobre la plataforma submarina argentina en el \u00e1rea Malvinas a monopolios ingleses y vinculados a ellos, violando la Constituci\u00f3n y las leyes nacionales. Lo mismo podemos hablar del litio y otros recursos estrat\u00e9gicos que constituyen las riquezas de nuestro pa\u00eds. En este sentido, la instalaci\u00f3n de la base militar china en Neuqu\u00e9n aviva el conflicto internacional, como ya manifest\u00f3 en su momento los EEUU.<\/p>\n<p>Pero tambi\u00e9n es cierto que, tras imponerse en esos pa\u00edses, las pol\u00edticas llamadas neoliberales \u2013de derecha reaccionaria, hambreadoras y entreguistas\u2013 al poco tiempo empiezan a encontrar dificultades como en nuestro pa\u00eds producto de la propia naturaleza del plan econ\u00f3mico que favorece la libre importaci\u00f3n, la especulaci\u00f3n y el endeudamiento en desmedro de la industria, las econom\u00edas regionales y la soberan\u00eda nacional.<br \/>\nEs un contexto adverso para los sectores populares. Pero de crisis de las pol\u00edticas econ\u00f3micas como las de Macri. Frente a esta realidad se van configurando acuerdos de unidad en la acci\u00f3n de las CTA\u2019s y otros gremios como Camioneros y Bancarios junto a organizaciones sociales que vienen sosteniendo la lucha. Y en el terreno pol\u00edtico fueron madurando acuerdos como el que encabeza el PJ en nuestro pa\u00eds ahora con la f\u00f3rmula presidencial y el armado al un Frente Patri\u00f3tico. Un reagrupamiento heterog\u00e9neo donde tambi\u00e9n conviven fuerzas democr\u00e1ticas, de centro izquierda y antiimperialistas con una clara hegemon\u00eda peronista, donde la corriente kirchnerista es la m\u00e1s importante.<br \/>\nTenemos puntos de acuerdos en cuanto al reconocimiento de la voluntad de trabajar principalmente con los gobiernos como el de Evo Morales en Bolivia, Manuel L\u00f3pez Obrador en M\u00e9xico, Tabar\u00e9 V\u00e1zquez en Uruguay, as\u00ed como sostener la autodeterminaci\u00f3n y no injerencia en la crisis venezolana. Desde ya que no compartimos el amarre con otras potencias imperialistas para contrarrestar el avance de los EEUU.<\/p>\n<p>Compartimos acuerdos posibles y concretos en cuanto la reactivaci\u00f3n del mercado interno y otros que apuntan a restituir conquistas arrancadas por este gobierno. Y vemos como una contradicci\u00f3n que se quiera pagar la deuda y cumplir con el FMI aun partiendo de la realidad argentina como sostiene Alberto Fern\u00e1ndez, sin postergar urgencias populares y seguir estancando la econom\u00eda, m\u00e1xime cuando este endeudamiento hist\u00f3rico fue a la especulaci\u00f3n y la fuga de capitales lo que requerir\u00eda investigar y denunciar esta gran y nueva estafa.<\/p>\n<p>Nuestra t\u00e1ctica<\/p>\n<p>Seguiremos trabajando una amplia unidad con los sectores que vienen enfrentando esta pol\u00edtica, en particular los sectores vinculados a la corriente kirchnerista para resolver el primer problema que tiene el pueblo y es derrotar a Macri-Cambiemos en las calles o en las urnas. Desde esta perspectiva, lanzamos el Movimiento Popular Liberaci\u00f3n y pasamos a hacer acuerdos e integrar alianzas electorales como el Frente Patri\u00f3tico que lanz\u00f3 el Senador Pino Solanas y que r\u00e1pidamente tom\u00f3 el PJ.<\/p>\n<p>Las caracter\u00edsticas de esos acuerdos y las fuerzas que lo dirigen, hacen redoblar mas los esfuerzos de todas aquellas organizaciones y dirigentes democr\u00e1ticos y antiimperialistas para triunfar en las elecciones y crear mejores condiciones en la pelea de un programa emancipador, como propone el MP Liberaci\u00f3n, que arranca con el pueblo en las calles para lograr romper el acuerdo con el FMI y se avance en las medidas urgentes y estructurales que necesita nuestro pueblo y la naci\u00f3n argentina.<\/p>\n<p>En este sentido, en el 50\u00ba aniversario del Cordobazo, estaremos en las calles en el marco del paro nacional de la CGT y reivindicando aquella gesta obrera y popular que marc\u00f3 el camino que deber\u00e1 transitar el pueblo para conquistar con los trabajadores a la cabeza la liberaci\u00f3n nacional y social.<\/p>\n<!-- AddThis Advanced Settings generic via filter on the_content --><!-- AddThis Share Buttons generic via filter on the_content -->","protected":false},"excerpt":{"rendered":"<p>La decisi\u00f3n de Cristina Fern\u00e1ndez de Kirchner de postular a Alberto Fern\u00e1ndez como candidato a presidente acompa\u00f1ado por ella como vice de la f\u00f3rmula de Unidad Ciudadana-PJ, sacudi\u00f3 el tablero pol\u00edtico electoral. Cristina lo hace cuando viene encabezando todas las encuestas. Pero en la s\u00edntesis de su video afirma que \u201cno se trata de ganar, [&hellip;]<!-- AddThis Advanced Settings generic via filter on get_the_excerpt --><!-- AddThis Share Buttons generic via filter on get_the_excerpt --><\/p>\n","protected":false},"author":6,"featured_media":8283,"comment_status":"open","ping_status":"open","sticky":false,"template":"","format":"standard","meta":{"_jetpack_memberships_contains_paid_content":false,"footnotes":""},"categories":[1699],"tags":[519,1313,1194],"class_list":{"0":"post-13659","1":"post","2":"type-post","3":"status-publish","4":"format-standard","5":"has-post-thumbnail","7":"category-noticias","8":"tag-destacado","9":"tag-editorial-141","10":"tag-elecciones-2019"},"yoast_head":"<!-- This site is optimized with the Yoast SEO plugin v27.4 - https:\/\/yoast.com\/product\/yoast-seo-wordpress\/ -->\n<title>CFK pate\u00f3 el tablero pol\u00edtico - Vamos por la Liberaci\u00f3n<\/title>\n<meta name=\"robots\" content=\"index, follow, max-snippet:-1, max-image-preview:large, max-video-preview:-1\" \/>\n<link rel=\"canonical\" href=\"https:\/\/vamosporlaliberacion.org\/crpmlm\/cfk-pateo-el-tablero-politico\/\" \/>\n<meta name=\"twitter:label1\" content=\"Escrito por\" \/>\n\t<meta name=\"twitter:data1\" content=\"vamos!\" \/>\n\t<meta name=\"twitter:label2\" content=\"Tiempo de lectura\" \/>\n\t<meta name=\"twitter:data2\" content=\"8 minutos\" \/>\n<script type=\"application\/ld+json\" class=\"yoast-schema-graph\">{\"@context\":\"https:\\\/\\\/schema.org\",\"@graph\":[{\"@type\":\"Article\",\"@id\":\"https:\\\/\\\/vamosporlaliberacion.org\\\/crpmlm\\\/cfk-pateo-el-tablero-politico\\\/#article\",\"isPartOf\":{\"@id\":\"https:\\\/\\\/vamosporlaliberacion.org\\\/crpmlm\\\/cfk-pateo-el-tablero-politico\\\/\"},\"author\":{\"name\":\"vamos!\",\"@id\":\"https:\\\/\\\/vamosporlaliberacion.org\\\/crpmlm\\\/#\\\/schema\\\/person\\\/d6eac7758df3770dae9cd9eb104d615c\"},\"headline\":\"CFK pate\u00f3 el tablero pol\u00edtico\",\"datePublished\":\"2019-05-22T17:21:53+00:00\",\"mainEntityOfPage\":{\"@id\":\"https:\\\/\\\/vamosporlaliberacion.org\\\/crpmlm\\\/cfk-pateo-el-tablero-politico\\\/\"},\"wordCount\":1514,\"commentCount\":0,\"image\":{\"@id\":\"https:\\\/\\\/vamosporlaliberacion.org\\\/crpmlm\\\/cfk-pateo-el-tablero-politico\\\/#primaryimage\"},\"thumbnailUrl\":\"https:\\\/\\\/i0.wp.com\\\/vamosporlaliberacion.org\\\/crpmlm\\\/wp-content\\\/uploads\\\/2016\\\/12\\\/macri_sin_bigotes.jpg?fit=380%2C324&ssl=1\",\"keywords\":[\"destacado\",\"editorial 141\",\"elecciones 2019\"],\"articleSection\":[\"Noticias\"],\"inLanguage\":\"es\",\"potentialAction\":[{\"@type\":\"CommentAction\",\"name\":\"Comment\",\"target\":[\"https:\\\/\\\/vamosporlaliberacion.org\\\/crpmlm\\\/cfk-pateo-el-tablero-politico\\\/#respond\"]}]},{\"@type\":\"WebPage\",\"@id\":\"https:\\\/\\\/vamosporlaliberacion.org\\\/crpmlm\\\/cfk-pateo-el-tablero-politico\\\/\",\"url\":\"https:\\\/\\\/vamosporlaliberacion.org\\\/crpmlm\\\/cfk-pateo-el-tablero-politico\\\/\",\"name\":\"CFK pate\u00f3 el tablero pol\u00edtico - Vamos por la Liberaci\u00f3n\",\"isPartOf\":{\"@id\":\"https:\\\/\\\/vamosporlaliberacion.org\\\/crpmlm\\\/#website\"},\"primaryImageOfPage\":{\"@id\":\"https:\\\/\\\/vamosporlaliberacion.org\\\/crpmlm\\\/cfk-pateo-el-tablero-politico\\\/#primaryimage\"},\"image\":{\"@id\":\"https:\\\/\\\/vamosporlaliberacion.org\\\/crpmlm\\\/cfk-pateo-el-tablero-politico\\\/#primaryimage\"},\"thumbnailUrl\":\"https:\\\/\\\/i0.wp.com\\\/vamosporlaliberacion.org\\\/crpmlm\\\/wp-content\\\/uploads\\\/2016\\\/12\\\/macri_sin_bigotes.jpg?fit=380%2C324&ssl=1\",\"datePublished\":\"2019-05-22T17:21:53+00:00\",\"author\":{\"@id\":\"https:\\\/\\\/vamosporlaliberacion.org\\\/crpmlm\\\/#\\\/schema\\\/person\\\/d6eac7758df3770dae9cd9eb104d615c\"},\"breadcrumb\":{\"@id\":\"https:\\\/\\\/vamosporlaliberacion.org\\\/crpmlm\\\/cfk-pateo-el-tablero-politico\\\/#breadcrumb\"},\"inLanguage\":\"es\",\"potentialAction\":[{\"@type\":\"ReadAction\",\"target\":[\"https:\\\/\\\/vamosporlaliberacion.org\\\/crpmlm\\\/cfk-pateo-el-tablero-politico\\\/\"]}]},{\"@type\":\"ImageObject\",\"inLanguage\":\"es\",\"@id\":\"https:\\\/\\\/vamosporlaliberacion.org\\\/crpmlm\\\/cfk-pateo-el-tablero-politico\\\/#primaryimage\",\"url\":\"https:\\\/\\\/i0.wp.com\\\/vamosporlaliberacion.org\\\/crpmlm\\\/wp-content\\\/uploads\\\/2016\\\/12\\\/macri_sin_bigotes.jpg?fit=380%2C324&ssl=1\",\"contentUrl\":\"https:\\\/\\\/i0.wp.com\\\/vamosporlaliberacion.org\\\/crpmlm\\\/wp-content\\\/uploads\\\/2016\\\/12\\\/macri_sin_bigotes.jpg?fit=380%2C324&ssl=1\",\"width\":380,\"height\":324},{\"@type\":\"BreadcrumbList\",\"@id\":\"https:\\\/\\\/vamosporlaliberacion.org\\\/crpmlm\\\/cfk-pateo-el-tablero-politico\\\/#breadcrumb\",\"itemListElement\":[{\"@type\":\"ListItem\",\"position\":1,\"name\":\"Portada\",\"item\":\"https:\\\/\\\/vamosporlaliberacion.org\\\/crpmlm\\\/\"},{\"@type\":\"ListItem\",\"position\":2,\"name\":\"CFK pate\u00f3 el tablero pol\u00edtico\"}]},{\"@type\":\"WebSite\",\"@id\":\"https:\\\/\\\/vamosporlaliberacion.org\\\/crpmlm\\\/#website\",\"url\":\"https:\\\/\\\/vamosporlaliberacion.org\\\/crpmlm\\\/\",\"name\":\"Vamos por la Liberaci\u00f3n\",\"description\":\"Prensa CR\",\"potentialAction\":[{\"@type\":\"SearchAction\",\"target\":{\"@type\":\"EntryPoint\",\"urlTemplate\":\"https:\\\/\\\/vamosporlaliberacion.org\\\/crpmlm\\\/?s={search_term_string}\"},\"query-input\":{\"@type\":\"PropertyValueSpecification\",\"valueRequired\":true,\"valueName\":\"search_term_string\"}}],\"inLanguage\":\"es\"},{\"@type\":\"Person\",\"@id\":\"https:\\\/\\\/vamosporlaliberacion.org\\\/crpmlm\\\/#\\\/schema\\\/person\\\/d6eac7758df3770dae9cd9eb104d615c\",\"name\":\"vamos!\",\"url\":\"https:\\\/\\\/vamosporlaliberacion.org\\\/crpmlm\\\/author\\\/adminvxl\\\/\"}]}<\/script>\n<!-- \/ Yoast SEO plugin. -->","yoast_head_json":{"title":"CFK pate\u00f3 el tablero pol\u00edtico - Vamos por la Liberaci\u00f3n","robots":{"index":"index","follow":"follow","max-snippet":"max-snippet:-1","max-image-preview":"max-image-preview:large","max-video-preview":"max-video-preview:-1"},"canonical":"https:\/\/vamosporlaliberacion.org\/crpmlm\/cfk-pateo-el-tablero-politico\/","twitter_misc":{"Escrito por":"vamos!","Tiempo de lectura":"8 minutos"},"schema":{"@context":"https:\/\/schema.org","@graph":[{"@type":"Article","@id":"https:\/\/vamosporlaliberacion.org\/crpmlm\/cfk-pateo-el-tablero-politico\/#article","isPartOf":{"@id":"https:\/\/vamosporlaliberacion.org\/crpmlm\/cfk-pateo-el-tablero-politico\/"},"author":{"name":"vamos!","@id":"https:\/\/vamosporlaliberacion.org\/crpmlm\/#\/schema\/person\/d6eac7758df3770dae9cd9eb104d615c"},"headline":"CFK pate\u00f3 el tablero pol\u00edtico","datePublished":"2019-05-22T17:21:53+00:00","mainEntityOfPage":{"@id":"https:\/\/vamosporlaliberacion.org\/crpmlm\/cfk-pateo-el-tablero-politico\/"},"wordCount":1514,"commentCount":0,"image":{"@id":"https:\/\/vamosporlaliberacion.org\/crpmlm\/cfk-pateo-el-tablero-politico\/#primaryimage"},"thumbnailUrl":"https:\/\/i0.wp.com\/vamosporlaliberacion.org\/crpmlm\/wp-content\/uploads\/2016\/12\/macri_sin_bigotes.jpg?fit=380%2C324&ssl=1","keywords":["destacado","editorial 141","elecciones 2019"],"articleSection":["Noticias"],"inLanguage":"es","potentialAction":[{"@type":"CommentAction","name":"Comment","target":["https:\/\/vamosporlaliberacion.org\/crpmlm\/cfk-pateo-el-tablero-politico\/#respond"]}]},{"@type":"WebPage","@id":"https:\/\/vamosporlaliberacion.org\/crpmlm\/cfk-pateo-el-tablero-politico\/","url":"https:\/\/vamosporlaliberacion.org\/crpmlm\/cfk-pateo-el-tablero-politico\/","name":"CFK pate\u00f3 el tablero pol\u00edtico - Vamos por la Liberaci\u00f3n","isPartOf":{"@id":"https:\/\/vamosporlaliberacion.org\/crpmlm\/#website"},"primaryImageOfPage":{"@id":"https:\/\/vamosporlaliberacion.org\/crpmlm\/cfk-pateo-el-tablero-politico\/#primaryimage"},"image":{"@id":"https:\/\/vamosporlaliberacion.org\/crpmlm\/cfk-pateo-el-tablero-politico\/#primaryimage"},"thumbnailUrl":"https:\/\/i0.wp.com\/vamosporlaliberacion.org\/crpmlm\/wp-content\/uploads\/2016\/12\/macri_sin_bigotes.jpg?fit=380%2C324&ssl=1","datePublished":"2019-05-22T17:21:53+00:00","author":{"@id":"https:\/\/vamosporlaliberacion.org\/crpmlm\/#\/schema\/person\/d6eac7758df3770dae9cd9eb104d615c"},"breadcrumb":{"@id":"https:\/\/vamosporlaliberacion.org\/crpmlm\/cfk-pateo-el-tablero-politico\/#breadcrumb"},"inLanguage":"es","potentialAction":[{"@type":"ReadAction","target":["https:\/\/vamosporlaliberacion.org\/crpmlm\/cfk-pateo-el-tablero-politico\/"]}]},{"@type":"ImageObject","inLanguage":"es","@id":"https:\/\/vamosporlaliberacion.org\/crpmlm\/cfk-pateo-el-tablero-politico\/#primaryimage","url":"https:\/\/i0.wp.com\/vamosporlaliberacion.org\/crpmlm\/wp-content\/uploads\/2016\/12\/macri_sin_bigotes.jpg?fit=380%2C324&ssl=1","contentUrl":"https:\/\/i0.wp.com\/vamosporlaliberacion.org\/crpmlm\/wp-content\/uploads\/2016\/12\/macri_sin_bigotes.jpg?fit=380%2C324&ssl=1","width":380,"height":324},{"@type":"BreadcrumbList","@id":"https:\/\/vamosporlaliberacion.org\/crpmlm\/cfk-pateo-el-tablero-politico\/#breadcrumb","itemListElement":[{"@type":"ListItem","position":1,"name":"Portada","item":"https:\/\/vamosporlaliberacion.org\/crpmlm\/"},{"@type":"ListItem","position":2,"name":"CFK pate\u00f3 el tablero pol\u00edtico"}]},{"@type":"WebSite","@id":"https:\/\/vamosporlaliberacion.org\/crpmlm\/#website","url":"https:\/\/vamosporlaliberacion.org\/crpmlm\/","name":"Vamos por la Liberaci\u00f3n","description":"Prensa CR","potentialAction":[{"@type":"SearchAction","target":{"@type":"EntryPoint","urlTemplate":"https:\/\/vamosporlaliberacion.org\/crpmlm\/?s={search_term_string}"},"query-input":{"@type":"PropertyValueSpecification","valueRequired":true,"valueName":"search_term_string"}}],"inLanguage":"es"},{"@type":"Person","@id":"https:\/\/vamosporlaliberacion.org\/crpmlm\/#\/schema\/person\/d6eac7758df3770dae9cd9eb104d615c","name":"vamos!","url":"https:\/\/vamosporlaliberacion.org\/crpmlm\/author\/adminvxl\/"}]}},"jetpack_featured_media_url":"https:\/\/i0.wp.com\/vamosporlaliberacion.org\/crpmlm\/wp-content\/uploads\/2016\/12\/macri_sin_bigotes.jpg?fit=380%2C324&ssl=1","jetpack_sharing_enabled":true,"_links":{"self":[{"href":"https:\/\/vamosporlaliberacion.org\/crpmlm\/wp-json\/wp\/v2\/posts\/13659","targetHints":{"allow":["GET"]}}],"collection":[{"href":"https:\/\/vamosporlaliberacion.org\/crpmlm\/wp-json\/wp\/v2\/posts"}],"about":[{"href":"https:\/\/vamosporlaliberacion.org\/crpmlm\/wp-json\/wp\/v2\/types\/post"}],"author":[{"embeddable":true,"href":"https:\/\/vamosporlaliberacion.org\/crpmlm\/wp-json\/wp\/v2\/users\/6"}],"replies":[{"embeddable":true,"href":"https:\/\/vamosporlaliberacion.org\/crpmlm\/wp-json\/wp\/v2\/comments?post=13659"}],"version-history":[{"count":0,"href":"https:\/\/vamosporlaliberacion.org\/crpmlm\/wp-json\/wp\/v2\/posts\/13659\/revisions"}],"wp:featuredmedia":[{"embeddable":true,"href":"https:\/\/vamosporlaliberacion.org\/crpmlm\/wp-json\/wp\/v2\/media\/8283"}],"wp:attachment":[{"href":"https:\/\/vamosporlaliberacion.org\/crpmlm\/wp-json\/wp\/v2\/media?parent=13659"}],"wp:term":[{"taxonomy":"category","embeddable":true,"href":"https:\/\/vamosporlaliberacion.org\/crpmlm\/wp-json\/wp\/v2\/categories?post=13659"},{"taxonomy":"post_tag","embeddable":true,"href":"https:\/\/vamosporlaliberacion.org\/crpmlm\/wp-json\/wp\/v2\/tags?post=13659"}],"curies":[{"name":"wp","href":"https:\/\/api.w.org\/{rel}","templated":true}]}}