{"id":13597,"date":"2019-05-09T22:53:09","date_gmt":"2019-05-10T01:53:09","guid":{"rendered":"http:\/\/vamosporlaliberacion.org\/crpmlm\/?p=13597"},"modified":"2020-02-04T20:59:46","modified_gmt":"2020-02-04T23:59:46","slug":"agustin-funes-50-anos-de-militancia-revolucionaria","status":"publish","type":"post","link":"https:\/\/vamosporlaliberacion.org\/crpmlm\/agustin-funes-50-anos-de-militancia-revolucionaria\/","title":{"rendered":"Agust\u00edn Funes: 50 a\u00f1os de militancia revolucionaria"},"content":{"rendered":"<p>En el 50\u00b0 aniversario del Cordobazo, desde el Vamos! entrevistamos a Agust\u00edn Funes, hoy secretario del Comunismo Revolucionario-PMLM de C\u00f3rdoba y miembro de su Comit\u00e9 Central. Protagonista, referente e hijo de aquella rebeli\u00f3n obrera y popular, que marc\u00f3 un antes y un despu\u00e9s en la historia argentina y volc\u00f3 a miles de obreros a la militancia revolucionaria, militancia que \u00e9l ha mantenido de manera inclaudicable a lo largo de cinco d\u00e9cadas. En el contexto de esa extraordinaria experiencia de masas se integr\u00f3 al PCR, hasta 2013 cuando se produjo la ruptura que deriv\u00f3 en la constituci\u00f3n del CR-PMLM.<\/p>\n<h3>-Contanos un poco de tu familia y tu entrada al mundo fabril de C\u00f3rdoba.<\/h3>\n<p>-Yo empec\u00e9 a los 13 a\u00f1os como aprendiz en Escuela de la F\u00e1brica Militar de Aviones (FMA), donde estuve tres a\u00f1os. A los 16 pas\u00e9 ya a ser operario de la f\u00e1brica. Ah\u00ed trabajaba mi viejo, militante peronista y padre de 14 hijos. A nosotros la \u00e9poca del peronismo nos cambi\u00f3 la vida, el trabajo en la f\u00e1brica era para gente humilde y nosotros, cuando yo ten\u00eda 5 a\u00f1os, pasamos de vivir en la orilla del r\u00edo a vivir en una casa enorme del barrio de los obreros de la f\u00e1brica. Mi vieja, que ven\u00eda de trabajar lavando ropa en el r\u00edo, no lo pod\u00eda creer y no paraba de llorar. Es algo que los gorilas nunca van a entender. Yo soy hoy un comunista revolucionario, pero todav\u00eda me siento conmovido por aquel momento. Ah\u00ed en la FMA trabaj\u00e9 hasta 1963, y fue un gran aprendizaje, siendo ense\u00f1ado directamente por los obreros. De ah\u00ed salieron miles de obreros que despu\u00e9s poblaron con la mejor mano de obra las dem\u00e1s empresas. Yo me tuve que ir porque la f\u00e1brica empez\u00f3 a despedir, no pagaba los salarios y ya la estaban desmantelando con la llegada de la Fiat y la IKA. Entonces entr\u00e9 a la IKA, a Santa Isabel, a los 21 a\u00f1os, justo el d\u00eda que nac\u00eda mi primer hijo. Me tomaron directamente, porque yo ya sab\u00eda manejar todas las m\u00e1quinas.<\/p>\n<h3>-\u00bfC\u00f3mo arrancaste tu participaci\u00f3n sindical?<\/h3>\n<p>-En la FMA, lo principal del sindicalismo era peronista, dirigido por ATE, porque era estatal. A m\u00ed me gustaba, hablaba mucho con los delegados, y cuando hab\u00eda alguna bronca en la f\u00e1brica yo andaba metido. Particip\u00e9 de la huelga m\u00e1s grande que hubo ah\u00ed, en 1961, y eso me conmovi\u00f3 mucho, incluso habl\u00e9 en una de las enormes asambleas en el predio de ATE. Dije que estaba orgulloso de estar ah\u00ed. Me acuerdo que me temblaban las piernas, y que mi viejo vino y me abraz\u00f3. Yo creo que esa marca es la que a mi me puso en un lugar a ocupar en mi clase, que no era ser oyente ni estar quieto, sino ser protagonista. As\u00ed, cuando yo entr\u00e9 en IKA vinieron las tomas del Plan de Lucha de la CGT en 1964, donde particip\u00e9 y tom\u00e9 conciencia de la fuerza de los trabajadores, y c\u00f3mo uno les daba fuerza a los otros. Despu\u00e9s, cuando pas\u00e9 a la planta de Perdriel, ya empezamos a armar algo, los \u201cdelegados y activistas de Perdriel\u201d, con los que nos opon\u00edamos a Elpidio Torres. Torres ven\u00eda de la l\u00ednea de chapa, que era un infierno, era un dirigente de masas, muy respetado, era un tipo combativo, sal\u00eda a la lucha, no era un bur\u00f3crata de escritorio, pero mientras m\u00e1s se luchaba era mejor el negocio que hac\u00eda, le pon\u00eda precio a la lucha. Yo salgo delegado en 1968, en un momento en que se agudiza la lucha en el movimiento obrero de C\u00f3rdoba, y nosotros dirig\u00edamos la f\u00e1brica y \u00e9ramos cuatro delegados de Perdriel en un Cuerpo de Delegados del SMATA que lleg\u00f3 a tener como 400, la mayor\u00eda de Torres. Todas las semanas hac\u00edamos asamblea en puerta de f\u00e1brica. Era un proceso acelerado que se viv\u00eda en toda la Argentina, pero C\u00f3rdoba era como una llama encendida.<\/p>\n<h3>-En esa \u00e9poca te vincul\u00e1s tambi\u00e9n a las Agrupaciones Primero de Mayo.<\/h3>\n<p>-Claro, en Perdriel conoc\u00ed a un compa\u00f1ero que estaba en la UTN y ten\u00eda relaci\u00f3n con la gente que se hab\u00eda ido del PC y estaba conformando el PCR, y en ese proceso nos empieza a acompa\u00f1ar la Agrupaci\u00f3n 1\u00b0 de Mayo, a la que nos integramos. A nosotros la Primero de Mayo nos ense\u00f1\u00f3 que hab\u00eda que relacionar directamente la lucha sindical con la pol\u00edtica, y a entender m\u00e1s el car\u00e1cter de Elpidio Torres como dirigente peronista, y diferenciarlo de los peronistas que estaban en la f\u00e1brica como compa\u00f1eros de trabajo. Ah\u00ed me invitan tambi\u00e9n a reunirme con un compa\u00f1ero del PCR, Gody \u00c1lvarez, y nos vemos en un bar, donde me cont\u00f3 del comunismo y me dijo si estaba dispuesto a seguir conversando, lo que acept\u00e9. Antonio me conmovi\u00f3, porque mostr\u00f3 una simpleza y una humildad que yo sent\u00ed que se parec\u00eda a m\u00ed.<\/p>\n<figure id=\"attachment_13611\" aria-describedby=\"caption-attachment-13611\" style=\"width: 700px\" class=\"wp-caption alignnone\"><img data-recalc-dims=\"1\" loading=\"lazy\" decoding=\"async\" class=\"wp-image-13611 size-full\" src=\"https:\/\/i0.wp.com\/vamosporlaliberacion.org\/crpmlm\/wp-content\/uploads\/2019\/05\/Primera-toma-de-Perdriel-De-LP-13-5-1970-retocada-copia.jpg?resize=696%2C355\" alt=\"\" width=\"696\" height=\"355\" srcset=\"https:\/\/i0.wp.com\/vamosporlaliberacion.org\/crpmlm\/wp-content\/uploads\/2019\/05\/Primera-toma-de-Perdriel-De-LP-13-5-1970-retocada-copia.jpg?w=700&amp;ssl=1 700w, https:\/\/i0.wp.com\/vamosporlaliberacion.org\/crpmlm\/wp-content\/uploads\/2019\/05\/Primera-toma-de-Perdriel-De-LP-13-5-1970-retocada-copia.jpg?resize=300%2C153&amp;ssl=1 300w, https:\/\/i0.wp.com\/vamosporlaliberacion.org\/crpmlm\/wp-content\/uploads\/2019\/05\/Primera-toma-de-Perdriel-De-LP-13-5-1970-retocada-copia.jpg?resize=696%2C355&amp;ssl=1 696w\" sizes=\"auto, (max-width: 696px) 100vw, 696px\" \/><figcaption id=\"caption-attachment-13611\" class=\"wp-caption-text\">Primera toma de Perdriel, 13\/5\/1970.<\/figcaption><\/figure>\n<h3>-\u00bfC\u00f3mo dir\u00edas que impact\u00f3 el Cordobazo en la conciencia de los trabajadores?<\/h3>\n<p>-El Cordobazo fue el resultado de un proceso de lucha por las reivindicaciones, contra los dirigentes del sindicato y lo principal era contra la dictadura de Ongan\u00eda. Nosotros ya ten\u00edamos definido el enfrentamiento con Torres y la lucha por la recuperaci\u00f3n del SMATA para los trabajadores, y hab\u00edamos pasado a ser punto de referencia para otras f\u00e1bricas. Por eso, cuando viene la quita del s\u00e1bado ingl\u00e9s, participamos con todo de la asamblea del 14 de mayo en el C\u00f3rdoba Sport, que termina con represi\u00f3n y enfrentamientos con la polic\u00eda. Ah\u00ed empieza el Cordobazo, y crece la unidad obrero-estudiantil. Nosotros empujamos las asambleas de f\u00e1brica, la preparaci\u00f3n, y yo quedo a la cabeza de la columna de los turnos de la noche del SMATA, que sali\u00f3 desde la puerta del sindicato y protagoniz\u00f3 los enfrentamientos con la polic\u00eda en Col\u00f3n y General Paz y la toma de toda la parte norte de la ciudad. El Cordobazo tuvo como cierre, antes de que entrara el Ej\u00e9rcito, un festejo, los compa\u00f1eros consideraban que hab\u00eda sido un triunfo. Yo creo que lo que nos falt\u00f3 fue un acuerdo, un programa y una proclama pol\u00edtica, e instalarnos aunque sea 24 horas en la Casa de Gobierno. Y la marca que nos dej\u00f3 a todos los que lo protagonizamos, y que fue lo que se sinti\u00f3 en el reencuentro en las f\u00e1bricas, fue la sensaci\u00f3n de triunfo y el papel dirigente que hab\u00eda jugado el movimiento obrero. Yo personalmente tengo marcada mi vida en esa experiencia. Si hay alg\u00fan momento que mostr\u00f3 que la clase obrera puede tomar el poder fue el Cordobazo.<\/p>\n<h3>-Al calor de eso vienen despu\u00e9s las tomas de Perdriel.<\/h3>\n<p>-La primera toma de Perdriel tuvo que ver con que el sindicato no daba respuesta. La empresa nos suspend\u00eda o echaban compa\u00f1eros y el sindicato lo tomaba como que era uno m\u00e1s, como se vive mucho actualmente. Vinieron elecciones de delegados y nosotros ten\u00edamos nuestros candidatos, y la empresa, en acuerdo con el sindicato, los cambia de planta. Ante eso nos oponemos, lo resistimos, y vamos a la toma de f\u00e1brica. Una toma con rehenes, en la que todos los compa\u00f1eros vivieron una situaci\u00f3n que no se les hab\u00eda planteado nunca, y frente a lo cual sintieron que todo lo que ellos conoc\u00edan y sab\u00edan hacer serv\u00eda para esa acci\u00f3n y todo el armado de la seguridad. Eso termina con un triunfo. Nos plantamos en que nosotros mismos, eleg\u00edamos nuestros representantes, no nos los impon\u00edan. Mostr\u00f3 la importancia de tener delegados propios, representantes de la clase, y se empez\u00f3 a imponer la democracia sindical. La segunda toma fue junto con las dem\u00e1s f\u00e1bricas, y ah\u00ed Torres lo calcul\u00f3 para liquidarnos. Terminamos todos presos, y ya no entramos m\u00e1s a la f\u00e1brica. Nos echaron a todos. A partir de ah\u00ed arranca todo el proceso de recuperaci\u00f3n del sindicato que encabeza Salamanca.<\/p>\n<h3>-\u00bfC\u00f3mo es que en este proceso decid\u00eds incorporarte a la militancia partidaria?<\/h3>\n<p>-Despu\u00e9s del Cordobazo, yo sent\u00ed que ya ten\u00eda una identidad de clase, y que con la Primero de Mayo se pod\u00edan hacer muchas cosas, pero no se pod\u00eda tomar el poder, que ten\u00eda que haber una organizaci\u00f3n revolucionaria. En ese tiempo eso se discut\u00eda mucho, y a m\u00ed me ayud\u00f3 mucho Antonio. Cuando salgo de la c\u00e1rcel, Antonio organiza una reuni\u00f3n, en la que viene Otto Vargas, que era el secretario general del Partido, viene Salamanca, y Antonio me propone incorporarme. Entonces ah\u00ed yo le digo, \u201c\u00bfpero \u00bfc\u00f3mo? \u00bfyo no estoy incorporado ya?\u201d, porque yo hac\u00eda un tiempo que ya me sent\u00eda que estaba. Ah\u00ed mi primera tarea fue seguir yendo a la puerta de la f\u00e1brica, armar reuniones para leer el diario, y en una Conferencia me incorporo al Comit\u00e9 Regional para atender al movimiento obrero como responsable de la prensa. Yo antes recib\u00eda el peri\u00f3dico, pero no lo hac\u00eda m\u00edo. Ahora pas\u00e9 a distribuirlo, a armar volantes usando los art\u00edculos, a que la presencia del Partido fuera guiando la pr\u00e1ctica. La prensa fue vital en la estructuraci\u00f3n del Partido en C\u00f3rdoba y como unificador de la l\u00ednea.<\/p>\n<h3>-\u00bfC\u00f3mo dir\u00edas que Gody y Salamanca entend\u00edan la l\u00ednea de masas en el movimiento obrero?<\/h3>\n<p>-En primer lugar, era poner en claro que la clase obrera como clase, m\u00e1s all\u00e1 de que fueran peronistas, radicales, eran todos explotados. Eso nos puso en un lugar que nos dio una gran ventaja, de ah\u00ed vino la consigna de la lucha junto a las masas peronistas, y la pelea por unir a la clase para que logre la capacidad de hacer bocetos insurreccionales como fue el Cordobazo. Partir de un eje de clase. Salamanca ten\u00eda una visi\u00f3n revolucionaria proletaria. Antonio logr\u00f3 dirigirlo a Ren\u00e9, lo que no era poca cosa, y se aliment\u00f3 con una visi\u00f3n de clase muy aguda que ten\u00eda Ren\u00e9. Creo que esas dos cosas se conjugaron y a nosotros nos hizo pegar saltos, en la conciencia y en la visi\u00f3n de clase.<\/p>\n<h3>-\u00bfC\u00f3mo impact\u00f3 el golpe y la dictadura en el movimiento obrero y el Partido de C\u00f3rdoba?<\/h3>\n<p>-Yo personalmente tuve un golpe muy duro. Nosotros hab\u00edamos sido los que hab\u00edamos denunciado el golpe. Pero yo trabajaba en una metal\u00fargica y el 24 de marzo del \u201876, como a las 10 de la ma\u00f1ana aparece Antonio desencajado y me dice que no lo encontraban a Ren\u00e9. Eso me peg\u00f3 un golpe, se me cerraron las salidas. Yo creo que el Cordobazo nos hab\u00eda ense\u00f1ado un camino de masas, pero nosotros subestimamos al enemigo. Nos fuimos a una casa de un compa\u00f1ero, y hab\u00eda milicos por todos lados, ah\u00ed nos quedamos unos d\u00edas. Nos hab\u00edan pegado en la segunda cabeza del Partido de C\u00f3rdoba y el principal dirigente de masas que ten\u00edamos. Ah\u00ed sent\u00ed que ten\u00edamos una cabeza revolucionaria, pero no ten\u00edamos un poder revolucionario para dar respuesta. Antonio nos ayud\u00f3 mucho a entender que hab\u00eda que cuidar la organizaci\u00f3n. El abandono de tareas contra el golpe realizado el mismo 24 de marzo en la f\u00e1brica de Santa Isabel no fue difundido por nadie y el movimiento obrero de C\u00f3rdoba fue diezmado. Nosotros metimos un volante en f\u00e1brica, pegamos afiches, hicimos pintadas y pegamos unas 10.000 obleas por la aparici\u00f3n de Ren\u00e9. Pero a Antonio lo estaban persiguiendo mucho, y entonces \u00e9l se va a Buenos Aires; y yo quedo al frente del Partido en C\u00f3rdoba. Y en Buenos Aires lo secuestran a Antonio. Yo me quedo casi un a\u00f1o en C\u00f3rdoba, pero ya me hab\u00edan ido a buscar dos veces. De ac\u00e1 salto a un lugar en la sierra, en el s\u00f3tano de un hospital; y despu\u00e9s voy a San Juan a lo de una cu\u00f1ada, donde estuve unos 6 o 7 meses; y finalmente nos vamos con mi familia a Buenos Aires. En el Partido de C\u00f3rdoba se hizo un desparramo. En Buenos Aires sigo con una tarea partidaria en el movimiento obrero, despu\u00e9s viajo a China en el \u201878, y reci\u00e9n vuelvo a C\u00f3rdoba en el \u201882, con la tarea de reorganizar el Partido con los que \u00edbamos regresando. En las relaciones nuestras hab\u00eda mucho miedo. Nos cost\u00f3, pero de a poco fuimos rearmando.<\/p>\n<h3>-\u00bfVolviste a ver el esp\u00edritu y la combatividad setentista en C\u00f3rdoba?<\/h3>\n<p>-No tan as\u00ed, pero s\u00ed not\u00e9 que la referencia del Cordobazo no se hab\u00eda perdido, y eso ha mantenido viva esa llama. S\u00ed lo de la Cervecer\u00eda C\u00f3rdoba en 1998, que fue una gran reivindicaci\u00f3n, 105 d\u00edas que a m\u00ed me tuvieron constantemente ah\u00ed, y que creo ha quedado muy ligada al Cordobazo en la historia del movimiento obrero. Moviliz\u00f3 la CGT de C\u00f3rdoba, hubo dos paros activos con manifestaci\u00f3n. Fue una lucha que conmovi\u00f3 la provincia, en la que las mujeres jugaron un papel important\u00edsimo, superior en cierta forma a los \u201870. Los compa\u00f1eros de esa lucha hasta hoy son muy reconocidos; y los compa\u00f1eros nuestros que estuvieron ah\u00ed hoy son dirigentes.<\/p>\n<h3>-\u00bfC\u00f3mo viviste la ruptura partidaria del 2013 y toda la tarea de volver a reconstruir el comunismo revolucionario?<\/h3>\n<p>&#8211; Mir\u00e1, yo soy de los que empez\u00f3 antes a cuestionar cosas, junto con otros compa\u00f1eros, los que hoy conformamos el CR. Para m\u00ed fue doloroso, porque no pensaba en una ruptura sino en una profunda autocr\u00edtica que volviera a los valores de lo que hab\u00eda sido nuestra experiencia en la lucha por el comunismo. Hay muchos de los que finalmente no rompieron que estaban ah\u00ed presentes tambi\u00e9n, y terminaron haciendo oportunismo. Yo creo que hubo un tema y un error que fue el comportamiento en los \u201880 y \u201890, cuando empezaron a quedar vac\u00edas las f\u00e1bricas. Ah\u00ed se tom\u00f3 lo del hambre y la desocupaci\u00f3n, pero algunos hicieron base principal en esos sectores y no en los miles que quedaban fuera de las f\u00e1bricas. Despu\u00e9s lo intolerable fue lo de la relaci\u00f3n con la Sociedad Rural y con Alvarado de El Tejar; y en vez de una autocr\u00edtica se hizo una reafirmaci\u00f3n. Mir\u00e1, el comunismo es un camino largo, pero es un camino que va a terminar con la explotaci\u00f3n del hombre con el hombre, el camino m\u00e1s justo para que tengan mayor felicidad las masas populares, donde las f\u00e1bricas van a ser de los trabajadores, y vale la pena luchar por eso. Yo creo que ellos pensaban que nosotros \u00edbamos a volver con la cabeza baja o que \u00edbamos a desaparecer, y eso se ha transformado en su contrario. Porque es una contradicci\u00f3n que nosotros hemos resuelto revolverla a favor del comunismo.<\/p>\n<h3>-\u00bfC\u00f3mo ves hoy al movimiento obrero y popular de C\u00f3rdoba?<\/h3>\n<p>-Ha tenido golpes muy fuertes. Se nota la ausencia de l\u00edderes como Salamanca, de dirigentes en los que la masa hab\u00eda depositado su fidelidad. Y ha crecido una idea como si la clase obrera fuera toda aristocracia. Las relaciones laborales en la producci\u00f3n han cambiado mucho, poniendo m\u00e1s distancia de los obreros con los medios de producci\u00f3n. Y hay muchos sindicatos que reciben pr\u00e1cticamente las \u00f3rdenes de las patronales, como cuando comunican los despidos y las decisiones de las empresas a los obreros. Yo creo que se puede reconstituir si el movimiento obrero asume un papel pol\u00edtico, y hace falta recuperar el rol de los delegados y las comisiones internas. No dejarles las manos libres a los dirigentes sindicales, y ganar el protagonismo de la masa para afirmar eso. El salto al poder que tiene que prepararse para dar la clase obrera. Hoy, frente al macrismo, hay que tener cubierta la movilizaci\u00f3n de las masas en la calle, y que esas masas lleguen a entender la importancia que tiene la clase obrera para tomar la direcci\u00f3n de todo eso, y romper con lo que te imponen para volver a lo del clasismo y la democracia sindical. Hoy no hay tanto de eso, pero lo poco que est\u00e1 saliendo a la calle la clase obrera ya parece que ha sido suficiente para que al gobierno le d\u00e9 terror si se mueve la clase obrera, en un contexto de fuerte disputa en las propias clases dominantes. Y hay un cambio en calidad, con un aporte muy grande en las f\u00e1bricas y lugares de trabajo, que son las mujeres, que est\u00e1n viviendo la experiencia de la defensa de sus reivindicaciones espec\u00edficas.<\/p>\n<h3>-Despu\u00e9s de 50 a\u00f1os, \u00bfpor qu\u00e9 segu\u00eds creyendo en la revoluci\u00f3n?<\/h3>\n<p>-Bueno, primero porque entend\u00ed que no pod\u00e9s seguir toda la vida siendo explotado y sirviendo a una clase que es enemiga. Un pa\u00eds tiene fronteras, y cuando se habla de la dependencia se habla de eso, y en el caso de la clase obrera no tiene fronteras, es explotada en todo el mundo. Por eso, cuando uno dice que hay que hacer posible lo necesario, el comunismo es la bandera de la liberaci\u00f3n y de una vida muy superior, para que la clase obrera deje de ser explotada y tenga el poder, al frente de todo el pueblo. La historia de la humanidad no terminar\u00e1 con el comunismo, ser\u00e1 una etapa, pero ser\u00e1 una de las mejores etapas que va a vivir la humanidad. Y vale la pena lucha por eso. Yo soy un obrero orgulloso de ser comunista revolucionario. Despu\u00e9s, hay que leer el marxismo, para entender lo que es una ciencia verdaderamente revolucionaria y para entender por qu\u00e9 hasta hoy sigue siendo una teor\u00eda que no pueden derrotar. Como se dec\u00eda, hay un fantasma que sigue recorriendo el mundo.<\/p>\n<figure id=\"attachment_13612\" aria-describedby=\"caption-attachment-13612\" style=\"width: 700px\" class=\"wp-caption alignnone\"><img data-recalc-dims=\"1\" loading=\"lazy\" decoding=\"async\" class=\"wp-image-13612 size-full\" src=\"https:\/\/i0.wp.com\/vamosporlaliberacion.org\/crpmlm\/wp-content\/uploads\/2019\/05\/Agust%C3%ADn-Funes-Hoy-web.jpg?resize=696%2C522\" alt=\"\" width=\"696\" height=\"522\" srcset=\"https:\/\/i0.wp.com\/vamosporlaliberacion.org\/crpmlm\/wp-content\/uploads\/2019\/05\/Agust%C3%ADn-Funes-Hoy-web.jpg?w=700&amp;ssl=1 700w, https:\/\/i0.wp.com\/vamosporlaliberacion.org\/crpmlm\/wp-content\/uploads\/2019\/05\/Agust%C3%ADn-Funes-Hoy-web.jpg?resize=300%2C225&amp;ssl=1 300w, https:\/\/i0.wp.com\/vamosporlaliberacion.org\/crpmlm\/wp-content\/uploads\/2019\/05\/Agust%C3%ADn-Funes-Hoy-web.jpg?resize=80%2C60&amp;ssl=1 80w, https:\/\/i0.wp.com\/vamosporlaliberacion.org\/crpmlm\/wp-content\/uploads\/2019\/05\/Agust%C3%ADn-Funes-Hoy-web.jpg?resize=265%2C198&amp;ssl=1 265w, https:\/\/i0.wp.com\/vamosporlaliberacion.org\/crpmlm\/wp-content\/uploads\/2019\/05\/Agust%C3%ADn-Funes-Hoy-web.jpg?resize=696%2C522&amp;ssl=1 696w, https:\/\/i0.wp.com\/vamosporlaliberacion.org\/crpmlm\/wp-content\/uploads\/2019\/05\/Agust%C3%ADn-Funes-Hoy-web.jpg?resize=560%2C420&amp;ssl=1 560w\" sizes=\"auto, (max-width: 696px) 100vw, 696px\" \/><figcaption id=\"caption-attachment-13612\" class=\"wp-caption-text\">Agust\u00edn Funes, hoy.<\/figcaption><\/figure>\n<!-- AddThis Advanced Settings generic via filter on the_content --><!-- AddThis Share Buttons generic via filter on the_content -->","protected":false},"excerpt":{"rendered":"<p>En el 50\u00b0 aniversario del Cordobazo, desde el Vamos! entrevistamos a Agust\u00edn Funes, hoy secretario del Comunismo Revolucionario-PMLM de C\u00f3rdoba y miembro de su Comit\u00e9 Central. Protagonista, referente e hijo de aquella rebeli\u00f3n obrera y popular, que marc\u00f3 un antes y un despu\u00e9s en la historia argentina y volc\u00f3 a miles de obreros a la [&hellip;]<!-- AddThis Advanced Settings generic via filter on get_the_excerpt --><!-- AddThis Share Buttons generic via filter on get_the_excerpt --><\/p>\n","protected":false},"author":5,"featured_media":13615,"comment_status":"open","ping_status":"open","sticky":false,"template":"","format":"standard","meta":{"_jetpack_memberships_contains_paid_content":false,"footnotes":""},"categories":[1520],"tags":[32,68,69,519,1306],"class_list":{"0":"post-13597","1":"post","2":"type-post","3":"status-publish","4":"format-standard","5":"has-post-thumbnail","7":"category-entrevista","8":"tag-agustin-funes","9":"tag-cordoba","10":"tag-cordobazo","11":"tag-destacado","12":"tag-vxl-140"},"yoast_head":"<!-- This site is optimized with the Yoast SEO plugin v27.4 - https:\/\/yoast.com\/product\/yoast-seo-wordpress\/ -->\n<title>Agust\u00edn Funes: 50 a\u00f1os de militancia revolucionaria - Vamos por la Liberaci\u00f3n<\/title>\n<meta name=\"robots\" content=\"index, follow, max-snippet:-1, max-image-preview:large, max-video-preview:-1\" \/>\n<link rel=\"canonical\" href=\"https:\/\/vamosporlaliberacion.org\/crpmlm\/agustin-funes-50-anos-de-militancia-revolucionaria\/\" \/>\n<meta name=\"twitter:label1\" content=\"Escrito por\" \/>\n\t<meta name=\"twitter:data1\" content=\"\" \/>\n\t<meta name=\"twitter:label2\" content=\"Tiempo de lectura\" \/>\n\t<meta name=\"twitter:data2\" content=\"16 minutos\" \/>\n<script type=\"application\/ld+json\" class=\"yoast-schema-graph\">{\"@context\":\"https:\\\/\\\/schema.org\",\"@graph\":[{\"@type\":\"Article\",\"@id\":\"https:\\\/\\\/vamosporlaliberacion.org\\\/crpmlm\\\/agustin-funes-50-anos-de-militancia-revolucionaria\\\/#article\",\"isPartOf\":{\"@id\":\"https:\\\/\\\/vamosporlaliberacion.org\\\/crpmlm\\\/agustin-funes-50-anos-de-militancia-revolucionaria\\\/\"},\"author\":{\"name\":\"\",\"@id\":\"\"},\"headline\":\"Agust\u00edn Funes: 50 a\u00f1os de militancia revolucionaria\",\"datePublished\":\"2019-05-10T01:53:09+00:00\",\"dateModified\":\"2020-02-04T23:59:46+00:00\",\"mainEntityOfPage\":{\"@id\":\"https:\\\/\\\/vamosporlaliberacion.org\\\/crpmlm\\\/agustin-funes-50-anos-de-militancia-revolucionaria\\\/\"},\"wordCount\":3115,\"commentCount\":0,\"image\":{\"@id\":\"https:\\\/\\\/vamosporlaliberacion.org\\\/crpmlm\\\/agustin-funes-50-anos-de-militancia-revolucionaria\\\/#primaryimage\"},\"thumbnailUrl\":\"https:\\\/\\\/i0.wp.com\\\/vamosporlaliberacion.org\\\/crpmlm\\\/wp-content\\\/uploads\\\/2019\\\/05\\\/Funes-saliendo-de-la-c%C3%A1rcel-tras-segunda-toma-Perdriel-copia.jpg?fit=700%2C467&ssl=1\",\"keywords\":[\"Agust\u00edn Funes\",\"C\u00f3rdoba\",\"Cordobazo\",\"destacado\",\"Vxl 140\"],\"articleSection\":[\"Entrevista\"],\"inLanguage\":\"es\",\"potentialAction\":[{\"@type\":\"CommentAction\",\"name\":\"Comment\",\"target\":[\"https:\\\/\\\/vamosporlaliberacion.org\\\/crpmlm\\\/agustin-funes-50-anos-de-militancia-revolucionaria\\\/#respond\"]}]},{\"@type\":\"WebPage\",\"@id\":\"https:\\\/\\\/vamosporlaliberacion.org\\\/crpmlm\\\/agustin-funes-50-anos-de-militancia-revolucionaria\\\/\",\"url\":\"https:\\\/\\\/vamosporlaliberacion.org\\\/crpmlm\\\/agustin-funes-50-anos-de-militancia-revolucionaria\\\/\",\"name\":\"Agust\u00edn Funes: 50 a\u00f1os de militancia revolucionaria - Vamos por la Liberaci\u00f3n\",\"isPartOf\":{\"@id\":\"https:\\\/\\\/vamosporlaliberacion.org\\\/crpmlm\\\/#website\"},\"primaryImageOfPage\":{\"@id\":\"https:\\\/\\\/vamosporlaliberacion.org\\\/crpmlm\\\/agustin-funes-50-anos-de-militancia-revolucionaria\\\/#primaryimage\"},\"image\":{\"@id\":\"https:\\\/\\\/vamosporlaliberacion.org\\\/crpmlm\\\/agustin-funes-50-anos-de-militancia-revolucionaria\\\/#primaryimage\"},\"thumbnailUrl\":\"https:\\\/\\\/i0.wp.com\\\/vamosporlaliberacion.org\\\/crpmlm\\\/wp-content\\\/uploads\\\/2019\\\/05\\\/Funes-saliendo-de-la-c%C3%A1rcel-tras-segunda-toma-Perdriel-copia.jpg?fit=700%2C467&ssl=1\",\"datePublished\":\"2019-05-10T01:53:09+00:00\",\"dateModified\":\"2020-02-04T23:59:46+00:00\",\"author\":{\"@id\":\"\"},\"breadcrumb\":{\"@id\":\"https:\\\/\\\/vamosporlaliberacion.org\\\/crpmlm\\\/agustin-funes-50-anos-de-militancia-revolucionaria\\\/#breadcrumb\"},\"inLanguage\":\"es\",\"potentialAction\":[{\"@type\":\"ReadAction\",\"target\":[\"https:\\\/\\\/vamosporlaliberacion.org\\\/crpmlm\\\/agustin-funes-50-anos-de-militancia-revolucionaria\\\/\"]}]},{\"@type\":\"ImageObject\",\"inLanguage\":\"es\",\"@id\":\"https:\\\/\\\/vamosporlaliberacion.org\\\/crpmlm\\\/agustin-funes-50-anos-de-militancia-revolucionaria\\\/#primaryimage\",\"url\":\"https:\\\/\\\/i0.wp.com\\\/vamosporlaliberacion.org\\\/crpmlm\\\/wp-content\\\/uploads\\\/2019\\\/05\\\/Funes-saliendo-de-la-c%C3%A1rcel-tras-segunda-toma-Perdriel-copia.jpg?fit=700%2C467&ssl=1\",\"contentUrl\":\"https:\\\/\\\/i0.wp.com\\\/vamosporlaliberacion.org\\\/crpmlm\\\/wp-content\\\/uploads\\\/2019\\\/05\\\/Funes-saliendo-de-la-c%C3%A1rcel-tras-segunda-toma-Perdriel-copia.jpg?fit=700%2C467&ssl=1\",\"width\":700,\"height\":467,\"caption\":\"Agust\u00edn Funes saliendo de la c\u00e1rcel tras segunda toma Perdriel.\"},{\"@type\":\"BreadcrumbList\",\"@id\":\"https:\\\/\\\/vamosporlaliberacion.org\\\/crpmlm\\\/agustin-funes-50-anos-de-militancia-revolucionaria\\\/#breadcrumb\",\"itemListElement\":[{\"@type\":\"ListItem\",\"position\":1,\"name\":\"Portada\",\"item\":\"https:\\\/\\\/vamosporlaliberacion.org\\\/crpmlm\\\/\"},{\"@type\":\"ListItem\",\"position\":2,\"name\":\"Agust\u00edn Funes: 50 a\u00f1os de militancia revolucionaria\"}]},{\"@type\":\"WebSite\",\"@id\":\"https:\\\/\\\/vamosporlaliberacion.org\\\/crpmlm\\\/#website\",\"url\":\"https:\\\/\\\/vamosporlaliberacion.org\\\/crpmlm\\\/\",\"name\":\"Vamos por la Liberaci\u00f3n\",\"description\":\"Prensa CR\",\"potentialAction\":[{\"@type\":\"SearchAction\",\"target\":{\"@type\":\"EntryPoint\",\"urlTemplate\":\"https:\\\/\\\/vamosporlaliberacion.org\\\/crpmlm\\\/?s={search_term_string}\"},\"query-input\":{\"@type\":\"PropertyValueSpecification\",\"valueRequired\":true,\"valueName\":\"search_term_string\"}}],\"inLanguage\":\"es\"},{\"@type\":\"Person\",\"@id\":\"\",\"url\":\"https:\\\/\\\/vamosporlaliberacion.org\\\/crpmlm\\\/author\\\/\"}]}<\/script>\n<!-- \/ Yoast SEO plugin. -->","yoast_head_json":{"title":"Agust\u00edn Funes: 50 a\u00f1os de militancia revolucionaria - Vamos por la Liberaci\u00f3n","robots":{"index":"index","follow":"follow","max-snippet":"max-snippet:-1","max-image-preview":"max-image-preview:large","max-video-preview":"max-video-preview:-1"},"canonical":"https:\/\/vamosporlaliberacion.org\/crpmlm\/agustin-funes-50-anos-de-militancia-revolucionaria\/","twitter_misc":{"Escrito por":"","Tiempo de lectura":"16 minutos"},"schema":{"@context":"https:\/\/schema.org","@graph":[{"@type":"Article","@id":"https:\/\/vamosporlaliberacion.org\/crpmlm\/agustin-funes-50-anos-de-militancia-revolucionaria\/#article","isPartOf":{"@id":"https:\/\/vamosporlaliberacion.org\/crpmlm\/agustin-funes-50-anos-de-militancia-revolucionaria\/"},"author":{"name":"","@id":""},"headline":"Agust\u00edn Funes: 50 a\u00f1os de militancia revolucionaria","datePublished":"2019-05-10T01:53:09+00:00","dateModified":"2020-02-04T23:59:46+00:00","mainEntityOfPage":{"@id":"https:\/\/vamosporlaliberacion.org\/crpmlm\/agustin-funes-50-anos-de-militancia-revolucionaria\/"},"wordCount":3115,"commentCount":0,"image":{"@id":"https:\/\/vamosporlaliberacion.org\/crpmlm\/agustin-funes-50-anos-de-militancia-revolucionaria\/#primaryimage"},"thumbnailUrl":"https:\/\/i0.wp.com\/vamosporlaliberacion.org\/crpmlm\/wp-content\/uploads\/2019\/05\/Funes-saliendo-de-la-c%C3%A1rcel-tras-segunda-toma-Perdriel-copia.jpg?fit=700%2C467&ssl=1","keywords":["Agust\u00edn Funes","C\u00f3rdoba","Cordobazo","destacado","Vxl 140"],"articleSection":["Entrevista"],"inLanguage":"es","potentialAction":[{"@type":"CommentAction","name":"Comment","target":["https:\/\/vamosporlaliberacion.org\/crpmlm\/agustin-funes-50-anos-de-militancia-revolucionaria\/#respond"]}]},{"@type":"WebPage","@id":"https:\/\/vamosporlaliberacion.org\/crpmlm\/agustin-funes-50-anos-de-militancia-revolucionaria\/","url":"https:\/\/vamosporlaliberacion.org\/crpmlm\/agustin-funes-50-anos-de-militancia-revolucionaria\/","name":"Agust\u00edn Funes: 50 a\u00f1os de militancia revolucionaria - Vamos por la Liberaci\u00f3n","isPartOf":{"@id":"https:\/\/vamosporlaliberacion.org\/crpmlm\/#website"},"primaryImageOfPage":{"@id":"https:\/\/vamosporlaliberacion.org\/crpmlm\/agustin-funes-50-anos-de-militancia-revolucionaria\/#primaryimage"},"image":{"@id":"https:\/\/vamosporlaliberacion.org\/crpmlm\/agustin-funes-50-anos-de-militancia-revolucionaria\/#primaryimage"},"thumbnailUrl":"https:\/\/i0.wp.com\/vamosporlaliberacion.org\/crpmlm\/wp-content\/uploads\/2019\/05\/Funes-saliendo-de-la-c%C3%A1rcel-tras-segunda-toma-Perdriel-copia.jpg?fit=700%2C467&ssl=1","datePublished":"2019-05-10T01:53:09+00:00","dateModified":"2020-02-04T23:59:46+00:00","author":{"@id":""},"breadcrumb":{"@id":"https:\/\/vamosporlaliberacion.org\/crpmlm\/agustin-funes-50-anos-de-militancia-revolucionaria\/#breadcrumb"},"inLanguage":"es","potentialAction":[{"@type":"ReadAction","target":["https:\/\/vamosporlaliberacion.org\/crpmlm\/agustin-funes-50-anos-de-militancia-revolucionaria\/"]}]},{"@type":"ImageObject","inLanguage":"es","@id":"https:\/\/vamosporlaliberacion.org\/crpmlm\/agustin-funes-50-anos-de-militancia-revolucionaria\/#primaryimage","url":"https:\/\/i0.wp.com\/vamosporlaliberacion.org\/crpmlm\/wp-content\/uploads\/2019\/05\/Funes-saliendo-de-la-c%C3%A1rcel-tras-segunda-toma-Perdriel-copia.jpg?fit=700%2C467&ssl=1","contentUrl":"https:\/\/i0.wp.com\/vamosporlaliberacion.org\/crpmlm\/wp-content\/uploads\/2019\/05\/Funes-saliendo-de-la-c%C3%A1rcel-tras-segunda-toma-Perdriel-copia.jpg?fit=700%2C467&ssl=1","width":700,"height":467,"caption":"Agust\u00edn Funes saliendo de la c\u00e1rcel tras segunda toma Perdriel."},{"@type":"BreadcrumbList","@id":"https:\/\/vamosporlaliberacion.org\/crpmlm\/agustin-funes-50-anos-de-militancia-revolucionaria\/#breadcrumb","itemListElement":[{"@type":"ListItem","position":1,"name":"Portada","item":"https:\/\/vamosporlaliberacion.org\/crpmlm\/"},{"@type":"ListItem","position":2,"name":"Agust\u00edn Funes: 50 a\u00f1os de militancia revolucionaria"}]},{"@type":"WebSite","@id":"https:\/\/vamosporlaliberacion.org\/crpmlm\/#website","url":"https:\/\/vamosporlaliberacion.org\/crpmlm\/","name":"Vamos por la Liberaci\u00f3n","description":"Prensa CR","potentialAction":[{"@type":"SearchAction","target":{"@type":"EntryPoint","urlTemplate":"https:\/\/vamosporlaliberacion.org\/crpmlm\/?s={search_term_string}"},"query-input":{"@type":"PropertyValueSpecification","valueRequired":true,"valueName":"search_term_string"}}],"inLanguage":"es"},{"@type":"Person","@id":"","url":"https:\/\/vamosporlaliberacion.org\/crpmlm\/author\/"}]}},"jetpack_featured_media_url":"https:\/\/i0.wp.com\/vamosporlaliberacion.org\/crpmlm\/wp-content\/uploads\/2019\/05\/Funes-saliendo-de-la-c%C3%A1rcel-tras-segunda-toma-Perdriel-copia.jpg?fit=700%2C467&ssl=1","jetpack_sharing_enabled":true,"_links":{"self":[{"href":"https:\/\/vamosporlaliberacion.org\/crpmlm\/wp-json\/wp\/v2\/posts\/13597","targetHints":{"allow":["GET"]}}],"collection":[{"href":"https:\/\/vamosporlaliberacion.org\/crpmlm\/wp-json\/wp\/v2\/posts"}],"about":[{"href":"https:\/\/vamosporlaliberacion.org\/crpmlm\/wp-json\/wp\/v2\/types\/post"}],"author":[{"embeddable":true,"href":"https:\/\/vamosporlaliberacion.org\/crpmlm\/wp-json\/wp\/v2\/users\/5"}],"replies":[{"embeddable":true,"href":"https:\/\/vamosporlaliberacion.org\/crpmlm\/wp-json\/wp\/v2\/comments?post=13597"}],"version-history":[{"count":0,"href":"https:\/\/vamosporlaliberacion.org\/crpmlm\/wp-json\/wp\/v2\/posts\/13597\/revisions"}],"wp:featuredmedia":[{"embeddable":true,"href":"https:\/\/vamosporlaliberacion.org\/crpmlm\/wp-json\/wp\/v2\/media\/13615"}],"wp:attachment":[{"href":"https:\/\/vamosporlaliberacion.org\/crpmlm\/wp-json\/wp\/v2\/media?parent=13597"}],"wp:term":[{"taxonomy":"category","embeddable":true,"href":"https:\/\/vamosporlaliberacion.org\/crpmlm\/wp-json\/wp\/v2\/categories?post=13597"},{"taxonomy":"post_tag","embeddable":true,"href":"https:\/\/vamosporlaliberacion.org\/crpmlm\/wp-json\/wp\/v2\/tags?post=13597"}],"curies":[{"name":"wp","href":"https:\/\/api.w.org\/{rel}","templated":true}]}}