{"id":13586,"date":"2019-05-09T22:37:26","date_gmt":"2019-05-10T01:37:26","guid":{"rendered":"http:\/\/vamosporlaliberacion.org\/crpmlm\/?p=13586"},"modified":"2019-05-10T11:05:01","modified_gmt":"2019-05-10T14:05:01","slug":"se-lanzo-el-movimiento-liberacion-en-la-matanza","status":"publish","type":"post","link":"https:\/\/vamosporlaliberacion.org\/crpmlm\/se-lanzo-el-movimiento-liberacion-en-la-matanza\/","title":{"rendered":"Se lanz\u00f3 el movimiento Liberaci\u00f3n en La Matanza"},"content":{"rendered":"<p><iframe loading=\"lazy\" src=\"https:\/\/www.facebook.com\/plugins\/video.php?href=https%3A%2F%2Fwww.facebook.com%2Fprensavamos%2Fvideos%2F586485241861204%2F&#038;show_text=0&#038;width=700\" width=\"700\" height=\"394\" style=\"border:none;overflow:hidden\" scrolling=\"no\" frameborder=\"0\" allowTransparency=\"true\" allowFullScreen=\"true\"><\/iframe><\/p>\n<p>El d\u00eda 27 de abril en la localidad de Laferrere, en el partido de La Matanza, se realiz\u00f3 con casi cien compa\u00f1eros y compa\u00f1eras el lanzamiento del Movimiento Popular Liberaci\u00f3n (MPL). Antes de dar inicio se compartieron unas tortas fritas acompa\u00f1adas de api. Al terminar se compartieron unos choris.<\/p>\n<p>Abri\u00f3 los discursos la compa\u00f1era Magaly, coordinadora regional de la Corriente Clasista Ren\u00e9 Salamanca, que afirm\u00f3 que el MPL \u201cnace por una necesidad del pueblo de organizarse tambi\u00e9n en el terreno pol\u00edtico, que acompa\u00f1a la lucha popular. Es una necesidad porque el hambre el ajuste y la entrega de Macri y Vidal y el FMI no se soporta m\u00e1s. Tenemos que terminar con esta pol\u00edtica y este gobierno. Hay que echarlos en las calles, en las urnas\u201d.<\/p>\n<p>Se\u00f1al\u00f3 que hemos impulsado \u201cdesde el Comunismo Revolucionario este instrumento de unidad y frente \u00fanico, sin sectarismo y con un programa nacional de 15 puntos y eso se vino discutiendo y hablando en los diferentes barrios\u201d. Reforz\u00f3 que a este programa nacional \u201cen cada regional tendremos que agregar los puntos locales y construir un programa provincial. Buscamos recoger la realidad de los territorios a merced del hambre la desocupaci\u00f3n, y la desesperanza en la que nos encontramos, donde los j\u00f3venes est\u00e1n expuestos en la droga y sin futuro. Donde cierran f\u00e1bricas y negocios todos los d\u00edas. Donde arrecia la inseguridad que nos castiga a los pobres. Donde no hay una pol\u00edtica que incluya a los j\u00f3venes en el deporte, la cultura y la recreaci\u00f3n. Queremos cambiar esta realidad y por eso nos organizamos\u201d. Reivindic\u00f3 especialmente a los inmigrantes que \u201cvivimos y luchamos d\u00eda a d\u00eda junto con los hermanos y hermanas argentinas\u201d porque \u201caqu\u00ed nacen y criamos a nuestros hijos\u201d.<\/p>\n<p>Seguidamente Roxana, coordinadora de la Corriente de Virrey del Pino, coment\u00f3 que \u201cnosotros tenemos que organizarnos donde estamos como territorio\u201d. Se\u00f1al\u00f3 que el MPL \u201ctiene que ser una herramienta para organizar en los barrios, en las juntas vecinales y desde all\u00ed motorizar para que los vecinos y compa\u00f1eros que vivamos en el sector territorial podamos pelear por una mejor calidad de vida\u201d. \u201cPorque la verdad es que faltan muchas cosas en los barrios\u201d, insisti\u00f3. \u201cPara poder estar cada vez mejor. Porque estamos peor\u201d, evalu\u00f3.<\/p>\n<p>La compa\u00f1era docente Marina, delegada de escuela en Suteba y miembro de Docentes por la Liberaci\u00f3n, describi\u00f3 como \u201cen las escuelas nosotras recibimos y somos parte de todos los problemas que se atraviesan en el barrio. Somos los docentes, las docentes, las maestras, las que recibimos d\u00eda a d\u00eda aquellas familias con distintos problemas. Obviamente, la situaci\u00f3n de pobreza y carest\u00eda que se vive en los barrios es una realidad que en la escuela no es ajena\u201d. Tambi\u00e9n mostr\u00f3 \u201ccu\u00e1l es el lugar que la gobernadora Vidal le da a los docentes\u201d y desmenuz\u00f3 el enga\u00f1o de \u201cese acuerdo salarial que a la \u00fanica que le sirve es a la gobernadora\u201d. Por un lado, el llamado recupero 2018 del 15,6% no es tal, ya que en realidad cuentan como parte de esto la incorporaci\u00f3n al b\u00e1sico de cifras que ya se ven\u00edan pagando y lo calculan sobre el b\u00e1sico de diciembre de 2017 (de $4.916). En segundo lugar, la actualizaci\u00f3n de la cl\u00e1usula gatillo en forma trimestral es otra gran mentira, porque se calcula sobre el sueldo de diciembre del 2018, no es acumulativa de trimestre en trimestre y no es retroactiva. Concluy\u00f3 que \u201clos docentes cobramos sueldos por debajo de la l\u00ednea de pobreza\u201d. \u201cFrente a esta situaci\u00f3n es necesario construir un nuevo modelo sindical, retomar las banderas del clasismo, las banderas que nos dej\u00f3 Rene Salamanca (\u2026) con la organizaci\u00f3n desde las escuelas para defender una educaci\u00f3n p\u00fablica, gratuita, laica y de calidad al servicio de las necesidades del pueblo\u201d.<\/p>\n<p>Tambi\u00e9n la compa\u00f1era Susi, de barrio Sarmiento, se refiri\u00f3 a los \u201ccursos, talleres comunales o vecinales de g\u00e9nero en cada barrio\u201d para debatir la cuesti\u00f3n de g\u00e9nero\u201d. Precis\u00f3 que se proponen \u201cllegar a todas las personas, los vecinos, los ni\u00f1os, las mamas, las t\u00edas, todas las compa\u00f1eras\u201d para \u201ctratar de llegar a todos para que sepan el tema de violencia de g\u00e9nero\u201d. Un tema que \u201cno se habla nada antes pero ahora s\u00ed se habla\u201d. Cristina, de este mismo barrio, insisti\u00f3 sobre la importancia de la propaganda para llegar a cada vecino y vecina en los barrios con el programa del MPL.<\/p>\n<p>Por \u00faltimo, cerr\u00f3 la compa\u00f1era Victoria quien se\u00f1al\u00f3 que \u201cno hay muchas palabras que pueda decir yo que no estemos viviendo en nuestras casas, en nuestros barrios, en nuestros laburos, en las escuelas. Y esto tiene que ver con que la pol\u00edtica de Macri que en el pa\u00eds busc\u00f3 favorecer a los especuladores financieros, a los bancos, a los monopolios, a los terratenientes, a los que hacen timba financiera con nuestro dinero, y que nos endeudan por generaciones con dinero que van a tener que pagar nuestros nietos y nuestros bisnietos. Pero adem\u00e1s una pol\u00edtica econ\u00f3mica que est\u00e1 generando una inflaci\u00f3n que est\u00e1 descontrolada. Que se est\u00e1 comiendo nuestro salario, que no hay acuerdo salarial, jubilaci\u00f3n, asignaci\u00f3n universal que alcance. (\u2026) En el conurbano bonaerense, m\u00e1s de un tercio de la poblaci\u00f3n son pobres. (\u2026) Por eso la pol\u00edtica de Vidal en la provincia de Buenos Aires profundiz\u00f3 el hambre la dependencia y la indigencia\u201d. Caracteriz\u00f3 al MPL como \u201cuna herramienta activa, amplia, de unidad, con un programa popular, democr\u00e1tico y antiimperialista en el camino de la liberaci\u00f3n nacional y social\u201d, que impulsamos \u201ccon un programa, buscando trabajar juntos con otras fuerzas democr\u00e1ticas y antiimperialistas para confluir hacia una amplia unidad que derrote en las calles y en las urnas la pol\u00edtica de Macri, Vidal y el FMI. Por eso los invitamos a ser parte, apropi\u00e1rselo y hacerlo crecer para derrotar esta pol\u00edtica de hambre y entrega\u201d.<\/p>\n<p>Corresponsal<\/p>\n<!-- AddThis Advanced Settings generic via filter on the_content --><!-- AddThis Share Buttons generic via filter on the_content -->","protected":false},"excerpt":{"rendered":"<p>El d\u00eda 27 de abril en la localidad de Laferrere, en el partido de La Matanza, se realiz\u00f3 con casi cien compa\u00f1eros y compa\u00f1eras el lanzamiento del Movimiento Popular Liberaci\u00f3n (MPL). Antes de dar inicio se compartieron unas tortas fritas acompa\u00f1adas de api. Al terminar se compartieron unos choris. Abri\u00f3 los discursos la compa\u00f1era Magaly, [&hellip;]<!-- AddThis Advanced Settings generic via filter on get_the_excerpt --><!-- AddThis Share Buttons generic via filter on get_the_excerpt --><\/p>\n","protected":false},"author":5,"featured_media":13587,"comment_status":"open","ping_status":"open","sticky":false,"template":"","format":"video","meta":{"_jetpack_memberships_contains_paid_content":false,"footnotes":""},"categories":[604],"tags":[395,525,1281,1306],"class_list":{"0":"post-13586","1":"post","2":"type-post","3":"status-publish","4":"format-video","5":"has-post-thumbnail","7":"category-videos","8":"tag-buenos-aires","9":"tag-la-matanza","10":"tag-movimiento-popular-liberacion","11":"tag-vxl-140","12":"post_format-post-format-video"},"yoast_head":"<!-- This site is optimized with the Yoast SEO plugin v27.4 - https:\/\/yoast.com\/product\/yoast-seo-wordpress\/ -->\n<title>Se lanz\u00f3 el movimiento Liberaci\u00f3n en La Matanza - Vamos por la Liberaci\u00f3n<\/title>\n<meta name=\"robots\" content=\"index, follow, max-snippet:-1, max-image-preview:large, max-video-preview:-1\" \/>\n<link rel=\"canonical\" href=\"https:\/\/vamosporlaliberacion.org\/crpmlm\/se-lanzo-el-movimiento-liberacion-en-la-matanza\/\" \/>\n<meta name=\"twitter:label1\" content=\"Escrito por\" \/>\n\t<meta name=\"twitter:data1\" content=\"\" \/>\n\t<meta name=\"twitter:label2\" content=\"Tiempo de lectura\" \/>\n\t<meta name=\"twitter:data2\" content=\"5 minutos\" \/>\n<script type=\"application\/ld+json\" class=\"yoast-schema-graph\">{\"@context\":\"https:\\\/\\\/schema.org\",\"@graph\":[{\"@type\":\"Article\",\"@id\":\"https:\\\/\\\/vamosporlaliberacion.org\\\/crpmlm\\\/se-lanzo-el-movimiento-liberacion-en-la-matanza\\\/#article\",\"isPartOf\":{\"@id\":\"https:\\\/\\\/vamosporlaliberacion.org\\\/crpmlm\\\/se-lanzo-el-movimiento-liberacion-en-la-matanza\\\/\"},\"author\":{\"name\":\"\",\"@id\":\"\"},\"headline\":\"Se lanz\u00f3 el movimiento Liberaci\u00f3n en La Matanza\",\"datePublished\":\"2019-05-10T01:37:26+00:00\",\"dateModified\":\"2019-05-10T14:05:01+00:00\",\"mainEntityOfPage\":{\"@id\":\"https:\\\/\\\/vamosporlaliberacion.org\\\/crpmlm\\\/se-lanzo-el-movimiento-liberacion-en-la-matanza\\\/\"},\"wordCount\":1033,\"commentCount\":0,\"image\":{\"@id\":\"https:\\\/\\\/vamosporlaliberacion.org\\\/crpmlm\\\/se-lanzo-el-movimiento-liberacion-en-la-matanza\\\/#primaryimage\"},\"thumbnailUrl\":\"https:\\\/\\\/i0.wp.com\\\/vamosporlaliberacion.org\\\/crpmlm\\\/wp-content\\\/uploads\\\/2019\\\/05\\\/Sin-t%C3%ADtulo111.jpg?fit=741%2C549&ssl=1\",\"keywords\":[\"Buenos Aires\",\"La Matanza\",\"Movimiento Popular Liberaci\u00f3n\",\"Vxl 140\"],\"articleSection\":[\"Videos\"],\"inLanguage\":\"es\",\"potentialAction\":[{\"@type\":\"CommentAction\",\"name\":\"Comment\",\"target\":[\"https:\\\/\\\/vamosporlaliberacion.org\\\/crpmlm\\\/se-lanzo-el-movimiento-liberacion-en-la-matanza\\\/#respond\"]}]},{\"@type\":\"WebPage\",\"@id\":\"https:\\\/\\\/vamosporlaliberacion.org\\\/crpmlm\\\/se-lanzo-el-movimiento-liberacion-en-la-matanza\\\/\",\"url\":\"https:\\\/\\\/vamosporlaliberacion.org\\\/crpmlm\\\/se-lanzo-el-movimiento-liberacion-en-la-matanza\\\/\",\"name\":\"Se lanz\u00f3 el movimiento Liberaci\u00f3n en La Matanza - Vamos por la Liberaci\u00f3n\",\"isPartOf\":{\"@id\":\"https:\\\/\\\/vamosporlaliberacion.org\\\/crpmlm\\\/#website\"},\"primaryImageOfPage\":{\"@id\":\"https:\\\/\\\/vamosporlaliberacion.org\\\/crpmlm\\\/se-lanzo-el-movimiento-liberacion-en-la-matanza\\\/#primaryimage\"},\"image\":{\"@id\":\"https:\\\/\\\/vamosporlaliberacion.org\\\/crpmlm\\\/se-lanzo-el-movimiento-liberacion-en-la-matanza\\\/#primaryimage\"},\"thumbnailUrl\":\"https:\\\/\\\/i0.wp.com\\\/vamosporlaliberacion.org\\\/crpmlm\\\/wp-content\\\/uploads\\\/2019\\\/05\\\/Sin-t%C3%ADtulo111.jpg?fit=741%2C549&ssl=1\",\"datePublished\":\"2019-05-10T01:37:26+00:00\",\"dateModified\":\"2019-05-10T14:05:01+00:00\",\"author\":{\"@id\":\"\"},\"breadcrumb\":{\"@id\":\"https:\\\/\\\/vamosporlaliberacion.org\\\/crpmlm\\\/se-lanzo-el-movimiento-liberacion-en-la-matanza\\\/#breadcrumb\"},\"inLanguage\":\"es\",\"potentialAction\":[{\"@type\":\"ReadAction\",\"target\":[\"https:\\\/\\\/vamosporlaliberacion.org\\\/crpmlm\\\/se-lanzo-el-movimiento-liberacion-en-la-matanza\\\/\"]}]},{\"@type\":\"ImageObject\",\"inLanguage\":\"es\",\"@id\":\"https:\\\/\\\/vamosporlaliberacion.org\\\/crpmlm\\\/se-lanzo-el-movimiento-liberacion-en-la-matanza\\\/#primaryimage\",\"url\":\"https:\\\/\\\/i0.wp.com\\\/vamosporlaliberacion.org\\\/crpmlm\\\/wp-content\\\/uploads\\\/2019\\\/05\\\/Sin-t%C3%ADtulo111.jpg?fit=741%2C549&ssl=1\",\"contentUrl\":\"https:\\\/\\\/i0.wp.com\\\/vamosporlaliberacion.org\\\/crpmlm\\\/wp-content\\\/uploads\\\/2019\\\/05\\\/Sin-t%C3%ADtulo111.jpg?fit=741%2C549&ssl=1\",\"width\":741,\"height\":549},{\"@type\":\"BreadcrumbList\",\"@id\":\"https:\\\/\\\/vamosporlaliberacion.org\\\/crpmlm\\\/se-lanzo-el-movimiento-liberacion-en-la-matanza\\\/#breadcrumb\",\"itemListElement\":[{\"@type\":\"ListItem\",\"position\":1,\"name\":\"Portada\",\"item\":\"https:\\\/\\\/vamosporlaliberacion.org\\\/crpmlm\\\/\"},{\"@type\":\"ListItem\",\"position\":2,\"name\":\"Se lanz\u00f3 el movimiento Liberaci\u00f3n en La Matanza\"}]},{\"@type\":\"WebSite\",\"@id\":\"https:\\\/\\\/vamosporlaliberacion.org\\\/crpmlm\\\/#website\",\"url\":\"https:\\\/\\\/vamosporlaliberacion.org\\\/crpmlm\\\/\",\"name\":\"Vamos por la Liberaci\u00f3n\",\"description\":\"Prensa CR\",\"potentialAction\":[{\"@type\":\"SearchAction\",\"target\":{\"@type\":\"EntryPoint\",\"urlTemplate\":\"https:\\\/\\\/vamosporlaliberacion.org\\\/crpmlm\\\/?s={search_term_string}\"},\"query-input\":{\"@type\":\"PropertyValueSpecification\",\"valueRequired\":true,\"valueName\":\"search_term_string\"}}],\"inLanguage\":\"es\"},{\"@type\":\"Person\",\"@id\":\"\",\"url\":\"https:\\\/\\\/vamosporlaliberacion.org\\\/crpmlm\\\/author\\\/\"}]}<\/script>\n<!-- \/ Yoast SEO plugin. -->","yoast_head_json":{"title":"Se lanz\u00f3 el movimiento Liberaci\u00f3n en La Matanza - Vamos por la Liberaci\u00f3n","robots":{"index":"index","follow":"follow","max-snippet":"max-snippet:-1","max-image-preview":"max-image-preview:large","max-video-preview":"max-video-preview:-1"},"canonical":"https:\/\/vamosporlaliberacion.org\/crpmlm\/se-lanzo-el-movimiento-liberacion-en-la-matanza\/","twitter_misc":{"Escrito por":"","Tiempo de lectura":"5 minutos"},"schema":{"@context":"https:\/\/schema.org","@graph":[{"@type":"Article","@id":"https:\/\/vamosporlaliberacion.org\/crpmlm\/se-lanzo-el-movimiento-liberacion-en-la-matanza\/#article","isPartOf":{"@id":"https:\/\/vamosporlaliberacion.org\/crpmlm\/se-lanzo-el-movimiento-liberacion-en-la-matanza\/"},"author":{"name":"","@id":""},"headline":"Se lanz\u00f3 el movimiento Liberaci\u00f3n en La Matanza","datePublished":"2019-05-10T01:37:26+00:00","dateModified":"2019-05-10T14:05:01+00:00","mainEntityOfPage":{"@id":"https:\/\/vamosporlaliberacion.org\/crpmlm\/se-lanzo-el-movimiento-liberacion-en-la-matanza\/"},"wordCount":1033,"commentCount":0,"image":{"@id":"https:\/\/vamosporlaliberacion.org\/crpmlm\/se-lanzo-el-movimiento-liberacion-en-la-matanza\/#primaryimage"},"thumbnailUrl":"https:\/\/i0.wp.com\/vamosporlaliberacion.org\/crpmlm\/wp-content\/uploads\/2019\/05\/Sin-t%C3%ADtulo111.jpg?fit=741%2C549&ssl=1","keywords":["Buenos Aires","La Matanza","Movimiento Popular Liberaci\u00f3n","Vxl 140"],"articleSection":["Videos"],"inLanguage":"es","potentialAction":[{"@type":"CommentAction","name":"Comment","target":["https:\/\/vamosporlaliberacion.org\/crpmlm\/se-lanzo-el-movimiento-liberacion-en-la-matanza\/#respond"]}]},{"@type":"WebPage","@id":"https:\/\/vamosporlaliberacion.org\/crpmlm\/se-lanzo-el-movimiento-liberacion-en-la-matanza\/","url":"https:\/\/vamosporlaliberacion.org\/crpmlm\/se-lanzo-el-movimiento-liberacion-en-la-matanza\/","name":"Se lanz\u00f3 el movimiento Liberaci\u00f3n en La Matanza - Vamos por la Liberaci\u00f3n","isPartOf":{"@id":"https:\/\/vamosporlaliberacion.org\/crpmlm\/#website"},"primaryImageOfPage":{"@id":"https:\/\/vamosporlaliberacion.org\/crpmlm\/se-lanzo-el-movimiento-liberacion-en-la-matanza\/#primaryimage"},"image":{"@id":"https:\/\/vamosporlaliberacion.org\/crpmlm\/se-lanzo-el-movimiento-liberacion-en-la-matanza\/#primaryimage"},"thumbnailUrl":"https:\/\/i0.wp.com\/vamosporlaliberacion.org\/crpmlm\/wp-content\/uploads\/2019\/05\/Sin-t%C3%ADtulo111.jpg?fit=741%2C549&ssl=1","datePublished":"2019-05-10T01:37:26+00:00","dateModified":"2019-05-10T14:05:01+00:00","author":{"@id":""},"breadcrumb":{"@id":"https:\/\/vamosporlaliberacion.org\/crpmlm\/se-lanzo-el-movimiento-liberacion-en-la-matanza\/#breadcrumb"},"inLanguage":"es","potentialAction":[{"@type":"ReadAction","target":["https:\/\/vamosporlaliberacion.org\/crpmlm\/se-lanzo-el-movimiento-liberacion-en-la-matanza\/"]}]},{"@type":"ImageObject","inLanguage":"es","@id":"https:\/\/vamosporlaliberacion.org\/crpmlm\/se-lanzo-el-movimiento-liberacion-en-la-matanza\/#primaryimage","url":"https:\/\/i0.wp.com\/vamosporlaliberacion.org\/crpmlm\/wp-content\/uploads\/2019\/05\/Sin-t%C3%ADtulo111.jpg?fit=741%2C549&ssl=1","contentUrl":"https:\/\/i0.wp.com\/vamosporlaliberacion.org\/crpmlm\/wp-content\/uploads\/2019\/05\/Sin-t%C3%ADtulo111.jpg?fit=741%2C549&ssl=1","width":741,"height":549},{"@type":"BreadcrumbList","@id":"https:\/\/vamosporlaliberacion.org\/crpmlm\/se-lanzo-el-movimiento-liberacion-en-la-matanza\/#breadcrumb","itemListElement":[{"@type":"ListItem","position":1,"name":"Portada","item":"https:\/\/vamosporlaliberacion.org\/crpmlm\/"},{"@type":"ListItem","position":2,"name":"Se lanz\u00f3 el movimiento Liberaci\u00f3n en La Matanza"}]},{"@type":"WebSite","@id":"https:\/\/vamosporlaliberacion.org\/crpmlm\/#website","url":"https:\/\/vamosporlaliberacion.org\/crpmlm\/","name":"Vamos por la Liberaci\u00f3n","description":"Prensa CR","potentialAction":[{"@type":"SearchAction","target":{"@type":"EntryPoint","urlTemplate":"https:\/\/vamosporlaliberacion.org\/crpmlm\/?s={search_term_string}"},"query-input":{"@type":"PropertyValueSpecification","valueRequired":true,"valueName":"search_term_string"}}],"inLanguage":"es"},{"@type":"Person","@id":"","url":"https:\/\/vamosporlaliberacion.org\/crpmlm\/author\/"}]}},"jetpack_featured_media_url":"https:\/\/i0.wp.com\/vamosporlaliberacion.org\/crpmlm\/wp-content\/uploads\/2019\/05\/Sin-t%C3%ADtulo111.jpg?fit=741%2C549&ssl=1","jetpack_sharing_enabled":true,"_links":{"self":[{"href":"https:\/\/vamosporlaliberacion.org\/crpmlm\/wp-json\/wp\/v2\/posts\/13586","targetHints":{"allow":["GET"]}}],"collection":[{"href":"https:\/\/vamosporlaliberacion.org\/crpmlm\/wp-json\/wp\/v2\/posts"}],"about":[{"href":"https:\/\/vamosporlaliberacion.org\/crpmlm\/wp-json\/wp\/v2\/types\/post"}],"author":[{"embeddable":true,"href":"https:\/\/vamosporlaliberacion.org\/crpmlm\/wp-json\/wp\/v2\/users\/5"}],"replies":[{"embeddable":true,"href":"https:\/\/vamosporlaliberacion.org\/crpmlm\/wp-json\/wp\/v2\/comments?post=13586"}],"version-history":[{"count":0,"href":"https:\/\/vamosporlaliberacion.org\/crpmlm\/wp-json\/wp\/v2\/posts\/13586\/revisions"}],"wp:featuredmedia":[{"embeddable":true,"href":"https:\/\/vamosporlaliberacion.org\/crpmlm\/wp-json\/wp\/v2\/media\/13587"}],"wp:attachment":[{"href":"https:\/\/vamosporlaliberacion.org\/crpmlm\/wp-json\/wp\/v2\/media?parent=13586"}],"wp:term":[{"taxonomy":"category","embeddable":true,"href":"https:\/\/vamosporlaliberacion.org\/crpmlm\/wp-json\/wp\/v2\/categories?post=13586"},{"taxonomy":"post_tag","embeddable":true,"href":"https:\/\/vamosporlaliberacion.org\/crpmlm\/wp-json\/wp\/v2\/tags?post=13586"}],"curies":[{"name":"wp","href":"https:\/\/api.w.org\/{rel}","templated":true}]}}