{"id":13321,"date":"2019-03-22T11:46:08","date_gmt":"2019-03-22T14:46:08","guid":{"rendered":"http:\/\/vamosporlaliberacion.org\/crpmlm\/?p=13321"},"modified":"2019-03-22T11:57:05","modified_gmt":"2019-03-22T14:57:05","slug":"mpl-en-merlo-marcos-paz-y-moreno","status":"publish","type":"post","link":"https:\/\/vamosporlaliberacion.org\/crpmlm\/mpl-en-merlo-marcos-paz-y-moreno\/","title":{"rendered":"MPL en Merlo, Marcos Paz y Moreno"},"content":{"rendered":"<p>Con empanadas y pan casero se organiz\u00f3 la mateada de presentaci\u00f3n del MPL donde desde el CR Marcela coordinadora de la regional dio la bienvenida y Gustavo Funes hizo una descripci\u00f3n de la situaci\u00f3n pol\u00edtica y los objetivos del MPL. Estuvo presente tambi\u00e9n una delegaci\u00f3n de la agrupaci\u00f3n peronista \u201c17 de Noviembre\u201d.<br \/>\nFunes se refiri\u00f3 a la situaci\u00f3n desesperante que viven sectores populares que han perdido todo y que se grafica en la multiplicaci\u00f3n de los comedores y merenderos en los barrios. Rese\u00f1\u00f3 la dif\u00edcil situaci\u00f3n que est\u00e1 atravesando el pueblo, donde si bien hay bronca y voluntad de lucha, tambi\u00e9n hay temor a perder el trabajo y otras conquistas sobre todo all\u00ed donde hay direcciones sindicales traidoras.<br \/>\nSe\u00f1al\u00f3 que el gobierno de Macri trajo al presente debates y medidas que hasta hace unos a\u00f1os atr\u00e1s se pod\u00eda decir que eran debates a futuro o estrat\u00e9gicos como la re-estatizaci\u00f3n de la energ\u00eda y los servicios esenciales para vivir. \u201clas tarifas, el transporte y el valor del servicio est\u00e1n dolarizados\u201d por eso es un debate de actualidad estatizar desde la boca de pozo, el transporte y comercializaci\u00f3n del servicio.<\/p>\n<p>Se refiri\u00f3 a la necesidad la inmensa mayor\u00eda del pueblo de terminar con esta pol\u00edtica y este gobierno. Plante\u00f3 que la disyuntiva no admite terceras salidas, \u201co avanza el gobierno con su pol\u00edtica de ajuste y entrega acordada con el FMI, o avanzan los sectores populares. Plantearse otra cuesti\u00f3n es factor de divisi\u00f3n en el campo popular\u201d.<\/p>\n<p>Funes sostuvo que el nacimiento del MPL apunta a generar un instrumento para las grandes masas populares, de menor a mayor paso a paso y a saltos. Un instrumento independiente con un programa para luchar en el terreno pol\u00edtico de la lucha y las elecciones que no termina en el 2019.<\/p>\n<p>Se\u00f1al\u00f3 la necesidad de romper con el pueblo en las calles el acuerdo con el FMI para poder acceder a las urgencias populares, as\u00ed como avanzar en otras medidas necesarias como la junta nacional de granos y carnes que los gobiernos anteriores no hicieron, limitar las importaciones, obligar a rendir las divisas por exportaciones, pero sobre todo iniciar un nuevo per\u00edodo plagado de luchas que apunten poner en debate la necesidad de cambiar la matriz productiva basada en el monocultivo de la soja.<\/p>\n<p>\u201cPor eso y desde este nuevo movimiento, invitamos a los amigos y amigas a ensanchar sus fronteras y tambi\u00e9n a tomar acuerdos importantes en pos de esa necesaria unidad que requiere el pueblo. Nosotros vamos mas all\u00e1, queremos luchar por abrir una nueva situaci\u00f3n que imponga pol\u00edticas que necesita de urgencia el pueblo, que frene otras como por ejemplo el acuerdo con el FMI, para poder volcar una bater\u00eda de medidas sumamente necesaria para reactivar la econom\u00eda, reactivar el consumo y que los trabajadores tengan un salario acorde a la canasta familiar, pero que nos permita avanzar en los cambios de fondo que necesita el pa\u00eds, sino vamos a seguir condenados a que vuelvan estas pol\u00edticas\u201d.<\/p>\n<p>\u201cTrabajamos para derrotarlos, y en el caso que se d\u00e9, no est\u00e1 dicho que no vuelvan, por eso no se pueden volver a cometer los mismos errores que se cometieron; hay que aprender de los errores y aplicar medidas que antes no se tomaron y hay que ir mas afondo todav\u00eda\u201d y eso, entendemos que se puede lograr con el pueblo ganado y en las calles no lo para nadie. Se equivocan los que tienen miedo al pueblo movilizado. Un pueblo movilizado es lo mejor que puede pasar, y nosotros trabajamos para que eso suceda y darle una direcci\u00f3n revolucionaria para qu\u00e9 triunfe la liberaci\u00f3n nacional y social\u201d.<\/p>\n<!-- AddThis Advanced Settings generic via filter on the_content --><!-- AddThis Share Buttons generic via filter on the_content -->","protected":false},"excerpt":{"rendered":"<p>Con empanadas y pan casero se organiz\u00f3 la mateada de presentaci\u00f3n del MPL donde desde el CR Marcela coordinadora de la regional dio la bienvenida y Gustavo Funes hizo una descripci\u00f3n de la situaci\u00f3n pol\u00edtica y los objetivos del MPL. Estuvo presente tambi\u00e9n una delegaci\u00f3n de la agrupaci\u00f3n peronista \u201c17 de Noviembre\u201d. Funes se refiri\u00f3 [&hellip;]<!-- AddThis Advanced Settings generic via filter on get_the_excerpt --><!-- AddThis Share Buttons generic via filter on get_the_excerpt --><\/p>\n","protected":false},"author":5,"featured_media":13322,"comment_status":"open","ping_status":"open","sticky":false,"template":"","format":"standard","meta":{"_jetpack_memberships_contains_paid_content":false,"footnotes":""},"categories":[1699],"tags":[395,521,1291,482,1292,1281,1283],"class_list":{"0":"post-13321","1":"post","2":"type-post","3":"status-publish","4":"format-standard","5":"has-post-thumbnail","7":"category-noticias","8":"tag-buenos-aires","9":"tag-destacado-1","10":"tag-marcos-paz","11":"tag-merlo","12":"tag-moreno","13":"tag-movimiento-popular-liberacion","14":"tag-vxl-137"},"yoast_head":"<!-- This site is optimized with the Yoast SEO plugin v27.4 - https:\/\/yoast.com\/product\/yoast-seo-wordpress\/ -->\n<title>MPL en Merlo, Marcos Paz y Moreno - Vamos por la Liberaci\u00f3n<\/title>\n<meta name=\"robots\" content=\"index, follow, max-snippet:-1, max-image-preview:large, max-video-preview:-1\" \/>\n<link rel=\"canonical\" href=\"https:\/\/vamosporlaliberacion.org\/crpmlm\/mpl-en-merlo-marcos-paz-y-moreno\/\" \/>\n<meta name=\"twitter:label1\" content=\"Escrito por\" \/>\n\t<meta name=\"twitter:data1\" content=\"\" \/>\n\t<meta name=\"twitter:label2\" content=\"Tiempo de lectura\" \/>\n\t<meta name=\"twitter:data2\" content=\"3 minutos\" \/>\n<script type=\"application\/ld+json\" class=\"yoast-schema-graph\">{\"@context\":\"https:\\\/\\\/schema.org\",\"@graph\":[{\"@type\":\"Article\",\"@id\":\"https:\\\/\\\/vamosporlaliberacion.org\\\/crpmlm\\\/mpl-en-merlo-marcos-paz-y-moreno\\\/#article\",\"isPartOf\":{\"@id\":\"https:\\\/\\\/vamosporlaliberacion.org\\\/crpmlm\\\/mpl-en-merlo-marcos-paz-y-moreno\\\/\"},\"author\":{\"name\":\"\",\"@id\":\"\"},\"headline\":\"MPL en Merlo, Marcos Paz y Moreno\",\"datePublished\":\"2019-03-22T14:46:08+00:00\",\"dateModified\":\"2019-03-22T14:57:05+00:00\",\"mainEntityOfPage\":{\"@id\":\"https:\\\/\\\/vamosporlaliberacion.org\\\/crpmlm\\\/mpl-en-merlo-marcos-paz-y-moreno\\\/\"},\"wordCount\":647,\"commentCount\":0,\"image\":{\"@id\":\"https:\\\/\\\/vamosporlaliberacion.org\\\/crpmlm\\\/mpl-en-merlo-marcos-paz-y-moreno\\\/#primaryimage\"},\"thumbnailUrl\":\"https:\\\/\\\/i0.wp.com\\\/vamosporlaliberacion.org\\\/crpmlm\\\/wp-content\\\/uploads\\\/2019\\\/03\\\/WhatsApp-Image-2019-03-12-at-5.52.56-PM.jpeg?fit=1280%2C960&ssl=1\",\"keywords\":[\"Buenos Aires\",\"destacado 1\",\"Marcos Paz\",\"Merlo\",\"Moreno\",\"Movimiento Popular Liberaci\u00f3n\",\"vxl 137\"],\"articleSection\":[\"Noticias\"],\"inLanguage\":\"es\",\"potentialAction\":[{\"@type\":\"CommentAction\",\"name\":\"Comment\",\"target\":[\"https:\\\/\\\/vamosporlaliberacion.org\\\/crpmlm\\\/mpl-en-merlo-marcos-paz-y-moreno\\\/#respond\"]}]},{\"@type\":\"WebPage\",\"@id\":\"https:\\\/\\\/vamosporlaliberacion.org\\\/crpmlm\\\/mpl-en-merlo-marcos-paz-y-moreno\\\/\",\"url\":\"https:\\\/\\\/vamosporlaliberacion.org\\\/crpmlm\\\/mpl-en-merlo-marcos-paz-y-moreno\\\/\",\"name\":\"MPL en Merlo, Marcos Paz y Moreno - Vamos por la Liberaci\u00f3n\",\"isPartOf\":{\"@id\":\"https:\\\/\\\/vamosporlaliberacion.org\\\/crpmlm\\\/#website\"},\"primaryImageOfPage\":{\"@id\":\"https:\\\/\\\/vamosporlaliberacion.org\\\/crpmlm\\\/mpl-en-merlo-marcos-paz-y-moreno\\\/#primaryimage\"},\"image\":{\"@id\":\"https:\\\/\\\/vamosporlaliberacion.org\\\/crpmlm\\\/mpl-en-merlo-marcos-paz-y-moreno\\\/#primaryimage\"},\"thumbnailUrl\":\"https:\\\/\\\/i0.wp.com\\\/vamosporlaliberacion.org\\\/crpmlm\\\/wp-content\\\/uploads\\\/2019\\\/03\\\/WhatsApp-Image-2019-03-12-at-5.52.56-PM.jpeg?fit=1280%2C960&ssl=1\",\"datePublished\":\"2019-03-22T14:46:08+00:00\",\"dateModified\":\"2019-03-22T14:57:05+00:00\",\"author\":{\"@id\":\"\"},\"breadcrumb\":{\"@id\":\"https:\\\/\\\/vamosporlaliberacion.org\\\/crpmlm\\\/mpl-en-merlo-marcos-paz-y-moreno\\\/#breadcrumb\"},\"inLanguage\":\"es\",\"potentialAction\":[{\"@type\":\"ReadAction\",\"target\":[\"https:\\\/\\\/vamosporlaliberacion.org\\\/crpmlm\\\/mpl-en-merlo-marcos-paz-y-moreno\\\/\"]}]},{\"@type\":\"ImageObject\",\"inLanguage\":\"es\",\"@id\":\"https:\\\/\\\/vamosporlaliberacion.org\\\/crpmlm\\\/mpl-en-merlo-marcos-paz-y-moreno\\\/#primaryimage\",\"url\":\"https:\\\/\\\/i0.wp.com\\\/vamosporlaliberacion.org\\\/crpmlm\\\/wp-content\\\/uploads\\\/2019\\\/03\\\/WhatsApp-Image-2019-03-12-at-5.52.56-PM.jpeg?fit=1280%2C960&ssl=1\",\"contentUrl\":\"https:\\\/\\\/i0.wp.com\\\/vamosporlaliberacion.org\\\/crpmlm\\\/wp-content\\\/uploads\\\/2019\\\/03\\\/WhatsApp-Image-2019-03-12-at-5.52.56-PM.jpeg?fit=1280%2C960&ssl=1\",\"width\":1280,\"height\":960},{\"@type\":\"BreadcrumbList\",\"@id\":\"https:\\\/\\\/vamosporlaliberacion.org\\\/crpmlm\\\/mpl-en-merlo-marcos-paz-y-moreno\\\/#breadcrumb\",\"itemListElement\":[{\"@type\":\"ListItem\",\"position\":1,\"name\":\"Portada\",\"item\":\"https:\\\/\\\/vamosporlaliberacion.org\\\/crpmlm\\\/\"},{\"@type\":\"ListItem\",\"position\":2,\"name\":\"MPL en Merlo, Marcos Paz y Moreno\"}]},{\"@type\":\"WebSite\",\"@id\":\"https:\\\/\\\/vamosporlaliberacion.org\\\/crpmlm\\\/#website\",\"url\":\"https:\\\/\\\/vamosporlaliberacion.org\\\/crpmlm\\\/\",\"name\":\"Vamos por la Liberaci\u00f3n\",\"description\":\"Prensa CR\",\"potentialAction\":[{\"@type\":\"SearchAction\",\"target\":{\"@type\":\"EntryPoint\",\"urlTemplate\":\"https:\\\/\\\/vamosporlaliberacion.org\\\/crpmlm\\\/?s={search_term_string}\"},\"query-input\":{\"@type\":\"PropertyValueSpecification\",\"valueRequired\":true,\"valueName\":\"search_term_string\"}}],\"inLanguage\":\"es\"},{\"@type\":\"Person\",\"@id\":\"\",\"url\":\"https:\\\/\\\/vamosporlaliberacion.org\\\/crpmlm\\\/author\\\/\"}]}<\/script>\n<!-- \/ Yoast SEO plugin. -->","yoast_head_json":{"title":"MPL en Merlo, Marcos Paz y Moreno - Vamos por la Liberaci\u00f3n","robots":{"index":"index","follow":"follow","max-snippet":"max-snippet:-1","max-image-preview":"max-image-preview:large","max-video-preview":"max-video-preview:-1"},"canonical":"https:\/\/vamosporlaliberacion.org\/crpmlm\/mpl-en-merlo-marcos-paz-y-moreno\/","twitter_misc":{"Escrito por":"","Tiempo de lectura":"3 minutos"},"schema":{"@context":"https:\/\/schema.org","@graph":[{"@type":"Article","@id":"https:\/\/vamosporlaliberacion.org\/crpmlm\/mpl-en-merlo-marcos-paz-y-moreno\/#article","isPartOf":{"@id":"https:\/\/vamosporlaliberacion.org\/crpmlm\/mpl-en-merlo-marcos-paz-y-moreno\/"},"author":{"name":"","@id":""},"headline":"MPL en Merlo, Marcos Paz y Moreno","datePublished":"2019-03-22T14:46:08+00:00","dateModified":"2019-03-22T14:57:05+00:00","mainEntityOfPage":{"@id":"https:\/\/vamosporlaliberacion.org\/crpmlm\/mpl-en-merlo-marcos-paz-y-moreno\/"},"wordCount":647,"commentCount":0,"image":{"@id":"https:\/\/vamosporlaliberacion.org\/crpmlm\/mpl-en-merlo-marcos-paz-y-moreno\/#primaryimage"},"thumbnailUrl":"https:\/\/i0.wp.com\/vamosporlaliberacion.org\/crpmlm\/wp-content\/uploads\/2019\/03\/WhatsApp-Image-2019-03-12-at-5.52.56-PM.jpeg?fit=1280%2C960&ssl=1","keywords":["Buenos Aires","destacado 1","Marcos Paz","Merlo","Moreno","Movimiento Popular Liberaci\u00f3n","vxl 137"],"articleSection":["Noticias"],"inLanguage":"es","potentialAction":[{"@type":"CommentAction","name":"Comment","target":["https:\/\/vamosporlaliberacion.org\/crpmlm\/mpl-en-merlo-marcos-paz-y-moreno\/#respond"]}]},{"@type":"WebPage","@id":"https:\/\/vamosporlaliberacion.org\/crpmlm\/mpl-en-merlo-marcos-paz-y-moreno\/","url":"https:\/\/vamosporlaliberacion.org\/crpmlm\/mpl-en-merlo-marcos-paz-y-moreno\/","name":"MPL en Merlo, Marcos Paz y Moreno - Vamos por la Liberaci\u00f3n","isPartOf":{"@id":"https:\/\/vamosporlaliberacion.org\/crpmlm\/#website"},"primaryImageOfPage":{"@id":"https:\/\/vamosporlaliberacion.org\/crpmlm\/mpl-en-merlo-marcos-paz-y-moreno\/#primaryimage"},"image":{"@id":"https:\/\/vamosporlaliberacion.org\/crpmlm\/mpl-en-merlo-marcos-paz-y-moreno\/#primaryimage"},"thumbnailUrl":"https:\/\/i0.wp.com\/vamosporlaliberacion.org\/crpmlm\/wp-content\/uploads\/2019\/03\/WhatsApp-Image-2019-03-12-at-5.52.56-PM.jpeg?fit=1280%2C960&ssl=1","datePublished":"2019-03-22T14:46:08+00:00","dateModified":"2019-03-22T14:57:05+00:00","author":{"@id":""},"breadcrumb":{"@id":"https:\/\/vamosporlaliberacion.org\/crpmlm\/mpl-en-merlo-marcos-paz-y-moreno\/#breadcrumb"},"inLanguage":"es","potentialAction":[{"@type":"ReadAction","target":["https:\/\/vamosporlaliberacion.org\/crpmlm\/mpl-en-merlo-marcos-paz-y-moreno\/"]}]},{"@type":"ImageObject","inLanguage":"es","@id":"https:\/\/vamosporlaliberacion.org\/crpmlm\/mpl-en-merlo-marcos-paz-y-moreno\/#primaryimage","url":"https:\/\/i0.wp.com\/vamosporlaliberacion.org\/crpmlm\/wp-content\/uploads\/2019\/03\/WhatsApp-Image-2019-03-12-at-5.52.56-PM.jpeg?fit=1280%2C960&ssl=1","contentUrl":"https:\/\/i0.wp.com\/vamosporlaliberacion.org\/crpmlm\/wp-content\/uploads\/2019\/03\/WhatsApp-Image-2019-03-12-at-5.52.56-PM.jpeg?fit=1280%2C960&ssl=1","width":1280,"height":960},{"@type":"BreadcrumbList","@id":"https:\/\/vamosporlaliberacion.org\/crpmlm\/mpl-en-merlo-marcos-paz-y-moreno\/#breadcrumb","itemListElement":[{"@type":"ListItem","position":1,"name":"Portada","item":"https:\/\/vamosporlaliberacion.org\/crpmlm\/"},{"@type":"ListItem","position":2,"name":"MPL en Merlo, Marcos Paz y Moreno"}]},{"@type":"WebSite","@id":"https:\/\/vamosporlaliberacion.org\/crpmlm\/#website","url":"https:\/\/vamosporlaliberacion.org\/crpmlm\/","name":"Vamos por la Liberaci\u00f3n","description":"Prensa CR","potentialAction":[{"@type":"SearchAction","target":{"@type":"EntryPoint","urlTemplate":"https:\/\/vamosporlaliberacion.org\/crpmlm\/?s={search_term_string}"},"query-input":{"@type":"PropertyValueSpecification","valueRequired":true,"valueName":"search_term_string"}}],"inLanguage":"es"},{"@type":"Person","@id":"","url":"https:\/\/vamosporlaliberacion.org\/crpmlm\/author\/"}]}},"jetpack_featured_media_url":"https:\/\/i0.wp.com\/vamosporlaliberacion.org\/crpmlm\/wp-content\/uploads\/2019\/03\/WhatsApp-Image-2019-03-12-at-5.52.56-PM.jpeg?fit=1280%2C960&ssl=1","jetpack_sharing_enabled":true,"_links":{"self":[{"href":"https:\/\/vamosporlaliberacion.org\/crpmlm\/wp-json\/wp\/v2\/posts\/13321","targetHints":{"allow":["GET"]}}],"collection":[{"href":"https:\/\/vamosporlaliberacion.org\/crpmlm\/wp-json\/wp\/v2\/posts"}],"about":[{"href":"https:\/\/vamosporlaliberacion.org\/crpmlm\/wp-json\/wp\/v2\/types\/post"}],"author":[{"embeddable":true,"href":"https:\/\/vamosporlaliberacion.org\/crpmlm\/wp-json\/wp\/v2\/users\/5"}],"replies":[{"embeddable":true,"href":"https:\/\/vamosporlaliberacion.org\/crpmlm\/wp-json\/wp\/v2\/comments?post=13321"}],"version-history":[{"count":0,"href":"https:\/\/vamosporlaliberacion.org\/crpmlm\/wp-json\/wp\/v2\/posts\/13321\/revisions"}],"wp:featuredmedia":[{"embeddable":true,"href":"https:\/\/vamosporlaliberacion.org\/crpmlm\/wp-json\/wp\/v2\/media\/13322"}],"wp:attachment":[{"href":"https:\/\/vamosporlaliberacion.org\/crpmlm\/wp-json\/wp\/v2\/media?parent=13321"}],"wp:term":[{"taxonomy":"category","embeddable":true,"href":"https:\/\/vamosporlaliberacion.org\/crpmlm\/wp-json\/wp\/v2\/categories?post=13321"},{"taxonomy":"post_tag","embeddable":true,"href":"https:\/\/vamosporlaliberacion.org\/crpmlm\/wp-json\/wp\/v2\/tags?post=13321"}],"curies":[{"name":"wp","href":"https:\/\/api.w.org\/{rel}","templated":true}]}}