{"id":12975,"date":"2019-02-07T20:32:33","date_gmt":"2019-02-07T23:32:33","guid":{"rendered":"http:\/\/vamosporlaliberacion.org\/crpmlm\/?p=12975"},"modified":"2019-02-07T20:32:33","modified_gmt":"2019-02-07T23:32:33","slug":"catena-para-derrotar-la-politica-de-macri-es-necesario-mantenernos-en-las-calles","status":"publish","type":"post","link":"https:\/\/vamosporlaliberacion.org\/crpmlm\/catena-para-derrotar-la-politica-de-macri-es-necesario-mantenernos-en-las-calles\/","title":{"rendered":"Catena: \u201cPara derrotar la pol\u00edtica de Macri es necesario mantenernos en las calles\u201d"},"content":{"rendered":"<p>A la oficina no le falta lugar pero tampoco le sobra. Mate mediante, Vamos! entrevist\u00f3 a Horacio Catena. Santafesino de nacimiento, se instal\u00f3 en Tierra del Fuego para construir una fuerza revolucionaria. All\u00ed fue delegado como obrero metal\u00fargico. Y desde hace ya varios a\u00f1os es secretario general del sindicato docente Sutef. Su rol como dirigente gremial combativo lo llev\u00f3 tambi\u00e9n a ocupar el lugar de secretario de organizaci\u00f3n de la CTA Aut\u00f3noma. El encuentro tuvo lugar en su sede en Buenos Aires.<\/p>\n<p><strong><em>\u2013La CTA Aut\u00f3noma se ha hecho parte de las movilizaciones contra los tarifazos y ha lanzado la campa\u00f1a \u201cYo no llego\u201d por el endeudamiento de las familias. \u00bfCu\u00e1l es la importancia que la CTA le da a estas cuestiones?<\/em><\/strong><\/p>\n<p>\u2013El problema de las tarifas la Central lo tom\u00f3 de inicio, en el 2016. Yo fui uno de los doce que expusimos en Tierra del Fuego cuando vino el primer tarifazo, cuando Aranguren quiso subir el 1.600% el gas y se oblig\u00f3 a hacer la audiencia p\u00fablica. Desde ah\u00ed venimos tomando el tema del tarifazo y el problema que iba a suscitar en las familias argentinas en general y en los trabajadores, trabajadoras y jubilados en particular.<\/p>\n<p>A mediados del a\u00f1o pasado, el secretario gremial de la CTA Nacional, Rub\u00e9n Ruiz, tom\u00f3 como uno de los ejes el problema del endeudamiento de las familias y de las tarifas, empezamos a charlar desde septiembre con una cantidad de multisectoriales y sindicatos, incluidos algunos de la CGT, y terminamos el a\u00f1o con el lanzamiento de la campa\u00f1a. O sea, hay una combinaci\u00f3n: Es la retracci\u00f3n del poder adquisitivo producto de la inflaci\u00f3n, las paritarias a la baja y los despidos, y eso, con las tarifas dolarizadas, ha generado un desfasaje en las familias por el que o pag\u00e1s el alquiler, o morf\u00e1s, o pag\u00e1s los servicios. Entonces, desde hace m\u00e1s de un a\u00f1o empez\u00f3 una mec\u00e1nica en la que se empezaron a usar las tarjetas de cr\u00e9dito para poder comer o pagar servicios.<\/p>\n<p>Eso, con la timba financiera, que puso los intereses de las tarjetas, cuando pag\u00e1s el m\u00ednimo, hasta el 120%, est\u00e1 llevando a un estrangulamiento. Hay un estudio hecho que marca que el promedio de deuda, por familia de trabajadores, est\u00e1 en los 200.000 pesos. Si a eso vos le sum\u00e1s todos los problemas actuales, hace que una familia no pueda vivir. Entonces nosotros planteamos el desendeudamiento de las familias argentinas, la condonaci\u00f3n de la deuda familiar en los aspectos que plantea el Salario M\u00ednimo Vital y M\u00f3vil, y sobre todo en los servicios esenciales (luz, agua y gas) y los intereses de las tarjetas de cr\u00e9dito. Todo eso se sintetiza en la campa\u00f1a \u201cYo no llego\u201d.<\/p>\n<p>Luego est\u00e1 el problema y la campa\u00f1a contra los tarifazos. Entonces, en ese aspecto la campa\u00f1a nacional nuestra puede ser complementaria o no de la campa\u00f1a contra los tarifazos, y hay una disputa en torno a eso. Porque la campa\u00f1a contra los tarifazos centralmente la toma el kirchnerismo, y ha sucedido con los clubes de barrio, que ped\u00edan las 12 cuotas para pagar la luz, sabiendo que no lo iban a poder pagar. Entonces por eso digo que se puede tomar complementariamente o contraponer. Porque no hay posibilidad de luchar contra los tarifazos sin pedir la condonaci\u00f3n de las deudas y la discusi\u00f3n de una tarifa justa. Eso es lo que nosotros planteamos. Y la tarifa justa es la que los trabajadores y trabajadoras pueden pagar, que se establece en base, no a la dolarizaci\u00f3n de los servicios p\u00fablicos, sino en base a los recursos populares.<\/p>\n<p><em><strong>\u2013\u00bfQu\u00e9 balance m\u00e1s general hac\u00e9s del rol de la CTA Aut\u00f3noma frente al gobierno macrista?<\/strong><\/em><\/p>\n<p>\u2013Nosotros creemos que el rol de nuestra CTA ha sido central. Desde el inicio del gobierno de Macri hemos trazado una l\u00ednea, que es la de la unidad en la acci\u00f3n, que en principio empalm\u00f3 con la otra CTA y despu\u00e9s ampli\u00f3 el espectro, como se mostr\u00f3 en el palco el a\u00f1o pasado en el paro de 36 horas, donde nuestra Central fue la que impuls\u00f3 la movilizaci\u00f3n a Plaza de Mayo, y ha recorrido distintos momentos. El a\u00f1o pasado nosotros terminamos pidiendo el paro nacional activo para diciembre, que no logramos confluir con el resto de las organizaciones para concretarlo. Y fue nuestra Central la que sac\u00f3 la consigna y la campa\u00f1a de la que est\u00e1bamos hablando, y la que impuls\u00f3 la conferencia de prensa de los primeros d\u00edas de enero, y que fue actora principal de la movilizaci\u00f3n el 10 de enero [contra los nuevos tarifazos], y viene siendo actora principal en todos los pueblos y ciudades importantes, como Capital Federal, Rosario, Santa Fe, Mar del Plata, Bariloche, Jun\u00edn, y ahora viene Mendoza, C\u00f3rdoba, Jujuy, Chaco, Montecarlo, donde las mujeres se han reunido con el intendente y el presidente de la cooperativa el\u00e9ctrica para informarle que no se van a pagar esas tarifas. En Chaco, intimaron ahora al intendente y al propio gobernador diciendo que no van a pagar y que van a impedir que se corten los servicios de electricidad. Y ah\u00ed ha estado Soledad, que es la compa\u00f1era secretaria general de la CTA-A del Chaco.<\/p>\n<p><em><strong>\u2013\u00bfHacia adelante cu\u00e1les son los desaf\u00edos planteados?<\/strong><\/em><\/p>\n<p>\u2013La Central plante\u00f3, y viene planteando en todo el pa\u00eds, la necesidad de construir un plan de lucha que d\u00e9 continuidad a las marchas contra el tarifazo, la construcci\u00f3n de un gran paro nacional activo para derrotar esta pol\u00edtica. Nosotros tenemos claro que para derrotar la pol\u00edtica de Macri es necesario mantenernos en las calles antes y despu\u00e9s del proceso electoral, y que gane quien gane el pueblo va a tener que seguir en las calles. Obviamente que no es lo mismo qui\u00e9n gane. Nosotros trabajamos para un frente lo m\u00e1s amplio posible que derrote a Macri. Pero para eso es necesario una pol\u00edtica proactiva del movimiento obrero que garantice un programa independiente para salir de esta situaci\u00f3n y que no se descargue nuevamente todos los males y los problemas, como ha sido por ejemplo la salida de la crisis del 2001, donde si bien la Argentina sali\u00f3, los trabajadores fuimos los que m\u00e1s pusimos en ese proceso, y salimos con precarizaci\u00f3n laboral y con grandes problemas estructurales de nuestro pa\u00eds.<\/p>\n<p><strong><em>\u2013\u00bfC\u00f3mo ven en ese marco la elecci\u00f3n de ATE?<\/em><\/strong><\/p>\n<p>\u2013Creemos que es importante. La fractura de la Central tiene un enclave en ATE, que tiene que ver con qu\u00e9 tipo de reagrupamientos se empujan. Y las elecciones deben servir para recuperar ATE para los trabajadores estatales. La actual conducci\u00f3n de Godoy y De Gennaro han dividido a los trabajadores y conciliado frente al ajuste macrista. Para recuperar ATE, trabajamos para que se arme un gran frente unitario.<\/p>\n<p><em><strong>\u2013\u00bfY en relaci\u00f3n a las paritarias de este a\u00f1o c\u00f3mo ven que se va a dar esa batalla?<\/strong><\/em><\/p>\n<p>\u2013Las paritarias van a ser muy duras y muy dif\u00edciles, porque estamos en un escenario de recesi\u00f3n y ca\u00edda del empleo, un escenario represivo desde el punto de vista de las sanciones a los sindicatos, a los dirigentes gremiales y a los trabajadores. Y entonces hay una gran necesidad de reconstruir el poder adquisitivo del salario de los trabajadores, pero el escenario no es el m\u00e1s favorable. Va a haber grandes luchas, pero van a ser muy duras para poder recomponer salarios. Vos ten\u00e9 en cuenta que los \u00fanicos que estuvieron cerca de empatar la inflaci\u00f3n fueron bancarios y camioneros. Otro sindicato que cerr\u00f3 un convenio salarial importante es Aceiteros, pero le cerraron la ex Nidera y despidieron a 200 trabajadores, porque a los chinos les importa un carajo refinar aceite para el mercado interno.<\/p>\n<p>En Tierra del Fuego, nosotros seguramente vamos a plantear un reagrupamiento de estatales lo m\u00e1s amplio que se pueda. Pero tenemos que la mayor\u00eda de las f\u00e1bricas no est\u00e1n volviendo a trabajar y no se han renovado contratos. Entonces eso obviamente que te genera un escenario en el campo popular muy dif\u00edcil. Y si esos sectores no vuelven a trabajar, ten\u00e9s problemas en comercio, y hay anuncio de m\u00e1s cierres en textiles. Va a ser un a\u00f1o muy dif\u00edcil, y por eso es importante empujar la lucha. Nosotros estamos muy contentos desde la Central, porque se est\u00e1 llevando adelante un campamento con aproximadamente 200 j\u00f3venes de distintos lugares del pa\u00eds, donde est\u00e1n discutiendo temas centrales, entonces ah\u00ed hay esperanza. Pero que haya esperanza no quiere decir que la situaci\u00f3n no sea dif\u00edcil.<\/p>\n<!-- AddThis Advanced Settings generic via filter on the_content --><!-- AddThis Share Buttons generic via filter on the_content -->","protected":false},"excerpt":{"rendered":"<p>A la oficina no le falta lugar pero tampoco le sobra. Mate mediante, Vamos! entrevist\u00f3 a Horacio Catena. Santafesino de nacimiento, se instal\u00f3 en Tierra del Fuego para construir una fuerza revolucionaria. All\u00ed fue delegado como obrero metal\u00fargico. Y desde hace ya varios a\u00f1os es secretario general del sindicato docente Sutef. Su rol como dirigente [&hellip;]<!-- AddThis Advanced Settings generic via filter on get_the_excerpt --><!-- AddThis Share Buttons generic via filter on get_the_excerpt --><\/p>\n","protected":false},"author":6,"featured_media":12976,"comment_status":"open","ping_status":"open","sticky":false,"template":"","format":"standard","meta":{"_jetpack_memberships_contains_paid_content":false,"footnotes":""},"categories":[1699],"tags":[632,520,132,524,1269],"class_list":{"0":"post-12975","1":"post","2":"type-post","3":"status-publish","4":"format-standard","5":"has-post-thumbnail","7":"category-noticias","8":"tag-cta-autonoma","9":"tag-destacado-2","10":"tag-horacio-catena","11":"tag-tarifazo","12":"tag-vxl-134"},"yoast_head":"<!-- This site is optimized with the Yoast SEO plugin v27.4 - https:\/\/yoast.com\/product\/yoast-seo-wordpress\/ -->\n<title>Catena: \u201cPara derrotar la pol\u00edtica de Macri es necesario mantenernos en las calles\u201d - Vamos por la Liberaci\u00f3n<\/title>\n<meta name=\"robots\" content=\"index, follow, max-snippet:-1, max-image-preview:large, max-video-preview:-1\" \/>\n<link rel=\"canonical\" href=\"http:\/\/vamosporlaliberacion.org\/crpmlm\/catena-para-derrotar-la-politica-de-macri-es-necesario-mantenernos-en-las-calles\/\" \/>\n<meta name=\"twitter:label1\" content=\"Escrito por\" \/>\n\t<meta name=\"twitter:data1\" content=\"vamos!\" \/>\n\t<meta name=\"twitter:label2\" content=\"Tiempo de lectura\" \/>\n\t<meta name=\"twitter:data2\" content=\"7 minutos\" \/>\n<script type=\"application\/ld+json\" class=\"yoast-schema-graph\">{\"@context\":\"https:\\\/\\\/schema.org\",\"@graph\":[{\"@type\":\"Article\",\"@id\":\"http:\\\/\\\/vamosporlaliberacion.org\\\/crpmlm\\\/catena-para-derrotar-la-politica-de-macri-es-necesario-mantenernos-en-las-calles\\\/#article\",\"isPartOf\":{\"@id\":\"http:\\\/\\\/vamosporlaliberacion.org\\\/crpmlm\\\/catena-para-derrotar-la-politica-de-macri-es-necesario-mantenernos-en-las-calles\\\/\"},\"author\":{\"name\":\"vamos!\",\"@id\":\"https:\\\/\\\/vamosporlaliberacion.org\\\/crpmlm\\\/#\\\/schema\\\/person\\\/d6eac7758df3770dae9cd9eb104d615c\"},\"headline\":\"Catena: \u201cPara derrotar la pol\u00edtica de Macri es necesario mantenernos en las calles\u201d\",\"datePublished\":\"2019-02-07T23:32:33+00:00\",\"mainEntityOfPage\":{\"@id\":\"http:\\\/\\\/vamosporlaliberacion.org\\\/crpmlm\\\/catena-para-derrotar-la-politica-de-macri-es-necesario-mantenernos-en-las-calles\\\/\"},\"wordCount\":1498,\"commentCount\":0,\"image\":{\"@id\":\"http:\\\/\\\/vamosporlaliberacion.org\\\/crpmlm\\\/catena-para-derrotar-la-politica-de-macri-es-necesario-mantenernos-en-las-calles\\\/#primaryimage\"},\"thumbnailUrl\":\"https:\\\/\\\/i0.wp.com\\\/vamosporlaliberacion.org\\\/crpmlm\\\/wp-content\\\/uploads\\\/2019\\\/02\\\/horacio-catena.png?fit=696%2C502&ssl=1\",\"keywords\":[\"CTA Aut\u00f3noma\",\"destacado 2\",\"Horacio Catena\",\"tarifazo\",\"vxl 134\"],\"articleSection\":[\"Noticias\"],\"inLanguage\":\"es\",\"potentialAction\":[{\"@type\":\"CommentAction\",\"name\":\"Comment\",\"target\":[\"http:\\\/\\\/vamosporlaliberacion.org\\\/crpmlm\\\/catena-para-derrotar-la-politica-de-macri-es-necesario-mantenernos-en-las-calles\\\/#respond\"]}]},{\"@type\":\"WebPage\",\"@id\":\"http:\\\/\\\/vamosporlaliberacion.org\\\/crpmlm\\\/catena-para-derrotar-la-politica-de-macri-es-necesario-mantenernos-en-las-calles\\\/\",\"url\":\"http:\\\/\\\/vamosporlaliberacion.org\\\/crpmlm\\\/catena-para-derrotar-la-politica-de-macri-es-necesario-mantenernos-en-las-calles\\\/\",\"name\":\"Catena: \u201cPara derrotar la pol\u00edtica de Macri es necesario mantenernos en las calles\u201d - Vamos por la Liberaci\u00f3n\",\"isPartOf\":{\"@id\":\"https:\\\/\\\/vamosporlaliberacion.org\\\/crpmlm\\\/#website\"},\"primaryImageOfPage\":{\"@id\":\"http:\\\/\\\/vamosporlaliberacion.org\\\/crpmlm\\\/catena-para-derrotar-la-politica-de-macri-es-necesario-mantenernos-en-las-calles\\\/#primaryimage\"},\"image\":{\"@id\":\"http:\\\/\\\/vamosporlaliberacion.org\\\/crpmlm\\\/catena-para-derrotar-la-politica-de-macri-es-necesario-mantenernos-en-las-calles\\\/#primaryimage\"},\"thumbnailUrl\":\"https:\\\/\\\/i0.wp.com\\\/vamosporlaliberacion.org\\\/crpmlm\\\/wp-content\\\/uploads\\\/2019\\\/02\\\/horacio-catena.png?fit=696%2C502&ssl=1\",\"datePublished\":\"2019-02-07T23:32:33+00:00\",\"author\":{\"@id\":\"https:\\\/\\\/vamosporlaliberacion.org\\\/crpmlm\\\/#\\\/schema\\\/person\\\/d6eac7758df3770dae9cd9eb104d615c\"},\"breadcrumb\":{\"@id\":\"http:\\\/\\\/vamosporlaliberacion.org\\\/crpmlm\\\/catena-para-derrotar-la-politica-de-macri-es-necesario-mantenernos-en-las-calles\\\/#breadcrumb\"},\"inLanguage\":\"es\",\"potentialAction\":[{\"@type\":\"ReadAction\",\"target\":[\"http:\\\/\\\/vamosporlaliberacion.org\\\/crpmlm\\\/catena-para-derrotar-la-politica-de-macri-es-necesario-mantenernos-en-las-calles\\\/\"]}]},{\"@type\":\"ImageObject\",\"inLanguage\":\"es\",\"@id\":\"http:\\\/\\\/vamosporlaliberacion.org\\\/crpmlm\\\/catena-para-derrotar-la-politica-de-macri-es-necesario-mantenernos-en-las-calles\\\/#primaryimage\",\"url\":\"https:\\\/\\\/i0.wp.com\\\/vamosporlaliberacion.org\\\/crpmlm\\\/wp-content\\\/uploads\\\/2019\\\/02\\\/horacio-catena.png?fit=696%2C502&ssl=1\",\"contentUrl\":\"https:\\\/\\\/i0.wp.com\\\/vamosporlaliberacion.org\\\/crpmlm\\\/wp-content\\\/uploads\\\/2019\\\/02\\\/horacio-catena.png?fit=696%2C502&ssl=1\",\"width\":696,\"height\":502},{\"@type\":\"BreadcrumbList\",\"@id\":\"http:\\\/\\\/vamosporlaliberacion.org\\\/crpmlm\\\/catena-para-derrotar-la-politica-de-macri-es-necesario-mantenernos-en-las-calles\\\/#breadcrumb\",\"itemListElement\":[{\"@type\":\"ListItem\",\"position\":1,\"name\":\"Portada\",\"item\":\"https:\\\/\\\/vamosporlaliberacion.org\\\/crpmlm\\\/\"},{\"@type\":\"ListItem\",\"position\":2,\"name\":\"Catena: \u201cPara derrotar la pol\u00edtica de Macri es necesario mantenernos en las calles\u201d\"}]},{\"@type\":\"WebSite\",\"@id\":\"https:\\\/\\\/vamosporlaliberacion.org\\\/crpmlm\\\/#website\",\"url\":\"https:\\\/\\\/vamosporlaliberacion.org\\\/crpmlm\\\/\",\"name\":\"Vamos por la Liberaci\u00f3n\",\"description\":\"Prensa CR\",\"potentialAction\":[{\"@type\":\"SearchAction\",\"target\":{\"@type\":\"EntryPoint\",\"urlTemplate\":\"https:\\\/\\\/vamosporlaliberacion.org\\\/crpmlm\\\/?s={search_term_string}\"},\"query-input\":{\"@type\":\"PropertyValueSpecification\",\"valueRequired\":true,\"valueName\":\"search_term_string\"}}],\"inLanguage\":\"es\"},{\"@type\":\"Person\",\"@id\":\"https:\\\/\\\/vamosporlaliberacion.org\\\/crpmlm\\\/#\\\/schema\\\/person\\\/d6eac7758df3770dae9cd9eb104d615c\",\"name\":\"vamos!\",\"url\":\"https:\\\/\\\/vamosporlaliberacion.org\\\/crpmlm\\\/author\\\/adminvxl\\\/\"}]}<\/script>\n<!-- \/ Yoast SEO plugin. -->","yoast_head_json":{"title":"Catena: \u201cPara derrotar la pol\u00edtica de Macri es necesario mantenernos en las calles\u201d - Vamos por la Liberaci\u00f3n","robots":{"index":"index","follow":"follow","max-snippet":"max-snippet:-1","max-image-preview":"max-image-preview:large","max-video-preview":"max-video-preview:-1"},"canonical":"http:\/\/vamosporlaliberacion.org\/crpmlm\/catena-para-derrotar-la-politica-de-macri-es-necesario-mantenernos-en-las-calles\/","twitter_misc":{"Escrito por":"vamos!","Tiempo de lectura":"7 minutos"},"schema":{"@context":"https:\/\/schema.org","@graph":[{"@type":"Article","@id":"http:\/\/vamosporlaliberacion.org\/crpmlm\/catena-para-derrotar-la-politica-de-macri-es-necesario-mantenernos-en-las-calles\/#article","isPartOf":{"@id":"http:\/\/vamosporlaliberacion.org\/crpmlm\/catena-para-derrotar-la-politica-de-macri-es-necesario-mantenernos-en-las-calles\/"},"author":{"name":"vamos!","@id":"https:\/\/vamosporlaliberacion.org\/crpmlm\/#\/schema\/person\/d6eac7758df3770dae9cd9eb104d615c"},"headline":"Catena: \u201cPara derrotar la pol\u00edtica de Macri es necesario mantenernos en las calles\u201d","datePublished":"2019-02-07T23:32:33+00:00","mainEntityOfPage":{"@id":"http:\/\/vamosporlaliberacion.org\/crpmlm\/catena-para-derrotar-la-politica-de-macri-es-necesario-mantenernos-en-las-calles\/"},"wordCount":1498,"commentCount":0,"image":{"@id":"http:\/\/vamosporlaliberacion.org\/crpmlm\/catena-para-derrotar-la-politica-de-macri-es-necesario-mantenernos-en-las-calles\/#primaryimage"},"thumbnailUrl":"https:\/\/i0.wp.com\/vamosporlaliberacion.org\/crpmlm\/wp-content\/uploads\/2019\/02\/horacio-catena.png?fit=696%2C502&ssl=1","keywords":["CTA Aut\u00f3noma","destacado 2","Horacio Catena","tarifazo","vxl 134"],"articleSection":["Noticias"],"inLanguage":"es","potentialAction":[{"@type":"CommentAction","name":"Comment","target":["http:\/\/vamosporlaliberacion.org\/crpmlm\/catena-para-derrotar-la-politica-de-macri-es-necesario-mantenernos-en-las-calles\/#respond"]}]},{"@type":"WebPage","@id":"http:\/\/vamosporlaliberacion.org\/crpmlm\/catena-para-derrotar-la-politica-de-macri-es-necesario-mantenernos-en-las-calles\/","url":"http:\/\/vamosporlaliberacion.org\/crpmlm\/catena-para-derrotar-la-politica-de-macri-es-necesario-mantenernos-en-las-calles\/","name":"Catena: \u201cPara derrotar la pol\u00edtica de Macri es necesario mantenernos en las calles\u201d - Vamos por la Liberaci\u00f3n","isPartOf":{"@id":"https:\/\/vamosporlaliberacion.org\/crpmlm\/#website"},"primaryImageOfPage":{"@id":"http:\/\/vamosporlaliberacion.org\/crpmlm\/catena-para-derrotar-la-politica-de-macri-es-necesario-mantenernos-en-las-calles\/#primaryimage"},"image":{"@id":"http:\/\/vamosporlaliberacion.org\/crpmlm\/catena-para-derrotar-la-politica-de-macri-es-necesario-mantenernos-en-las-calles\/#primaryimage"},"thumbnailUrl":"https:\/\/i0.wp.com\/vamosporlaliberacion.org\/crpmlm\/wp-content\/uploads\/2019\/02\/horacio-catena.png?fit=696%2C502&ssl=1","datePublished":"2019-02-07T23:32:33+00:00","author":{"@id":"https:\/\/vamosporlaliberacion.org\/crpmlm\/#\/schema\/person\/d6eac7758df3770dae9cd9eb104d615c"},"breadcrumb":{"@id":"http:\/\/vamosporlaliberacion.org\/crpmlm\/catena-para-derrotar-la-politica-de-macri-es-necesario-mantenernos-en-las-calles\/#breadcrumb"},"inLanguage":"es","potentialAction":[{"@type":"ReadAction","target":["http:\/\/vamosporlaliberacion.org\/crpmlm\/catena-para-derrotar-la-politica-de-macri-es-necesario-mantenernos-en-las-calles\/"]}]},{"@type":"ImageObject","inLanguage":"es","@id":"http:\/\/vamosporlaliberacion.org\/crpmlm\/catena-para-derrotar-la-politica-de-macri-es-necesario-mantenernos-en-las-calles\/#primaryimage","url":"https:\/\/i0.wp.com\/vamosporlaliberacion.org\/crpmlm\/wp-content\/uploads\/2019\/02\/horacio-catena.png?fit=696%2C502&ssl=1","contentUrl":"https:\/\/i0.wp.com\/vamosporlaliberacion.org\/crpmlm\/wp-content\/uploads\/2019\/02\/horacio-catena.png?fit=696%2C502&ssl=1","width":696,"height":502},{"@type":"BreadcrumbList","@id":"http:\/\/vamosporlaliberacion.org\/crpmlm\/catena-para-derrotar-la-politica-de-macri-es-necesario-mantenernos-en-las-calles\/#breadcrumb","itemListElement":[{"@type":"ListItem","position":1,"name":"Portada","item":"https:\/\/vamosporlaliberacion.org\/crpmlm\/"},{"@type":"ListItem","position":2,"name":"Catena: \u201cPara derrotar la pol\u00edtica de Macri es necesario mantenernos en las calles\u201d"}]},{"@type":"WebSite","@id":"https:\/\/vamosporlaliberacion.org\/crpmlm\/#website","url":"https:\/\/vamosporlaliberacion.org\/crpmlm\/","name":"Vamos por la Liberaci\u00f3n","description":"Prensa CR","potentialAction":[{"@type":"SearchAction","target":{"@type":"EntryPoint","urlTemplate":"https:\/\/vamosporlaliberacion.org\/crpmlm\/?s={search_term_string}"},"query-input":{"@type":"PropertyValueSpecification","valueRequired":true,"valueName":"search_term_string"}}],"inLanguage":"es"},{"@type":"Person","@id":"https:\/\/vamosporlaliberacion.org\/crpmlm\/#\/schema\/person\/d6eac7758df3770dae9cd9eb104d615c","name":"vamos!","url":"https:\/\/vamosporlaliberacion.org\/crpmlm\/author\/adminvxl\/"}]}},"jetpack_featured_media_url":"https:\/\/i0.wp.com\/vamosporlaliberacion.org\/crpmlm\/wp-content\/uploads\/2019\/02\/horacio-catena.png?fit=696%2C502&ssl=1","jetpack_sharing_enabled":true,"_links":{"self":[{"href":"https:\/\/vamosporlaliberacion.org\/crpmlm\/wp-json\/wp\/v2\/posts\/12975","targetHints":{"allow":["GET"]}}],"collection":[{"href":"https:\/\/vamosporlaliberacion.org\/crpmlm\/wp-json\/wp\/v2\/posts"}],"about":[{"href":"https:\/\/vamosporlaliberacion.org\/crpmlm\/wp-json\/wp\/v2\/types\/post"}],"author":[{"embeddable":true,"href":"https:\/\/vamosporlaliberacion.org\/crpmlm\/wp-json\/wp\/v2\/users\/6"}],"replies":[{"embeddable":true,"href":"https:\/\/vamosporlaliberacion.org\/crpmlm\/wp-json\/wp\/v2\/comments?post=12975"}],"version-history":[{"count":0,"href":"https:\/\/vamosporlaliberacion.org\/crpmlm\/wp-json\/wp\/v2\/posts\/12975\/revisions"}],"wp:featuredmedia":[{"embeddable":true,"href":"https:\/\/vamosporlaliberacion.org\/crpmlm\/wp-json\/wp\/v2\/media\/12976"}],"wp:attachment":[{"href":"https:\/\/vamosporlaliberacion.org\/crpmlm\/wp-json\/wp\/v2\/media?parent=12975"}],"wp:term":[{"taxonomy":"category","embeddable":true,"href":"https:\/\/vamosporlaliberacion.org\/crpmlm\/wp-json\/wp\/v2\/categories?post=12975"},{"taxonomy":"post_tag","embeddable":true,"href":"https:\/\/vamosporlaliberacion.org\/crpmlm\/wp-json\/wp\/v2\/tags?post=12975"}],"curies":[{"name":"wp","href":"https:\/\/api.w.org\/{rel}","templated":true}]}}