{"id":12328,"date":"2018-09-14T13:13:59","date_gmt":"2018-09-14T16:13:59","guid":{"rendered":"http:\/\/vamosporlaliberacion.org\/crpmlm\/?p=12328"},"modified":"2020-10-24T12:32:59","modified_gmt":"2020-10-24T15:32:59","slug":"tierra-del-fuego-paro-activo-del-sutef","status":"publish","type":"post","link":"https:\/\/vamosporlaliberacion.org\/crpmlm\/tierra-del-fuego-paro-activo-del-sutef\/","title":{"rendered":"Tierra del Fuego: Paro activo del SUTEF"},"content":{"rendered":"<p>El mi\u00e9rcoles 5 de septiembre, el Sindicato Unificado de los Trabajadores de la Educaci\u00f3n Fueguina (SUTEF) llev\u00f3 a cabo un paro activo de 24 horas por reclamos salariales y presupuestarios y en defensa de la escuela p\u00fablica. Es que el sector docente de la provincia gobernada por Rosana Bertone y Juan Carlos Arcando ya lleva tres a\u00f1os sin paritaria ni recomposici\u00f3n salarial, al tiempo que los edificios escolares est\u00e1n en condiciones deplorables debido a la desinversi\u00f3n y falta de mantenimiento, y todos los d\u00edas se dan de baja nuevos cargos y horas.<\/p>\n<p>El mismo d\u00eda, la CTA Aut\u00f3noma fueguina determin\u00f3 tambi\u00e9n un paro provincial, al que se pleg\u00f3 el personal de maestranza, porter\u00eda, comedores y limpieza. Durante toda la jornada, los docentes de Ushuaia y R\u00edo Grande realizaron piquetes y fogones frente a las escuelas, con banderas, batucadas, caravanas de autor, mate y ollas populares.<\/p>\n<p>En la capital fueguina se cerr\u00f3 con un acto. All\u00ed los docentes de escuelas con problemas edilicios denunciaron los graves problemas que ponen en riesgo a la comunidad educativa, como p\u00e9rdidas de gas y el mal estado de instalaciones el\u00e9ctricas, calderas, cocinas y equipos de calefacci\u00f3n, cosas esenciales en la provincia m\u00e1s austral del pa\u00eds.<\/p>\n<p>Para finalizar, el secretario general del SUTEF y la CTA de Tierra del Fuego, Horacio Catena, sostuvo que en el sector docente \u201chay compa\u00f1eros y compa\u00f1eras que hoy no tienen garantizado el alimento de todos los d\u00edas y de todas las semanas\u201d, habiendo sufrido en estos dos a\u00f1os una reducci\u00f3n del 60% del poder adquisitivo real del salario: \u201cpor ah\u00ed es por d\u00f3nde se mide mundialmente cu\u00e1nto invert\u00eds en la educaci\u00f3n; porque vos pod\u00e9s tener incluso las mejores escuelas del mundo, pero con docentes hambreados es muy dif\u00edcil tener una educaci\u00f3n de calidad\u201d. Se\u00f1al\u00f3 tambi\u00e9n que \u201cse est\u00e1n dando a mansalva bajas de cargos y horas de manera ilegal, antipedag\u00f3gica y sin ning\u00fan criterio, con tal que les cierre la tabla Excel que usan Finocchiaro y Romero como m\u00e9todo para achicar el presupuesto de educaci\u00f3n\u201d. Finalmente, plante\u00f3 que \u201cse vienen tiempos peores que los de los 90, porque este plan es mucho m\u00e1s r\u00e1pido y m\u00e1s destructivo\u201d, y que es necesario enfrentarlo con \u201cel paro nacional de 36 horas, para terminar con esta pol\u00edtica y este gobierno\u201d.<\/p>\n<!-- AddThis Advanced Settings generic via filter on the_content --><!-- AddThis Share Buttons generic via filter on the_content -->","protected":false},"excerpt":{"rendered":"<p>El mi\u00e9rcoles 5 de septiembre, el Sindicato Unificado de los Trabajadores de la Educaci\u00f3n Fueguina (SUTEF) llev\u00f3 a cabo un paro activo de 24 horas por reclamos salariales y presupuestarios y en defensa de la escuela p\u00fablica. Es que el sector docente de la provincia gobernada por Rosana Bertone y Juan Carlos Arcando ya lleva [&hellip;]<!-- AddThis Advanced Settings generic via filter on get_the_excerpt --><!-- AddThis Share Buttons generic via filter on get_the_excerpt --><\/p>\n","protected":false},"author":5,"featured_media":12329,"comment_status":"open","ping_status":"open","sticky":false,"template":"","format":"standard","meta":{"_jetpack_memberships_contains_paid_content":false,"footnotes":""},"categories":[1877],"tags":[132,242,251,1224],"class_list":{"0":"post-12328","1":"post","2":"type-post","3":"status-publish","4":"format-standard","5":"has-post-thumbnail","7":"category-gremiales","8":"tag-horacio-catena","9":"tag-sutef","10":"tag-tierra-del-fuego","11":"tag-vxl-127"},"yoast_head":"<!-- This site is optimized with the Yoast SEO plugin v27.4 - https:\/\/yoast.com\/product\/yoast-seo-wordpress\/ -->\n<title>Tierra del Fuego: Paro activo del SUTEF - Vamos por la Liberaci\u00f3n<\/title>\n<meta name=\"robots\" content=\"index, follow, max-snippet:-1, max-image-preview:large, max-video-preview:-1\" \/>\n<link rel=\"canonical\" href=\"https:\/\/vamosporlaliberacion.org\/crpmlm\/tierra-del-fuego-paro-activo-del-sutef\/\" \/>\n<meta name=\"twitter:label1\" content=\"Escrito por\" \/>\n\t<meta name=\"twitter:data1\" content=\"\" \/>\n\t<meta name=\"twitter:label2\" content=\"Tiempo de lectura\" \/>\n\t<meta name=\"twitter:data2\" content=\"2 minutos\" \/>\n<script type=\"application\/ld+json\" class=\"yoast-schema-graph\">{\"@context\":\"https:\\\/\\\/schema.org\",\"@graph\":[{\"@type\":\"Article\",\"@id\":\"https:\\\/\\\/vamosporlaliberacion.org\\\/crpmlm\\\/tierra-del-fuego-paro-activo-del-sutef\\\/#article\",\"isPartOf\":{\"@id\":\"https:\\\/\\\/vamosporlaliberacion.org\\\/crpmlm\\\/tierra-del-fuego-paro-activo-del-sutef\\\/\"},\"author\":{\"name\":\"\",\"@id\":\"\"},\"headline\":\"Tierra del Fuego: Paro activo del SUTEF\",\"datePublished\":\"2018-09-14T16:13:59+00:00\",\"dateModified\":\"2020-10-24T15:32:59+00:00\",\"mainEntityOfPage\":{\"@id\":\"https:\\\/\\\/vamosporlaliberacion.org\\\/crpmlm\\\/tierra-del-fuego-paro-activo-del-sutef\\\/\"},\"wordCount\":420,\"commentCount\":0,\"image\":{\"@id\":\"https:\\\/\\\/vamosporlaliberacion.org\\\/crpmlm\\\/tierra-del-fuego-paro-activo-del-sutef\\\/#primaryimage\"},\"thumbnailUrl\":\"https:\\\/\\\/i0.wp.com\\\/vamosporlaliberacion.org\\\/crpmlm\\\/wp-content\\\/uploads\\\/2018\\\/09\\\/IMG-20180905-WA0045-300x225.jpg?fit=300%2C225&ssl=1\",\"keywords\":[\"Horacio Catena\",\"Sutef\",\"Tierra del Fuego\",\"vxl 127\"],\"articleSection\":[\"Actualidad e historia del movimiento obrero\"],\"inLanguage\":\"es\",\"potentialAction\":[{\"@type\":\"CommentAction\",\"name\":\"Comment\",\"target\":[\"https:\\\/\\\/vamosporlaliberacion.org\\\/crpmlm\\\/tierra-del-fuego-paro-activo-del-sutef\\\/#respond\"]}]},{\"@type\":\"WebPage\",\"@id\":\"https:\\\/\\\/vamosporlaliberacion.org\\\/crpmlm\\\/tierra-del-fuego-paro-activo-del-sutef\\\/\",\"url\":\"https:\\\/\\\/vamosporlaliberacion.org\\\/crpmlm\\\/tierra-del-fuego-paro-activo-del-sutef\\\/\",\"name\":\"Tierra del Fuego: Paro activo del SUTEF - Vamos por la Liberaci\u00f3n\",\"isPartOf\":{\"@id\":\"https:\\\/\\\/vamosporlaliberacion.org\\\/crpmlm\\\/#website\"},\"primaryImageOfPage\":{\"@id\":\"https:\\\/\\\/vamosporlaliberacion.org\\\/crpmlm\\\/tierra-del-fuego-paro-activo-del-sutef\\\/#primaryimage\"},\"image\":{\"@id\":\"https:\\\/\\\/vamosporlaliberacion.org\\\/crpmlm\\\/tierra-del-fuego-paro-activo-del-sutef\\\/#primaryimage\"},\"thumbnailUrl\":\"https:\\\/\\\/i0.wp.com\\\/vamosporlaliberacion.org\\\/crpmlm\\\/wp-content\\\/uploads\\\/2018\\\/09\\\/IMG-20180905-WA0045-300x225.jpg?fit=300%2C225&ssl=1\",\"datePublished\":\"2018-09-14T16:13:59+00:00\",\"dateModified\":\"2020-10-24T15:32:59+00:00\",\"author\":{\"@id\":\"\"},\"breadcrumb\":{\"@id\":\"https:\\\/\\\/vamosporlaliberacion.org\\\/crpmlm\\\/tierra-del-fuego-paro-activo-del-sutef\\\/#breadcrumb\"},\"inLanguage\":\"es\",\"potentialAction\":[{\"@type\":\"ReadAction\",\"target\":[\"https:\\\/\\\/vamosporlaliberacion.org\\\/crpmlm\\\/tierra-del-fuego-paro-activo-del-sutef\\\/\"]}]},{\"@type\":\"ImageObject\",\"inLanguage\":\"es\",\"@id\":\"https:\\\/\\\/vamosporlaliberacion.org\\\/crpmlm\\\/tierra-del-fuego-paro-activo-del-sutef\\\/#primaryimage\",\"url\":\"https:\\\/\\\/i0.wp.com\\\/vamosporlaliberacion.org\\\/crpmlm\\\/wp-content\\\/uploads\\\/2018\\\/09\\\/IMG-20180905-WA0045-300x225.jpg?fit=300%2C225&ssl=1\",\"contentUrl\":\"https:\\\/\\\/i0.wp.com\\\/vamosporlaliberacion.org\\\/crpmlm\\\/wp-content\\\/uploads\\\/2018\\\/09\\\/IMG-20180905-WA0045-300x225.jpg?fit=300%2C225&ssl=1\",\"width\":300,\"height\":225},{\"@type\":\"BreadcrumbList\",\"@id\":\"https:\\\/\\\/vamosporlaliberacion.org\\\/crpmlm\\\/tierra-del-fuego-paro-activo-del-sutef\\\/#breadcrumb\",\"itemListElement\":[{\"@type\":\"ListItem\",\"position\":1,\"name\":\"Portada\",\"item\":\"https:\\\/\\\/vamosporlaliberacion.org\\\/crpmlm\\\/\"},{\"@type\":\"ListItem\",\"position\":2,\"name\":\"Tierra del Fuego: Paro activo del SUTEF\"}]},{\"@type\":\"WebSite\",\"@id\":\"https:\\\/\\\/vamosporlaliberacion.org\\\/crpmlm\\\/#website\",\"url\":\"https:\\\/\\\/vamosporlaliberacion.org\\\/crpmlm\\\/\",\"name\":\"Vamos por la Liberaci\u00f3n\",\"description\":\"Prensa CR\",\"potentialAction\":[{\"@type\":\"SearchAction\",\"target\":{\"@type\":\"EntryPoint\",\"urlTemplate\":\"https:\\\/\\\/vamosporlaliberacion.org\\\/crpmlm\\\/?s={search_term_string}\"},\"query-input\":{\"@type\":\"PropertyValueSpecification\",\"valueRequired\":true,\"valueName\":\"search_term_string\"}}],\"inLanguage\":\"es\"},{\"@type\":\"Person\",\"@id\":\"\",\"url\":\"https:\\\/\\\/vamosporlaliberacion.org\\\/crpmlm\\\/author\\\/\"}]}<\/script>\n<!-- \/ Yoast SEO plugin. -->","yoast_head_json":{"title":"Tierra del Fuego: Paro activo del SUTEF - Vamos por la Liberaci\u00f3n","robots":{"index":"index","follow":"follow","max-snippet":"max-snippet:-1","max-image-preview":"max-image-preview:large","max-video-preview":"max-video-preview:-1"},"canonical":"https:\/\/vamosporlaliberacion.org\/crpmlm\/tierra-del-fuego-paro-activo-del-sutef\/","twitter_misc":{"Escrito por":"","Tiempo de lectura":"2 minutos"},"schema":{"@context":"https:\/\/schema.org","@graph":[{"@type":"Article","@id":"https:\/\/vamosporlaliberacion.org\/crpmlm\/tierra-del-fuego-paro-activo-del-sutef\/#article","isPartOf":{"@id":"https:\/\/vamosporlaliberacion.org\/crpmlm\/tierra-del-fuego-paro-activo-del-sutef\/"},"author":{"name":"","@id":""},"headline":"Tierra del Fuego: Paro activo del SUTEF","datePublished":"2018-09-14T16:13:59+00:00","dateModified":"2020-10-24T15:32:59+00:00","mainEntityOfPage":{"@id":"https:\/\/vamosporlaliberacion.org\/crpmlm\/tierra-del-fuego-paro-activo-del-sutef\/"},"wordCount":420,"commentCount":0,"image":{"@id":"https:\/\/vamosporlaliberacion.org\/crpmlm\/tierra-del-fuego-paro-activo-del-sutef\/#primaryimage"},"thumbnailUrl":"https:\/\/i0.wp.com\/vamosporlaliberacion.org\/crpmlm\/wp-content\/uploads\/2018\/09\/IMG-20180905-WA0045-300x225.jpg?fit=300%2C225&ssl=1","keywords":["Horacio Catena","Sutef","Tierra del Fuego","vxl 127"],"articleSection":["Actualidad e historia del movimiento obrero"],"inLanguage":"es","potentialAction":[{"@type":"CommentAction","name":"Comment","target":["https:\/\/vamosporlaliberacion.org\/crpmlm\/tierra-del-fuego-paro-activo-del-sutef\/#respond"]}]},{"@type":"WebPage","@id":"https:\/\/vamosporlaliberacion.org\/crpmlm\/tierra-del-fuego-paro-activo-del-sutef\/","url":"https:\/\/vamosporlaliberacion.org\/crpmlm\/tierra-del-fuego-paro-activo-del-sutef\/","name":"Tierra del Fuego: Paro activo del SUTEF - Vamos por la Liberaci\u00f3n","isPartOf":{"@id":"https:\/\/vamosporlaliberacion.org\/crpmlm\/#website"},"primaryImageOfPage":{"@id":"https:\/\/vamosporlaliberacion.org\/crpmlm\/tierra-del-fuego-paro-activo-del-sutef\/#primaryimage"},"image":{"@id":"https:\/\/vamosporlaliberacion.org\/crpmlm\/tierra-del-fuego-paro-activo-del-sutef\/#primaryimage"},"thumbnailUrl":"https:\/\/i0.wp.com\/vamosporlaliberacion.org\/crpmlm\/wp-content\/uploads\/2018\/09\/IMG-20180905-WA0045-300x225.jpg?fit=300%2C225&ssl=1","datePublished":"2018-09-14T16:13:59+00:00","dateModified":"2020-10-24T15:32:59+00:00","author":{"@id":""},"breadcrumb":{"@id":"https:\/\/vamosporlaliberacion.org\/crpmlm\/tierra-del-fuego-paro-activo-del-sutef\/#breadcrumb"},"inLanguage":"es","potentialAction":[{"@type":"ReadAction","target":["https:\/\/vamosporlaliberacion.org\/crpmlm\/tierra-del-fuego-paro-activo-del-sutef\/"]}]},{"@type":"ImageObject","inLanguage":"es","@id":"https:\/\/vamosporlaliberacion.org\/crpmlm\/tierra-del-fuego-paro-activo-del-sutef\/#primaryimage","url":"https:\/\/i0.wp.com\/vamosporlaliberacion.org\/crpmlm\/wp-content\/uploads\/2018\/09\/IMG-20180905-WA0045-300x225.jpg?fit=300%2C225&ssl=1","contentUrl":"https:\/\/i0.wp.com\/vamosporlaliberacion.org\/crpmlm\/wp-content\/uploads\/2018\/09\/IMG-20180905-WA0045-300x225.jpg?fit=300%2C225&ssl=1","width":300,"height":225},{"@type":"BreadcrumbList","@id":"https:\/\/vamosporlaliberacion.org\/crpmlm\/tierra-del-fuego-paro-activo-del-sutef\/#breadcrumb","itemListElement":[{"@type":"ListItem","position":1,"name":"Portada","item":"https:\/\/vamosporlaliberacion.org\/crpmlm\/"},{"@type":"ListItem","position":2,"name":"Tierra del Fuego: Paro activo del SUTEF"}]},{"@type":"WebSite","@id":"https:\/\/vamosporlaliberacion.org\/crpmlm\/#website","url":"https:\/\/vamosporlaliberacion.org\/crpmlm\/","name":"Vamos por la Liberaci\u00f3n","description":"Prensa CR","potentialAction":[{"@type":"SearchAction","target":{"@type":"EntryPoint","urlTemplate":"https:\/\/vamosporlaliberacion.org\/crpmlm\/?s={search_term_string}"},"query-input":{"@type":"PropertyValueSpecification","valueRequired":true,"valueName":"search_term_string"}}],"inLanguage":"es"},{"@type":"Person","@id":"","url":"https:\/\/vamosporlaliberacion.org\/crpmlm\/author\/"}]}},"jetpack_featured_media_url":"https:\/\/i0.wp.com\/vamosporlaliberacion.org\/crpmlm\/wp-content\/uploads\/2018\/09\/IMG-20180905-WA0045-300x225.jpg?fit=300%2C225&ssl=1","jetpack_sharing_enabled":true,"_links":{"self":[{"href":"https:\/\/vamosporlaliberacion.org\/crpmlm\/wp-json\/wp\/v2\/posts\/12328","targetHints":{"allow":["GET"]}}],"collection":[{"href":"https:\/\/vamosporlaliberacion.org\/crpmlm\/wp-json\/wp\/v2\/posts"}],"about":[{"href":"https:\/\/vamosporlaliberacion.org\/crpmlm\/wp-json\/wp\/v2\/types\/post"}],"author":[{"embeddable":true,"href":"https:\/\/vamosporlaliberacion.org\/crpmlm\/wp-json\/wp\/v2\/users\/5"}],"replies":[{"embeddable":true,"href":"https:\/\/vamosporlaliberacion.org\/crpmlm\/wp-json\/wp\/v2\/comments?post=12328"}],"version-history":[{"count":1,"href":"https:\/\/vamosporlaliberacion.org\/crpmlm\/wp-json\/wp\/v2\/posts\/12328\/revisions"}],"predecessor-version":[{"id":20382,"href":"https:\/\/vamosporlaliberacion.org\/crpmlm\/wp-json\/wp\/v2\/posts\/12328\/revisions\/20382"}],"wp:featuredmedia":[{"embeddable":true,"href":"https:\/\/vamosporlaliberacion.org\/crpmlm\/wp-json\/wp\/v2\/media\/12329"}],"wp:attachment":[{"href":"https:\/\/vamosporlaliberacion.org\/crpmlm\/wp-json\/wp\/v2\/media?parent=12328"}],"wp:term":[{"taxonomy":"category","embeddable":true,"href":"https:\/\/vamosporlaliberacion.org\/crpmlm\/wp-json\/wp\/v2\/categories?post=12328"},{"taxonomy":"post_tag","embeddable":true,"href":"https:\/\/vamosporlaliberacion.org\/crpmlm\/wp-json\/wp\/v2\/tags?post=12328"}],"curies":[{"name":"wp","href":"https:\/\/api.w.org\/{rel}","templated":true}]}}