{"id":12259,"date":"2018-09-01T09:57:04","date_gmt":"2018-09-01T12:57:04","guid":{"rendered":"http:\/\/vamosporlaliberacion.org\/crpmlm\/?p=12259"},"modified":"2019-03-06T14:39:39","modified_gmt":"2019-03-06T17:39:39","slug":"hay-2019-en-ferro-un-llamamiento-a-un-frente-nacional-y-patriotico","status":"publish","type":"post","link":"https:\/\/vamosporlaliberacion.org\/crpmlm\/hay-2019-en-ferro-un-llamamiento-a-un-frente-nacional-y-patriotico\/","title":{"rendered":"Hay 2019 en Ferro: Un llamamiento a un frente nacional y patri\u00f3tico"},"content":{"rendered":"<p>Con un discurso de una media hora, el gobernador puntano Alberto Rodr\u00edguez Sa\u00e1 cerr\u00f3 el encuentro en el microestadio de Ferro realizado por la tarde del s\u00e1bado 24 de agosto. Llam\u00f3 a constituir un frente patri\u00f3tico para derrotar a Macri en 2019 sostenido por el PJ, con todos los sectores adentro, a la vez que insisti\u00f3 con seguir la lucha en la calle. Se dio as\u00ed continuidad al espacio nacional conformado en febrero en La Pedrera, San Luis. Una delegaci\u00f3n del Comunismo Revolucionario estuvo presente ante esta convocatoria abierta que se viene haciendo.<\/p>\n<p>Durante la jornada, se realizaron tres comisiones. El rechazo al acuerdo con el FMI y a la grave deuda contra\u00edda atravesaron a todas las comisiones y el encuentro en general. En la comisi\u00f3n de Soberan\u00eda Pol\u00edtica, el abogado constitucionalista Eduardo Barcesat argument\u00f3 la ilegalidad e inconstitucionalidad de este endeudamiento.<\/p>\n<p>En esta comisi\u00f3n, las exposiciones debatieron sobre el contexto latinoamericano, se\u00f1alando la detenci\u00f3n del ex presidente Lula Da Silva y las causas contra CFK como producto de una pol\u00edtica regional alimentada por EEUU. Se habl\u00f3 tambi\u00e9n sobre el nuevo escenario mundial marcado por la guerra comercial entre EEUU y China. Se denunci\u00f3 el acuerdo para instalar las bases militares de EEUU en nuestro pa\u00eds. Hubo quienes depositaron expectativas en una alianza con China y Rusia frente a EEUU; y quienes, en cambio, buscaron justamente no alinearse con ning\u00fan imperio o imperialismo. Otro punto destacado fue el Presupuesto 2019, que constituye una batalla fundamental contra el ahogo a provincias y municipios. En este \u00e1mbito, dio un saludo Guillermo Rocha del CR.<\/p>\n<p>En la comisi\u00f3n de Independencia Econ\u00f3mica se describi\u00f3 el exorbitante crecimiento del endeudamiento, no s\u00f3lo como un mecanismo de saqueo al pueblo y la Naci\u00f3n sino tambi\u00e9n como un instrumento de condicionar pol\u00edticas soberanas de Estado. El economista Agust\u00edn D\u2019Attellis puntualiz\u00f3 lo grave del desmantelamiento regulatoria en las finanzas, lo que permiti\u00f3 por ejemplo que los exorbitantes intereses en Lebac\u2019s \u2013que alcanzaron unos 23 mil millones de d\u00f3lares en dos a\u00f1os\u2013 se fuguen sin inconvenientes. Estim\u00f3 que la fuga total equivale aproximadamente al pr\u00e9stamo stand-by acordado con el FMI: unos 50 mil millones de d\u00f3lares. A su turno, Silvina Bataquis insisti\u00f3 con la propuesta de recuperar y re-estatizar los servicios p\u00fablicos; y propuso adem\u00e1s constituir una Junta Nacional de Alimentos, actualizando \u2013seg\u00fan explic\u00f3\u2013 lo que fue en su momento la Junta Nacional de Granos.<\/p>\n<p>En la comisi\u00f3n de Justicia Social, Milc\u00edades Pe\u00f1a y el ex ministro Alberto Sileoni propusieron una reforma constitucional referenci\u00e1ndose en la Constituci\u00f3n del \u201849. Por su parte, Luis D\u2019El\u00eda insisti\u00f3 con que \u201cesta pesadilla se termina con millones en las calles\u201d y tambi\u00e9n llam\u00f3 a la unidad del peronismo, incluso con Pichetto.<\/p>\n<h3>El plenario central<\/h3>\n<p>El acto central abri\u00f3 con un saludo los trabajadores de T\u00e9lam. Luego siguieron las palabras de una legisladora chaque\u00f1a, y los dirigentes del kirchnerismo Hugo Yasky \u2013diputado y titular de la CTA-T\u2013, el ex ministro Axel Kicillof, el intendente de Ensenada Mario Secco y Diana Conti y el \u201ccuervo\u201d Larroque, entre otros. Luego cerr\u00f3 Rodr\u00edguez Sa\u00e1. Hugo Moyano, que ven\u00eda participando desde el primer encuentro en San Luis, esta vez no estuvo.<\/p>\n<p>Yasky insisti\u00f3 con que \u201cno nos podemos permitir la divisi\u00f3n\u201d, y remarc\u00f3 que \u201chay que llegar al 2019 en pie de lucha\u201d. El intendente Secco, record\u00f3 la represi\u00f3n contra los 3.000 trabajadores del Astillero R\u00edo Santiago. Todos los oradores kirchneristas propusieron la unidad para derrotar a Macri, tambi\u00e9n propusieron volver al kirchnerismo como programa de gobierno, sin ninguna autocr\u00edtica.<\/p>\n<p>El gobernador puntano destaco que \u201cno venimos a hablar de candidaturas\u201d sino de unidad para \u201cganar las elecciones de 2019\u201d. Con este objetivo resalt\u00f3 la necesaria unidad del peronismo y convoc\u00f3 a conformar un frente nacional y patri\u00f3tico. Propuso que el PJ sirva para esta construcci\u00f3n. \u201cEl l\u00edmite es Macri\u201d, volvi\u00f3 a insistir como parte de su arenga de unidad y llamado a elecciones internas, con sistema proporcional sin piso.<\/p>\n<p>Se\u00f1al\u00f3 que el acuerdo de Macri con el FMI ejemplifica el fracaso de este gobierno. Denunci\u00f3 que el macrismo \u201cen un breve per\u00edodo de dos a\u00f1os ha incrementado la deuda externa argentina en 150 mil millones de d\u00f3lares\u201d. Calific\u00f3 a la deuda tomada con el FMI como \u201codiosa\u201d porque no pidi\u00f3 permiso al Congreso. Esa deuda tiene que pagar \u201cel que la contrajo\u201d, afirm\u00f3. \u201cNo los pueblos, no la Argentina\u201d, concluy\u00f3.<\/p>\n<p>Describiendo la pol\u00edtica de divisi\u00f3n que siembra el gobierno, se refiri\u00f3 particularmente al problema de las \u201cmujeres pobres que mueren por un aborto que se tiene que hacer en la clandestinidad\u201d. Denunci\u00f3 la perversidad de Macri que abri\u00f3 el tema, dividi\u00f3 \u201centre verdes y celestes\u201d pero \u201cno hubo ninguna soluci\u00f3n al problema\u201d. Cerr\u00f3 reivindicando sus referentes peronistas, y tambi\u00e9n a los 30 mil desaparecidos, los programas obreros \u2013desde Huerta Grande y La Falda hasta la CGT de los Argentinos\u2013 y la unidad para derrotar a Macri en 2019.<\/p>\n<h3>Conclusi\u00f3n<\/h3>\n<p>El encuentro muestra uno de los reagrupamientos que se propone derrotar a Macri desde la unidad del peronismo. Este \u201cHay 2019\u201d en particular se propone el armado de un frente nacional patri\u00f3tico con hegemon\u00eda peronista.<\/p>\n<p>Participamos del encuentro porque es parte de nuestra pol\u00edtica de reagrupamiento para enfrentar al macrismo y el FMI, y justamente por haber participado nos posibilita conocer m\u00e1s y tener elementos para se\u00f1alar los acuerdos y las diferencias con algunos sectores y dirigentes, en particular del kirchnerismo, en cuanto al balance y la perspectiva de futuro.<\/p>\n<p>Por estas razones, salimos m\u00e1s convencidos que antes de lo que sostuvimos en su momento cuando fuimos al primer encuentro en La Pedrera, San Luis, que trabajamos para hacer posible una confluencia en un frente que derrote la reelecci\u00f3n de Macri y Cambiemos, y que para ello, necesitamos fortalecer un agrupamiento popular y antiimperialista que nos brinde independencia pol\u00edtica. Es en este sentido nos propusimos crear el Nuevo Movimiento Popular para la Liberaci\u00f3n.<\/p>\n<!-- AddThis Advanced Settings generic via filter on the_content --><!-- AddThis Share Buttons generic via filter on the_content -->","protected":false},"excerpt":{"rendered":"<p>Con un discurso de una media hora, el gobernador puntano Alberto Rodr\u00edguez Sa\u00e1 cerr\u00f3 el encuentro en el microestadio de Ferro realizado por la tarde del s\u00e1bado 24 de agosto. Llam\u00f3 a constituir un frente patri\u00f3tico para derrotar a Macri en 2019 sostenido por el PJ, con todos los sectores adentro, a la vez que [&hellip;]<!-- AddThis Advanced Settings generic via filter on get_the_excerpt --><!-- AddThis Share Buttons generic via filter on get_the_excerpt --><\/p>\n","protected":false},"author":5,"featured_media":12182,"comment_status":"open","ping_status":"open","sticky":false,"template":"","format":"standard","meta":{"_jetpack_memberships_contains_paid_content":false,"footnotes":""},"categories":[1699],"tags":[1194,1160,1217],"class_list":{"0":"post-12259","1":"post","2":"type-post","3":"status-publish","4":"format-standard","5":"has-post-thumbnail","7":"category-noticias","8":"tag-elecciones-2019","9":"tag-hay-2019","10":"tag-vxl-126"},"yoast_head":"<!-- This site is optimized with the Yoast SEO plugin v27.4 - https:\/\/yoast.com\/product\/yoast-seo-wordpress\/ -->\n<title>Hay 2019 en Ferro: Un llamamiento a un frente nacional y patri\u00f3tico - Vamos por la Liberaci\u00f3n<\/title>\n<meta name=\"robots\" content=\"index, follow, max-snippet:-1, max-image-preview:large, max-video-preview:-1\" \/>\n<link rel=\"canonical\" href=\"https:\/\/vamosporlaliberacion.org\/crpmlm\/hay-2019-en-ferro-un-llamamiento-a-un-frente-nacional-y-patriotico\/\" \/>\n<meta name=\"twitter:label1\" content=\"Escrito por\" \/>\n\t<meta name=\"twitter:data1\" content=\"\" \/>\n\t<meta name=\"twitter:label2\" content=\"Tiempo de lectura\" \/>\n\t<meta name=\"twitter:data2\" content=\"5 minutos\" \/>\n<script type=\"application\/ld+json\" class=\"yoast-schema-graph\">{\"@context\":\"https:\\\/\\\/schema.org\",\"@graph\":[{\"@type\":\"Article\",\"@id\":\"https:\\\/\\\/vamosporlaliberacion.org\\\/crpmlm\\\/hay-2019-en-ferro-un-llamamiento-a-un-frente-nacional-y-patriotico\\\/#article\",\"isPartOf\":{\"@id\":\"https:\\\/\\\/vamosporlaliberacion.org\\\/crpmlm\\\/hay-2019-en-ferro-un-llamamiento-a-un-frente-nacional-y-patriotico\\\/\"},\"author\":{\"name\":\"\",\"@id\":\"\"},\"headline\":\"Hay 2019 en Ferro: Un llamamiento a un frente nacional y patri\u00f3tico\",\"datePublished\":\"2018-09-01T12:57:04+00:00\",\"dateModified\":\"2019-03-06T17:39:39+00:00\",\"mainEntityOfPage\":{\"@id\":\"https:\\\/\\\/vamosporlaliberacion.org\\\/crpmlm\\\/hay-2019-en-ferro-un-llamamiento-a-un-frente-nacional-y-patriotico\\\/\"},\"wordCount\":1043,\"commentCount\":0,\"image\":{\"@id\":\"https:\\\/\\\/vamosporlaliberacion.org\\\/crpmlm\\\/hay-2019-en-ferro-un-llamamiento-a-un-frente-nacional-y-patriotico\\\/#primaryimage\"},\"thumbnailUrl\":\"https:\\\/\\\/i0.wp.com\\\/vamosporlaliberacion.org\\\/crpmlm\\\/wp-content\\\/uploads\\\/2018\\\/08\\\/DSC01621-800x600.jpg?fit=800%2C600&ssl=1\",\"keywords\":[\"elecciones 2019\",\"Hay 2019\",\"vxl 126\"],\"articleSection\":[\"Noticias\"],\"inLanguage\":\"es\",\"potentialAction\":[{\"@type\":\"CommentAction\",\"name\":\"Comment\",\"target\":[\"https:\\\/\\\/vamosporlaliberacion.org\\\/crpmlm\\\/hay-2019-en-ferro-un-llamamiento-a-un-frente-nacional-y-patriotico\\\/#respond\"]}]},{\"@type\":\"WebPage\",\"@id\":\"https:\\\/\\\/vamosporlaliberacion.org\\\/crpmlm\\\/hay-2019-en-ferro-un-llamamiento-a-un-frente-nacional-y-patriotico\\\/\",\"url\":\"https:\\\/\\\/vamosporlaliberacion.org\\\/crpmlm\\\/hay-2019-en-ferro-un-llamamiento-a-un-frente-nacional-y-patriotico\\\/\",\"name\":\"Hay 2019 en Ferro: Un llamamiento a un frente nacional y patri\u00f3tico - Vamos por la Liberaci\u00f3n\",\"isPartOf\":{\"@id\":\"https:\\\/\\\/vamosporlaliberacion.org\\\/crpmlm\\\/#website\"},\"primaryImageOfPage\":{\"@id\":\"https:\\\/\\\/vamosporlaliberacion.org\\\/crpmlm\\\/hay-2019-en-ferro-un-llamamiento-a-un-frente-nacional-y-patriotico\\\/#primaryimage\"},\"image\":{\"@id\":\"https:\\\/\\\/vamosporlaliberacion.org\\\/crpmlm\\\/hay-2019-en-ferro-un-llamamiento-a-un-frente-nacional-y-patriotico\\\/#primaryimage\"},\"thumbnailUrl\":\"https:\\\/\\\/i0.wp.com\\\/vamosporlaliberacion.org\\\/crpmlm\\\/wp-content\\\/uploads\\\/2018\\\/08\\\/DSC01621-800x600.jpg?fit=800%2C600&ssl=1\",\"datePublished\":\"2018-09-01T12:57:04+00:00\",\"dateModified\":\"2019-03-06T17:39:39+00:00\",\"author\":{\"@id\":\"\"},\"breadcrumb\":{\"@id\":\"https:\\\/\\\/vamosporlaliberacion.org\\\/crpmlm\\\/hay-2019-en-ferro-un-llamamiento-a-un-frente-nacional-y-patriotico\\\/#breadcrumb\"},\"inLanguage\":\"es\",\"potentialAction\":[{\"@type\":\"ReadAction\",\"target\":[\"https:\\\/\\\/vamosporlaliberacion.org\\\/crpmlm\\\/hay-2019-en-ferro-un-llamamiento-a-un-frente-nacional-y-patriotico\\\/\"]}]},{\"@type\":\"ImageObject\",\"inLanguage\":\"es\",\"@id\":\"https:\\\/\\\/vamosporlaliberacion.org\\\/crpmlm\\\/hay-2019-en-ferro-un-llamamiento-a-un-frente-nacional-y-patriotico\\\/#primaryimage\",\"url\":\"https:\\\/\\\/i0.wp.com\\\/vamosporlaliberacion.org\\\/crpmlm\\\/wp-content\\\/uploads\\\/2018\\\/08\\\/DSC01621-800x600.jpg?fit=800%2C600&ssl=1\",\"contentUrl\":\"https:\\\/\\\/i0.wp.com\\\/vamosporlaliberacion.org\\\/crpmlm\\\/wp-content\\\/uploads\\\/2018\\\/08\\\/DSC01621-800x600.jpg?fit=800%2C600&ssl=1\",\"width\":800,\"height\":600},{\"@type\":\"BreadcrumbList\",\"@id\":\"https:\\\/\\\/vamosporlaliberacion.org\\\/crpmlm\\\/hay-2019-en-ferro-un-llamamiento-a-un-frente-nacional-y-patriotico\\\/#breadcrumb\",\"itemListElement\":[{\"@type\":\"ListItem\",\"position\":1,\"name\":\"Portada\",\"item\":\"https:\\\/\\\/vamosporlaliberacion.org\\\/crpmlm\\\/\"},{\"@type\":\"ListItem\",\"position\":2,\"name\":\"Hay 2019 en Ferro: Un llamamiento a un frente nacional y patri\u00f3tico\"}]},{\"@type\":\"WebSite\",\"@id\":\"https:\\\/\\\/vamosporlaliberacion.org\\\/crpmlm\\\/#website\",\"url\":\"https:\\\/\\\/vamosporlaliberacion.org\\\/crpmlm\\\/\",\"name\":\"Vamos por la Liberaci\u00f3n\",\"description\":\"Prensa CR\",\"potentialAction\":[{\"@type\":\"SearchAction\",\"target\":{\"@type\":\"EntryPoint\",\"urlTemplate\":\"https:\\\/\\\/vamosporlaliberacion.org\\\/crpmlm\\\/?s={search_term_string}\"},\"query-input\":{\"@type\":\"PropertyValueSpecification\",\"valueRequired\":true,\"valueName\":\"search_term_string\"}}],\"inLanguage\":\"es\"},{\"@type\":\"Person\",\"@id\":\"\",\"url\":\"https:\\\/\\\/vamosporlaliberacion.org\\\/crpmlm\\\/author\\\/\"}]}<\/script>\n<!-- \/ Yoast SEO plugin. -->","yoast_head_json":{"title":"Hay 2019 en Ferro: Un llamamiento a un frente nacional y patri\u00f3tico - Vamos por la Liberaci\u00f3n","robots":{"index":"index","follow":"follow","max-snippet":"max-snippet:-1","max-image-preview":"max-image-preview:large","max-video-preview":"max-video-preview:-1"},"canonical":"https:\/\/vamosporlaliberacion.org\/crpmlm\/hay-2019-en-ferro-un-llamamiento-a-un-frente-nacional-y-patriotico\/","twitter_misc":{"Escrito por":"","Tiempo de lectura":"5 minutos"},"schema":{"@context":"https:\/\/schema.org","@graph":[{"@type":"Article","@id":"https:\/\/vamosporlaliberacion.org\/crpmlm\/hay-2019-en-ferro-un-llamamiento-a-un-frente-nacional-y-patriotico\/#article","isPartOf":{"@id":"https:\/\/vamosporlaliberacion.org\/crpmlm\/hay-2019-en-ferro-un-llamamiento-a-un-frente-nacional-y-patriotico\/"},"author":{"name":"","@id":""},"headline":"Hay 2019 en Ferro: Un llamamiento a un frente nacional y patri\u00f3tico","datePublished":"2018-09-01T12:57:04+00:00","dateModified":"2019-03-06T17:39:39+00:00","mainEntityOfPage":{"@id":"https:\/\/vamosporlaliberacion.org\/crpmlm\/hay-2019-en-ferro-un-llamamiento-a-un-frente-nacional-y-patriotico\/"},"wordCount":1043,"commentCount":0,"image":{"@id":"https:\/\/vamosporlaliberacion.org\/crpmlm\/hay-2019-en-ferro-un-llamamiento-a-un-frente-nacional-y-patriotico\/#primaryimage"},"thumbnailUrl":"https:\/\/i0.wp.com\/vamosporlaliberacion.org\/crpmlm\/wp-content\/uploads\/2018\/08\/DSC01621-800x600.jpg?fit=800%2C600&ssl=1","keywords":["elecciones 2019","Hay 2019","vxl 126"],"articleSection":["Noticias"],"inLanguage":"es","potentialAction":[{"@type":"CommentAction","name":"Comment","target":["https:\/\/vamosporlaliberacion.org\/crpmlm\/hay-2019-en-ferro-un-llamamiento-a-un-frente-nacional-y-patriotico\/#respond"]}]},{"@type":"WebPage","@id":"https:\/\/vamosporlaliberacion.org\/crpmlm\/hay-2019-en-ferro-un-llamamiento-a-un-frente-nacional-y-patriotico\/","url":"https:\/\/vamosporlaliberacion.org\/crpmlm\/hay-2019-en-ferro-un-llamamiento-a-un-frente-nacional-y-patriotico\/","name":"Hay 2019 en Ferro: Un llamamiento a un frente nacional y patri\u00f3tico - Vamos por la Liberaci\u00f3n","isPartOf":{"@id":"https:\/\/vamosporlaliberacion.org\/crpmlm\/#website"},"primaryImageOfPage":{"@id":"https:\/\/vamosporlaliberacion.org\/crpmlm\/hay-2019-en-ferro-un-llamamiento-a-un-frente-nacional-y-patriotico\/#primaryimage"},"image":{"@id":"https:\/\/vamosporlaliberacion.org\/crpmlm\/hay-2019-en-ferro-un-llamamiento-a-un-frente-nacional-y-patriotico\/#primaryimage"},"thumbnailUrl":"https:\/\/i0.wp.com\/vamosporlaliberacion.org\/crpmlm\/wp-content\/uploads\/2018\/08\/DSC01621-800x600.jpg?fit=800%2C600&ssl=1","datePublished":"2018-09-01T12:57:04+00:00","dateModified":"2019-03-06T17:39:39+00:00","author":{"@id":""},"breadcrumb":{"@id":"https:\/\/vamosporlaliberacion.org\/crpmlm\/hay-2019-en-ferro-un-llamamiento-a-un-frente-nacional-y-patriotico\/#breadcrumb"},"inLanguage":"es","potentialAction":[{"@type":"ReadAction","target":["https:\/\/vamosporlaliberacion.org\/crpmlm\/hay-2019-en-ferro-un-llamamiento-a-un-frente-nacional-y-patriotico\/"]}]},{"@type":"ImageObject","inLanguage":"es","@id":"https:\/\/vamosporlaliberacion.org\/crpmlm\/hay-2019-en-ferro-un-llamamiento-a-un-frente-nacional-y-patriotico\/#primaryimage","url":"https:\/\/i0.wp.com\/vamosporlaliberacion.org\/crpmlm\/wp-content\/uploads\/2018\/08\/DSC01621-800x600.jpg?fit=800%2C600&ssl=1","contentUrl":"https:\/\/i0.wp.com\/vamosporlaliberacion.org\/crpmlm\/wp-content\/uploads\/2018\/08\/DSC01621-800x600.jpg?fit=800%2C600&ssl=1","width":800,"height":600},{"@type":"BreadcrumbList","@id":"https:\/\/vamosporlaliberacion.org\/crpmlm\/hay-2019-en-ferro-un-llamamiento-a-un-frente-nacional-y-patriotico\/#breadcrumb","itemListElement":[{"@type":"ListItem","position":1,"name":"Portada","item":"https:\/\/vamosporlaliberacion.org\/crpmlm\/"},{"@type":"ListItem","position":2,"name":"Hay 2019 en Ferro: Un llamamiento a un frente nacional y patri\u00f3tico"}]},{"@type":"WebSite","@id":"https:\/\/vamosporlaliberacion.org\/crpmlm\/#website","url":"https:\/\/vamosporlaliberacion.org\/crpmlm\/","name":"Vamos por la Liberaci\u00f3n","description":"Prensa CR","potentialAction":[{"@type":"SearchAction","target":{"@type":"EntryPoint","urlTemplate":"https:\/\/vamosporlaliberacion.org\/crpmlm\/?s={search_term_string}"},"query-input":{"@type":"PropertyValueSpecification","valueRequired":true,"valueName":"search_term_string"}}],"inLanguage":"es"},{"@type":"Person","@id":"","url":"https:\/\/vamosporlaliberacion.org\/crpmlm\/author\/"}]}},"jetpack_featured_media_url":"https:\/\/i0.wp.com\/vamosporlaliberacion.org\/crpmlm\/wp-content\/uploads\/2018\/08\/DSC01621-800x600.jpg?fit=800%2C600&ssl=1","jetpack_sharing_enabled":true,"_links":{"self":[{"href":"https:\/\/vamosporlaliberacion.org\/crpmlm\/wp-json\/wp\/v2\/posts\/12259","targetHints":{"allow":["GET"]}}],"collection":[{"href":"https:\/\/vamosporlaliberacion.org\/crpmlm\/wp-json\/wp\/v2\/posts"}],"about":[{"href":"https:\/\/vamosporlaliberacion.org\/crpmlm\/wp-json\/wp\/v2\/types\/post"}],"author":[{"embeddable":true,"href":"https:\/\/vamosporlaliberacion.org\/crpmlm\/wp-json\/wp\/v2\/users\/5"}],"replies":[{"embeddable":true,"href":"https:\/\/vamosporlaliberacion.org\/crpmlm\/wp-json\/wp\/v2\/comments?post=12259"}],"version-history":[{"count":0,"href":"https:\/\/vamosporlaliberacion.org\/crpmlm\/wp-json\/wp\/v2\/posts\/12259\/revisions"}],"wp:featuredmedia":[{"embeddable":true,"href":"https:\/\/vamosporlaliberacion.org\/crpmlm\/wp-json\/wp\/v2\/media\/12182"}],"wp:attachment":[{"href":"https:\/\/vamosporlaliberacion.org\/crpmlm\/wp-json\/wp\/v2\/media?parent=12259"}],"wp:term":[{"taxonomy":"category","embeddable":true,"href":"https:\/\/vamosporlaliberacion.org\/crpmlm\/wp-json\/wp\/v2\/categories?post=12259"},{"taxonomy":"post_tag","embeddable":true,"href":"https:\/\/vamosporlaliberacion.org\/crpmlm\/wp-json\/wp\/v2\/tags?post=12259"}],"curies":[{"name":"wp","href":"https:\/\/api.w.org\/{rel}","templated":true}]}}