{"id":12254,"date":"2018-09-01T09:41:40","date_gmt":"2018-09-01T12:41:40","guid":{"rendered":"http:\/\/vamosporlaliberacion.org\/crpmlm\/?p=12254"},"modified":"2020-10-28T12:48:16","modified_gmt":"2020-10-28T15:48:16","slug":"los-trabajadores-del-ars-no-se-rinden","status":"publish","type":"post","link":"https:\/\/vamosporlaliberacion.org\/crpmlm\/los-trabajadores-del-ars-no-se-rinden\/","title":{"rendered":"Los trabajadores del ARS no se rinden!"},"content":{"rendered":"<p>El descomunal despliegue represivo contra los trabajadores del Astillero R\u00edo Santiago desatado en puertas de la gobernaci\u00f3n el pasado martes 21 no logr\u00f3 quebrar la lucha. Al d\u00eda siguiente decenas de miles de trabajadores y estudiantes volvieron a llenar las calles y se dio inicio a un acampe. Tras la propuesta del presidente Macri de \u201cdinamitar\u201d el ARS, acompa\u00f1ado por el (des)informe del \u201cperiodista\u201d Jorge Lanata mostrando im\u00e1genes de un d\u00eda feriado para desacreditarlo, la detonaci\u00f3n del conflicto abierto s\u00f3lo era cuesti\u00f3n de tiempo.<\/p>\n<p>El gobierno de Vidal finalmente recibi\u00f3 a los trabajadores, pero no habr\u00e1 soluci\u00f3n mientras su objetivo sea vaciarlo y privatizarlo como denuncian desde ATE-ARS. \u201cMantenemos la postura, no hay un plan espec\u00edfico para el Astillero, excepto ordenarlo\u201d, afirman desde el gobierno (El D\u00eda, 26\/8). Sin propuesta concreta de producci\u00f3n, el \u201corden\u201d s\u00f3lo puede ser achique.<\/p>\n<p>En el ARS trabajan 3251 operarios. Actualmente el gobierno mantiene frenada la construcci\u00f3n de dos lanchas para la Armada Argentina y dos buques para Venezuela. \u201cEst\u00e1n todos los contratos paralizados por una decisi\u00f3n pol\u00edtica. Tambi\u00e9n se frenaron los contratos para hacer reparaciones peque\u00f1as\u201d, afirman desde el gremio.<\/p>\n<p>Uno de estos buques, el Eva Per\u00f3n, est\u00e1 completo en un 97%. Para completarlo har\u00edan falta apenas 30 millones de pesos que tendr\u00eda que poner la provincia de Buenos Aires para la terminaci\u00f3n del buque en el astillero y otros 45 millones de pesos para entregarlo llave en mano. Terminaci\u00f3n de este buque redituar\u00eda en un reembolso de 5 millones de d\u00f3lares que pagar\u00eda Venezuela. Pero, claramente, el gobierno no quiere ning\u00fan trato con ese pa\u00eds y por eso concentr\u00f3 sus ataques en manejos del gremio sobre el comedor y otras yerbas, cuestiones realmente insignificantes en relaci\u00f3n a la defensa de uno de los astilleros m\u00e1s grande de Am\u00e9rica Latina.<\/p>\n<!-- AddThis Advanced Settings generic via filter on the_content --><!-- AddThis Share Buttons generic via filter on the_content -->","protected":false},"excerpt":{"rendered":"<p>El descomunal despliegue represivo contra los trabajadores del Astillero R\u00edo Santiago desatado en puertas de la gobernaci\u00f3n el pasado martes 21 no logr\u00f3 quebrar la lucha. Al d\u00eda siguiente decenas de miles de trabajadores y estudiantes volvieron a llenar las calles y se dio inicio a un acampe. Tras la propuesta del presidente Macri de [&hellip;]<!-- AddThis Advanced Settings generic via filter on get_the_excerpt --><!-- AddThis Share Buttons generic via filter on get_the_excerpt --><\/p>\n","protected":false},"author":5,"featured_media":12161,"comment_status":"open","ping_status":"open","sticky":false,"template":"","format":"standard","meta":{"_jetpack_memberships_contains_paid_content":false,"footnotes":""},"categories":[1877],"tags":[1223,395,152,1217],"class_list":{"0":"post-12254","1":"post","2":"type-post","3":"status-publish","4":"format-standard","5":"has-post-thumbnail","7":"category-gremiales","8":"tag-astillero-rio-santiago","9":"tag-buenos-aires","10":"tag-la-plata","11":"tag-vxl-126"},"yoast_head":"<!-- This site is optimized with the Yoast SEO plugin v27.4 - https:\/\/yoast.com\/product\/yoast-seo-wordpress\/ -->\n<title>Los trabajadores del ARS no se rinden! - Vamos por la Liberaci\u00f3n<\/title>\n<meta name=\"robots\" content=\"index, follow, max-snippet:-1, max-image-preview:large, max-video-preview:-1\" \/>\n<link rel=\"canonical\" href=\"https:\/\/vamosporlaliberacion.org\/crpmlm\/los-trabajadores-del-ars-no-se-rinden\/\" \/>\n<meta name=\"twitter:label1\" content=\"Escrito por\" \/>\n\t<meta name=\"twitter:data1\" content=\"\" \/>\n\t<meta name=\"twitter:label2\" content=\"Tiempo de lectura\" \/>\n\t<meta name=\"twitter:data2\" content=\"2 minutos\" \/>\n<script type=\"application\/ld+json\" class=\"yoast-schema-graph\">{\"@context\":\"https:\\\/\\\/schema.org\",\"@graph\":[{\"@type\":\"Article\",\"@id\":\"https:\\\/\\\/vamosporlaliberacion.org\\\/crpmlm\\\/los-trabajadores-del-ars-no-se-rinden\\\/#article\",\"isPartOf\":{\"@id\":\"https:\\\/\\\/vamosporlaliberacion.org\\\/crpmlm\\\/los-trabajadores-del-ars-no-se-rinden\\\/\"},\"author\":{\"name\":\"\",\"@id\":\"\"},\"headline\":\"Los trabajadores del ARS no se rinden!\",\"datePublished\":\"2018-09-01T12:41:40+00:00\",\"dateModified\":\"2020-10-28T15:48:16+00:00\",\"mainEntityOfPage\":{\"@id\":\"https:\\\/\\\/vamosporlaliberacion.org\\\/crpmlm\\\/los-trabajadores-del-ars-no-se-rinden\\\/\"},\"wordCount\":330,\"commentCount\":0,\"image\":{\"@id\":\"https:\\\/\\\/vamosporlaliberacion.org\\\/crpmlm\\\/los-trabajadores-del-ars-no-se-rinden\\\/#primaryimage\"},\"thumbnailUrl\":\"https:\\\/\\\/i0.wp.com\\\/vamosporlaliberacion.org\\\/crpmlm\\\/wp-content\\\/uploads\\\/2018\\\/08\\\/22-ago-marcha-por-el-ars-y-represio_n-6-76251.jpg?fit=700%2C467&ssl=1\",\"keywords\":[\"Astillero R\u00edo Santiago\",\"Buenos Aires\",\"La Plata\",\"vxl 126\"],\"articleSection\":[\"Actualidad e historia del movimiento obrero\"],\"inLanguage\":\"es\",\"potentialAction\":[{\"@type\":\"CommentAction\",\"name\":\"Comment\",\"target\":[\"https:\\\/\\\/vamosporlaliberacion.org\\\/crpmlm\\\/los-trabajadores-del-ars-no-se-rinden\\\/#respond\"]}]},{\"@type\":\"WebPage\",\"@id\":\"https:\\\/\\\/vamosporlaliberacion.org\\\/crpmlm\\\/los-trabajadores-del-ars-no-se-rinden\\\/\",\"url\":\"https:\\\/\\\/vamosporlaliberacion.org\\\/crpmlm\\\/los-trabajadores-del-ars-no-se-rinden\\\/\",\"name\":\"Los trabajadores del ARS no se rinden! - Vamos por la Liberaci\u00f3n\",\"isPartOf\":{\"@id\":\"https:\\\/\\\/vamosporlaliberacion.org\\\/crpmlm\\\/#website\"},\"primaryImageOfPage\":{\"@id\":\"https:\\\/\\\/vamosporlaliberacion.org\\\/crpmlm\\\/los-trabajadores-del-ars-no-se-rinden\\\/#primaryimage\"},\"image\":{\"@id\":\"https:\\\/\\\/vamosporlaliberacion.org\\\/crpmlm\\\/los-trabajadores-del-ars-no-se-rinden\\\/#primaryimage\"},\"thumbnailUrl\":\"https:\\\/\\\/i0.wp.com\\\/vamosporlaliberacion.org\\\/crpmlm\\\/wp-content\\\/uploads\\\/2018\\\/08\\\/22-ago-marcha-por-el-ars-y-represio_n-6-76251.jpg?fit=700%2C467&ssl=1\",\"datePublished\":\"2018-09-01T12:41:40+00:00\",\"dateModified\":\"2020-10-28T15:48:16+00:00\",\"author\":{\"@id\":\"\"},\"breadcrumb\":{\"@id\":\"https:\\\/\\\/vamosporlaliberacion.org\\\/crpmlm\\\/los-trabajadores-del-ars-no-se-rinden\\\/#breadcrumb\"},\"inLanguage\":\"es\",\"potentialAction\":[{\"@type\":\"ReadAction\",\"target\":[\"https:\\\/\\\/vamosporlaliberacion.org\\\/crpmlm\\\/los-trabajadores-del-ars-no-se-rinden\\\/\"]}]},{\"@type\":\"ImageObject\",\"inLanguage\":\"es\",\"@id\":\"https:\\\/\\\/vamosporlaliberacion.org\\\/crpmlm\\\/los-trabajadores-del-ars-no-se-rinden\\\/#primaryimage\",\"url\":\"https:\\\/\\\/i0.wp.com\\\/vamosporlaliberacion.org\\\/crpmlm\\\/wp-content\\\/uploads\\\/2018\\\/08\\\/22-ago-marcha-por-el-ars-y-represio_n-6-76251.jpg?fit=700%2C467&ssl=1\",\"contentUrl\":\"https:\\\/\\\/i0.wp.com\\\/vamosporlaliberacion.org\\\/crpmlm\\\/wp-content\\\/uploads\\\/2018\\\/08\\\/22-ago-marcha-por-el-ars-y-represio_n-6-76251.jpg?fit=700%2C467&ssl=1\",\"width\":700,\"height\":467},{\"@type\":\"BreadcrumbList\",\"@id\":\"https:\\\/\\\/vamosporlaliberacion.org\\\/crpmlm\\\/los-trabajadores-del-ars-no-se-rinden\\\/#breadcrumb\",\"itemListElement\":[{\"@type\":\"ListItem\",\"position\":1,\"name\":\"Portada\",\"item\":\"https:\\\/\\\/vamosporlaliberacion.org\\\/crpmlm\\\/\"},{\"@type\":\"ListItem\",\"position\":2,\"name\":\"Los trabajadores del ARS no se rinden!\"}]},{\"@type\":\"WebSite\",\"@id\":\"https:\\\/\\\/vamosporlaliberacion.org\\\/crpmlm\\\/#website\",\"url\":\"https:\\\/\\\/vamosporlaliberacion.org\\\/crpmlm\\\/\",\"name\":\"Vamos por la Liberaci\u00f3n\",\"description\":\"Prensa CR\",\"potentialAction\":[{\"@type\":\"SearchAction\",\"target\":{\"@type\":\"EntryPoint\",\"urlTemplate\":\"https:\\\/\\\/vamosporlaliberacion.org\\\/crpmlm\\\/?s={search_term_string}\"},\"query-input\":{\"@type\":\"PropertyValueSpecification\",\"valueRequired\":true,\"valueName\":\"search_term_string\"}}],\"inLanguage\":\"es\"},{\"@type\":\"Person\",\"@id\":\"\",\"url\":\"https:\\\/\\\/vamosporlaliberacion.org\\\/crpmlm\\\/author\\\/\"}]}<\/script>\n<!-- \/ Yoast SEO plugin. -->","yoast_head_json":{"title":"Los trabajadores del ARS no se rinden! - Vamos por la Liberaci\u00f3n","robots":{"index":"index","follow":"follow","max-snippet":"max-snippet:-1","max-image-preview":"max-image-preview:large","max-video-preview":"max-video-preview:-1"},"canonical":"https:\/\/vamosporlaliberacion.org\/crpmlm\/los-trabajadores-del-ars-no-se-rinden\/","twitter_misc":{"Escrito por":"","Tiempo de lectura":"2 minutos"},"schema":{"@context":"https:\/\/schema.org","@graph":[{"@type":"Article","@id":"https:\/\/vamosporlaliberacion.org\/crpmlm\/los-trabajadores-del-ars-no-se-rinden\/#article","isPartOf":{"@id":"https:\/\/vamosporlaliberacion.org\/crpmlm\/los-trabajadores-del-ars-no-se-rinden\/"},"author":{"name":"","@id":""},"headline":"Los trabajadores del ARS no se rinden!","datePublished":"2018-09-01T12:41:40+00:00","dateModified":"2020-10-28T15:48:16+00:00","mainEntityOfPage":{"@id":"https:\/\/vamosporlaliberacion.org\/crpmlm\/los-trabajadores-del-ars-no-se-rinden\/"},"wordCount":330,"commentCount":0,"image":{"@id":"https:\/\/vamosporlaliberacion.org\/crpmlm\/los-trabajadores-del-ars-no-se-rinden\/#primaryimage"},"thumbnailUrl":"https:\/\/i0.wp.com\/vamosporlaliberacion.org\/crpmlm\/wp-content\/uploads\/2018\/08\/22-ago-marcha-por-el-ars-y-represio_n-6-76251.jpg?fit=700%2C467&ssl=1","keywords":["Astillero R\u00edo Santiago","Buenos Aires","La Plata","vxl 126"],"articleSection":["Actualidad e historia del movimiento obrero"],"inLanguage":"es","potentialAction":[{"@type":"CommentAction","name":"Comment","target":["https:\/\/vamosporlaliberacion.org\/crpmlm\/los-trabajadores-del-ars-no-se-rinden\/#respond"]}]},{"@type":"WebPage","@id":"https:\/\/vamosporlaliberacion.org\/crpmlm\/los-trabajadores-del-ars-no-se-rinden\/","url":"https:\/\/vamosporlaliberacion.org\/crpmlm\/los-trabajadores-del-ars-no-se-rinden\/","name":"Los trabajadores del ARS no se rinden! - Vamos por la Liberaci\u00f3n","isPartOf":{"@id":"https:\/\/vamosporlaliberacion.org\/crpmlm\/#website"},"primaryImageOfPage":{"@id":"https:\/\/vamosporlaliberacion.org\/crpmlm\/los-trabajadores-del-ars-no-se-rinden\/#primaryimage"},"image":{"@id":"https:\/\/vamosporlaliberacion.org\/crpmlm\/los-trabajadores-del-ars-no-se-rinden\/#primaryimage"},"thumbnailUrl":"https:\/\/i0.wp.com\/vamosporlaliberacion.org\/crpmlm\/wp-content\/uploads\/2018\/08\/22-ago-marcha-por-el-ars-y-represio_n-6-76251.jpg?fit=700%2C467&ssl=1","datePublished":"2018-09-01T12:41:40+00:00","dateModified":"2020-10-28T15:48:16+00:00","author":{"@id":""},"breadcrumb":{"@id":"https:\/\/vamosporlaliberacion.org\/crpmlm\/los-trabajadores-del-ars-no-se-rinden\/#breadcrumb"},"inLanguage":"es","potentialAction":[{"@type":"ReadAction","target":["https:\/\/vamosporlaliberacion.org\/crpmlm\/los-trabajadores-del-ars-no-se-rinden\/"]}]},{"@type":"ImageObject","inLanguage":"es","@id":"https:\/\/vamosporlaliberacion.org\/crpmlm\/los-trabajadores-del-ars-no-se-rinden\/#primaryimage","url":"https:\/\/i0.wp.com\/vamosporlaliberacion.org\/crpmlm\/wp-content\/uploads\/2018\/08\/22-ago-marcha-por-el-ars-y-represio_n-6-76251.jpg?fit=700%2C467&ssl=1","contentUrl":"https:\/\/i0.wp.com\/vamosporlaliberacion.org\/crpmlm\/wp-content\/uploads\/2018\/08\/22-ago-marcha-por-el-ars-y-represio_n-6-76251.jpg?fit=700%2C467&ssl=1","width":700,"height":467},{"@type":"BreadcrumbList","@id":"https:\/\/vamosporlaliberacion.org\/crpmlm\/los-trabajadores-del-ars-no-se-rinden\/#breadcrumb","itemListElement":[{"@type":"ListItem","position":1,"name":"Portada","item":"https:\/\/vamosporlaliberacion.org\/crpmlm\/"},{"@type":"ListItem","position":2,"name":"Los trabajadores del ARS no se rinden!"}]},{"@type":"WebSite","@id":"https:\/\/vamosporlaliberacion.org\/crpmlm\/#website","url":"https:\/\/vamosporlaliberacion.org\/crpmlm\/","name":"Vamos por la Liberaci\u00f3n","description":"Prensa CR","potentialAction":[{"@type":"SearchAction","target":{"@type":"EntryPoint","urlTemplate":"https:\/\/vamosporlaliberacion.org\/crpmlm\/?s={search_term_string}"},"query-input":{"@type":"PropertyValueSpecification","valueRequired":true,"valueName":"search_term_string"}}],"inLanguage":"es"},{"@type":"Person","@id":"","url":"https:\/\/vamosporlaliberacion.org\/crpmlm\/author\/"}]}},"jetpack_featured_media_url":"https:\/\/i0.wp.com\/vamosporlaliberacion.org\/crpmlm\/wp-content\/uploads\/2018\/08\/22-ago-marcha-por-el-ars-y-represio_n-6-76251.jpg?fit=700%2C467&ssl=1","jetpack_sharing_enabled":true,"_links":{"self":[{"href":"https:\/\/vamosporlaliberacion.org\/crpmlm\/wp-json\/wp\/v2\/posts\/12254","targetHints":{"allow":["GET"]}}],"collection":[{"href":"https:\/\/vamosporlaliberacion.org\/crpmlm\/wp-json\/wp\/v2\/posts"}],"about":[{"href":"https:\/\/vamosporlaliberacion.org\/crpmlm\/wp-json\/wp\/v2\/types\/post"}],"author":[{"embeddable":true,"href":"https:\/\/vamosporlaliberacion.org\/crpmlm\/wp-json\/wp\/v2\/users\/5"}],"replies":[{"embeddable":true,"href":"https:\/\/vamosporlaliberacion.org\/crpmlm\/wp-json\/wp\/v2\/comments?post=12254"}],"version-history":[{"count":1,"href":"https:\/\/vamosporlaliberacion.org\/crpmlm\/wp-json\/wp\/v2\/posts\/12254\/revisions"}],"predecessor-version":[{"id":21163,"href":"https:\/\/vamosporlaliberacion.org\/crpmlm\/wp-json\/wp\/v2\/posts\/12254\/revisions\/21163"}],"wp:featuredmedia":[{"embeddable":true,"href":"https:\/\/vamosporlaliberacion.org\/crpmlm\/wp-json\/wp\/v2\/media\/12161"}],"wp:attachment":[{"href":"https:\/\/vamosporlaliberacion.org\/crpmlm\/wp-json\/wp\/v2\/media?parent=12254"}],"wp:term":[{"taxonomy":"category","embeddable":true,"href":"https:\/\/vamosporlaliberacion.org\/crpmlm\/wp-json\/wp\/v2\/categories?post=12254"},{"taxonomy":"post_tag","embeddable":true,"href":"https:\/\/vamosporlaliberacion.org\/crpmlm\/wp-json\/wp\/v2\/tags?post=12254"}],"curies":[{"name":"wp","href":"https:\/\/api.w.org\/{rel}","templated":true}]}}