{"id":12044,"date":"2018-08-09T12:00:49","date_gmt":"2018-08-09T15:00:49","guid":{"rendered":"http:\/\/vamosporlaliberacion.org\/crpmlm\/?p=12044"},"modified":"2020-02-04T21:56:06","modified_gmt":"2020-02-05T00:56:06","slug":"cerveceria-cordoba-105-dias-de-toma-que-marcaron-un-camino","status":"publish","type":"post","link":"https:\/\/vamosporlaliberacion.org\/crpmlm\/cerveceria-cordoba-105-dias-de-toma-que-marcaron-un-camino\/","title":{"rendered":"Cervecer\u00eda C\u00f3rdoba: 105 d\u00edas de toma  que marcaron un camino"},"content":{"rendered":"<p>El 4 de mayo de 1998, los casi 200 trabajadores de la Cervecer\u00eda C\u00f3rdoba amanecieron adentro de la f\u00e1brica: no sab\u00edan que era solo el primero de los 105 d\u00edas que se mantendr\u00edan ocup\u00e1ndola. Resist\u00edan contra el cierre de la emblem\u00e1tica empresa, que para ellos significaba caer en el abismo de la desocupaci\u00f3n que hac\u00eda estragos en la Argentina menemista. Durante m\u00e1s de tres meses resistieron toda clase de maniobras, provocaciones e intentos de desalojo, transform\u00e1ndose en un punto de referencia para los trabajadores de la provincia y de todo el pa\u00eds. Por esta raz\u00f3n, Menem y el gobernador Mestre terminaron por apelar a un brutal operativo represivo para cortar lo que era en un palo en la rueda para sus pol\u00edticas de ajuste, privatizaciones, desocupaci\u00f3n y hambre.<\/p>\n<p>Este a\u00f1o se cumplen 20 a\u00f1os de aquella gran gesta obrera. Desde Vamos! entrevistamos en C\u00f3rdoba a quienes fueron dos de sus principales dirigentes, y referentes de la l\u00ednea clasista entre los cerveceros: Daniel \u201cPantera\u201d Alvarado y Dante \u201cPercha\u201d Mart\u00ednez. El primero actualmente es el flamante secretario general de la CTA Aut\u00f3noma de C\u00f3rdoba y el segundo acaba de ser reelecto como presidente del Centro Vecinal Alberdi. Ambos adem\u00e1s integran la Corriente Clasista Ren\u00e9 Salamanca de la provincia.<\/p>\n<p>\u201cLa Cervecer\u00eda era el coraz\u00f3n del barrio\u201d<\/p>\n<p>La Cervecer\u00eda C\u00f3rdoba hab\u00eda nacido en 1917 en el Barrio Alberdi, que queda situado a pocas cuadras del centro y es uno de los barrios con m\u00e1s historia de la capital cordobesa, escenario tanto de la Reforma Universitaria de 1918 como de las jornadas del Cordobazo en 1969. As\u00ed lo recuerdan nuestros entrevistados: \u201cLa Cervecer\u00eda ten\u00eda mucha historia, ah\u00ed siempre trabaj\u00f3 el abuelo, el t\u00edo o un pariente del vecino de Alberdi. Por eso cerrar la Cervecer\u00eda era como si quisieran venir a tirar el estadio de Belgrano\u201d, cuenta el Pantera. \u201cEra un lugar muy arraigado a la historia misma de Alberdi, no era cualquier f\u00e1brica. Era como que te sacaban el coraz\u00f3n de un lugar, era la \u00fanica f\u00e1brica que quedaba en pie en el barrio\u201d, agrega el Percha.<\/p>\n<p>Durante sus 80 a\u00f1os de vida, la Cervecer\u00eda hab\u00eda cambiado varias veces de manos y manten\u00eda una minoritaria pero significativa franja del mercado cervecero nacional. En sus mejores tiempos hab\u00eda llegado a ocupar a 600 trabajadores. Pero en 1996, en el marco de las pol\u00edticas de relaciones carnales con EEUU y acuerdo con el FMI que implement\u00f3 el menemismo y aplicaron los gobernadores radicales Angeloz y Mestre, su propietario, R\u00edos Seoane, se declar\u00f3 en quiebra. \u201cEl contexto era muy dif\u00edcil. En ese momento el Correo ech\u00f3 a casi 1.000 trabajadores, la Lockheed yanqui despidi\u00f3 a 872 trabajadores de \u00c1rea Material C\u00f3rdoba. Ac\u00e1 la provincia hab\u00eda lanzado un plan de ajuste feroz, vend\u00eda el Banco de C\u00f3rdoba y se estaba privatizando la empresa estatal de energ\u00eda EPEC. F\u00edjate vos que parecido a ahora\u201d, se\u00f1ala Alvarado.<\/p>\n<p>La f\u00e1brica ten\u00eda un sindicato de empresa, el Sindicato de Empleados y Obreros de la Cervecer\u00eda C\u00f3rdoba, afiliado a la Federaci\u00f3n de Cerveceros. Pero el hecho de ser un sindicato chico y de un sector industrial no estrat\u00e9gico no le impidi\u00f3 llevar adelante grandes luchas a partir de su recuperaci\u00f3n por los trabajadores. \u201cVen\u00edamos con un sindicato muy quieto y muy pro-patronal. En el \u201886 nosotros, que ya hab\u00edamos armado una agrupaci\u00f3n, tomamos la f\u00e1brica todo el d\u00eda contra el despido de uno de nuestros dirigentes, sin el apoyo del gremio, y logramos su reincorporaci\u00f3n y la elecci\u00f3n de delegados, que la ganamos con nuestros candidatos. El sindicato queda debilitado frente a la gente y la agrupaci\u00f3n se instala. Y en el \u201888 armamos la Lista Naranja y ganamos el sindicato\u201d, rememora Daniel.<\/p>\n<p>Con la nueva conducci\u00f3n, los cerveceros empezaron una intensa pr\u00e1ctica de democracia sindical y lucha, plant\u00e1ndose contra los despidos, por salario y condiciones de trabajo y protagonizando varias tomas de la planta. Por eso, la lucha de 1998 no sali\u00f3 de la nada, sino que fue producto de una preparaci\u00f3n y de una l\u00ednea. Como recuerda el Pantera: \u201cNosotros ten\u00edamos un ejercicio ya hecho de tomas y resistencia. Hab\u00edamos tomado la f\u00e1brica varias veces en esos a\u00f1os, en medio del oleaje de despidos que hab\u00eda\u201d. En las \u00faltimas elecciones, en 1997, la conducci\u00f3n sindical hab\u00eda quedado encabezada por El\u00edas Cabrera como secretario general, peronista, acompa\u00f1ado por el clasista Daniel Alvarado como adjunto, mientras que Dante Mart\u00ednez tambi\u00e9n integraba la Comisi\u00f3n Directiva. Para estos dos \u00faltimos, el punto de referencia de c\u00f3mo deb\u00eda ser una conducci\u00f3n sindical era la experiencia de Ren\u00e9 Salamanca en el SMATA C\u00f3rdoba durante los a\u00f1os \u201870, y no pas\u00f3 mucho antes de que tuvieran ocasi\u00f3n de demostrar en la pr\u00e1ctica la vigencia del clasismo.<br \/>\n\u201cSi salimos por el port\u00f3n sacamos el certificado de desocupados para toda la vida\u201d<\/p>\n<p>La situaci\u00f3n se desencaden\u00f3 a partir de la declaraci\u00f3n de quiebra de la empresa. En medio de los constantes cierres de f\u00e1bricas, los ataques a los derechos laborales y el mar de desocupados, los cerveceros no pod\u00edan dejar que la empresa fuera liquidada. Porque en eso se jugaba su futuro y el de sus familias. \u201cA partir de la quiebra un juez decide liquidar la empresa y llama a convocatoria de acreedores. Entonces nosotros peleamos que en el pliego dijera que la unidad productiva ten\u00eda que seguir en marcha y con su personal\u201d, cuenta Dante. Con sucesivas movilizaciones y una nueva toma de la planta, lograron que en el pliego de la licitaci\u00f3n quedara establecido que el nuevo propietario deb\u00eda comprometerse a mantener la f\u00e1brica en funcionamiento, incluyendo al personal en funciones al menos por cinco a\u00f1os, lo que chocaba directamente con lo que establec\u00eda la Ley de Quiebras del menemismo. A partir de entonces, esa ser\u00eda la principal bandera de la lucha.<\/p>\n<p>A la licitaci\u00f3n de la Cervecer\u00eda se presentaron dos propuestas. Por un lado estaba un empresario cordob\u00e9s, el Ingeniero Stabio, que hab\u00eda alquilado la planta durante los \u00faltimos meses y se compromet\u00eda a respetar lo establecido en el acta. Por el otro lado se present\u00f3 CICSA, subsidiaria de la CCU-Lucsik, un monopolio de capitales chilenos, yanquis y alemanes que ya controlaba las marcas Budweiser, Schneider, Salta y Santa Fe. Con una oferta que duplicaba la de Stabio, en marzo de 1998 CCU gan\u00f3 la licitaci\u00f3n. Pero, como se\u00f1ala el Percha, todo se bas\u00f3 en un enga\u00f1o: \u201cLa CCU en la licitaci\u00f3n no hab\u00eda dicho que era para liquidar la f\u00e1brica. Pero una vez que la compr\u00f3 dijo que la iba a cerrar. En cambio, el otro oferente ofreci\u00f3 mucha menos plata, pero dec\u00eda que quer\u00eda seguir con la f\u00e1brica\u201d. Lo que en realidad quer\u00eda la CCU era quedarse con el porcentaje del mercado cervecero que ocupaba la marca y realizar un gran negocio inmobiliario con las tierras de la planta.<\/p>\n<p>El martes 4 de mayo, el d\u00eda que los nuevos due\u00f1os deb\u00edan tomar posesi\u00f3n de la Cervecer\u00eda, los trabajadores decidieron que no se iban a entregar tan f\u00e1cilmente, y en asamblea resolvieron la toma. Se iniciaba as\u00ed una lucha que, como destac\u00f3 Dante, termin\u00f3 por transcender por mucho la defensa de 200 puestos de trabajo: \u201cNuestra lucha pas\u00f3 a ser un gran conflicto porque era una lucha que desnudaba la esencia del modelo\u201d.<\/p>\n<p>\u201cAguante cervecero\u201d<\/p>\n<p>La decisi\u00f3n de lucha de los cerveceros ti\u00f1\u00f3 toda la situaci\u00f3n pol\u00edtica. Los diarios y canales de televisi\u00f3n segu\u00edan d\u00eda a d\u00eda la situaci\u00f3n y todo el mundo hablaba de la toma, que pas\u00f3 a ser un faro para toda la clase obrera y el pueblo que sufr\u00eda las consecuencias de las pol\u00edticas neoliberales y de entrega aplicadas en los \u201890. Esto qued\u00f3 resumido en la frase escrita en una inmensa bandera de 10 metros colgada de la chimenea de la Cervecer\u00eda: \u201cAguante cervecero\u201d.<\/p>\n<p>Por todos lados fue emergiendo la solidaridad popular. As\u00ed lo recuerda Alvarado: \u201cEl barrio lo primero que hace es empezar a llevar donaciones a la Cervecer\u00eda, un az\u00facar, un paquete de fideos. Un d\u00eda me levanto a la ma\u00f1ana y ven\u00edan dos viejitos que me dicen \u2018Mire, nosotros cobramos la m\u00ednima, pero somos del barrio, no queremos que ustedes se vayan y se cierre la f\u00e1brica\u2019 y trajeron un kilo de az\u00facar y un kilo de yerba\u201d. El 8 de mayo se realiz\u00f3 un abrazo a la f\u00e1brica y una marcha que moviliz\u00f3 a todo el barrio Alberdi, a los vecinos, al padre de la parroquia local, a distintos dirigentes sindicales y organizaciones sociales.<\/p>\n<p>Nueve pe\u00f1as se hicieron en el marco de la toma, con decenas de artistas apoyando la lucha. El fondo de lucha lleg\u00f3 a juntar 100.000 pesos, que en ese momento por el 1 a 1 de la convertibilidad equival\u00edan a 100.000 d\u00f3lares. Se reunieron m\u00e1s de 16.000 firmas de cordobeses exigiendo la continuidad de la empresa, y montones de estudiantes rodearon y acompa\u00f1aron la toma: \u201cEra muy impresionante ver c\u00f3mo en la peatonal la gente hac\u00eda fila para firmar, los congresos de los estudiantes terminaban todos en la Cervecer\u00eda, \u00edbamos a dar charlas en las facultades\u201d, cuenta el Percha. Y viceversa: los cerveceros recorrieron cada lugar y cada sector en lucha llevando su apoyo.<\/p>\n<p>El primer punto de inflexi\u00f3n se produjo cuando el 8 de mayo lleg\u00f3 la orden de desalojo. \u201cEn la primera intimaci\u00f3n a que desalojemos la reacci\u00f3n fue tocar la sirena, y fue contundente, baj\u00f3 mucha gente. La sirena, que antes indicaba la entrada a trabajar, se convirti\u00f3 en una forma de aviso ante el peligro de desalojo. Y eso, la respuesta de la gente, cambi\u00f3 la situaci\u00f3n y la forma de encarar la toma. A partir de ah\u00ed se fue organizando mejor la seguridad\u201d recuerda Dante. Las fuerzas represivas, que pensaron que iban a desalojar a unas decenas de obreros, se encontraron con una multitud, con trincheras armadas con los cajones de cerveza y los palets de madera, con los vidrios de descarte de la f\u00e1brica regados en todas las calles, con la amenaza de hacer estallar la caldera, y tuvieron que retirarse. El hecho, que se repiti\u00f3 en varias ocasiones m\u00e1s, mostr\u00f3 que los cerveceros estaban dispuestos a seguir hasta las \u00faltimas consecuencias. Y que la clase obrera cordobesa no hab\u00eda olvidado y reeditaba las tradiciones de lucha del clasismo setentista, como la toma de la matricer\u00eda Perdriel, las luchas de SITRAC-SITRAM y del SMATA de Salamanca.<\/p>\n<p>Desde el principio, la lucha cervecera tuvo un elemento destacado: la participaci\u00f3n protag\u00f3nica de las mujeres de los obreros. \u201cCuando decidimos la toma el 4 de mayo, lo primero que hicieron las mujeres fue sumarse y empezar a recorrer el barrio llamando a que todos defendieran la toma. Yo creo que si nosotros no hubi\u00e9ramos tenido a nuestras mujeres en la toma no s\u00e9 si hubi\u00e9ramos durado ni 30 d\u00edas\u201d, recuerda Alvarado. \u00c9stas, enfrentando los prejuicios de muchos, se pusieron al hombro la toma, permaneciendo en la f\u00e1brica con sus hijos, marchando, poniendo el cuerpo contra la represi\u00f3n, organizando el fondo de lucha y empujando cuando sus maridos flaqueaban.<\/p>\n<p>La Cervecer\u00eda era una f\u00e1brica chica y que no funcionara no afectaba la econom\u00eda de la provincia, por lo que un problema central era c\u00f3mo lograr que el movimiento obrero cordob\u00e9s tomara en sus manos el conflicto, lo que implic\u00f3 una dura lucha. Al Pantera directamente lo remite al presente: \u201cYo lo comparo con los actuales momentos: hab\u00eda un sector de la CGT que miraba para otro lado, que fue c\u00f3mplice con el ajuste. La CGT ac\u00e1 entr\u00f3 a actuar porque nosotros nos movilizamos para exigirle, porque estaba dormida. Pero hubo varios dirigentes que estuvieron muy presentes, y ah\u00ed se hizo el \u00faltimo paro activo con movilizaci\u00f3n en C\u00f3rdoba llamado por la CGT, empujada por las bases, que tuvo represi\u00f3n y heridos\u201d. Se refiere al 21 de mayo, cuando se llev\u00f3 a cabo en C\u00f3rdoba un paro activo resuelto por la mesa provincial de gremios, en el marco del conflicto cervecero, de los bancarios y de Luz y Fuerza, que tuvo una gran contundencia y termin\u00f3 con enfrentamientos con las fuerzas represivas. Pero poco a poco la mayor\u00eda de los jerarcas sindicales empezaron a intentar descomprimir una situaci\u00f3n que se les iba de las manos, acordando en los hechos una tregua con el gobierno nacional y provincial, y realizando medidas cada vez m\u00e1s d\u00e9biles y formales. Mientras tanto, la Federaci\u00f3n Cervecera siempre se mantuvo a distancia de la lucha, acatando la conciliaci\u00f3n obligatoria para no convocar un paro nacional y apostando a la negociaci\u00f3n.<\/p>\n<p>En paralelo, en el frente \u00fanico que encabezaba la lucha de la Cervecer\u00eda y entre los trabajadores se abri\u00f3 una intensa lucha de l\u00edneas, que rememora Dante: \u201cUna vez que se genera el hecho empiezan todas las presiones de las distintas corrientes ideol\u00f3gicas. A la f\u00e1brica ven\u00edan todos: las fuerzas pol\u00edticas, el Ministro de Trabajo de la provincia, abogados, el fiscal. Algunos, dentro de la propia conducci\u00f3n del sindicato, como Cabrera, que era el Secretario General, empezaron a plantear que hab\u00eda que agarrar los subsidios, que hab\u00eda que negociar, que lo instalaba con fuerza el gobierno proponiendo darnos un subsidio de 1.000 pesos a cada uno por un a\u00f1o. Nosotros plante\u00e1bamos rechazar, pero hubo asambleas que se perdieron y resolvieron aceptar. Ellos dec\u00edan que la contradicci\u00f3n era subsidios o palos, y nosotros dec\u00edamos que era subsidios o fuentes de trabajo. Pero igual se mantiene la toma esperando la negociaci\u00f3n. Y despu\u00e9s se logr\u00f3 dar vuelta, para lo que fueron muy importantes las mujeres, y se decidi\u00f3 que lo que quer\u00edamos era la fuente de trabajo\u201d.<br \/>\nCon el pasar de los meses, tambi\u00e9n empezaron a hacer mella el desgaste, el ninguneo del gobierno y los medios, las promesas y las expectativas en la resoluci\u00f3n judicial. \u201cHab\u00eda mucha presi\u00f3n para levantar el conflicto, y sobre todo para que no confluyera con otros sectores del movimiento obrero que tambi\u00e9n estaban peleando. Y empez\u00f3 a actuar tambi\u00e9n el desgaste, el fondo de huelga se fue debilitando, algunos obreros se iban a hacer changas para poder pagar las cuentas. Y est\u00e1bamos todos pendientes de c\u00f3mo se resolv\u00eda lo judicial\u201d, se\u00f1ala el Percha. Y agrega Alvarado: \u201cAdem\u00e1s hay un hecho pol\u00edtico, que es que se ven\u00edan las elecciones de gobernador y todo el mundo empieza a juntar votos y empiezan a correrse de la f\u00e1brica. Cabrera por ejemplo iba de candidato de una l\u00ednea interna del PJ. Ellos no pod\u00edan llegar a las elecciones con una f\u00e1brica tomada\u201d. En ese marco, tanto el menemismo como el mestrismo tomaron la decisi\u00f3n de que hab\u00eda que aplastar a los cerveceros, sellada con un viaje del gobernador a Chile, donde se reuni\u00f3 personalmente con los directivos de la CCU.<\/p>\n<p>As\u00ed, el 17 de agosto, a las 3 de la madrugada, el gobierno provincial us\u00f3 la toma cervecera para estrenar su nuevo escuadr\u00f3n especial de represi\u00f3n: el ETER. En plena noche, m\u00e1s de 800 polic\u00edas cercaron y militarizaron todo el barrio, mientras los \u201cSWAT\u201d cordobeses entraban a la planta deteniendo y desalojando a los obreros y sus familias. \u201cEn ese momento en la f\u00e1brica \u00e9ramos unos 15, y no pudimos hacer sonar la sirena porque era muy costoso tener la caldera prendida todo el tiempo. Entr\u00f3 la polic\u00eda, nos reprimi\u00f3, nos golpe\u00f3, a m\u00ed me esposaron y nos entregaron a la guardia de Infanter\u00eda, llev\u00e1ndonos detenidos. Pero hubo un muchacho que se qued\u00f3 en la torre, en un tercer piso, y resisti\u00f3 durante medio d\u00eda, y la polic\u00eda tuvo que negociar para que bajara\u201d, relata Alvarado. El repudio popular se extendi\u00f3 r\u00e1pidamente, cuenta Dante, pero no alcanz\u00f3 para revertir la situaci\u00f3n: \u201cLa voz se corri\u00f3 muy r\u00e1pido, hubo una movilizaci\u00f3n a la Comisar\u00eda. Hab\u00eda un acto oficial por San Mart\u00edn y ah\u00ed tambi\u00e9n hubo represi\u00f3n, quilombo, le quemaron la alfombra roja del acto y cay\u00f3 m\u00e1s gente presa. Reci\u00e9n despu\u00e9s de dos d\u00edas nos liberaron\u201d.<\/p>\n<p>A fines de agosto finalmente Mestre entregar\u00eda la planta a la CCU, que, como hab\u00edan denunciado los trabajadores, nunca m\u00e1s abri\u00f3 sus puertas para producir la cerveza C\u00f3rdoba. Pero la toma de la Cervecer\u00eda qued\u00f3 incorporada para siempre en la gran tradici\u00f3n de lucha del Barrio Alberdi y de los cordobeses, como se demostrar\u00eda a\u00f1os despu\u00e9s en ocasi\u00f3n de la demolici\u00f3n de la hist\u00f3rica chimenea, que desat\u00f3 una gran resistencia en el barrio.<\/p>\n<p>\u201cUna llama de ense\u00f1anza\u201d<\/p>\n<p>\u201cPara m\u00ed la toma signific\u00f3 un antes y un despu\u00e9s. Me parece que a m\u00ed como dirigente esa lucha me ense\u00f1\u00f3 un mont\u00f3n de cosas\u201d, reflexiona el Pantera cuando le preguntamos por el significado hist\u00f3rico de aquella lucha. \u201cCreo que marc\u00f3 C\u00f3rdoba. En la provincia no hubo una lucha como esa nunca m\u00e1s, no hubo m\u00e1s un paro como el de esa \u00e9poca con enfrentamientos de los obreros y los estudiantes con la polic\u00eda. El conflicto de la Cervecer\u00eda fue como una luz a trav\u00e9s del t\u00fanel, una llama de ense\u00f1anza para todos aquellos que intentan cambiar la historia, la pol\u00edtica de este pa\u00eds, que se sigue repitiendo a pesar de que han habido luchas hist\u00f3ricas y compa\u00f1eros que han dejado su vida. Y hoy, que tenemos una situaci\u00f3n pol\u00edtica parecida, creo que es un camino a imitar por el movimiento obrero, por los estudiantes y los movimientos sociales\u201d.<\/p>\n<p>Un sentir similar recorre tambi\u00e9n las palabras finales del Percha cuando recuerda aquellas jornadas: \u201cPersonalmente, para m\u00ed fue el hecho que me cambi\u00f3 la vida para siempre. Yo ya militaba, pero la Cervecer\u00eda me hizo ver lo que a veces uno lee, lo que se habla sobre la revoluci\u00f3n, el movimiento obrero. La firmeza de 80 trabajadores de una peque\u00f1a f\u00e1brica, la avidez por incorporar el debate pol\u00edtico y meterse en el centro de la escena pol\u00edtica de C\u00f3rdoba y del pa\u00eds, me demostr\u00f3 en la pr\u00e1ctica lo que yo estudiaba en la teor\u00eda. Y tambi\u00e9n est\u00e1 mezclado con el sentimiento: a veces j\u00fabilo por lo que es capaz el movimiento obrero, con el barrio, con el resto de los trabajadores y el pueblo, y tambi\u00e9n dolor, porque no sali\u00f3 como uno hubiese querido que saliera. Pero lo m\u00e1s importante es que fue una lucha que termin\u00f3 de desgastar al gobierno de Mestre y la pol\u00edtica de reforma del Estado, que era ajuste, cierre de hospitales, intentos de privatizaci\u00f3n del banco y la luz. La Cervecer\u00eda confluy\u00f3 con todo un torrente de trabajadores que ven\u00eda luchando contra esta pol\u00edtica\u201d.<\/p>\n<p>Y respecto de las ense\u00f1anzas de ese proceso para la situaci\u00f3n actual, concluye Dante: \u201cLa lucha de la Cervecer\u00eda fue una etapa de la lucha de la d\u00e9cada de los \u201890, que se inici\u00f3 en Cutral Co: la lucha contra la desocupaci\u00f3n, enfrentando las pol\u00edticas de ajuste y de achique del Estado. Y fue tambi\u00e9n un escal\u00f3n m\u00e1s de lo que despu\u00e9s deriv\u00f3 en las f\u00e1bricas recuperadas, porque una de las cosas que nos falt\u00f3 a nosotros fue la puesta en marcha de la producci\u00f3n. Y si vemos los titulares de los diarios de esa \u00e9poca, que hablaban de la seguridad jur\u00eddica para los capitales que ven\u00edan a invertir, como hoy se habla de los brotes verdes, el FMI, lo que vemos es que son pol\u00edticas que lo que buscan es mayor ajuste, mayor flexibilizaci\u00f3n laboral. Por eso me parece que la lucha de la Cervecer\u00eda fue parte de un camino que va recorriendo el movimiento obrero y nuestro pueblo para encontrar las maneras de enfrentar estas pol\u00edticas\u201d.<\/p>\n<!-- AddThis Advanced Settings generic via filter on the_content --><!-- AddThis Share Buttons generic via filter on the_content -->","protected":false},"excerpt":{"rendered":"<p>El 4 de mayo de 1998, los casi 200 trabajadores de la Cervecer\u00eda C\u00f3rdoba amanecieron adentro de la f\u00e1brica: no sab\u00edan que era solo el primero de los 105 d\u00edas que se mantendr\u00edan ocup\u00e1ndola. Resist\u00edan contra el cierre de la emblem\u00e1tica empresa, que para ellos significaba caer en el abismo de la desocupaci\u00f3n que hac\u00eda [&hellip;]<!-- AddThis Advanced Settings generic via filter on get_the_excerpt --><!-- AddThis Share Buttons generic via filter on get_the_excerpt --><\/p>\n","protected":false},"author":5,"featured_media":12045,"comment_status":"open","ping_status":"open","sticky":false,"template":"","format":"standard","meta":{"_jetpack_memberships_contains_paid_content":false,"footnotes":""},"categories":[1520],"tags":[68,521,1210,131,1213],"class_list":{"0":"post-12044","1":"post","2":"type-post","3":"status-publish","4":"format-standard","5":"has-post-thumbnail","7":"category-entrevista","8":"tag-cordoba","9":"tag-destacado-1","10":"tag-entrevista","11":"tag-historia","12":"tag-vxl-125"},"yoast_head":"<!-- This site is optimized with the Yoast SEO plugin v27.4 - https:\/\/yoast.com\/product\/yoast-seo-wordpress\/ -->\n<title>Cervecer\u00eda C\u00f3rdoba: 105 d\u00edas de toma que marcaron un camino - Vamos por la Liberaci\u00f3n<\/title>\n<meta name=\"robots\" content=\"index, follow, max-snippet:-1, max-image-preview:large, max-video-preview:-1\" \/>\n<link rel=\"canonical\" href=\"https:\/\/vamosporlaliberacion.org\/crpmlm\/cerveceria-cordoba-105-dias-de-toma-que-marcaron-un-camino\/\" \/>\n<meta name=\"twitter:label1\" content=\"Escrito por\" \/>\n\t<meta name=\"twitter:data1\" content=\"\" \/>\n\t<meta name=\"twitter:label2\" content=\"Tiempo de lectura\" \/>\n\t<meta name=\"twitter:data2\" content=\"17 minutos\" \/>\n<script type=\"application\/ld+json\" class=\"yoast-schema-graph\">{\"@context\":\"https:\\\/\\\/schema.org\",\"@graph\":[{\"@type\":\"Article\",\"@id\":\"https:\\\/\\\/vamosporlaliberacion.org\\\/crpmlm\\\/cerveceria-cordoba-105-dias-de-toma-que-marcaron-un-camino\\\/#article\",\"isPartOf\":{\"@id\":\"https:\\\/\\\/vamosporlaliberacion.org\\\/crpmlm\\\/cerveceria-cordoba-105-dias-de-toma-que-marcaron-un-camino\\\/\"},\"author\":{\"name\":\"\",\"@id\":\"\"},\"headline\":\"Cervecer\u00eda C\u00f3rdoba: 105 d\u00edas de toma que marcaron un camino\",\"datePublished\":\"2018-08-09T15:00:49+00:00\",\"dateModified\":\"2020-02-05T00:56:06+00:00\",\"mainEntityOfPage\":{\"@id\":\"https:\\\/\\\/vamosporlaliberacion.org\\\/crpmlm\\\/cerveceria-cordoba-105-dias-de-toma-que-marcaron-un-camino\\\/\"},\"wordCount\":3486,\"commentCount\":0,\"image\":{\"@id\":\"https:\\\/\\\/vamosporlaliberacion.org\\\/crpmlm\\\/cerveceria-cordoba-105-dias-de-toma-que-marcaron-un-camino\\\/#primaryimage\"},\"thumbnailUrl\":\"https:\\\/\\\/i0.wp.com\\\/vamosporlaliberacion.org\\\/crpmlm\\\/wp-content\\\/uploads\\\/2018\\\/08\\\/Entrevista-2018-800x600.jpg?fit=800%2C600&ssl=1\",\"keywords\":[\"C\u00f3rdoba\",\"destacado 1\",\"entrevista\",\"historia\",\"vxl 125\"],\"articleSection\":[\"Entrevista\"],\"inLanguage\":\"es\",\"potentialAction\":[{\"@type\":\"CommentAction\",\"name\":\"Comment\",\"target\":[\"https:\\\/\\\/vamosporlaliberacion.org\\\/crpmlm\\\/cerveceria-cordoba-105-dias-de-toma-que-marcaron-un-camino\\\/#respond\"]}]},{\"@type\":\"WebPage\",\"@id\":\"https:\\\/\\\/vamosporlaliberacion.org\\\/crpmlm\\\/cerveceria-cordoba-105-dias-de-toma-que-marcaron-un-camino\\\/\",\"url\":\"https:\\\/\\\/vamosporlaliberacion.org\\\/crpmlm\\\/cerveceria-cordoba-105-dias-de-toma-que-marcaron-un-camino\\\/\",\"name\":\"Cervecer\u00eda C\u00f3rdoba: 105 d\u00edas de toma que marcaron un camino - Vamos por la Liberaci\u00f3n\",\"isPartOf\":{\"@id\":\"https:\\\/\\\/vamosporlaliberacion.org\\\/crpmlm\\\/#website\"},\"primaryImageOfPage\":{\"@id\":\"https:\\\/\\\/vamosporlaliberacion.org\\\/crpmlm\\\/cerveceria-cordoba-105-dias-de-toma-que-marcaron-un-camino\\\/#primaryimage\"},\"image\":{\"@id\":\"https:\\\/\\\/vamosporlaliberacion.org\\\/crpmlm\\\/cerveceria-cordoba-105-dias-de-toma-que-marcaron-un-camino\\\/#primaryimage\"},\"thumbnailUrl\":\"https:\\\/\\\/i0.wp.com\\\/vamosporlaliberacion.org\\\/crpmlm\\\/wp-content\\\/uploads\\\/2018\\\/08\\\/Entrevista-2018-800x600.jpg?fit=800%2C600&ssl=1\",\"datePublished\":\"2018-08-09T15:00:49+00:00\",\"dateModified\":\"2020-02-05T00:56:06+00:00\",\"author\":{\"@id\":\"\"},\"breadcrumb\":{\"@id\":\"https:\\\/\\\/vamosporlaliberacion.org\\\/crpmlm\\\/cerveceria-cordoba-105-dias-de-toma-que-marcaron-un-camino\\\/#breadcrumb\"},\"inLanguage\":\"es\",\"potentialAction\":[{\"@type\":\"ReadAction\",\"target\":[\"https:\\\/\\\/vamosporlaliberacion.org\\\/crpmlm\\\/cerveceria-cordoba-105-dias-de-toma-que-marcaron-un-camino\\\/\"]}]},{\"@type\":\"ImageObject\",\"inLanguage\":\"es\",\"@id\":\"https:\\\/\\\/vamosporlaliberacion.org\\\/crpmlm\\\/cerveceria-cordoba-105-dias-de-toma-que-marcaron-un-camino\\\/#primaryimage\",\"url\":\"https:\\\/\\\/i0.wp.com\\\/vamosporlaliberacion.org\\\/crpmlm\\\/wp-content\\\/uploads\\\/2018\\\/08\\\/Entrevista-2018-800x600.jpg?fit=800%2C600&ssl=1\",\"contentUrl\":\"https:\\\/\\\/i0.wp.com\\\/vamosporlaliberacion.org\\\/crpmlm\\\/wp-content\\\/uploads\\\/2018\\\/08\\\/Entrevista-2018-800x600.jpg?fit=800%2C600&ssl=1\",\"width\":800,\"height\":600},{\"@type\":\"BreadcrumbList\",\"@id\":\"https:\\\/\\\/vamosporlaliberacion.org\\\/crpmlm\\\/cerveceria-cordoba-105-dias-de-toma-que-marcaron-un-camino\\\/#breadcrumb\",\"itemListElement\":[{\"@type\":\"ListItem\",\"position\":1,\"name\":\"Portada\",\"item\":\"https:\\\/\\\/vamosporlaliberacion.org\\\/crpmlm\\\/\"},{\"@type\":\"ListItem\",\"position\":2,\"name\":\"Cervecer\u00eda C\u00f3rdoba: 105 d\u00edas de toma que marcaron un camino\"}]},{\"@type\":\"WebSite\",\"@id\":\"https:\\\/\\\/vamosporlaliberacion.org\\\/crpmlm\\\/#website\",\"url\":\"https:\\\/\\\/vamosporlaliberacion.org\\\/crpmlm\\\/\",\"name\":\"Vamos por la Liberaci\u00f3n\",\"description\":\"Prensa CR\",\"potentialAction\":[{\"@type\":\"SearchAction\",\"target\":{\"@type\":\"EntryPoint\",\"urlTemplate\":\"https:\\\/\\\/vamosporlaliberacion.org\\\/crpmlm\\\/?s={search_term_string}\"},\"query-input\":{\"@type\":\"PropertyValueSpecification\",\"valueRequired\":true,\"valueName\":\"search_term_string\"}}],\"inLanguage\":\"es\"},{\"@type\":\"Person\",\"@id\":\"\",\"url\":\"https:\\\/\\\/vamosporlaliberacion.org\\\/crpmlm\\\/author\\\/\"}]}<\/script>\n<!-- \/ Yoast SEO plugin. -->","yoast_head_json":{"title":"Cervecer\u00eda C\u00f3rdoba: 105 d\u00edas de toma que marcaron un camino - Vamos por la Liberaci\u00f3n","robots":{"index":"index","follow":"follow","max-snippet":"max-snippet:-1","max-image-preview":"max-image-preview:large","max-video-preview":"max-video-preview:-1"},"canonical":"https:\/\/vamosporlaliberacion.org\/crpmlm\/cerveceria-cordoba-105-dias-de-toma-que-marcaron-un-camino\/","twitter_misc":{"Escrito por":"","Tiempo de lectura":"17 minutos"},"schema":{"@context":"https:\/\/schema.org","@graph":[{"@type":"Article","@id":"https:\/\/vamosporlaliberacion.org\/crpmlm\/cerveceria-cordoba-105-dias-de-toma-que-marcaron-un-camino\/#article","isPartOf":{"@id":"https:\/\/vamosporlaliberacion.org\/crpmlm\/cerveceria-cordoba-105-dias-de-toma-que-marcaron-un-camino\/"},"author":{"name":"","@id":""},"headline":"Cervecer\u00eda C\u00f3rdoba: 105 d\u00edas de toma que marcaron un camino","datePublished":"2018-08-09T15:00:49+00:00","dateModified":"2020-02-05T00:56:06+00:00","mainEntityOfPage":{"@id":"https:\/\/vamosporlaliberacion.org\/crpmlm\/cerveceria-cordoba-105-dias-de-toma-que-marcaron-un-camino\/"},"wordCount":3486,"commentCount":0,"image":{"@id":"https:\/\/vamosporlaliberacion.org\/crpmlm\/cerveceria-cordoba-105-dias-de-toma-que-marcaron-un-camino\/#primaryimage"},"thumbnailUrl":"https:\/\/i0.wp.com\/vamosporlaliberacion.org\/crpmlm\/wp-content\/uploads\/2018\/08\/Entrevista-2018-800x600.jpg?fit=800%2C600&ssl=1","keywords":["C\u00f3rdoba","destacado 1","entrevista","historia","vxl 125"],"articleSection":["Entrevista"],"inLanguage":"es","potentialAction":[{"@type":"CommentAction","name":"Comment","target":["https:\/\/vamosporlaliberacion.org\/crpmlm\/cerveceria-cordoba-105-dias-de-toma-que-marcaron-un-camino\/#respond"]}]},{"@type":"WebPage","@id":"https:\/\/vamosporlaliberacion.org\/crpmlm\/cerveceria-cordoba-105-dias-de-toma-que-marcaron-un-camino\/","url":"https:\/\/vamosporlaliberacion.org\/crpmlm\/cerveceria-cordoba-105-dias-de-toma-que-marcaron-un-camino\/","name":"Cervecer\u00eda C\u00f3rdoba: 105 d\u00edas de toma que marcaron un camino - Vamos por la Liberaci\u00f3n","isPartOf":{"@id":"https:\/\/vamosporlaliberacion.org\/crpmlm\/#website"},"primaryImageOfPage":{"@id":"https:\/\/vamosporlaliberacion.org\/crpmlm\/cerveceria-cordoba-105-dias-de-toma-que-marcaron-un-camino\/#primaryimage"},"image":{"@id":"https:\/\/vamosporlaliberacion.org\/crpmlm\/cerveceria-cordoba-105-dias-de-toma-que-marcaron-un-camino\/#primaryimage"},"thumbnailUrl":"https:\/\/i0.wp.com\/vamosporlaliberacion.org\/crpmlm\/wp-content\/uploads\/2018\/08\/Entrevista-2018-800x600.jpg?fit=800%2C600&ssl=1","datePublished":"2018-08-09T15:00:49+00:00","dateModified":"2020-02-05T00:56:06+00:00","author":{"@id":""},"breadcrumb":{"@id":"https:\/\/vamosporlaliberacion.org\/crpmlm\/cerveceria-cordoba-105-dias-de-toma-que-marcaron-un-camino\/#breadcrumb"},"inLanguage":"es","potentialAction":[{"@type":"ReadAction","target":["https:\/\/vamosporlaliberacion.org\/crpmlm\/cerveceria-cordoba-105-dias-de-toma-que-marcaron-un-camino\/"]}]},{"@type":"ImageObject","inLanguage":"es","@id":"https:\/\/vamosporlaliberacion.org\/crpmlm\/cerveceria-cordoba-105-dias-de-toma-que-marcaron-un-camino\/#primaryimage","url":"https:\/\/i0.wp.com\/vamosporlaliberacion.org\/crpmlm\/wp-content\/uploads\/2018\/08\/Entrevista-2018-800x600.jpg?fit=800%2C600&ssl=1","contentUrl":"https:\/\/i0.wp.com\/vamosporlaliberacion.org\/crpmlm\/wp-content\/uploads\/2018\/08\/Entrevista-2018-800x600.jpg?fit=800%2C600&ssl=1","width":800,"height":600},{"@type":"BreadcrumbList","@id":"https:\/\/vamosporlaliberacion.org\/crpmlm\/cerveceria-cordoba-105-dias-de-toma-que-marcaron-un-camino\/#breadcrumb","itemListElement":[{"@type":"ListItem","position":1,"name":"Portada","item":"https:\/\/vamosporlaliberacion.org\/crpmlm\/"},{"@type":"ListItem","position":2,"name":"Cervecer\u00eda C\u00f3rdoba: 105 d\u00edas de toma que marcaron un camino"}]},{"@type":"WebSite","@id":"https:\/\/vamosporlaliberacion.org\/crpmlm\/#website","url":"https:\/\/vamosporlaliberacion.org\/crpmlm\/","name":"Vamos por la Liberaci\u00f3n","description":"Prensa CR","potentialAction":[{"@type":"SearchAction","target":{"@type":"EntryPoint","urlTemplate":"https:\/\/vamosporlaliberacion.org\/crpmlm\/?s={search_term_string}"},"query-input":{"@type":"PropertyValueSpecification","valueRequired":true,"valueName":"search_term_string"}}],"inLanguage":"es"},{"@type":"Person","@id":"","url":"https:\/\/vamosporlaliberacion.org\/crpmlm\/author\/"}]}},"jetpack_featured_media_url":"https:\/\/i0.wp.com\/vamosporlaliberacion.org\/crpmlm\/wp-content\/uploads\/2018\/08\/Entrevista-2018-800x600.jpg?fit=800%2C600&ssl=1","jetpack_sharing_enabled":true,"_links":{"self":[{"href":"https:\/\/vamosporlaliberacion.org\/crpmlm\/wp-json\/wp\/v2\/posts\/12044","targetHints":{"allow":["GET"]}}],"collection":[{"href":"https:\/\/vamosporlaliberacion.org\/crpmlm\/wp-json\/wp\/v2\/posts"}],"about":[{"href":"https:\/\/vamosporlaliberacion.org\/crpmlm\/wp-json\/wp\/v2\/types\/post"}],"author":[{"embeddable":true,"href":"https:\/\/vamosporlaliberacion.org\/crpmlm\/wp-json\/wp\/v2\/users\/5"}],"replies":[{"embeddable":true,"href":"https:\/\/vamosporlaliberacion.org\/crpmlm\/wp-json\/wp\/v2\/comments?post=12044"}],"version-history":[{"count":0,"href":"https:\/\/vamosporlaliberacion.org\/crpmlm\/wp-json\/wp\/v2\/posts\/12044\/revisions"}],"wp:featuredmedia":[{"embeddable":true,"href":"https:\/\/vamosporlaliberacion.org\/crpmlm\/wp-json\/wp\/v2\/media\/12045"}],"wp:attachment":[{"href":"https:\/\/vamosporlaliberacion.org\/crpmlm\/wp-json\/wp\/v2\/media?parent=12044"}],"wp:term":[{"taxonomy":"category","embeddable":true,"href":"https:\/\/vamosporlaliberacion.org\/crpmlm\/wp-json\/wp\/v2\/categories?post=12044"},{"taxonomy":"post_tag","embeddable":true,"href":"https:\/\/vamosporlaliberacion.org\/crpmlm\/wp-json\/wp\/v2\/tags?post=12044"}],"curies":[{"name":"wp","href":"https:\/\/api.w.org\/{rel}","templated":true}]}}