{"id":11793,"date":"2018-05-22T11:15:14","date_gmt":"2018-05-22T14:15:14","guid":{"rendered":"http:\/\/vamosporlaliberacion.org\/crpmlm\/?p=11793"},"modified":"2020-10-12T21:52:15","modified_gmt":"2020-10-13T00:52:15","slug":"urss-primer-pais-en-legalizar-el-derecho-al-aborto","status":"publish","type":"post","link":"https:\/\/vamosporlaliberacion.org\/crpmlm\/urss-primer-pais-en-legalizar-el-derecho-al-aborto\/","title":{"rendered":"URSS: Primer pa\u00eds en legalizar el derecho al aborto"},"content":{"rendered":"<p>En 1917 el proletariado tom\u00f3 el poder, empez\u00f3 a construir la nueva sociedad socialista y conform\u00f3 la Uni\u00f3n Sovi\u00e9tica. En la Rusia zarista las mujeres sufr\u00edan una terrible opresi\u00f3n. No era inusual que fueran compradas y vendidas como esposas o sirvientas y carec\u00edan de igualdad de derechos civiles y pol\u00edticos con los hombres. Esta situaci\u00f3n empez\u00f3 a revertirse con el gobierno sovi\u00e9tico. Se legisl\u00f3 el matrimonio civil y el divorcio, se tomaron medidas para que las mujeres puedan incorporarse al trabajo, la econom\u00eda y la pol\u00edtica sovi\u00e9ticas.<\/p>\n<p>Se crearon diversos establecimientos p\u00fablicos: cocinas y comedores, lavaderos, jardines y todo tipo de establecimientos educativos. Tambi\u00e9n se abri\u00f3 para las mujeres la posibilidad de acceder a la educaci\u00f3n que antes les era negada. De esta manera la mujer sovi\u00e9tica empez\u00f3 un camino de liberaci\u00f3n de la vieja esclavitud dom\u00e9stica y de su total dependencia del marido, pudiendo as\u00ed actuar en la sociedad de acuerdo a sus aptitudes e inclinaciones.<\/p>\n<p>Es en medio de estas transformaciones que en noviembre de 1920 los comisariados de Salud y Justicia legalizaron el aborto mediante un decreto que afirmaba: \u201cDurante los \u00faltimos diez a\u00f1os, el n\u00famero de mujeres que se realizan abortos ha ido creciendo en nuestro pa\u00eds y el mundo entero. La legislaci\u00f3n de todos los pa\u00edses lucha contra este mal mediante el castigo a las mujeres que se deciden por el aborto y a los m\u00e9dicos que lo practican. Este m\u00e9todo no logra ning\u00fan resultado positivo. Empuja a la operaci\u00f3n a la clandestinidad y convierte a las mujeres en v\u00edctimas de abortistas avaros, y a menudo, ignorantes que se aprovechan de esta situaci\u00f3n clandestina.\u201d<\/p>\n<!-- AddThis Advanced Settings generic via filter on the_content --><!-- AddThis Share Buttons generic via filter on the_content -->","protected":false},"excerpt":{"rendered":"<p>En 1917 el proletariado tom\u00f3 el poder, empez\u00f3 a construir la nueva sociedad socialista y conform\u00f3 la Uni\u00f3n Sovi\u00e9tica. En la Rusia zarista las mujeres sufr\u00edan una terrible opresi\u00f3n. No era inusual que fueran compradas y vendidas como esposas o sirvientas y carec\u00edan de igualdad de derechos civiles y pol\u00edticos con los hombres. Esta situaci\u00f3n [&hellip;]<!-- AddThis Advanced Settings generic via filter on get_the_excerpt --><!-- AddThis Share Buttons generic via filter on get_the_excerpt --><\/p>\n","protected":false},"author":5,"featured_media":11795,"comment_status":"open","ping_status":"open","sticky":false,"template":"","format":"standard","meta":{"_jetpack_memberships_contains_paid_content":false,"footnotes":""},"categories":[1875,1853],"tags":[304,1179],"class_list":{"0":"post-11793","1":"post","2":"type-post","3":"status-publish","4":"format-standard","5":"has-post-thumbnail","7":"category-genero","8":"category-historia","9":"tag-aborto","10":"tag-vxl-118"},"yoast_head":"<!-- This site is optimized with the Yoast SEO plugin v27.4 - https:\/\/yoast.com\/product\/yoast-seo-wordpress\/ -->\n<title>URSS: Primer pa\u00eds en legalizar el derecho al aborto - Vamos por la Liberaci\u00f3n<\/title>\n<meta name=\"robots\" content=\"index, follow, max-snippet:-1, max-image-preview:large, max-video-preview:-1\" \/>\n<link rel=\"canonical\" href=\"https:\/\/vamosporlaliberacion.org\/crpmlm\/urss-primer-pais-en-legalizar-el-derecho-al-aborto\/\" \/>\n<meta name=\"twitter:label1\" content=\"Escrito por\" \/>\n\t<meta name=\"twitter:data1\" content=\"\" \/>\n\t<meta name=\"twitter:label2\" content=\"Tiempo de lectura\" \/>\n\t<meta name=\"twitter:data2\" content=\"1 minuto\" \/>\n<script type=\"application\/ld+json\" class=\"yoast-schema-graph\">{\"@context\":\"https:\\\/\\\/schema.org\",\"@graph\":[{\"@type\":\"Article\",\"@id\":\"https:\\\/\\\/vamosporlaliberacion.org\\\/crpmlm\\\/urss-primer-pais-en-legalizar-el-derecho-al-aborto\\\/#article\",\"isPartOf\":{\"@id\":\"https:\\\/\\\/vamosporlaliberacion.org\\\/crpmlm\\\/urss-primer-pais-en-legalizar-el-derecho-al-aborto\\\/\"},\"author\":{\"name\":\"\",\"@id\":\"\"},\"headline\":\"URSS: Primer pa\u00eds en legalizar el derecho al aborto\",\"datePublished\":\"2018-05-22T14:15:14+00:00\",\"dateModified\":\"2020-10-13T00:52:15+00:00\",\"mainEntityOfPage\":{\"@id\":\"https:\\\/\\\/vamosporlaliberacion.org\\\/crpmlm\\\/urss-primer-pais-en-legalizar-el-derecho-al-aborto\\\/\"},\"wordCount\":305,\"commentCount\":0,\"image\":{\"@id\":\"https:\\\/\\\/vamosporlaliberacion.org\\\/crpmlm\\\/urss-primer-pais-en-legalizar-el-derecho-al-aborto\\\/#primaryimage\"},\"thumbnailUrl\":\"https:\\\/\\\/i0.wp.com\\\/vamosporlaliberacion.org\\\/crpmlm\\\/wp-content\\\/uploads\\\/2018\\\/05\\\/mujer-urss.jpg?fit=900%2C625&ssl=1\",\"keywords\":[\"Aborto\",\"vxl 118\"],\"articleSection\":[\"Genero\",\"Historia \\\/ Teor\u00eda\"],\"inLanguage\":\"es\",\"potentialAction\":[{\"@type\":\"CommentAction\",\"name\":\"Comment\",\"target\":[\"https:\\\/\\\/vamosporlaliberacion.org\\\/crpmlm\\\/urss-primer-pais-en-legalizar-el-derecho-al-aborto\\\/#respond\"]}]},{\"@type\":\"WebPage\",\"@id\":\"https:\\\/\\\/vamosporlaliberacion.org\\\/crpmlm\\\/urss-primer-pais-en-legalizar-el-derecho-al-aborto\\\/\",\"url\":\"https:\\\/\\\/vamosporlaliberacion.org\\\/crpmlm\\\/urss-primer-pais-en-legalizar-el-derecho-al-aborto\\\/\",\"name\":\"URSS: Primer pa\u00eds en legalizar el derecho al aborto - Vamos por la Liberaci\u00f3n\",\"isPartOf\":{\"@id\":\"https:\\\/\\\/vamosporlaliberacion.org\\\/crpmlm\\\/#website\"},\"primaryImageOfPage\":{\"@id\":\"https:\\\/\\\/vamosporlaliberacion.org\\\/crpmlm\\\/urss-primer-pais-en-legalizar-el-derecho-al-aborto\\\/#primaryimage\"},\"image\":{\"@id\":\"https:\\\/\\\/vamosporlaliberacion.org\\\/crpmlm\\\/urss-primer-pais-en-legalizar-el-derecho-al-aborto\\\/#primaryimage\"},\"thumbnailUrl\":\"https:\\\/\\\/i0.wp.com\\\/vamosporlaliberacion.org\\\/crpmlm\\\/wp-content\\\/uploads\\\/2018\\\/05\\\/mujer-urss.jpg?fit=900%2C625&ssl=1\",\"datePublished\":\"2018-05-22T14:15:14+00:00\",\"dateModified\":\"2020-10-13T00:52:15+00:00\",\"author\":{\"@id\":\"\"},\"breadcrumb\":{\"@id\":\"https:\\\/\\\/vamosporlaliberacion.org\\\/crpmlm\\\/urss-primer-pais-en-legalizar-el-derecho-al-aborto\\\/#breadcrumb\"},\"inLanguage\":\"es\",\"potentialAction\":[{\"@type\":\"ReadAction\",\"target\":[\"https:\\\/\\\/vamosporlaliberacion.org\\\/crpmlm\\\/urss-primer-pais-en-legalizar-el-derecho-al-aborto\\\/\"]}]},{\"@type\":\"ImageObject\",\"inLanguage\":\"es\",\"@id\":\"https:\\\/\\\/vamosporlaliberacion.org\\\/crpmlm\\\/urss-primer-pais-en-legalizar-el-derecho-al-aborto\\\/#primaryimage\",\"url\":\"https:\\\/\\\/i0.wp.com\\\/vamosporlaliberacion.org\\\/crpmlm\\\/wp-content\\\/uploads\\\/2018\\\/05\\\/mujer-urss.jpg?fit=900%2C625&ssl=1\",\"contentUrl\":\"https:\\\/\\\/i0.wp.com\\\/vamosporlaliberacion.org\\\/crpmlm\\\/wp-content\\\/uploads\\\/2018\\\/05\\\/mujer-urss.jpg?fit=900%2C625&ssl=1\",\"width\":900,\"height\":625},{\"@type\":\"BreadcrumbList\",\"@id\":\"https:\\\/\\\/vamosporlaliberacion.org\\\/crpmlm\\\/urss-primer-pais-en-legalizar-el-derecho-al-aborto\\\/#breadcrumb\",\"itemListElement\":[{\"@type\":\"ListItem\",\"position\":1,\"name\":\"Portada\",\"item\":\"https:\\\/\\\/vamosporlaliberacion.org\\\/crpmlm\\\/\"},{\"@type\":\"ListItem\",\"position\":2,\"name\":\"URSS: Primer pa\u00eds en legalizar el derecho al aborto\"}]},{\"@type\":\"WebSite\",\"@id\":\"https:\\\/\\\/vamosporlaliberacion.org\\\/crpmlm\\\/#website\",\"url\":\"https:\\\/\\\/vamosporlaliberacion.org\\\/crpmlm\\\/\",\"name\":\"Vamos por la Liberaci\u00f3n\",\"description\":\"Prensa CR\",\"potentialAction\":[{\"@type\":\"SearchAction\",\"target\":{\"@type\":\"EntryPoint\",\"urlTemplate\":\"https:\\\/\\\/vamosporlaliberacion.org\\\/crpmlm\\\/?s={search_term_string}\"},\"query-input\":{\"@type\":\"PropertyValueSpecification\",\"valueRequired\":true,\"valueName\":\"search_term_string\"}}],\"inLanguage\":\"es\"},{\"@type\":\"Person\",\"@id\":\"\",\"url\":\"https:\\\/\\\/vamosporlaliberacion.org\\\/crpmlm\\\/author\\\/\"}]}<\/script>\n<!-- \/ Yoast SEO plugin. -->","yoast_head_json":{"title":"URSS: Primer pa\u00eds en legalizar el derecho al aborto - Vamos por la Liberaci\u00f3n","robots":{"index":"index","follow":"follow","max-snippet":"max-snippet:-1","max-image-preview":"max-image-preview:large","max-video-preview":"max-video-preview:-1"},"canonical":"https:\/\/vamosporlaliberacion.org\/crpmlm\/urss-primer-pais-en-legalizar-el-derecho-al-aborto\/","twitter_misc":{"Escrito por":"","Tiempo de lectura":"1 minuto"},"schema":{"@context":"https:\/\/schema.org","@graph":[{"@type":"Article","@id":"https:\/\/vamosporlaliberacion.org\/crpmlm\/urss-primer-pais-en-legalizar-el-derecho-al-aborto\/#article","isPartOf":{"@id":"https:\/\/vamosporlaliberacion.org\/crpmlm\/urss-primer-pais-en-legalizar-el-derecho-al-aborto\/"},"author":{"name":"","@id":""},"headline":"URSS: Primer pa\u00eds en legalizar el derecho al aborto","datePublished":"2018-05-22T14:15:14+00:00","dateModified":"2020-10-13T00:52:15+00:00","mainEntityOfPage":{"@id":"https:\/\/vamosporlaliberacion.org\/crpmlm\/urss-primer-pais-en-legalizar-el-derecho-al-aborto\/"},"wordCount":305,"commentCount":0,"image":{"@id":"https:\/\/vamosporlaliberacion.org\/crpmlm\/urss-primer-pais-en-legalizar-el-derecho-al-aborto\/#primaryimage"},"thumbnailUrl":"https:\/\/i0.wp.com\/vamosporlaliberacion.org\/crpmlm\/wp-content\/uploads\/2018\/05\/mujer-urss.jpg?fit=900%2C625&ssl=1","keywords":["Aborto","vxl 118"],"articleSection":["Genero","Historia \/ Teor\u00eda"],"inLanguage":"es","potentialAction":[{"@type":"CommentAction","name":"Comment","target":["https:\/\/vamosporlaliberacion.org\/crpmlm\/urss-primer-pais-en-legalizar-el-derecho-al-aborto\/#respond"]}]},{"@type":"WebPage","@id":"https:\/\/vamosporlaliberacion.org\/crpmlm\/urss-primer-pais-en-legalizar-el-derecho-al-aborto\/","url":"https:\/\/vamosporlaliberacion.org\/crpmlm\/urss-primer-pais-en-legalizar-el-derecho-al-aborto\/","name":"URSS: Primer pa\u00eds en legalizar el derecho al aborto - Vamos por la Liberaci\u00f3n","isPartOf":{"@id":"https:\/\/vamosporlaliberacion.org\/crpmlm\/#website"},"primaryImageOfPage":{"@id":"https:\/\/vamosporlaliberacion.org\/crpmlm\/urss-primer-pais-en-legalizar-el-derecho-al-aborto\/#primaryimage"},"image":{"@id":"https:\/\/vamosporlaliberacion.org\/crpmlm\/urss-primer-pais-en-legalizar-el-derecho-al-aborto\/#primaryimage"},"thumbnailUrl":"https:\/\/i0.wp.com\/vamosporlaliberacion.org\/crpmlm\/wp-content\/uploads\/2018\/05\/mujer-urss.jpg?fit=900%2C625&ssl=1","datePublished":"2018-05-22T14:15:14+00:00","dateModified":"2020-10-13T00:52:15+00:00","author":{"@id":""},"breadcrumb":{"@id":"https:\/\/vamosporlaliberacion.org\/crpmlm\/urss-primer-pais-en-legalizar-el-derecho-al-aborto\/#breadcrumb"},"inLanguage":"es","potentialAction":[{"@type":"ReadAction","target":["https:\/\/vamosporlaliberacion.org\/crpmlm\/urss-primer-pais-en-legalizar-el-derecho-al-aborto\/"]}]},{"@type":"ImageObject","inLanguage":"es","@id":"https:\/\/vamosporlaliberacion.org\/crpmlm\/urss-primer-pais-en-legalizar-el-derecho-al-aborto\/#primaryimage","url":"https:\/\/i0.wp.com\/vamosporlaliberacion.org\/crpmlm\/wp-content\/uploads\/2018\/05\/mujer-urss.jpg?fit=900%2C625&ssl=1","contentUrl":"https:\/\/i0.wp.com\/vamosporlaliberacion.org\/crpmlm\/wp-content\/uploads\/2018\/05\/mujer-urss.jpg?fit=900%2C625&ssl=1","width":900,"height":625},{"@type":"BreadcrumbList","@id":"https:\/\/vamosporlaliberacion.org\/crpmlm\/urss-primer-pais-en-legalizar-el-derecho-al-aborto\/#breadcrumb","itemListElement":[{"@type":"ListItem","position":1,"name":"Portada","item":"https:\/\/vamosporlaliberacion.org\/crpmlm\/"},{"@type":"ListItem","position":2,"name":"URSS: Primer pa\u00eds en legalizar el derecho al aborto"}]},{"@type":"WebSite","@id":"https:\/\/vamosporlaliberacion.org\/crpmlm\/#website","url":"https:\/\/vamosporlaliberacion.org\/crpmlm\/","name":"Vamos por la Liberaci\u00f3n","description":"Prensa CR","potentialAction":[{"@type":"SearchAction","target":{"@type":"EntryPoint","urlTemplate":"https:\/\/vamosporlaliberacion.org\/crpmlm\/?s={search_term_string}"},"query-input":{"@type":"PropertyValueSpecification","valueRequired":true,"valueName":"search_term_string"}}],"inLanguage":"es"},{"@type":"Person","@id":"","url":"https:\/\/vamosporlaliberacion.org\/crpmlm\/author\/"}]}},"jetpack_featured_media_url":"https:\/\/i0.wp.com\/vamosporlaliberacion.org\/crpmlm\/wp-content\/uploads\/2018\/05\/mujer-urss.jpg?fit=900%2C625&ssl=1","jetpack_sharing_enabled":true,"_links":{"self":[{"href":"https:\/\/vamosporlaliberacion.org\/crpmlm\/wp-json\/wp\/v2\/posts\/11793","targetHints":{"allow":["GET"]}}],"collection":[{"href":"https:\/\/vamosporlaliberacion.org\/crpmlm\/wp-json\/wp\/v2\/posts"}],"about":[{"href":"https:\/\/vamosporlaliberacion.org\/crpmlm\/wp-json\/wp\/v2\/types\/post"}],"author":[{"embeddable":true,"href":"https:\/\/vamosporlaliberacion.org\/crpmlm\/wp-json\/wp\/v2\/users\/5"}],"replies":[{"embeddable":true,"href":"https:\/\/vamosporlaliberacion.org\/crpmlm\/wp-json\/wp\/v2\/comments?post=11793"}],"version-history":[{"count":1,"href":"https:\/\/vamosporlaliberacion.org\/crpmlm\/wp-json\/wp\/v2\/posts\/11793\/revisions"}],"predecessor-version":[{"id":20042,"href":"https:\/\/vamosporlaliberacion.org\/crpmlm\/wp-json\/wp\/v2\/posts\/11793\/revisions\/20042"}],"wp:featuredmedia":[{"embeddable":true,"href":"https:\/\/vamosporlaliberacion.org\/crpmlm\/wp-json\/wp\/v2\/media\/11795"}],"wp:attachment":[{"href":"https:\/\/vamosporlaliberacion.org\/crpmlm\/wp-json\/wp\/v2\/media?parent=11793"}],"wp:term":[{"taxonomy":"category","embeddable":true,"href":"https:\/\/vamosporlaliberacion.org\/crpmlm\/wp-json\/wp\/v2\/categories?post=11793"},{"taxonomy":"post_tag","embeddable":true,"href":"https:\/\/vamosporlaliberacion.org\/crpmlm\/wp-json\/wp\/v2\/tags?post=11793"}],"curies":[{"name":"wp","href":"https:\/\/api.w.org\/{rel}","templated":true}]}}