{"id":11781,"date":"2018-06-21T22:31:24","date_gmt":"2018-06-22T01:31:24","guid":{"rendered":"http:\/\/vamosporlaliberacion.org\/crpmlm\/?p=11781"},"modified":"2020-10-12T21:55:04","modified_gmt":"2020-10-13T00:55:04","slug":"sin-aborto-legal-no-hay-ni-una-menos","status":"publish","type":"post","link":"https:\/\/vamosporlaliberacion.org\/crpmlm\/sin-aborto-legal-no-hay-ni-una-menos\/","title":{"rendered":"Sin aborto legal no hay Ni Una Menos"},"content":{"rendered":"<p>A pesar del fr\u00edo y la lluvia, miles de personas con pa\u00f1uelos verdes ganamos las calles en la cuarta marcha por #NiUnaMenos en todo el pa\u00eds. Tanto el domingo 3 en la mayor\u00eda de las ciudades y el lunes 4 de junio en la Ciudad de Buenos Aires, con una marcha que recorri\u00f3 desde la Plaza de Mayo hasta el Congreso levantando varias consignas. La principal fue \u201cSin aborto legal no hay Ni Una Menos\u201d.<\/p>\n<p>Tambi\u00e9n se hizo sentir el rechazo al FMI, al ajuste y la deuda externa\u201d y contra toda forma de violencia de g\u00e9nero.<\/p>\n<p>\u201cEstamos haciendo historia\u201d, dec\u00eda el documento que se ley\u00f3 al llegar al Congreso, y convocaba a participar masivamente de la concentraci\u00f3n y vigilia el d\u00eda 13 de junio cuando se votar\u00e1 en Diputados el derecho al aborto. Al finalizar, se realiz\u00f3 un gran pa\u00f1uelazo.<\/p>\n<!-- AddThis Advanced Settings generic via filter on the_content --><!-- AddThis Share Buttons generic via filter on the_content -->","protected":false},"excerpt":{"rendered":"<p>A pesar del fr\u00edo y la lluvia, miles de personas con pa\u00f1uelos verdes ganamos las calles en la cuarta marcha por #NiUnaMenos en todo el pa\u00eds. Tanto el domingo 3 en la mayor\u00eda de las ciudades y el lunes 4 de junio en la Ciudad de Buenos Aires, con una marcha que recorri\u00f3 desde la [&hellip;]<!-- AddThis Advanced Settings generic via filter on get_the_excerpt --><!-- AddThis Share Buttons generic via filter on get_the_excerpt --><\/p>\n","protected":false},"author":5,"featured_media":11782,"comment_status":"open","ping_status":"open","sticky":false,"template":"","format":"standard","meta":{"_jetpack_memberships_contains_paid_content":false,"footnotes":""},"categories":[1875],"tags":[304,1191],"class_list":{"0":"post-11781","1":"post","2":"type-post","3":"status-publish","4":"format-standard","5":"has-post-thumbnail","7":"category-genero","8":"tag-aborto","9":"tag-vxl-121"},"yoast_head":"<!-- This site is optimized with the Yoast SEO plugin v27.4 - https:\/\/yoast.com\/product\/yoast-seo-wordpress\/ -->\n<title>Sin aborto legal no hay Ni Una Menos - Vamos por la Liberaci\u00f3n<\/title>\n<meta name=\"robots\" content=\"index, follow, max-snippet:-1, max-image-preview:large, max-video-preview:-1\" \/>\n<link rel=\"canonical\" href=\"https:\/\/vamosporlaliberacion.org\/crpmlm\/sin-aborto-legal-no-hay-ni-una-menos\/\" \/>\n<meta name=\"twitter:label1\" content=\"Escrito por\" \/>\n\t<meta name=\"twitter:data1\" content=\"\" \/>\n\t<meta name=\"twitter:label2\" content=\"Tiempo de lectura\" \/>\n\t<meta name=\"twitter:data2\" content=\"1 minuto\" \/>\n<script type=\"application\/ld+json\" class=\"yoast-schema-graph\">{\"@context\":\"https:\\\/\\\/schema.org\",\"@graph\":[{\"@type\":\"Article\",\"@id\":\"https:\\\/\\\/vamosporlaliberacion.org\\\/crpmlm\\\/sin-aborto-legal-no-hay-ni-una-menos\\\/#article\",\"isPartOf\":{\"@id\":\"https:\\\/\\\/vamosporlaliberacion.org\\\/crpmlm\\\/sin-aborto-legal-no-hay-ni-una-menos\\\/\"},\"author\":{\"name\":\"\",\"@id\":\"\"},\"headline\":\"Sin aborto legal no hay Ni Una Menos\",\"datePublished\":\"2018-06-22T01:31:24+00:00\",\"dateModified\":\"2020-10-13T00:55:04+00:00\",\"mainEntityOfPage\":{\"@id\":\"https:\\\/\\\/vamosporlaliberacion.org\\\/crpmlm\\\/sin-aborto-legal-no-hay-ni-una-menos\\\/\"},\"wordCount\":156,\"commentCount\":0,\"image\":{\"@id\":\"https:\\\/\\\/vamosporlaliberacion.org\\\/crpmlm\\\/sin-aborto-legal-no-hay-ni-una-menos\\\/#primaryimage\"},\"thumbnailUrl\":\"https:\\\/\\\/i0.wp.com\\\/vamosporlaliberacion.org\\\/crpmlm\\\/wp-content\\\/uploads\\\/2018\\\/06\\\/CABA.jpg?fit=1280%2C959&ssl=1\",\"keywords\":[\"Aborto\",\"vxl 121\"],\"articleSection\":[\"Genero\"],\"inLanguage\":\"es\",\"potentialAction\":[{\"@type\":\"CommentAction\",\"name\":\"Comment\",\"target\":[\"https:\\\/\\\/vamosporlaliberacion.org\\\/crpmlm\\\/sin-aborto-legal-no-hay-ni-una-menos\\\/#respond\"]}]},{\"@type\":\"WebPage\",\"@id\":\"https:\\\/\\\/vamosporlaliberacion.org\\\/crpmlm\\\/sin-aborto-legal-no-hay-ni-una-menos\\\/\",\"url\":\"https:\\\/\\\/vamosporlaliberacion.org\\\/crpmlm\\\/sin-aborto-legal-no-hay-ni-una-menos\\\/\",\"name\":\"Sin aborto legal no hay Ni Una Menos - Vamos por la Liberaci\u00f3n\",\"isPartOf\":{\"@id\":\"https:\\\/\\\/vamosporlaliberacion.org\\\/crpmlm\\\/#website\"},\"primaryImageOfPage\":{\"@id\":\"https:\\\/\\\/vamosporlaliberacion.org\\\/crpmlm\\\/sin-aborto-legal-no-hay-ni-una-menos\\\/#primaryimage\"},\"image\":{\"@id\":\"https:\\\/\\\/vamosporlaliberacion.org\\\/crpmlm\\\/sin-aborto-legal-no-hay-ni-una-menos\\\/#primaryimage\"},\"thumbnailUrl\":\"https:\\\/\\\/i0.wp.com\\\/vamosporlaliberacion.org\\\/crpmlm\\\/wp-content\\\/uploads\\\/2018\\\/06\\\/CABA.jpg?fit=1280%2C959&ssl=1\",\"datePublished\":\"2018-06-22T01:31:24+00:00\",\"dateModified\":\"2020-10-13T00:55:04+00:00\",\"author\":{\"@id\":\"\"},\"breadcrumb\":{\"@id\":\"https:\\\/\\\/vamosporlaliberacion.org\\\/crpmlm\\\/sin-aborto-legal-no-hay-ni-una-menos\\\/#breadcrumb\"},\"inLanguage\":\"es\",\"potentialAction\":[{\"@type\":\"ReadAction\",\"target\":[\"https:\\\/\\\/vamosporlaliberacion.org\\\/crpmlm\\\/sin-aborto-legal-no-hay-ni-una-menos\\\/\"]}]},{\"@type\":\"ImageObject\",\"inLanguage\":\"es\",\"@id\":\"https:\\\/\\\/vamosporlaliberacion.org\\\/crpmlm\\\/sin-aborto-legal-no-hay-ni-una-menos\\\/#primaryimage\",\"url\":\"https:\\\/\\\/i0.wp.com\\\/vamosporlaliberacion.org\\\/crpmlm\\\/wp-content\\\/uploads\\\/2018\\\/06\\\/CABA.jpg?fit=1280%2C959&ssl=1\",\"contentUrl\":\"https:\\\/\\\/i0.wp.com\\\/vamosporlaliberacion.org\\\/crpmlm\\\/wp-content\\\/uploads\\\/2018\\\/06\\\/CABA.jpg?fit=1280%2C959&ssl=1\",\"width\":1280,\"height\":959},{\"@type\":\"BreadcrumbList\",\"@id\":\"https:\\\/\\\/vamosporlaliberacion.org\\\/crpmlm\\\/sin-aborto-legal-no-hay-ni-una-menos\\\/#breadcrumb\",\"itemListElement\":[{\"@type\":\"ListItem\",\"position\":1,\"name\":\"Portada\",\"item\":\"https:\\\/\\\/vamosporlaliberacion.org\\\/crpmlm\\\/\"},{\"@type\":\"ListItem\",\"position\":2,\"name\":\"Sin aborto legal no hay Ni Una Menos\"}]},{\"@type\":\"WebSite\",\"@id\":\"https:\\\/\\\/vamosporlaliberacion.org\\\/crpmlm\\\/#website\",\"url\":\"https:\\\/\\\/vamosporlaliberacion.org\\\/crpmlm\\\/\",\"name\":\"Vamos por la Liberaci\u00f3n\",\"description\":\"Prensa CR\",\"potentialAction\":[{\"@type\":\"SearchAction\",\"target\":{\"@type\":\"EntryPoint\",\"urlTemplate\":\"https:\\\/\\\/vamosporlaliberacion.org\\\/crpmlm\\\/?s={search_term_string}\"},\"query-input\":{\"@type\":\"PropertyValueSpecification\",\"valueRequired\":true,\"valueName\":\"search_term_string\"}}],\"inLanguage\":\"es\"},{\"@type\":\"Person\",\"@id\":\"\",\"url\":\"https:\\\/\\\/vamosporlaliberacion.org\\\/crpmlm\\\/author\\\/\"}]}<\/script>\n<!-- \/ Yoast SEO plugin. -->","yoast_head_json":{"title":"Sin aborto legal no hay Ni Una Menos - Vamos por la Liberaci\u00f3n","robots":{"index":"index","follow":"follow","max-snippet":"max-snippet:-1","max-image-preview":"max-image-preview:large","max-video-preview":"max-video-preview:-1"},"canonical":"https:\/\/vamosporlaliberacion.org\/crpmlm\/sin-aborto-legal-no-hay-ni-una-menos\/","twitter_misc":{"Escrito por":"","Tiempo de lectura":"1 minuto"},"schema":{"@context":"https:\/\/schema.org","@graph":[{"@type":"Article","@id":"https:\/\/vamosporlaliberacion.org\/crpmlm\/sin-aborto-legal-no-hay-ni-una-menos\/#article","isPartOf":{"@id":"https:\/\/vamosporlaliberacion.org\/crpmlm\/sin-aborto-legal-no-hay-ni-una-menos\/"},"author":{"name":"","@id":""},"headline":"Sin aborto legal no hay Ni Una Menos","datePublished":"2018-06-22T01:31:24+00:00","dateModified":"2020-10-13T00:55:04+00:00","mainEntityOfPage":{"@id":"https:\/\/vamosporlaliberacion.org\/crpmlm\/sin-aborto-legal-no-hay-ni-una-menos\/"},"wordCount":156,"commentCount":0,"image":{"@id":"https:\/\/vamosporlaliberacion.org\/crpmlm\/sin-aborto-legal-no-hay-ni-una-menos\/#primaryimage"},"thumbnailUrl":"https:\/\/i0.wp.com\/vamosporlaliberacion.org\/crpmlm\/wp-content\/uploads\/2018\/06\/CABA.jpg?fit=1280%2C959&ssl=1","keywords":["Aborto","vxl 121"],"articleSection":["Genero"],"inLanguage":"es","potentialAction":[{"@type":"CommentAction","name":"Comment","target":["https:\/\/vamosporlaliberacion.org\/crpmlm\/sin-aborto-legal-no-hay-ni-una-menos\/#respond"]}]},{"@type":"WebPage","@id":"https:\/\/vamosporlaliberacion.org\/crpmlm\/sin-aborto-legal-no-hay-ni-una-menos\/","url":"https:\/\/vamosporlaliberacion.org\/crpmlm\/sin-aborto-legal-no-hay-ni-una-menos\/","name":"Sin aborto legal no hay Ni Una Menos - Vamos por la Liberaci\u00f3n","isPartOf":{"@id":"https:\/\/vamosporlaliberacion.org\/crpmlm\/#website"},"primaryImageOfPage":{"@id":"https:\/\/vamosporlaliberacion.org\/crpmlm\/sin-aborto-legal-no-hay-ni-una-menos\/#primaryimage"},"image":{"@id":"https:\/\/vamosporlaliberacion.org\/crpmlm\/sin-aborto-legal-no-hay-ni-una-menos\/#primaryimage"},"thumbnailUrl":"https:\/\/i0.wp.com\/vamosporlaliberacion.org\/crpmlm\/wp-content\/uploads\/2018\/06\/CABA.jpg?fit=1280%2C959&ssl=1","datePublished":"2018-06-22T01:31:24+00:00","dateModified":"2020-10-13T00:55:04+00:00","author":{"@id":""},"breadcrumb":{"@id":"https:\/\/vamosporlaliberacion.org\/crpmlm\/sin-aborto-legal-no-hay-ni-una-menos\/#breadcrumb"},"inLanguage":"es","potentialAction":[{"@type":"ReadAction","target":["https:\/\/vamosporlaliberacion.org\/crpmlm\/sin-aborto-legal-no-hay-ni-una-menos\/"]}]},{"@type":"ImageObject","inLanguage":"es","@id":"https:\/\/vamosporlaliberacion.org\/crpmlm\/sin-aborto-legal-no-hay-ni-una-menos\/#primaryimage","url":"https:\/\/i0.wp.com\/vamosporlaliberacion.org\/crpmlm\/wp-content\/uploads\/2018\/06\/CABA.jpg?fit=1280%2C959&ssl=1","contentUrl":"https:\/\/i0.wp.com\/vamosporlaliberacion.org\/crpmlm\/wp-content\/uploads\/2018\/06\/CABA.jpg?fit=1280%2C959&ssl=1","width":1280,"height":959},{"@type":"BreadcrumbList","@id":"https:\/\/vamosporlaliberacion.org\/crpmlm\/sin-aborto-legal-no-hay-ni-una-menos\/#breadcrumb","itemListElement":[{"@type":"ListItem","position":1,"name":"Portada","item":"https:\/\/vamosporlaliberacion.org\/crpmlm\/"},{"@type":"ListItem","position":2,"name":"Sin aborto legal no hay Ni Una Menos"}]},{"@type":"WebSite","@id":"https:\/\/vamosporlaliberacion.org\/crpmlm\/#website","url":"https:\/\/vamosporlaliberacion.org\/crpmlm\/","name":"Vamos por la Liberaci\u00f3n","description":"Prensa CR","potentialAction":[{"@type":"SearchAction","target":{"@type":"EntryPoint","urlTemplate":"https:\/\/vamosporlaliberacion.org\/crpmlm\/?s={search_term_string}"},"query-input":{"@type":"PropertyValueSpecification","valueRequired":true,"valueName":"search_term_string"}}],"inLanguage":"es"},{"@type":"Person","@id":"","url":"https:\/\/vamosporlaliberacion.org\/crpmlm\/author\/"}]}},"jetpack_featured_media_url":"https:\/\/i0.wp.com\/vamosporlaliberacion.org\/crpmlm\/wp-content\/uploads\/2018\/06\/CABA.jpg?fit=1280%2C959&ssl=1","jetpack_sharing_enabled":true,"_links":{"self":[{"href":"https:\/\/vamosporlaliberacion.org\/crpmlm\/wp-json\/wp\/v2\/posts\/11781","targetHints":{"allow":["GET"]}}],"collection":[{"href":"https:\/\/vamosporlaliberacion.org\/crpmlm\/wp-json\/wp\/v2\/posts"}],"about":[{"href":"https:\/\/vamosporlaliberacion.org\/crpmlm\/wp-json\/wp\/v2\/types\/post"}],"author":[{"embeddable":true,"href":"https:\/\/vamosporlaliberacion.org\/crpmlm\/wp-json\/wp\/v2\/users\/5"}],"replies":[{"embeddable":true,"href":"https:\/\/vamosporlaliberacion.org\/crpmlm\/wp-json\/wp\/v2\/comments?post=11781"}],"version-history":[{"count":1,"href":"https:\/\/vamosporlaliberacion.org\/crpmlm\/wp-json\/wp\/v2\/posts\/11781\/revisions"}],"predecessor-version":[{"id":20044,"href":"https:\/\/vamosporlaliberacion.org\/crpmlm\/wp-json\/wp\/v2\/posts\/11781\/revisions\/20044"}],"wp:featuredmedia":[{"embeddable":true,"href":"https:\/\/vamosporlaliberacion.org\/crpmlm\/wp-json\/wp\/v2\/media\/11782"}],"wp:attachment":[{"href":"https:\/\/vamosporlaliberacion.org\/crpmlm\/wp-json\/wp\/v2\/media?parent=11781"}],"wp:term":[{"taxonomy":"category","embeddable":true,"href":"https:\/\/vamosporlaliberacion.org\/crpmlm\/wp-json\/wp\/v2\/categories?post=11781"},{"taxonomy":"post_tag","embeddable":true,"href":"https:\/\/vamosporlaliberacion.org\/crpmlm\/wp-json\/wp\/v2\/tags?post=11781"}],"curies":[{"name":"wp","href":"https:\/\/api.w.org\/{rel}","templated":true}]}}