{"id":11778,"date":"2018-06-21T22:27:49","date_gmt":"2018-06-22T01:27:49","guid":{"rendered":"http:\/\/vamosporlaliberacion.org\/crpmlm\/?p=11778"},"modified":"2020-10-12T21:53:26","modified_gmt":"2020-10-13T00:53:26","slug":"despenalizacion-del-aborto-el-proyecto","status":"publish","type":"post","link":"https:\/\/vamosporlaliberacion.org\/crpmlm\/despenalizacion-del-aborto-el-proyecto\/","title":{"rendered":"Despenalizaci\u00f3n del Aborto: El proyecto"},"content":{"rendered":"<p>El dictamen, de 22 art\u00edculos, garantiza el derecho de las mujeres o personas gestantes al acceso a la Interrupci\u00f3n Voluntaria del Embarazo (IVE) hasta la semana 14 de gestaci\u00f3n. En el art\u00edculo 3 se fijan las excepciones por las cuales no correr\u00eda ese plazo: por violaciones, ante riesgo de vida o de la salud de la persona gestante, o ante el diagn\u00f3stico de \u201cinviabilidad de vida extrauterina del feto\u201d.<\/p>\n<p>En el articulo 5 hace referencia a las adolescentes y ni\u00f1as menores de 16 a\u00f1os, las cuales podr\u00edan acceder a la IVE de acuerdo a lo que dice el C\u00f3digo Civil en su art\u00edculo 26 (pueden realizarse pr\u00e1cticas medicas no invasivas) y adem\u00e1s en referencia a la ley 26.061 de protecci\u00f3n Integral de Derechos de Ni\u00f1os, Ni\u00f1as y adolescentes, donde establece que las ni\u00f1as y adolescentes tienen derechos a ser escuchadas y a que se respete su inter\u00e9s.<\/p>\n<p>El plazo m\u00e1ximo previsto en el art\u00edculo 7 para acceder a la interrupci\u00f3n del embarazo en el sistema de salud es de cinco d\u00edas corridos desde su requerimiento.<\/p>\n<p>En el art\u00edculo 11 se establece que la objeci\u00f3n de conciencia solo es permitida de manera individual y no institucional, y que debe ser manifestada con anterioridad y por escrito a la autoridad m\u00e1xima de la instituci\u00f3n de salud, la cual deber\u00e1 tener un registro de objetores. De todos modos esta objeci\u00f3n no es v\u00e1lida cuando la persona que requiere el aborto de manera urgente.<\/p>\n<p>En el art\u00edculo 13 el dictamen exige el cumplimiento de los programas de salud y educaci\u00f3n sexual integral, como as\u00ed tambi\u00e9n de la capacitaci\u00f3n del personal que debe llevarlos a cabo.<\/p>\n<p>Un elemento importante es que el dictamen adopta como definici\u00f3n de salud la emanada de la Organizaci\u00f3n Mundial de la Salud que la describe como el \u201ccompleto estado de bienestar f\u00edsico, social y mental\u201d, lo que ampl\u00eda la causal salud que generalmente es interpretada solamente como da\u00f1o f\u00edsico.<\/p>\n<p>Por \u00faltimo se establece que la presente es una ley \u201cde orden p\u00fablico\u201d, lo que significa que es de aplicaci\u00f3n obligatoria en todo el pa\u00eds. Este art\u00edculo tiene que ver con la resistencia que se espera que pongan algunas provincias para su aplicaci\u00f3n.<\/p>\n<p><iframe loading=\"lazy\" src=\"https:\/\/drive.google.com\/file\/d\/1PE1LdxEyeVTrKtX_LyX4k51hsqHcFs8Z\/preview\" width=\"640\" height=\"480\"><\/iframe><\/p>\n<!-- AddThis Advanced Settings generic via filter on the_content --><!-- AddThis Share Buttons generic via filter on the_content -->","protected":false},"excerpt":{"rendered":"<p>El dictamen, de 22 art\u00edculos, garantiza el derecho de las mujeres o personas gestantes al acceso a la Interrupci\u00f3n Voluntaria del Embarazo (IVE) hasta la semana 14 de gestaci\u00f3n. En el art\u00edculo 3 se fijan las excepciones por las cuales no correr\u00eda ese plazo: por violaciones, ante riesgo de vida o de la salud de [&hellip;]<!-- AddThis Advanced Settings generic via filter on get_the_excerpt --><!-- AddThis Share Buttons generic via filter on get_the_excerpt --><\/p>\n","protected":false},"author":5,"featured_media":11779,"comment_status":"open","ping_status":"open","sticky":false,"template":"","format":"standard","meta":{"_jetpack_memberships_contains_paid_content":false,"footnotes":""},"categories":[1875],"tags":[304,1191],"class_list":{"0":"post-11778","1":"post","2":"type-post","3":"status-publish","4":"format-standard","5":"has-post-thumbnail","7":"category-genero","8":"tag-aborto","9":"tag-vxl-121"},"yoast_head":"<!-- This site is optimized with the Yoast SEO plugin v27.4 - https:\/\/yoast.com\/product\/yoast-seo-wordpress\/ -->\n<title>Despenalizaci\u00f3n del Aborto: El proyecto - Vamos por la Liberaci\u00f3n<\/title>\n<meta name=\"robots\" content=\"index, follow, max-snippet:-1, max-image-preview:large, max-video-preview:-1\" \/>\n<link rel=\"canonical\" href=\"https:\/\/vamosporlaliberacion.org\/crpmlm\/despenalizacion-del-aborto-el-proyecto\/\" \/>\n<meta name=\"twitter:label1\" content=\"Escrito por\" \/>\n\t<meta name=\"twitter:data1\" content=\"\" \/>\n\t<meta name=\"twitter:label2\" content=\"Tiempo de lectura\" \/>\n\t<meta name=\"twitter:data2\" content=\"2 minutos\" \/>\n<script type=\"application\/ld+json\" class=\"yoast-schema-graph\">{\"@context\":\"https:\\\/\\\/schema.org\",\"@graph\":[{\"@type\":\"Article\",\"@id\":\"https:\\\/\\\/vamosporlaliberacion.org\\\/crpmlm\\\/despenalizacion-del-aborto-el-proyecto\\\/#article\",\"isPartOf\":{\"@id\":\"https:\\\/\\\/vamosporlaliberacion.org\\\/crpmlm\\\/despenalizacion-del-aborto-el-proyecto\\\/\"},\"author\":{\"name\":\"\",\"@id\":\"\"},\"headline\":\"Despenalizaci\u00f3n del Aborto: El proyecto\",\"datePublished\":\"2018-06-22T01:27:49+00:00\",\"dateModified\":\"2020-10-13T00:53:26+00:00\",\"mainEntityOfPage\":{\"@id\":\"https:\\\/\\\/vamosporlaliberacion.org\\\/crpmlm\\\/despenalizacion-del-aborto-el-proyecto\\\/\"},\"wordCount\":401,\"commentCount\":0,\"image\":{\"@id\":\"https:\\\/\\\/vamosporlaliberacion.org\\\/crpmlm\\\/despenalizacion-del-aborto-el-proyecto\\\/#primaryimage\"},\"thumbnailUrl\":\"https:\\\/\\\/i0.wp.com\\\/vamosporlaliberacion.org\\\/crpmlm\\\/wp-content\\\/uploads\\\/2018\\\/06\\\/1_ts2Ni59E6_0eVaANP5s01g.jpeg?fit=1280%2C853&ssl=1\",\"keywords\":[\"Aborto\",\"vxl 121\"],\"articleSection\":[\"Genero\"],\"inLanguage\":\"es\",\"potentialAction\":[{\"@type\":\"CommentAction\",\"name\":\"Comment\",\"target\":[\"https:\\\/\\\/vamosporlaliberacion.org\\\/crpmlm\\\/despenalizacion-del-aborto-el-proyecto\\\/#respond\"]}]},{\"@type\":\"WebPage\",\"@id\":\"https:\\\/\\\/vamosporlaliberacion.org\\\/crpmlm\\\/despenalizacion-del-aborto-el-proyecto\\\/\",\"url\":\"https:\\\/\\\/vamosporlaliberacion.org\\\/crpmlm\\\/despenalizacion-del-aborto-el-proyecto\\\/\",\"name\":\"Despenalizaci\u00f3n del Aborto: El proyecto - Vamos por la Liberaci\u00f3n\",\"isPartOf\":{\"@id\":\"https:\\\/\\\/vamosporlaliberacion.org\\\/crpmlm\\\/#website\"},\"primaryImageOfPage\":{\"@id\":\"https:\\\/\\\/vamosporlaliberacion.org\\\/crpmlm\\\/despenalizacion-del-aborto-el-proyecto\\\/#primaryimage\"},\"image\":{\"@id\":\"https:\\\/\\\/vamosporlaliberacion.org\\\/crpmlm\\\/despenalizacion-del-aborto-el-proyecto\\\/#primaryimage\"},\"thumbnailUrl\":\"https:\\\/\\\/i0.wp.com\\\/vamosporlaliberacion.org\\\/crpmlm\\\/wp-content\\\/uploads\\\/2018\\\/06\\\/1_ts2Ni59E6_0eVaANP5s01g.jpeg?fit=1280%2C853&ssl=1\",\"datePublished\":\"2018-06-22T01:27:49+00:00\",\"dateModified\":\"2020-10-13T00:53:26+00:00\",\"author\":{\"@id\":\"\"},\"breadcrumb\":{\"@id\":\"https:\\\/\\\/vamosporlaliberacion.org\\\/crpmlm\\\/despenalizacion-del-aborto-el-proyecto\\\/#breadcrumb\"},\"inLanguage\":\"es\",\"potentialAction\":[{\"@type\":\"ReadAction\",\"target\":[\"https:\\\/\\\/vamosporlaliberacion.org\\\/crpmlm\\\/despenalizacion-del-aborto-el-proyecto\\\/\"]}]},{\"@type\":\"ImageObject\",\"inLanguage\":\"es\",\"@id\":\"https:\\\/\\\/vamosporlaliberacion.org\\\/crpmlm\\\/despenalizacion-del-aborto-el-proyecto\\\/#primaryimage\",\"url\":\"https:\\\/\\\/i0.wp.com\\\/vamosporlaliberacion.org\\\/crpmlm\\\/wp-content\\\/uploads\\\/2018\\\/06\\\/1_ts2Ni59E6_0eVaANP5s01g.jpeg?fit=1280%2C853&ssl=1\",\"contentUrl\":\"https:\\\/\\\/i0.wp.com\\\/vamosporlaliberacion.org\\\/crpmlm\\\/wp-content\\\/uploads\\\/2018\\\/06\\\/1_ts2Ni59E6_0eVaANP5s01g.jpeg?fit=1280%2C853&ssl=1\",\"width\":1280,\"height\":853},{\"@type\":\"BreadcrumbList\",\"@id\":\"https:\\\/\\\/vamosporlaliberacion.org\\\/crpmlm\\\/despenalizacion-del-aborto-el-proyecto\\\/#breadcrumb\",\"itemListElement\":[{\"@type\":\"ListItem\",\"position\":1,\"name\":\"Portada\",\"item\":\"https:\\\/\\\/vamosporlaliberacion.org\\\/crpmlm\\\/\"},{\"@type\":\"ListItem\",\"position\":2,\"name\":\"Despenalizaci\u00f3n del Aborto: El proyecto\"}]},{\"@type\":\"WebSite\",\"@id\":\"https:\\\/\\\/vamosporlaliberacion.org\\\/crpmlm\\\/#website\",\"url\":\"https:\\\/\\\/vamosporlaliberacion.org\\\/crpmlm\\\/\",\"name\":\"Vamos por la Liberaci\u00f3n\",\"description\":\"Prensa CR\",\"potentialAction\":[{\"@type\":\"SearchAction\",\"target\":{\"@type\":\"EntryPoint\",\"urlTemplate\":\"https:\\\/\\\/vamosporlaliberacion.org\\\/crpmlm\\\/?s={search_term_string}\"},\"query-input\":{\"@type\":\"PropertyValueSpecification\",\"valueRequired\":true,\"valueName\":\"search_term_string\"}}],\"inLanguage\":\"es\"},{\"@type\":\"Person\",\"@id\":\"\",\"url\":\"https:\\\/\\\/vamosporlaliberacion.org\\\/crpmlm\\\/author\\\/\"}]}<\/script>\n<!-- \/ Yoast SEO plugin. -->","yoast_head_json":{"title":"Despenalizaci\u00f3n del Aborto: El proyecto - Vamos por la Liberaci\u00f3n","robots":{"index":"index","follow":"follow","max-snippet":"max-snippet:-1","max-image-preview":"max-image-preview:large","max-video-preview":"max-video-preview:-1"},"canonical":"https:\/\/vamosporlaliberacion.org\/crpmlm\/despenalizacion-del-aborto-el-proyecto\/","twitter_misc":{"Escrito por":"","Tiempo de lectura":"2 minutos"},"schema":{"@context":"https:\/\/schema.org","@graph":[{"@type":"Article","@id":"https:\/\/vamosporlaliberacion.org\/crpmlm\/despenalizacion-del-aborto-el-proyecto\/#article","isPartOf":{"@id":"https:\/\/vamosporlaliberacion.org\/crpmlm\/despenalizacion-del-aborto-el-proyecto\/"},"author":{"name":"","@id":""},"headline":"Despenalizaci\u00f3n del Aborto: El proyecto","datePublished":"2018-06-22T01:27:49+00:00","dateModified":"2020-10-13T00:53:26+00:00","mainEntityOfPage":{"@id":"https:\/\/vamosporlaliberacion.org\/crpmlm\/despenalizacion-del-aborto-el-proyecto\/"},"wordCount":401,"commentCount":0,"image":{"@id":"https:\/\/vamosporlaliberacion.org\/crpmlm\/despenalizacion-del-aborto-el-proyecto\/#primaryimage"},"thumbnailUrl":"https:\/\/i0.wp.com\/vamosporlaliberacion.org\/crpmlm\/wp-content\/uploads\/2018\/06\/1_ts2Ni59E6_0eVaANP5s01g.jpeg?fit=1280%2C853&ssl=1","keywords":["Aborto","vxl 121"],"articleSection":["Genero"],"inLanguage":"es","potentialAction":[{"@type":"CommentAction","name":"Comment","target":["https:\/\/vamosporlaliberacion.org\/crpmlm\/despenalizacion-del-aborto-el-proyecto\/#respond"]}]},{"@type":"WebPage","@id":"https:\/\/vamosporlaliberacion.org\/crpmlm\/despenalizacion-del-aborto-el-proyecto\/","url":"https:\/\/vamosporlaliberacion.org\/crpmlm\/despenalizacion-del-aborto-el-proyecto\/","name":"Despenalizaci\u00f3n del Aborto: El proyecto - Vamos por la Liberaci\u00f3n","isPartOf":{"@id":"https:\/\/vamosporlaliberacion.org\/crpmlm\/#website"},"primaryImageOfPage":{"@id":"https:\/\/vamosporlaliberacion.org\/crpmlm\/despenalizacion-del-aborto-el-proyecto\/#primaryimage"},"image":{"@id":"https:\/\/vamosporlaliberacion.org\/crpmlm\/despenalizacion-del-aborto-el-proyecto\/#primaryimage"},"thumbnailUrl":"https:\/\/i0.wp.com\/vamosporlaliberacion.org\/crpmlm\/wp-content\/uploads\/2018\/06\/1_ts2Ni59E6_0eVaANP5s01g.jpeg?fit=1280%2C853&ssl=1","datePublished":"2018-06-22T01:27:49+00:00","dateModified":"2020-10-13T00:53:26+00:00","author":{"@id":""},"breadcrumb":{"@id":"https:\/\/vamosporlaliberacion.org\/crpmlm\/despenalizacion-del-aborto-el-proyecto\/#breadcrumb"},"inLanguage":"es","potentialAction":[{"@type":"ReadAction","target":["https:\/\/vamosporlaliberacion.org\/crpmlm\/despenalizacion-del-aborto-el-proyecto\/"]}]},{"@type":"ImageObject","inLanguage":"es","@id":"https:\/\/vamosporlaliberacion.org\/crpmlm\/despenalizacion-del-aborto-el-proyecto\/#primaryimage","url":"https:\/\/i0.wp.com\/vamosporlaliberacion.org\/crpmlm\/wp-content\/uploads\/2018\/06\/1_ts2Ni59E6_0eVaANP5s01g.jpeg?fit=1280%2C853&ssl=1","contentUrl":"https:\/\/i0.wp.com\/vamosporlaliberacion.org\/crpmlm\/wp-content\/uploads\/2018\/06\/1_ts2Ni59E6_0eVaANP5s01g.jpeg?fit=1280%2C853&ssl=1","width":1280,"height":853},{"@type":"BreadcrumbList","@id":"https:\/\/vamosporlaliberacion.org\/crpmlm\/despenalizacion-del-aborto-el-proyecto\/#breadcrumb","itemListElement":[{"@type":"ListItem","position":1,"name":"Portada","item":"https:\/\/vamosporlaliberacion.org\/crpmlm\/"},{"@type":"ListItem","position":2,"name":"Despenalizaci\u00f3n del Aborto: El proyecto"}]},{"@type":"WebSite","@id":"https:\/\/vamosporlaliberacion.org\/crpmlm\/#website","url":"https:\/\/vamosporlaliberacion.org\/crpmlm\/","name":"Vamos por la Liberaci\u00f3n","description":"Prensa CR","potentialAction":[{"@type":"SearchAction","target":{"@type":"EntryPoint","urlTemplate":"https:\/\/vamosporlaliberacion.org\/crpmlm\/?s={search_term_string}"},"query-input":{"@type":"PropertyValueSpecification","valueRequired":true,"valueName":"search_term_string"}}],"inLanguage":"es"},{"@type":"Person","@id":"","url":"https:\/\/vamosporlaliberacion.org\/crpmlm\/author\/"}]}},"jetpack_featured_media_url":"https:\/\/i0.wp.com\/vamosporlaliberacion.org\/crpmlm\/wp-content\/uploads\/2018\/06\/1_ts2Ni59E6_0eVaANP5s01g.jpeg?fit=1280%2C853&ssl=1","jetpack_sharing_enabled":true,"_links":{"self":[{"href":"https:\/\/vamosporlaliberacion.org\/crpmlm\/wp-json\/wp\/v2\/posts\/11778","targetHints":{"allow":["GET"]}}],"collection":[{"href":"https:\/\/vamosporlaliberacion.org\/crpmlm\/wp-json\/wp\/v2\/posts"}],"about":[{"href":"https:\/\/vamosporlaliberacion.org\/crpmlm\/wp-json\/wp\/v2\/types\/post"}],"author":[{"embeddable":true,"href":"https:\/\/vamosporlaliberacion.org\/crpmlm\/wp-json\/wp\/v2\/users\/5"}],"replies":[{"embeddable":true,"href":"https:\/\/vamosporlaliberacion.org\/crpmlm\/wp-json\/wp\/v2\/comments?post=11778"}],"version-history":[{"count":1,"href":"https:\/\/vamosporlaliberacion.org\/crpmlm\/wp-json\/wp\/v2\/posts\/11778\/revisions"}],"predecessor-version":[{"id":20043,"href":"https:\/\/vamosporlaliberacion.org\/crpmlm\/wp-json\/wp\/v2\/posts\/11778\/revisions\/20043"}],"wp:featuredmedia":[{"embeddable":true,"href":"https:\/\/vamosporlaliberacion.org\/crpmlm\/wp-json\/wp\/v2\/media\/11779"}],"wp:attachment":[{"href":"https:\/\/vamosporlaliberacion.org\/crpmlm\/wp-json\/wp\/v2\/media?parent=11778"}],"wp:term":[{"taxonomy":"category","embeddable":true,"href":"https:\/\/vamosporlaliberacion.org\/crpmlm\/wp-json\/wp\/v2\/categories?post=11778"},{"taxonomy":"post_tag","embeddable":true,"href":"https:\/\/vamosporlaliberacion.org\/crpmlm\/wp-json\/wp\/v2\/tags?post=11778"}],"curies":[{"name":"wp","href":"https:\/\/api.w.org\/{rel}","templated":true}]}}