{"id":11458,"date":"2018-04-19T22:29:31","date_gmt":"2018-04-20T01:29:31","guid":{"rendered":"http:\/\/vamosporlaliberacion.org\/crpmlm\/?p=11458"},"modified":"2020-10-24T12:42:35","modified_gmt":"2020-10-24T15:42:35","slug":"1979-primer-paro-nacional-contra-la-dictadura","status":"publish","type":"post","link":"https:\/\/vamosporlaliberacion.org\/crpmlm\/1979-primer-paro-nacional-contra-la-dictadura\/","title":{"rendered":"1979: Primer paro nacional contra la dictadura"},"content":{"rendered":"<p>l 27 de abril de 1979 la \u201cComisi\u00f3n de los 25\u201d convoc\u00f3 al primer paro nacional contra la dictadura. Esta acci\u00f3n obrera marc\u00f3 un nuevo momento en las luchas que los trabajadores ven\u00edan sosteniendo desde el golpe.<\/p>\n<p>Tras el 24 de marzo de 1976, la dictadura inici\u00f3 una pol\u00edtica fuertemente antiobrera y antisindical, acorde con su objetivo de restituir la autoridad patronal y eliminar la \u201csubversi\u00f3n\u201d. La CGT y muchos sindicatos fueron intervenidos por militares, se dict\u00f3 la Ley de Prescindibilidad, que permit\u00eda dar de baja empleados estatales, se modific\u00f3 la Ley de Contratos de Trabajo eliminando derechos de los trabajadores y se sancion\u00f3 la Ley de Seguridad Industrial, que prohib\u00eda las medidas de acci\u00f3n directa. La represi\u00f3n se descarg\u00f3 con sa\u00f1a sobre el movimiento obrero, en particular sobre los activistas y delegados de base, las FFAA ocuparon muchas f\u00e1bricas y el mismo d\u00eda del golpe fue secuestrado y desaparecido Ren\u00e9 Salamanca, referente del clasismo y Secretario General del SMATA C\u00f3rdoba. Seg\u00fan las estad\u00edsticas de la CONADEP, el 30% de los desaparecidos durante la dictadura fueron obreros, a lo que se suma un 17,8% de empleados y un 5,7% de docentes.<\/p>\n<p>Mientras todo esto suced\u00eda, un sector de los dirigentes de los gremios no intervenidos comenz\u00f3 a ensayar una pol\u00edtica de negociaci\u00f3n con el nuevo gobierno, lo que se plasm\u00f3 al principio en la conformaci\u00f3n de las delegaciones para los congresos de la Organizaci\u00f3n Internacional del Trabajo (OIT) y luego en sucesivas \u201cComisiones\u201d. Este sector colaboracionista luego se conformar\u00eda con los expresivos nombres de Comisi\u00f3n de Gesti\u00f3n y Trabajo (CGT) y m\u00e1s tarde Comisi\u00f3n Nacional de Trabajo (CNT). Su principal referente fue nada m\u00e1s y nada menos que Jorge Alberto Triaca, del sindicato pl\u00e1stico y padre del actual Ministro de Trabajo del macrismo, que lleg\u00f3 a declarar c\u00ednicamente: \u201cSoy dialoguista y no hace falta que nadie me ponga el mote porque lo declaro p\u00fablicamente\u201d.<\/p>\n<p>Pero, desde el inicio del nuevo r\u00e9gimen, la clase obrera comenz\u00f3 tambi\u00e9n su resistencia. El mismo 24 de marzo los trabajadores de IKA-Renault de C\u00f3rdoba realizaron la primera medida de lucha antidictatorial (ver Vamos! 72) y estallaron importantes conflictos en Luz y Fuerza (ver Vamos! 74), ferroviarios, automotrices, frigor\u00edficos y otros sectores. Pero, junto con estas luchas frontales, fuertemente reprimidas, se expandieron tambi\u00e9n las acciones clandestinas y de sabotaje: ruptura de m\u00e1quinas, incendios, fallas a prop\u00f3sito, cortes de rieles ferroviarios, etc. Y se fueron encontrando nuevas formas de lucha, como los \u201cparos sorpresivos\u201d y el llamado \u201ctrabajo a tristeza\u201d.<\/p>\n<p>As\u00ed, de a poco y con gran esfuerzo, se fueron recomponiendo las fuerzas del movimiento obrero y empezaron a delimitarse tambi\u00e9n las corrientes dentro de la dirigencia sindical. A nivel de las direcciones gremiales se conform\u00f3 la \u201cComisi\u00f3n de los 25\u201d, que se fue posicionando en oposici\u00f3n a la dictadura y en abril de 1979 convoc\u00f3 al paro nacional. Los reclamos principales eran la restituci\u00f3n del poder adquisitivo del salario, la vigencia de las convenciones colectivas de trabajo y la normalizaci\u00f3n sindical, pero en los hechos constitu\u00eda un desaf\u00edo general al gobierno, por lo que el Ministerio declar\u00f3 ilegal la huelga y detuvo a varios dirigentes. A pesar de esto y de que la CNT colaboracionista no adhiri\u00f3 a la medida, el paro tuvo un importante acatamiento. Pero lo principal fue que fue la primera vez desde el golpe y bajo las condiciones represivas un gran sector de la poblaci\u00f3n protestaba contra la dictadura.<\/p>\n<p>Dos a\u00f1os despu\u00e9s, la \u201cComisi\u00f3n de los 25\u201d se transformar\u00eda en la \u201cCGT Brasil\u201d, bajo la conducci\u00f3n de Sa\u00fal Ubaldini de Cerveceros. Esta impulsar\u00e1 nuevas medidas de lucha, como el nuevo paro general del 22 de julio de 1981, la marcha por \u201cPaz, pan y trabajo\u201d del 7 de noviembre de 1981 y la movilizaci\u00f3n a Plaza de Mayo del 30 de marzo de 1982, que congreg\u00f3 a m\u00e1s de 30.000 personas y culmin\u00f3 con represi\u00f3n y enfrentamientos contra las fuerzas de seguridad, marcando un nuevo salto en la lucha antidictatorial.<\/p>\n<!-- AddThis Advanced Settings generic via filter on the_content --><!-- AddThis Share Buttons generic via filter on the_content -->","protected":false},"excerpt":{"rendered":"<p>l 27 de abril de 1979 la \u201cComisi\u00f3n de los 25\u201d convoc\u00f3 al primer paro nacional contra la dictadura. Esta acci\u00f3n obrera marc\u00f3 un nuevo momento en las luchas que los trabajadores ven\u00edan sosteniendo desde el golpe. Tras el 24 de marzo de 1976, la dictadura inici\u00f3 una pol\u00edtica fuertemente antiobrera y antisindical, acorde con [&hellip;]<!-- AddThis Advanced Settings generic via filter on get_the_excerpt --><!-- AddThis Share Buttons generic via filter on get_the_excerpt --><\/p>\n","protected":false},"author":5,"featured_media":11459,"comment_status":"open","ping_status":"open","sticky":false,"template":"","format":"standard","meta":{"_jetpack_memberships_contains_paid_content":false,"footnotes":""},"categories":[1853],"tags":[521,87,131,1174],"class_list":{"0":"post-11458","1":"post","2":"type-post","3":"status-publish","4":"format-standard","5":"has-post-thumbnail","7":"category-historia","8":"tag-destacado-1","9":"tag-dictadura","10":"tag-historia","11":"tag-vxl-117"},"yoast_head":"<!-- This site is optimized with the Yoast SEO plugin v27.4 - https:\/\/yoast.com\/product\/yoast-seo-wordpress\/ -->\n<title>1979: Primer paro nacional contra la dictadura - Vamos por la Liberaci\u00f3n<\/title>\n<meta name=\"robots\" content=\"index, follow, max-snippet:-1, max-image-preview:large, max-video-preview:-1\" \/>\n<link rel=\"canonical\" href=\"https:\/\/vamosporlaliberacion.org\/crpmlm\/1979-primer-paro-nacional-contra-la-dictadura\/\" \/>\n<meta name=\"twitter:label1\" content=\"Escrito por\" \/>\n\t<meta name=\"twitter:data1\" content=\"\" \/>\n\t<meta name=\"twitter:label2\" content=\"Tiempo de lectura\" \/>\n\t<meta name=\"twitter:data2\" content=\"3 minutos\" \/>\n<script type=\"application\/ld+json\" class=\"yoast-schema-graph\">{\"@context\":\"https:\\\/\\\/schema.org\",\"@graph\":[{\"@type\":\"Article\",\"@id\":\"https:\\\/\\\/vamosporlaliberacion.org\\\/crpmlm\\\/1979-primer-paro-nacional-contra-la-dictadura\\\/#article\",\"isPartOf\":{\"@id\":\"https:\\\/\\\/vamosporlaliberacion.org\\\/crpmlm\\\/1979-primer-paro-nacional-contra-la-dictadura\\\/\"},\"author\":{\"name\":\"\",\"@id\":\"\"},\"headline\":\"1979: Primer paro nacional contra la dictadura\",\"datePublished\":\"2018-04-20T01:29:31+00:00\",\"dateModified\":\"2020-10-24T15:42:35+00:00\",\"mainEntityOfPage\":{\"@id\":\"https:\\\/\\\/vamosporlaliberacion.org\\\/crpmlm\\\/1979-primer-paro-nacional-contra-la-dictadura\\\/\"},\"wordCount\":696,\"commentCount\":0,\"image\":{\"@id\":\"https:\\\/\\\/vamosporlaliberacion.org\\\/crpmlm\\\/1979-primer-paro-nacional-contra-la-dictadura\\\/#primaryimage\"},\"thumbnailUrl\":\"https:\\\/\\\/i0.wp.com\\\/vamosporlaliberacion.org\\\/crpmlm\\\/wp-content\\\/uploads\\\/2018\\\/04\\\/resistencia-obrera-vencera.jpg?fit=1364%2C1860&ssl=1\",\"keywords\":[\"destacado 1\",\"Dictadura\",\"historia\",\"vxl 117\"],\"articleSection\":[\"Historia \\\/ Teor\u00eda\"],\"inLanguage\":\"es\",\"potentialAction\":[{\"@type\":\"CommentAction\",\"name\":\"Comment\",\"target\":[\"https:\\\/\\\/vamosporlaliberacion.org\\\/crpmlm\\\/1979-primer-paro-nacional-contra-la-dictadura\\\/#respond\"]}]},{\"@type\":\"WebPage\",\"@id\":\"https:\\\/\\\/vamosporlaliberacion.org\\\/crpmlm\\\/1979-primer-paro-nacional-contra-la-dictadura\\\/\",\"url\":\"https:\\\/\\\/vamosporlaliberacion.org\\\/crpmlm\\\/1979-primer-paro-nacional-contra-la-dictadura\\\/\",\"name\":\"1979: Primer paro nacional contra la dictadura - Vamos por la Liberaci\u00f3n\",\"isPartOf\":{\"@id\":\"https:\\\/\\\/vamosporlaliberacion.org\\\/crpmlm\\\/#website\"},\"primaryImageOfPage\":{\"@id\":\"https:\\\/\\\/vamosporlaliberacion.org\\\/crpmlm\\\/1979-primer-paro-nacional-contra-la-dictadura\\\/#primaryimage\"},\"image\":{\"@id\":\"https:\\\/\\\/vamosporlaliberacion.org\\\/crpmlm\\\/1979-primer-paro-nacional-contra-la-dictadura\\\/#primaryimage\"},\"thumbnailUrl\":\"https:\\\/\\\/i0.wp.com\\\/vamosporlaliberacion.org\\\/crpmlm\\\/wp-content\\\/uploads\\\/2018\\\/04\\\/resistencia-obrera-vencera.jpg?fit=1364%2C1860&ssl=1\",\"datePublished\":\"2018-04-20T01:29:31+00:00\",\"dateModified\":\"2020-10-24T15:42:35+00:00\",\"author\":{\"@id\":\"\"},\"breadcrumb\":{\"@id\":\"https:\\\/\\\/vamosporlaliberacion.org\\\/crpmlm\\\/1979-primer-paro-nacional-contra-la-dictadura\\\/#breadcrumb\"},\"inLanguage\":\"es\",\"potentialAction\":[{\"@type\":\"ReadAction\",\"target\":[\"https:\\\/\\\/vamosporlaliberacion.org\\\/crpmlm\\\/1979-primer-paro-nacional-contra-la-dictadura\\\/\"]}]},{\"@type\":\"ImageObject\",\"inLanguage\":\"es\",\"@id\":\"https:\\\/\\\/vamosporlaliberacion.org\\\/crpmlm\\\/1979-primer-paro-nacional-contra-la-dictadura\\\/#primaryimage\",\"url\":\"https:\\\/\\\/i0.wp.com\\\/vamosporlaliberacion.org\\\/crpmlm\\\/wp-content\\\/uploads\\\/2018\\\/04\\\/resistencia-obrera-vencera.jpg?fit=1364%2C1860&ssl=1\",\"contentUrl\":\"https:\\\/\\\/i0.wp.com\\\/vamosporlaliberacion.org\\\/crpmlm\\\/wp-content\\\/uploads\\\/2018\\\/04\\\/resistencia-obrera-vencera.jpg?fit=1364%2C1860&ssl=1\",\"width\":1364,\"height\":1860},{\"@type\":\"BreadcrumbList\",\"@id\":\"https:\\\/\\\/vamosporlaliberacion.org\\\/crpmlm\\\/1979-primer-paro-nacional-contra-la-dictadura\\\/#breadcrumb\",\"itemListElement\":[{\"@type\":\"ListItem\",\"position\":1,\"name\":\"Portada\",\"item\":\"https:\\\/\\\/vamosporlaliberacion.org\\\/crpmlm\\\/\"},{\"@type\":\"ListItem\",\"position\":2,\"name\":\"1979: Primer paro nacional contra la dictadura\"}]},{\"@type\":\"WebSite\",\"@id\":\"https:\\\/\\\/vamosporlaliberacion.org\\\/crpmlm\\\/#website\",\"url\":\"https:\\\/\\\/vamosporlaliberacion.org\\\/crpmlm\\\/\",\"name\":\"Vamos por la Liberaci\u00f3n\",\"description\":\"Prensa CR\",\"potentialAction\":[{\"@type\":\"SearchAction\",\"target\":{\"@type\":\"EntryPoint\",\"urlTemplate\":\"https:\\\/\\\/vamosporlaliberacion.org\\\/crpmlm\\\/?s={search_term_string}\"},\"query-input\":{\"@type\":\"PropertyValueSpecification\",\"valueRequired\":true,\"valueName\":\"search_term_string\"}}],\"inLanguage\":\"es\"},{\"@type\":\"Person\",\"@id\":\"\",\"url\":\"https:\\\/\\\/vamosporlaliberacion.org\\\/crpmlm\\\/author\\\/\"}]}<\/script>\n<!-- \/ Yoast SEO plugin. -->","yoast_head_json":{"title":"1979: Primer paro nacional contra la dictadura - Vamos por la Liberaci\u00f3n","robots":{"index":"index","follow":"follow","max-snippet":"max-snippet:-1","max-image-preview":"max-image-preview:large","max-video-preview":"max-video-preview:-1"},"canonical":"https:\/\/vamosporlaliberacion.org\/crpmlm\/1979-primer-paro-nacional-contra-la-dictadura\/","twitter_misc":{"Escrito por":"","Tiempo de lectura":"3 minutos"},"schema":{"@context":"https:\/\/schema.org","@graph":[{"@type":"Article","@id":"https:\/\/vamosporlaliberacion.org\/crpmlm\/1979-primer-paro-nacional-contra-la-dictadura\/#article","isPartOf":{"@id":"https:\/\/vamosporlaliberacion.org\/crpmlm\/1979-primer-paro-nacional-contra-la-dictadura\/"},"author":{"name":"","@id":""},"headline":"1979: Primer paro nacional contra la dictadura","datePublished":"2018-04-20T01:29:31+00:00","dateModified":"2020-10-24T15:42:35+00:00","mainEntityOfPage":{"@id":"https:\/\/vamosporlaliberacion.org\/crpmlm\/1979-primer-paro-nacional-contra-la-dictadura\/"},"wordCount":696,"commentCount":0,"image":{"@id":"https:\/\/vamosporlaliberacion.org\/crpmlm\/1979-primer-paro-nacional-contra-la-dictadura\/#primaryimage"},"thumbnailUrl":"https:\/\/i0.wp.com\/vamosporlaliberacion.org\/crpmlm\/wp-content\/uploads\/2018\/04\/resistencia-obrera-vencera.jpg?fit=1364%2C1860&ssl=1","keywords":["destacado 1","Dictadura","historia","vxl 117"],"articleSection":["Historia \/ Teor\u00eda"],"inLanguage":"es","potentialAction":[{"@type":"CommentAction","name":"Comment","target":["https:\/\/vamosporlaliberacion.org\/crpmlm\/1979-primer-paro-nacional-contra-la-dictadura\/#respond"]}]},{"@type":"WebPage","@id":"https:\/\/vamosporlaliberacion.org\/crpmlm\/1979-primer-paro-nacional-contra-la-dictadura\/","url":"https:\/\/vamosporlaliberacion.org\/crpmlm\/1979-primer-paro-nacional-contra-la-dictadura\/","name":"1979: Primer paro nacional contra la dictadura - Vamos por la Liberaci\u00f3n","isPartOf":{"@id":"https:\/\/vamosporlaliberacion.org\/crpmlm\/#website"},"primaryImageOfPage":{"@id":"https:\/\/vamosporlaliberacion.org\/crpmlm\/1979-primer-paro-nacional-contra-la-dictadura\/#primaryimage"},"image":{"@id":"https:\/\/vamosporlaliberacion.org\/crpmlm\/1979-primer-paro-nacional-contra-la-dictadura\/#primaryimage"},"thumbnailUrl":"https:\/\/i0.wp.com\/vamosporlaliberacion.org\/crpmlm\/wp-content\/uploads\/2018\/04\/resistencia-obrera-vencera.jpg?fit=1364%2C1860&ssl=1","datePublished":"2018-04-20T01:29:31+00:00","dateModified":"2020-10-24T15:42:35+00:00","author":{"@id":""},"breadcrumb":{"@id":"https:\/\/vamosporlaliberacion.org\/crpmlm\/1979-primer-paro-nacional-contra-la-dictadura\/#breadcrumb"},"inLanguage":"es","potentialAction":[{"@type":"ReadAction","target":["https:\/\/vamosporlaliberacion.org\/crpmlm\/1979-primer-paro-nacional-contra-la-dictadura\/"]}]},{"@type":"ImageObject","inLanguage":"es","@id":"https:\/\/vamosporlaliberacion.org\/crpmlm\/1979-primer-paro-nacional-contra-la-dictadura\/#primaryimage","url":"https:\/\/i0.wp.com\/vamosporlaliberacion.org\/crpmlm\/wp-content\/uploads\/2018\/04\/resistencia-obrera-vencera.jpg?fit=1364%2C1860&ssl=1","contentUrl":"https:\/\/i0.wp.com\/vamosporlaliberacion.org\/crpmlm\/wp-content\/uploads\/2018\/04\/resistencia-obrera-vencera.jpg?fit=1364%2C1860&ssl=1","width":1364,"height":1860},{"@type":"BreadcrumbList","@id":"https:\/\/vamosporlaliberacion.org\/crpmlm\/1979-primer-paro-nacional-contra-la-dictadura\/#breadcrumb","itemListElement":[{"@type":"ListItem","position":1,"name":"Portada","item":"https:\/\/vamosporlaliberacion.org\/crpmlm\/"},{"@type":"ListItem","position":2,"name":"1979: Primer paro nacional contra la dictadura"}]},{"@type":"WebSite","@id":"https:\/\/vamosporlaliberacion.org\/crpmlm\/#website","url":"https:\/\/vamosporlaliberacion.org\/crpmlm\/","name":"Vamos por la Liberaci\u00f3n","description":"Prensa CR","potentialAction":[{"@type":"SearchAction","target":{"@type":"EntryPoint","urlTemplate":"https:\/\/vamosporlaliberacion.org\/crpmlm\/?s={search_term_string}"},"query-input":{"@type":"PropertyValueSpecification","valueRequired":true,"valueName":"search_term_string"}}],"inLanguage":"es"},{"@type":"Person","@id":"","url":"https:\/\/vamosporlaliberacion.org\/crpmlm\/author\/"}]}},"jetpack_featured_media_url":"https:\/\/i0.wp.com\/vamosporlaliberacion.org\/crpmlm\/wp-content\/uploads\/2018\/04\/resistencia-obrera-vencera.jpg?fit=1364%2C1860&ssl=1","jetpack_sharing_enabled":true,"_links":{"self":[{"href":"https:\/\/vamosporlaliberacion.org\/crpmlm\/wp-json\/wp\/v2\/posts\/11458","targetHints":{"allow":["GET"]}}],"collection":[{"href":"https:\/\/vamosporlaliberacion.org\/crpmlm\/wp-json\/wp\/v2\/posts"}],"about":[{"href":"https:\/\/vamosporlaliberacion.org\/crpmlm\/wp-json\/wp\/v2\/types\/post"}],"author":[{"embeddable":true,"href":"https:\/\/vamosporlaliberacion.org\/crpmlm\/wp-json\/wp\/v2\/users\/5"}],"replies":[{"embeddable":true,"href":"https:\/\/vamosporlaliberacion.org\/crpmlm\/wp-json\/wp\/v2\/comments?post=11458"}],"version-history":[{"count":1,"href":"https:\/\/vamosporlaliberacion.org\/crpmlm\/wp-json\/wp\/v2\/posts\/11458\/revisions"}],"predecessor-version":[{"id":20397,"href":"https:\/\/vamosporlaliberacion.org\/crpmlm\/wp-json\/wp\/v2\/posts\/11458\/revisions\/20397"}],"wp:featuredmedia":[{"embeddable":true,"href":"https:\/\/vamosporlaliberacion.org\/crpmlm\/wp-json\/wp\/v2\/media\/11459"}],"wp:attachment":[{"href":"https:\/\/vamosporlaliberacion.org\/crpmlm\/wp-json\/wp\/v2\/media?parent=11458"}],"wp:term":[{"taxonomy":"category","embeddable":true,"href":"https:\/\/vamosporlaliberacion.org\/crpmlm\/wp-json\/wp\/v2\/categories?post=11458"},{"taxonomy":"post_tag","embeddable":true,"href":"https:\/\/vamosporlaliberacion.org\/crpmlm\/wp-json\/wp\/v2\/tags?post=11458"}],"curies":[{"name":"wp","href":"https:\/\/api.w.org\/{rel}","templated":true}]}}