{"id":1114,"date":"2015-09-29T19:18:50","date_gmt":"2015-09-29T19:18:50","guid":{"rendered":"http:\/\/m8000370.ferozo.com\/crpmlm\/?p=1114"},"modified":"2020-10-12T19:13:40","modified_gmt":"2020-10-12T22:13:40","slug":"para-la-liberacion-de-las-mujeres-y-del-pueblo","status":"publish","type":"post","link":"https:\/\/vamosporlaliberacion.org\/crpmlm\/para-la-liberacion-de-las-mujeres-y-del-pueblo\/","title":{"rendered":"Para la liberaci\u00f3n de las mujeres y del pueblo"},"content":{"rendered":"<p>Este a\u00f1o la jornada \u201cNi una menos\u201d expres\u00f3 un masivo repudio a los femicidios que vienen sucediendo y contra todo tipo de violencia de g\u00e9nero. El tama\u00f1o de la movilizaci\u00f3n es en proporci\u00f3n de la tragedia que vivimos las mujeres cada d\u00eda en nuestro pa\u00eds. La enorme jornada abri\u00f3 un profundo debate sobre las causas de la violencia hacia las mujeres y sobre qui\u00e9nes son los responsables.<\/p>\n<p>En esa jornada se expresaron tambi\u00e9n los reclamos contra las dem\u00e1s formas de violencia y opresi\u00f3n: igualdad laboral, aborto legal y seguro, educaci\u00f3n sexual, contra la prostituci\u00f3n y las redes de trata. Todas estas cuestiones siguen vigentes y ser\u00e1n debatidas en este nuevo Encuentro.<\/p>\n<p>El gobierno kirchnerista asumi\u00f3 luego de la crisis del 2001-2002 otorgando concesiones a un pueblo que con el Argentinazo ech\u00f3 al gobierno hambreador y entreguista de la Alianza pero que no se pudo imponer. Parte de estas concesiones son tambi\u00e9n la Jubilaci\u00f3n de Amas de Casa, la Ley de Prevenci\u00f3n y Sanci\u00f3n de la Trata de Personas y Asistencia a sus V\u00edctimas, la Ley de Protecci\u00f3n Integral de Mujeres V\u00edctimas de Violencia de G\u00e9nero, la Asignaci\u00f3n Universal por Hijo, para citar las m\u00e1s importantes.<\/p>\n<p>Estas conquistas son producto de una larga lucha del movimiento popular. Pero la lucha sigue no s\u00f3lo por las leyes que no se quisieron aprobar \u2013como el aborto legal o la obligatoriedad de jardines maternales en los lugares de trabajo\u2013, sino tambi\u00e9n por los muchos aspectos de estas leyes que no se cumplen en los hechos, sin presupuestos acordes ni control donde los sectores populares tengamos acceso.<\/p>\n<h3><strong>Violencia de g\u00e9nero<\/strong><\/h3>\n<p>Se registraron 1808 femicidios entre 2008 y 2014, y m\u00e1s de 40 casos desde la jornada \u201cNi una menos\u201d. Los femicidios son la forma m\u00e1s extrema de una violencia cotidiana que sufrimos las mujeres. La jornada dej\u00f3 expuesto lo limitado de las pol\u00edticas gubernamentales en este aspecto.<\/p>\n<h3><strong>Igualdad laboral<\/strong><\/h3>\n<p>En nuestro pa\u00eds las mujeres ganamos un 15,2% menos que los varones, y en Am\u00e9rica latina un 17,2% menos, aun teniendo la misma edad y nivel de educaci\u00f3n. Las mujeres seguimos siendo las m\u00e1s oprimidas entre los oprimidos y las m\u00e1s explotadas entre los explotados. Somos las que ocupamos los puestos de trabajo m\u00e1s precarizados y la mayor\u00eda entre los trabajadores en negro.<\/p>\n<p>Como si todo esto fuera poco, nos hacernos cargo de una segunda jornada laboral en nuestros hogares. Lo hacemos cuidando de nuestros hijos e hijas, limpiando, cocinando. No contamos con un sistema p\u00fablico de jardines materno-paternales que nos permita trabajar o estudiar a la vez que criamos a nuestros hijos e hijas. Tampoco se les obliga a los monopolios a garantizar jardines en los lugares de trabajo.<\/p>\n<h3><strong>Redes de trata y prostituci\u00f3n<\/strong><\/h3>\n<p>Las redes de trata y la prostituci\u00f3n \u2013vinculadas y amparadas por el Estado\u2013 siguen siendo el destino de miles de mujeres j\u00f3venes y ni\u00f1os\/as en nuestro pa\u00eds y el mundo. Organizaciones que operan en alevosa connivencia con gobiernos, jueces y comisarios. Las organizaciones populares y los familiares nos organizamos por el camino de los escraches a los violadores y prost\u00edbulos, denuncia que cuenta tambi\u00e9n con apoyo de sectores de la Iglesia Cat\u00f3lica.<\/p>\n<p>Las redes de trata y prostituci\u00f3n est\u00e1n tambi\u00e9n estrechamente vinculadas al narcotr\u00e1fico, que en los \u00faltimos doce a\u00f1os creci\u00f3 de manera alarmante. El entrelazamiento de los narcos con punteros, las fuerzas de seguridad y sectores de la Justicia son moneda corriente. Las denuncias de la efedrina que involucra al jefe de Gabinete y candidato a gobernador de la provincia de Buenos Aires, An\u00edbal Fern\u00e1ndez, muestran que ese entrelazamiento arranca desde el v\u00e9rtice mismo del poder pol\u00edtico.<\/p>\n<h3><strong>Educaci\u00f3n sexual y aborto legal<\/strong><\/h3>\n<p>La clandestinidad del aborto \u2013un grave problema de salud p\u00fablica\u2013 sigue cobr\u00e1ndose vidas de mujeres. El propio Ministerio de Salud reconoce entre 80 y 100 muertes por a\u00f1o, aunque debe tenerse en cuenta el gran sub registro que hay sobre este problema. Sin embargo, sigue cajoneado el proyecto de la Campa\u00f1a por el Derecho al Aborto Legal, Seguro y Gratuito.<\/p>\n<p>El Gobierno nacional en definitiva no s\u00f3lo se ha negado a aprobar este proyecto, sino que ha acordado con la Iglesia la reforma del C\u00f3digo Civil que concibe la vida desde la \u201cconcepci\u00f3n\u201d y de hecho se tratan los abortos clandestinos como delitos. Por eso, contin\u00faa el reclamo de la legalizaci\u00f3n junto con el cumplimiento de la Ley de Educaci\u00f3n Sexual Integral y con una pol\u00edtica integral de salud sexual y reproductiva.<\/p>\n<!-- AddThis Advanced Settings generic via filter on the_content --><!-- AddThis Share Buttons generic via filter on the_content -->","protected":false},"excerpt":{"rendered":"<p>Este a\u00f1o la jornada \u201cNi una menos\u201d expres\u00f3 un masivo repudio a los femicidios que vienen sucediendo y contra todo tipo de violencia de g\u00e9nero. El tama\u00f1o de la movilizaci\u00f3n es en proporci\u00f3n de la tragedia que vivimos las mujeres cada d\u00eda en nuestro pa\u00eds. La enorme jornada abri\u00f3 un profundo debate sobre las causas [&hellip;]<!-- AddThis Advanced Settings generic via filter on get_the_excerpt --><!-- AddThis Share Buttons generic via filter on get_the_excerpt --><\/p>\n","protected":false},"author":6,"featured_media":1120,"comment_status":"open","ping_status":"open","sticky":false,"template":"","format":"standard","meta":{"_jetpack_memberships_contains_paid_content":false,"footnotes":""},"categories":[1875],"tags":[108,283],"class_list":{"0":"post-1114","1":"post","2":"type-post","3":"status-publish","4":"format-standard","5":"has-post-thumbnail","7":"category-genero","8":"tag-encuentro-nacional-de-mujeres","9":"tag-vxl-61"},"yoast_head":"<!-- This site is optimized with the Yoast SEO plugin v27.4 - https:\/\/yoast.com\/product\/yoast-seo-wordpress\/ -->\n<title>Para la liberaci\u00f3n de las mujeres y del pueblo - Vamos por la Liberaci\u00f3n<\/title>\n<meta name=\"robots\" content=\"index, follow, max-snippet:-1, max-image-preview:large, max-video-preview:-1\" \/>\n<link rel=\"canonical\" href=\"http:\/\/vamosporlaliberacion.org\/crpmlm\/para-la-liberacion-de-las-mujeres-y-del-pueblo\/\" \/>\n<meta name=\"twitter:label1\" content=\"Escrito por\" \/>\n\t<meta name=\"twitter:data1\" content=\"vamos!\" \/>\n\t<meta name=\"twitter:label2\" content=\"Tiempo de lectura\" \/>\n\t<meta name=\"twitter:data2\" content=\"4 minutos\" \/>\n<script type=\"application\/ld+json\" class=\"yoast-schema-graph\">{\"@context\":\"https:\\\/\\\/schema.org\",\"@graph\":[{\"@type\":\"Article\",\"@id\":\"http:\\\/\\\/vamosporlaliberacion.org\\\/crpmlm\\\/para-la-liberacion-de-las-mujeres-y-del-pueblo\\\/#article\",\"isPartOf\":{\"@id\":\"http:\\\/\\\/vamosporlaliberacion.org\\\/crpmlm\\\/para-la-liberacion-de-las-mujeres-y-del-pueblo\\\/\"},\"author\":{\"name\":\"vamos!\",\"@id\":\"https:\\\/\\\/vamosporlaliberacion.org\\\/crpmlm\\\/#\\\/schema\\\/person\\\/d6eac7758df3770dae9cd9eb104d615c\"},\"headline\":\"Para la liberaci\u00f3n de las mujeres y del pueblo\",\"datePublished\":\"2015-09-29T19:18:50+00:00\",\"dateModified\":\"2020-10-12T22:13:40+00:00\",\"mainEntityOfPage\":{\"@id\":\"http:\\\/\\\/vamosporlaliberacion.org\\\/crpmlm\\\/para-la-liberacion-de-las-mujeres-y-del-pueblo\\\/\"},\"wordCount\":804,\"commentCount\":0,\"image\":{\"@id\":\"http:\\\/\\\/vamosporlaliberacion.org\\\/crpmlm\\\/para-la-liberacion-de-las-mujeres-y-del-pueblo\\\/#primaryimage\"},\"thumbnailUrl\":\"https:\\\/\\\/i0.wp.com\\\/vamosporlaliberacion.org\\\/crpmlm\\\/wp-content\\\/uploads\\\/2015\\\/10\\\/vxl61-14.jpg?fit=696%2C469&ssl=1\",\"keywords\":[\"Encuentro Nacional de Mujeres\",\"vxl 61\"],\"articleSection\":[\"Genero\"],\"inLanguage\":\"es\",\"potentialAction\":[{\"@type\":\"CommentAction\",\"name\":\"Comment\",\"target\":[\"http:\\\/\\\/vamosporlaliberacion.org\\\/crpmlm\\\/para-la-liberacion-de-las-mujeres-y-del-pueblo\\\/#respond\"]}]},{\"@type\":\"WebPage\",\"@id\":\"http:\\\/\\\/vamosporlaliberacion.org\\\/crpmlm\\\/para-la-liberacion-de-las-mujeres-y-del-pueblo\\\/\",\"url\":\"http:\\\/\\\/vamosporlaliberacion.org\\\/crpmlm\\\/para-la-liberacion-de-las-mujeres-y-del-pueblo\\\/\",\"name\":\"Para la liberaci\u00f3n de las mujeres y del pueblo - Vamos por la Liberaci\u00f3n\",\"isPartOf\":{\"@id\":\"https:\\\/\\\/vamosporlaliberacion.org\\\/crpmlm\\\/#website\"},\"primaryImageOfPage\":{\"@id\":\"http:\\\/\\\/vamosporlaliberacion.org\\\/crpmlm\\\/para-la-liberacion-de-las-mujeres-y-del-pueblo\\\/#primaryimage\"},\"image\":{\"@id\":\"http:\\\/\\\/vamosporlaliberacion.org\\\/crpmlm\\\/para-la-liberacion-de-las-mujeres-y-del-pueblo\\\/#primaryimage\"},\"thumbnailUrl\":\"https:\\\/\\\/i0.wp.com\\\/vamosporlaliberacion.org\\\/crpmlm\\\/wp-content\\\/uploads\\\/2015\\\/10\\\/vxl61-14.jpg?fit=696%2C469&ssl=1\",\"datePublished\":\"2015-09-29T19:18:50+00:00\",\"dateModified\":\"2020-10-12T22:13:40+00:00\",\"author\":{\"@id\":\"https:\\\/\\\/vamosporlaliberacion.org\\\/crpmlm\\\/#\\\/schema\\\/person\\\/d6eac7758df3770dae9cd9eb104d615c\"},\"breadcrumb\":{\"@id\":\"http:\\\/\\\/vamosporlaliberacion.org\\\/crpmlm\\\/para-la-liberacion-de-las-mujeres-y-del-pueblo\\\/#breadcrumb\"},\"inLanguage\":\"es\",\"potentialAction\":[{\"@type\":\"ReadAction\",\"target\":[\"http:\\\/\\\/vamosporlaliberacion.org\\\/crpmlm\\\/para-la-liberacion-de-las-mujeres-y-del-pueblo\\\/\"]}]},{\"@type\":\"ImageObject\",\"inLanguage\":\"es\",\"@id\":\"http:\\\/\\\/vamosporlaliberacion.org\\\/crpmlm\\\/para-la-liberacion-de-las-mujeres-y-del-pueblo\\\/#primaryimage\",\"url\":\"https:\\\/\\\/i0.wp.com\\\/vamosporlaliberacion.org\\\/crpmlm\\\/wp-content\\\/uploads\\\/2015\\\/10\\\/vxl61-14.jpg?fit=696%2C469&ssl=1\",\"contentUrl\":\"https:\\\/\\\/i0.wp.com\\\/vamosporlaliberacion.org\\\/crpmlm\\\/wp-content\\\/uploads\\\/2015\\\/10\\\/vxl61-14.jpg?fit=696%2C469&ssl=1\",\"width\":696,\"height\":469},{\"@type\":\"BreadcrumbList\",\"@id\":\"http:\\\/\\\/vamosporlaliberacion.org\\\/crpmlm\\\/para-la-liberacion-de-las-mujeres-y-del-pueblo\\\/#breadcrumb\",\"itemListElement\":[{\"@type\":\"ListItem\",\"position\":1,\"name\":\"Portada\",\"item\":\"https:\\\/\\\/vamosporlaliberacion.org\\\/crpmlm\\\/\"},{\"@type\":\"ListItem\",\"position\":2,\"name\":\"Para la liberaci\u00f3n de las mujeres y del pueblo\"}]},{\"@type\":\"WebSite\",\"@id\":\"https:\\\/\\\/vamosporlaliberacion.org\\\/crpmlm\\\/#website\",\"url\":\"https:\\\/\\\/vamosporlaliberacion.org\\\/crpmlm\\\/\",\"name\":\"Vamos por la Liberaci\u00f3n\",\"description\":\"Prensa CR\",\"potentialAction\":[{\"@type\":\"SearchAction\",\"target\":{\"@type\":\"EntryPoint\",\"urlTemplate\":\"https:\\\/\\\/vamosporlaliberacion.org\\\/crpmlm\\\/?s={search_term_string}\"},\"query-input\":{\"@type\":\"PropertyValueSpecification\",\"valueRequired\":true,\"valueName\":\"search_term_string\"}}],\"inLanguage\":\"es\"},{\"@type\":\"Person\",\"@id\":\"https:\\\/\\\/vamosporlaliberacion.org\\\/crpmlm\\\/#\\\/schema\\\/person\\\/d6eac7758df3770dae9cd9eb104d615c\",\"name\":\"vamos!\",\"url\":\"https:\\\/\\\/vamosporlaliberacion.org\\\/crpmlm\\\/author\\\/adminvxl\\\/\"}]}<\/script>\n<!-- \/ Yoast SEO plugin. -->","yoast_head_json":{"title":"Para la liberaci\u00f3n de las mujeres y del pueblo - Vamos por la Liberaci\u00f3n","robots":{"index":"index","follow":"follow","max-snippet":"max-snippet:-1","max-image-preview":"max-image-preview:large","max-video-preview":"max-video-preview:-1"},"canonical":"http:\/\/vamosporlaliberacion.org\/crpmlm\/para-la-liberacion-de-las-mujeres-y-del-pueblo\/","twitter_misc":{"Escrito por":"vamos!","Tiempo de lectura":"4 minutos"},"schema":{"@context":"https:\/\/schema.org","@graph":[{"@type":"Article","@id":"http:\/\/vamosporlaliberacion.org\/crpmlm\/para-la-liberacion-de-las-mujeres-y-del-pueblo\/#article","isPartOf":{"@id":"http:\/\/vamosporlaliberacion.org\/crpmlm\/para-la-liberacion-de-las-mujeres-y-del-pueblo\/"},"author":{"name":"vamos!","@id":"https:\/\/vamosporlaliberacion.org\/crpmlm\/#\/schema\/person\/d6eac7758df3770dae9cd9eb104d615c"},"headline":"Para la liberaci\u00f3n de las mujeres y del pueblo","datePublished":"2015-09-29T19:18:50+00:00","dateModified":"2020-10-12T22:13:40+00:00","mainEntityOfPage":{"@id":"http:\/\/vamosporlaliberacion.org\/crpmlm\/para-la-liberacion-de-las-mujeres-y-del-pueblo\/"},"wordCount":804,"commentCount":0,"image":{"@id":"http:\/\/vamosporlaliberacion.org\/crpmlm\/para-la-liberacion-de-las-mujeres-y-del-pueblo\/#primaryimage"},"thumbnailUrl":"https:\/\/i0.wp.com\/vamosporlaliberacion.org\/crpmlm\/wp-content\/uploads\/2015\/10\/vxl61-14.jpg?fit=696%2C469&ssl=1","keywords":["Encuentro Nacional de Mujeres","vxl 61"],"articleSection":["Genero"],"inLanguage":"es","potentialAction":[{"@type":"CommentAction","name":"Comment","target":["http:\/\/vamosporlaliberacion.org\/crpmlm\/para-la-liberacion-de-las-mujeres-y-del-pueblo\/#respond"]}]},{"@type":"WebPage","@id":"http:\/\/vamosporlaliberacion.org\/crpmlm\/para-la-liberacion-de-las-mujeres-y-del-pueblo\/","url":"http:\/\/vamosporlaliberacion.org\/crpmlm\/para-la-liberacion-de-las-mujeres-y-del-pueblo\/","name":"Para la liberaci\u00f3n de las mujeres y del pueblo - Vamos por la Liberaci\u00f3n","isPartOf":{"@id":"https:\/\/vamosporlaliberacion.org\/crpmlm\/#website"},"primaryImageOfPage":{"@id":"http:\/\/vamosporlaliberacion.org\/crpmlm\/para-la-liberacion-de-las-mujeres-y-del-pueblo\/#primaryimage"},"image":{"@id":"http:\/\/vamosporlaliberacion.org\/crpmlm\/para-la-liberacion-de-las-mujeres-y-del-pueblo\/#primaryimage"},"thumbnailUrl":"https:\/\/i0.wp.com\/vamosporlaliberacion.org\/crpmlm\/wp-content\/uploads\/2015\/10\/vxl61-14.jpg?fit=696%2C469&ssl=1","datePublished":"2015-09-29T19:18:50+00:00","dateModified":"2020-10-12T22:13:40+00:00","author":{"@id":"https:\/\/vamosporlaliberacion.org\/crpmlm\/#\/schema\/person\/d6eac7758df3770dae9cd9eb104d615c"},"breadcrumb":{"@id":"http:\/\/vamosporlaliberacion.org\/crpmlm\/para-la-liberacion-de-las-mujeres-y-del-pueblo\/#breadcrumb"},"inLanguage":"es","potentialAction":[{"@type":"ReadAction","target":["http:\/\/vamosporlaliberacion.org\/crpmlm\/para-la-liberacion-de-las-mujeres-y-del-pueblo\/"]}]},{"@type":"ImageObject","inLanguage":"es","@id":"http:\/\/vamosporlaliberacion.org\/crpmlm\/para-la-liberacion-de-las-mujeres-y-del-pueblo\/#primaryimage","url":"https:\/\/i0.wp.com\/vamosporlaliberacion.org\/crpmlm\/wp-content\/uploads\/2015\/10\/vxl61-14.jpg?fit=696%2C469&ssl=1","contentUrl":"https:\/\/i0.wp.com\/vamosporlaliberacion.org\/crpmlm\/wp-content\/uploads\/2015\/10\/vxl61-14.jpg?fit=696%2C469&ssl=1","width":696,"height":469},{"@type":"BreadcrumbList","@id":"http:\/\/vamosporlaliberacion.org\/crpmlm\/para-la-liberacion-de-las-mujeres-y-del-pueblo\/#breadcrumb","itemListElement":[{"@type":"ListItem","position":1,"name":"Portada","item":"https:\/\/vamosporlaliberacion.org\/crpmlm\/"},{"@type":"ListItem","position":2,"name":"Para la liberaci\u00f3n de las mujeres y del pueblo"}]},{"@type":"WebSite","@id":"https:\/\/vamosporlaliberacion.org\/crpmlm\/#website","url":"https:\/\/vamosporlaliberacion.org\/crpmlm\/","name":"Vamos por la Liberaci\u00f3n","description":"Prensa CR","potentialAction":[{"@type":"SearchAction","target":{"@type":"EntryPoint","urlTemplate":"https:\/\/vamosporlaliberacion.org\/crpmlm\/?s={search_term_string}"},"query-input":{"@type":"PropertyValueSpecification","valueRequired":true,"valueName":"search_term_string"}}],"inLanguage":"es"},{"@type":"Person","@id":"https:\/\/vamosporlaliberacion.org\/crpmlm\/#\/schema\/person\/d6eac7758df3770dae9cd9eb104d615c","name":"vamos!","url":"https:\/\/vamosporlaliberacion.org\/crpmlm\/author\/adminvxl\/"}]}},"jetpack_featured_media_url":"https:\/\/i0.wp.com\/vamosporlaliberacion.org\/crpmlm\/wp-content\/uploads\/2015\/10\/vxl61-14.jpg?fit=696%2C469&ssl=1","jetpack_sharing_enabled":true,"_links":{"self":[{"href":"https:\/\/vamosporlaliberacion.org\/crpmlm\/wp-json\/wp\/v2\/posts\/1114","targetHints":{"allow":["GET"]}}],"collection":[{"href":"https:\/\/vamosporlaliberacion.org\/crpmlm\/wp-json\/wp\/v2\/posts"}],"about":[{"href":"https:\/\/vamosporlaliberacion.org\/crpmlm\/wp-json\/wp\/v2\/types\/post"}],"author":[{"embeddable":true,"href":"https:\/\/vamosporlaliberacion.org\/crpmlm\/wp-json\/wp\/v2\/users\/6"}],"replies":[{"embeddable":true,"href":"https:\/\/vamosporlaliberacion.org\/crpmlm\/wp-json\/wp\/v2\/comments?post=1114"}],"version-history":[{"count":1,"href":"https:\/\/vamosporlaliberacion.org\/crpmlm\/wp-json\/wp\/v2\/posts\/1114\/revisions"}],"predecessor-version":[{"id":19971,"href":"https:\/\/vamosporlaliberacion.org\/crpmlm\/wp-json\/wp\/v2\/posts\/1114\/revisions\/19971"}],"wp:featuredmedia":[{"embeddable":true,"href":"https:\/\/vamosporlaliberacion.org\/crpmlm\/wp-json\/wp\/v2\/media\/1120"}],"wp:attachment":[{"href":"https:\/\/vamosporlaliberacion.org\/crpmlm\/wp-json\/wp\/v2\/media?parent=1114"}],"wp:term":[{"taxonomy":"category","embeddable":true,"href":"https:\/\/vamosporlaliberacion.org\/crpmlm\/wp-json\/wp\/v2\/categories?post=1114"},{"taxonomy":"post_tag","embeddable":true,"href":"https:\/\/vamosporlaliberacion.org\/crpmlm\/wp-json\/wp\/v2\/tags?post=1114"}],"curies":[{"name":"wp","href":"https:\/\/api.w.org\/{rel}","templated":true}]}}