{"id":11117,"date":"2018-03-08T21:42:29","date_gmt":"2018-03-09T00:42:29","guid":{"rendered":"http:\/\/vamosporlaliberacion.org\/crpmlm\/?p=11117"},"modified":"2020-10-28T15:18:56","modified_gmt":"2020-10-28T18:18:56","slug":"no-al-12-de-larreta-paritarias-sin-techo","status":"publish","type":"post","link":"https:\/\/vamosporlaliberacion.org\/crpmlm\/no-al-12-de-larreta-paritarias-sin-techo\/","title":{"rendered":"No al 12% de Larreta, paritarias sin techo!"},"content":{"rendered":"<p>El mi\u00e9rcoles 28 de febrero se realiz\u00f3 en Av. de Mayo y Tacuar\u00ed una concentraci\u00f3n convocada por ATE (estatales), UTE (docentes), AGTSyP (subte), SITRAJU (Justicia) y CTEP junto a organizaciones sociales y pol\u00edticas, de la que particip\u00f3 una delegaci\u00f3n de Camioneros. Desde la CCRS y el CR adherimos y participamos con una columna de compa\u00f1eros y compa\u00f1eras.<\/p>\n<p>La convocatoria, que llen\u00f3 varias cuadras de la Av. de Mayo, fue por paritarias libres y sin techo, contra los tarifazos, los despidos y el desmantelamiento del Estado, y para exigir trabajo para todos y todas, y que ning\u00fan ni\u00f1o o ni\u00f1a se quede sin vacantes en las escuelas.<\/p>\n<p>El gobierno de Horacio Rodr\u00edguez Larreta busca imponer en las paritarias abiertas de los docentes de CABA un 12%, una cifra incluso menor a la de provincia de Buenos Aires y de la media nacional. Mientras tanto, el aumento del ABL que decreta es del 24%, igual a la inflaci\u00f3n de 2017.<\/p>\n<p>Mientras Larreta despide compa\u00f1eros, como los 40 trabajadores\/as en Ministerio de Hacienda que se manten\u00edan dentro del edificio exigiendo su reincorporaci\u00f3n, tambi\u00e9n se denunci\u00f3 que desempleo en el sur de la Ciudad super\u00f3 el 17%, y que 12.000 chicos est\u00e1n sin vacante en las escuelas, los problemas edilicios y desinversi\u00f3n educativa.<\/p>\n<p>Tras la movilizaci\u00f3n del 8M, a la que tambi\u00e9n se convoc\u00f3, el 9 de marzo se volver\u00e1 a evaluar desde la coordinaci\u00f3n que motorizan estos gremios las medidas para continuar la lucha.<\/p>\n<p>Corresponsal<\/p>\n<!-- AddThis Advanced Settings generic via filter on the_content --><!-- AddThis Share Buttons generic via filter on the_content -->","protected":false},"excerpt":{"rendered":"<p>El mi\u00e9rcoles 28 de febrero se realiz\u00f3 en Av. de Mayo y Tacuar\u00ed una concentraci\u00f3n convocada por ATE (estatales), UTE (docentes), AGTSyP (subte), SITRAJU (Justicia) y CTEP junto a organizaciones sociales y pol\u00edticas, de la que particip\u00f3 una delegaci\u00f3n de Camioneros. Desde la CCRS y el CR adherimos y participamos con una columna de compa\u00f1eros [&hellip;]<!-- AddThis Advanced Settings generic via filter on get_the_excerpt --><!-- AddThis Share Buttons generic via filter on get_the_excerpt --><\/p>\n","protected":false},"author":5,"featured_media":11118,"comment_status":"open","ping_status":"open","sticky":false,"template":"","format":"standard","meta":{"_jetpack_memberships_contains_paid_content":false,"footnotes":""},"categories":[1877],"tags":[45,542,1145],"class_list":{"0":"post-11117","1":"post","2":"type-post","3":"status-publish","4":"format-standard","5":"has-post-thumbnail","7":"category-gremiales","8":"tag-caba","9":"tag-paritarias","10":"tag-vxl-114"},"yoast_head":"<!-- This site is optimized with the Yoast SEO plugin v27.4 - https:\/\/yoast.com\/product\/yoast-seo-wordpress\/ -->\n<title>No al 12% de Larreta, paritarias sin techo! - Vamos por la Liberaci\u00f3n<\/title>\n<meta name=\"robots\" content=\"index, follow, max-snippet:-1, max-image-preview:large, max-video-preview:-1\" \/>\n<link rel=\"canonical\" href=\"https:\/\/vamosporlaliberacion.org\/crpmlm\/no-al-12-de-larreta-paritarias-sin-techo\/\" \/>\n<meta name=\"twitter:label1\" content=\"Escrito por\" \/>\n\t<meta name=\"twitter:data1\" content=\"\" \/>\n\t<meta name=\"twitter:label2\" content=\"Tiempo de lectura\" \/>\n\t<meta name=\"twitter:data2\" content=\"1 minuto\" \/>\n<script type=\"application\/ld+json\" class=\"yoast-schema-graph\">{\"@context\":\"https:\\\/\\\/schema.org\",\"@graph\":[{\"@type\":\"Article\",\"@id\":\"https:\\\/\\\/vamosporlaliberacion.org\\\/crpmlm\\\/no-al-12-de-larreta-paritarias-sin-techo\\\/#article\",\"isPartOf\":{\"@id\":\"https:\\\/\\\/vamosporlaliberacion.org\\\/crpmlm\\\/no-al-12-de-larreta-paritarias-sin-techo\\\/\"},\"author\":{\"name\":\"\",\"@id\":\"\"},\"headline\":\"No al 12% de Larreta, paritarias sin techo!\",\"datePublished\":\"2018-03-09T00:42:29+00:00\",\"dateModified\":\"2020-10-28T18:18:56+00:00\",\"mainEntityOfPage\":{\"@id\":\"https:\\\/\\\/vamosporlaliberacion.org\\\/crpmlm\\\/no-al-12-de-larreta-paritarias-sin-techo\\\/\"},\"wordCount\":262,\"commentCount\":0,\"image\":{\"@id\":\"https:\\\/\\\/vamosporlaliberacion.org\\\/crpmlm\\\/no-al-12-de-larreta-paritarias-sin-techo\\\/#primaryimage\"},\"thumbnailUrl\":\"https:\\\/\\\/i0.wp.com\\\/vamosporlaliberacion.org\\\/crpmlm\\\/wp-content\\\/uploads\\\/2018\\\/03\\\/DSC00680.jpg?fit=800%2C600&ssl=1\",\"keywords\":[\"CABA\",\"paritarias\",\"vxl 114\"],\"articleSection\":[\"Actualidad e historia del movimiento obrero\"],\"inLanguage\":\"es\",\"potentialAction\":[{\"@type\":\"CommentAction\",\"name\":\"Comment\",\"target\":[\"https:\\\/\\\/vamosporlaliberacion.org\\\/crpmlm\\\/no-al-12-de-larreta-paritarias-sin-techo\\\/#respond\"]}]},{\"@type\":\"WebPage\",\"@id\":\"https:\\\/\\\/vamosporlaliberacion.org\\\/crpmlm\\\/no-al-12-de-larreta-paritarias-sin-techo\\\/\",\"url\":\"https:\\\/\\\/vamosporlaliberacion.org\\\/crpmlm\\\/no-al-12-de-larreta-paritarias-sin-techo\\\/\",\"name\":\"No al 12% de Larreta, paritarias sin techo! - Vamos por la Liberaci\u00f3n\",\"isPartOf\":{\"@id\":\"https:\\\/\\\/vamosporlaliberacion.org\\\/crpmlm\\\/#website\"},\"primaryImageOfPage\":{\"@id\":\"https:\\\/\\\/vamosporlaliberacion.org\\\/crpmlm\\\/no-al-12-de-larreta-paritarias-sin-techo\\\/#primaryimage\"},\"image\":{\"@id\":\"https:\\\/\\\/vamosporlaliberacion.org\\\/crpmlm\\\/no-al-12-de-larreta-paritarias-sin-techo\\\/#primaryimage\"},\"thumbnailUrl\":\"https:\\\/\\\/i0.wp.com\\\/vamosporlaliberacion.org\\\/crpmlm\\\/wp-content\\\/uploads\\\/2018\\\/03\\\/DSC00680.jpg?fit=800%2C600&ssl=1\",\"datePublished\":\"2018-03-09T00:42:29+00:00\",\"dateModified\":\"2020-10-28T18:18:56+00:00\",\"author\":{\"@id\":\"\"},\"breadcrumb\":{\"@id\":\"https:\\\/\\\/vamosporlaliberacion.org\\\/crpmlm\\\/no-al-12-de-larreta-paritarias-sin-techo\\\/#breadcrumb\"},\"inLanguage\":\"es\",\"potentialAction\":[{\"@type\":\"ReadAction\",\"target\":[\"https:\\\/\\\/vamosporlaliberacion.org\\\/crpmlm\\\/no-al-12-de-larreta-paritarias-sin-techo\\\/\"]}]},{\"@type\":\"ImageObject\",\"inLanguage\":\"es\",\"@id\":\"https:\\\/\\\/vamosporlaliberacion.org\\\/crpmlm\\\/no-al-12-de-larreta-paritarias-sin-techo\\\/#primaryimage\",\"url\":\"https:\\\/\\\/i0.wp.com\\\/vamosporlaliberacion.org\\\/crpmlm\\\/wp-content\\\/uploads\\\/2018\\\/03\\\/DSC00680.jpg?fit=800%2C600&ssl=1\",\"contentUrl\":\"https:\\\/\\\/i0.wp.com\\\/vamosporlaliberacion.org\\\/crpmlm\\\/wp-content\\\/uploads\\\/2018\\\/03\\\/DSC00680.jpg?fit=800%2C600&ssl=1\",\"width\":800,\"height\":600},{\"@type\":\"BreadcrumbList\",\"@id\":\"https:\\\/\\\/vamosporlaliberacion.org\\\/crpmlm\\\/no-al-12-de-larreta-paritarias-sin-techo\\\/#breadcrumb\",\"itemListElement\":[{\"@type\":\"ListItem\",\"position\":1,\"name\":\"Portada\",\"item\":\"https:\\\/\\\/vamosporlaliberacion.org\\\/crpmlm\\\/\"},{\"@type\":\"ListItem\",\"position\":2,\"name\":\"No al 12% de Larreta, paritarias sin techo!\"}]},{\"@type\":\"WebSite\",\"@id\":\"https:\\\/\\\/vamosporlaliberacion.org\\\/crpmlm\\\/#website\",\"url\":\"https:\\\/\\\/vamosporlaliberacion.org\\\/crpmlm\\\/\",\"name\":\"Vamos por la Liberaci\u00f3n\",\"description\":\"Prensa CR\",\"potentialAction\":[{\"@type\":\"SearchAction\",\"target\":{\"@type\":\"EntryPoint\",\"urlTemplate\":\"https:\\\/\\\/vamosporlaliberacion.org\\\/crpmlm\\\/?s={search_term_string}\"},\"query-input\":{\"@type\":\"PropertyValueSpecification\",\"valueRequired\":true,\"valueName\":\"search_term_string\"}}],\"inLanguage\":\"es\"},{\"@type\":\"Person\",\"@id\":\"\",\"url\":\"https:\\\/\\\/vamosporlaliberacion.org\\\/crpmlm\\\/author\\\/\"}]}<\/script>\n<!-- \/ Yoast SEO plugin. -->","yoast_head_json":{"title":"No al 12% de Larreta, paritarias sin techo! - Vamos por la Liberaci\u00f3n","robots":{"index":"index","follow":"follow","max-snippet":"max-snippet:-1","max-image-preview":"max-image-preview:large","max-video-preview":"max-video-preview:-1"},"canonical":"https:\/\/vamosporlaliberacion.org\/crpmlm\/no-al-12-de-larreta-paritarias-sin-techo\/","twitter_misc":{"Escrito por":"","Tiempo de lectura":"1 minuto"},"schema":{"@context":"https:\/\/schema.org","@graph":[{"@type":"Article","@id":"https:\/\/vamosporlaliberacion.org\/crpmlm\/no-al-12-de-larreta-paritarias-sin-techo\/#article","isPartOf":{"@id":"https:\/\/vamosporlaliberacion.org\/crpmlm\/no-al-12-de-larreta-paritarias-sin-techo\/"},"author":{"name":"","@id":""},"headline":"No al 12% de Larreta, paritarias sin techo!","datePublished":"2018-03-09T00:42:29+00:00","dateModified":"2020-10-28T18:18:56+00:00","mainEntityOfPage":{"@id":"https:\/\/vamosporlaliberacion.org\/crpmlm\/no-al-12-de-larreta-paritarias-sin-techo\/"},"wordCount":262,"commentCount":0,"image":{"@id":"https:\/\/vamosporlaliberacion.org\/crpmlm\/no-al-12-de-larreta-paritarias-sin-techo\/#primaryimage"},"thumbnailUrl":"https:\/\/i0.wp.com\/vamosporlaliberacion.org\/crpmlm\/wp-content\/uploads\/2018\/03\/DSC00680.jpg?fit=800%2C600&ssl=1","keywords":["CABA","paritarias","vxl 114"],"articleSection":["Actualidad e historia del movimiento obrero"],"inLanguage":"es","potentialAction":[{"@type":"CommentAction","name":"Comment","target":["https:\/\/vamosporlaliberacion.org\/crpmlm\/no-al-12-de-larreta-paritarias-sin-techo\/#respond"]}]},{"@type":"WebPage","@id":"https:\/\/vamosporlaliberacion.org\/crpmlm\/no-al-12-de-larreta-paritarias-sin-techo\/","url":"https:\/\/vamosporlaliberacion.org\/crpmlm\/no-al-12-de-larreta-paritarias-sin-techo\/","name":"No al 12% de Larreta, paritarias sin techo! - Vamos por la Liberaci\u00f3n","isPartOf":{"@id":"https:\/\/vamosporlaliberacion.org\/crpmlm\/#website"},"primaryImageOfPage":{"@id":"https:\/\/vamosporlaliberacion.org\/crpmlm\/no-al-12-de-larreta-paritarias-sin-techo\/#primaryimage"},"image":{"@id":"https:\/\/vamosporlaliberacion.org\/crpmlm\/no-al-12-de-larreta-paritarias-sin-techo\/#primaryimage"},"thumbnailUrl":"https:\/\/i0.wp.com\/vamosporlaliberacion.org\/crpmlm\/wp-content\/uploads\/2018\/03\/DSC00680.jpg?fit=800%2C600&ssl=1","datePublished":"2018-03-09T00:42:29+00:00","dateModified":"2020-10-28T18:18:56+00:00","author":{"@id":""},"breadcrumb":{"@id":"https:\/\/vamosporlaliberacion.org\/crpmlm\/no-al-12-de-larreta-paritarias-sin-techo\/#breadcrumb"},"inLanguage":"es","potentialAction":[{"@type":"ReadAction","target":["https:\/\/vamosporlaliberacion.org\/crpmlm\/no-al-12-de-larreta-paritarias-sin-techo\/"]}]},{"@type":"ImageObject","inLanguage":"es","@id":"https:\/\/vamosporlaliberacion.org\/crpmlm\/no-al-12-de-larreta-paritarias-sin-techo\/#primaryimage","url":"https:\/\/i0.wp.com\/vamosporlaliberacion.org\/crpmlm\/wp-content\/uploads\/2018\/03\/DSC00680.jpg?fit=800%2C600&ssl=1","contentUrl":"https:\/\/i0.wp.com\/vamosporlaliberacion.org\/crpmlm\/wp-content\/uploads\/2018\/03\/DSC00680.jpg?fit=800%2C600&ssl=1","width":800,"height":600},{"@type":"BreadcrumbList","@id":"https:\/\/vamosporlaliberacion.org\/crpmlm\/no-al-12-de-larreta-paritarias-sin-techo\/#breadcrumb","itemListElement":[{"@type":"ListItem","position":1,"name":"Portada","item":"https:\/\/vamosporlaliberacion.org\/crpmlm\/"},{"@type":"ListItem","position":2,"name":"No al 12% de Larreta, paritarias sin techo!"}]},{"@type":"WebSite","@id":"https:\/\/vamosporlaliberacion.org\/crpmlm\/#website","url":"https:\/\/vamosporlaliberacion.org\/crpmlm\/","name":"Vamos por la Liberaci\u00f3n","description":"Prensa CR","potentialAction":[{"@type":"SearchAction","target":{"@type":"EntryPoint","urlTemplate":"https:\/\/vamosporlaliberacion.org\/crpmlm\/?s={search_term_string}"},"query-input":{"@type":"PropertyValueSpecification","valueRequired":true,"valueName":"search_term_string"}}],"inLanguage":"es"},{"@type":"Person","@id":"","url":"https:\/\/vamosporlaliberacion.org\/crpmlm\/author\/"}]}},"jetpack_featured_media_url":"https:\/\/i0.wp.com\/vamosporlaliberacion.org\/crpmlm\/wp-content\/uploads\/2018\/03\/DSC00680.jpg?fit=800%2C600&ssl=1","jetpack_sharing_enabled":true,"_links":{"self":[{"href":"https:\/\/vamosporlaliberacion.org\/crpmlm\/wp-json\/wp\/v2\/posts\/11117","targetHints":{"allow":["GET"]}}],"collection":[{"href":"https:\/\/vamosporlaliberacion.org\/crpmlm\/wp-json\/wp\/v2\/posts"}],"about":[{"href":"https:\/\/vamosporlaliberacion.org\/crpmlm\/wp-json\/wp\/v2\/types\/post"}],"author":[{"embeddable":true,"href":"https:\/\/vamosporlaliberacion.org\/crpmlm\/wp-json\/wp\/v2\/users\/5"}],"replies":[{"embeddable":true,"href":"https:\/\/vamosporlaliberacion.org\/crpmlm\/wp-json\/wp\/v2\/comments?post=11117"}],"version-history":[{"count":1,"href":"https:\/\/vamosporlaliberacion.org\/crpmlm\/wp-json\/wp\/v2\/posts\/11117\/revisions"}],"predecessor-version":[{"id":21219,"href":"https:\/\/vamosporlaliberacion.org\/crpmlm\/wp-json\/wp\/v2\/posts\/11117\/revisions\/21219"}],"wp:featuredmedia":[{"embeddable":true,"href":"https:\/\/vamosporlaliberacion.org\/crpmlm\/wp-json\/wp\/v2\/media\/11118"}],"wp:attachment":[{"href":"https:\/\/vamosporlaliberacion.org\/crpmlm\/wp-json\/wp\/v2\/media?parent=11117"}],"wp:term":[{"taxonomy":"category","embeddable":true,"href":"https:\/\/vamosporlaliberacion.org\/crpmlm\/wp-json\/wp\/v2\/categories?post=11117"},{"taxonomy":"post_tag","embeddable":true,"href":"https:\/\/vamosporlaliberacion.org\/crpmlm\/wp-json\/wp\/v2\/tags?post=11117"}],"curies":[{"name":"wp","href":"https:\/\/api.w.org\/{rel}","templated":true}]}}