{"id":11113,"date":"2018-03-08T21:38:53","date_gmt":"2018-03-09T00:38:53","guid":{"rendered":"http:\/\/vamosporlaliberacion.org\/crpmlm\/?p=11113"},"modified":"2020-10-24T18:56:49","modified_gmt":"2020-10-24T21:56:49","slug":"inti-1-mes-contra-los-258-despidos","status":"publish","type":"post","link":"https:\/\/vamosporlaliberacion.org\/crpmlm\/inti-1-mes-contra-los-258-despidos\/","title":{"rendered":"INTI: 1 mes contra los 258 despidos"},"content":{"rendered":"<p>Un ampl\u00edsimo arco pol\u00edtico se reuni\u00f3 en el acto-conferencia que organiz\u00f3 la Comisi\u00f3n Interna de ATE-INTI al cumplirse un mes de conflicto el lunes 26\/2. Representantes gremiales, diputados, referentes de derechos humanos y representante de entidades empresarias hicieron uso de la palabra reclamando la vuelta atr\u00e1s con los despidos y en defensa de la producci\u00f3n nacional. Desde los diputados del FIT hasta Felipe Sol\u00e1 (Frente Renovador). Todo seguido con la presencia de los trabajadores del INTI y de otras entidades y organizaciones.<\/p>\n<p>Tras las palabras de Hugo Godoy (ATE Nacional), que plante\u00f3 la posibilidad de una medida nacional, hablaron Taty Almeida \u2013Madres L\u00ednea Fundadora\u2013 y Adolfo P\u00e9rez Esquivel \u2013Premio Nobel de la Paz\u2013. Y luego, Alfredo Ladr\u00f3n Gonz\u00e1lez ley\u00f3 la carta de los directores y coordinadores del INTI repudiando el vaciamiento del organismo y la persecuci\u00f3n que se lleva adelante con ese objetivo. Entre sus p\u00e1rrafos expres\u00f3 que \u201cno es posible concebir un instituto p\u00fablico de innovaci\u00f3n, investigaci\u00f3n y desarrollo, sin alcanzar un ambiente de profunda libertad de pensamiento\u201d.<\/p>\n<p>Entonces hablaron diputados del Frente Renovador (entre ellos tambi\u00e9n Ignacio de Mendiguren), Unidad Ciudadana, Libres del Sur, Partido Obrero, PTS, Izquierda Socialista, Unidad Popular, MST, y hasta un integrante de la UCR: Miguel Ponce. Hacia el final hablaron tambi\u00e9n un representante de APyME y otro por CAPyME.<\/p>\n<p>Por un momento, la secretaria gremial Giselle Santana \u2013que coordinaba la conferencia\u2013 debi\u00f3 contener la emoci\u00f3n cuando un orador repudi\u00f3 el robo mafioso que hab\u00eda sufrido en su hogar en un claro intento de amedrentamiento. Cerr\u00f3 el acto el secretario general de ATE-INTI Francisco Dolmann. Sin lugar a dudas los oradores mantienen posiciones muy distintas sobre las perspectivas generales del pa\u00eds. Pero la batalla inmediata es dar marcha atr\u00e1s con los despidos. Si gana el INTI, esto ayudar\u00eda a los dem\u00e1s conflictos. Si gana el INTI, ganamos la lucha del pueblo!<\/p>\n<p>El viernes siguiente los trabajadores realizaron una caravana hasta el Ministerio de Trabajo, jornada en la que confluyeron tambi\u00e9n con los trabajadores del Posadas. Al d\u00eda siguiente, el secretario general de ATE-INTI Francisco Dollman sufri\u00f3 un robo en su casa: otro hecho intimidatorio y mafioso (\u00bfy desesperado?).<\/p>\n<p>Al cierre de esta edici\u00f3n, se confirmaban los descuentos masivos por paro, afectando a alrededor de 1000 trabajadores. Los descuentos son del 40% o incluso el 50% en algunos casos, sin un criterio claro. Inmediatamente analizaron la situaci\u00f3n en asamblea. Lanzaron una jornada nacional de lucha de 72hs de mi\u00e9rcoles a viernes y otras medidas. Tambi\u00e9n se est\u00e1n analizando iniciativas legislativas en el Congreso.<\/p>\n<!-- AddThis Advanced Settings generic via filter on the_content --><!-- AddThis Share Buttons generic via filter on the_content -->","protected":false},"excerpt":{"rendered":"<p>Un ampl\u00edsimo arco pol\u00edtico se reuni\u00f3 en el acto-conferencia que organiz\u00f3 la Comisi\u00f3n Interna de ATE-INTI al cumplirse un mes de conflicto el lunes 26\/2. Representantes gremiales, diputados, referentes de derechos humanos y representante de entidades empresarias hicieron uso de la palabra reclamando la vuelta atr\u00e1s con los despidos y en defensa de la producci\u00f3n [&hellip;]<!-- AddThis Advanced Settings generic via filter on get_the_excerpt --><!-- AddThis Share Buttons generic via filter on get_the_excerpt --><\/p>\n","protected":false},"author":5,"featured_media":11114,"comment_status":"open","ping_status":"open","sticky":false,"template":"","format":"standard","meta":{"_jetpack_memberships_contains_paid_content":false,"footnotes":""},"categories":[1877],"tags":[81,1145],"class_list":{"0":"post-11113","1":"post","2":"type-post","3":"status-publish","4":"format-standard","5":"has-post-thumbnail","7":"category-gremiales","8":"tag-despidos","9":"tag-vxl-114"},"yoast_head":"<!-- This site is optimized with the Yoast SEO plugin v27.4 - https:\/\/yoast.com\/product\/yoast-seo-wordpress\/ -->\n<title>INTI: 1 mes contra los 258 despidos - Vamos por la Liberaci\u00f3n<\/title>\n<meta name=\"robots\" content=\"index, follow, max-snippet:-1, max-image-preview:large, max-video-preview:-1\" \/>\n<link rel=\"canonical\" href=\"https:\/\/vamosporlaliberacion.org\/crpmlm\/inti-1-mes-contra-los-258-despidos\/\" \/>\n<meta name=\"twitter:label1\" content=\"Escrito por\" \/>\n\t<meta name=\"twitter:data1\" content=\"\" \/>\n\t<meta name=\"twitter:label2\" content=\"Tiempo de lectura\" \/>\n\t<meta name=\"twitter:data2\" content=\"2 minutos\" \/>\n<script type=\"application\/ld+json\" class=\"yoast-schema-graph\">{\"@context\":\"https:\\\/\\\/schema.org\",\"@graph\":[{\"@type\":\"Article\",\"@id\":\"https:\\\/\\\/vamosporlaliberacion.org\\\/crpmlm\\\/inti-1-mes-contra-los-258-despidos\\\/#article\",\"isPartOf\":{\"@id\":\"https:\\\/\\\/vamosporlaliberacion.org\\\/crpmlm\\\/inti-1-mes-contra-los-258-despidos\\\/\"},\"author\":{\"name\":\"\",\"@id\":\"\"},\"headline\":\"INTI: 1 mes contra los 258 despidos\",\"datePublished\":\"2018-03-09T00:38:53+00:00\",\"dateModified\":\"2020-10-24T21:56:49+00:00\",\"mainEntityOfPage\":{\"@id\":\"https:\\\/\\\/vamosporlaliberacion.org\\\/crpmlm\\\/inti-1-mes-contra-los-258-despidos\\\/\"},\"wordCount\":448,\"commentCount\":0,\"image\":{\"@id\":\"https:\\\/\\\/vamosporlaliberacion.org\\\/crpmlm\\\/inti-1-mes-contra-los-258-despidos\\\/#primaryimage\"},\"thumbnailUrl\":\"https:\\\/\\\/i0.wp.com\\\/vamosporlaliberacion.org\\\/crpmlm\\\/wp-content\\\/uploads\\\/2018\\\/03\\\/IMG_20180226_115805.jpg?fit=800%2C600&ssl=1\",\"keywords\":[\"Despidos\",\"vxl 114\"],\"articleSection\":[\"Actualidad e historia del movimiento obrero\"],\"inLanguage\":\"es\",\"potentialAction\":[{\"@type\":\"CommentAction\",\"name\":\"Comment\",\"target\":[\"https:\\\/\\\/vamosporlaliberacion.org\\\/crpmlm\\\/inti-1-mes-contra-los-258-despidos\\\/#respond\"]}]},{\"@type\":\"WebPage\",\"@id\":\"https:\\\/\\\/vamosporlaliberacion.org\\\/crpmlm\\\/inti-1-mes-contra-los-258-despidos\\\/\",\"url\":\"https:\\\/\\\/vamosporlaliberacion.org\\\/crpmlm\\\/inti-1-mes-contra-los-258-despidos\\\/\",\"name\":\"INTI: 1 mes contra los 258 despidos - Vamos por la Liberaci\u00f3n\",\"isPartOf\":{\"@id\":\"https:\\\/\\\/vamosporlaliberacion.org\\\/crpmlm\\\/#website\"},\"primaryImageOfPage\":{\"@id\":\"https:\\\/\\\/vamosporlaliberacion.org\\\/crpmlm\\\/inti-1-mes-contra-los-258-despidos\\\/#primaryimage\"},\"image\":{\"@id\":\"https:\\\/\\\/vamosporlaliberacion.org\\\/crpmlm\\\/inti-1-mes-contra-los-258-despidos\\\/#primaryimage\"},\"thumbnailUrl\":\"https:\\\/\\\/i0.wp.com\\\/vamosporlaliberacion.org\\\/crpmlm\\\/wp-content\\\/uploads\\\/2018\\\/03\\\/IMG_20180226_115805.jpg?fit=800%2C600&ssl=1\",\"datePublished\":\"2018-03-09T00:38:53+00:00\",\"dateModified\":\"2020-10-24T21:56:49+00:00\",\"author\":{\"@id\":\"\"},\"breadcrumb\":{\"@id\":\"https:\\\/\\\/vamosporlaliberacion.org\\\/crpmlm\\\/inti-1-mes-contra-los-258-despidos\\\/#breadcrumb\"},\"inLanguage\":\"es\",\"potentialAction\":[{\"@type\":\"ReadAction\",\"target\":[\"https:\\\/\\\/vamosporlaliberacion.org\\\/crpmlm\\\/inti-1-mes-contra-los-258-despidos\\\/\"]}]},{\"@type\":\"ImageObject\",\"inLanguage\":\"es\",\"@id\":\"https:\\\/\\\/vamosporlaliberacion.org\\\/crpmlm\\\/inti-1-mes-contra-los-258-despidos\\\/#primaryimage\",\"url\":\"https:\\\/\\\/i0.wp.com\\\/vamosporlaliberacion.org\\\/crpmlm\\\/wp-content\\\/uploads\\\/2018\\\/03\\\/IMG_20180226_115805.jpg?fit=800%2C600&ssl=1\",\"contentUrl\":\"https:\\\/\\\/i0.wp.com\\\/vamosporlaliberacion.org\\\/crpmlm\\\/wp-content\\\/uploads\\\/2018\\\/03\\\/IMG_20180226_115805.jpg?fit=800%2C600&ssl=1\",\"width\":800,\"height\":600},{\"@type\":\"BreadcrumbList\",\"@id\":\"https:\\\/\\\/vamosporlaliberacion.org\\\/crpmlm\\\/inti-1-mes-contra-los-258-despidos\\\/#breadcrumb\",\"itemListElement\":[{\"@type\":\"ListItem\",\"position\":1,\"name\":\"Portada\",\"item\":\"https:\\\/\\\/vamosporlaliberacion.org\\\/crpmlm\\\/\"},{\"@type\":\"ListItem\",\"position\":2,\"name\":\"INTI: 1 mes contra los 258 despidos\"}]},{\"@type\":\"WebSite\",\"@id\":\"https:\\\/\\\/vamosporlaliberacion.org\\\/crpmlm\\\/#website\",\"url\":\"https:\\\/\\\/vamosporlaliberacion.org\\\/crpmlm\\\/\",\"name\":\"Vamos por la Liberaci\u00f3n\",\"description\":\"Prensa CR\",\"potentialAction\":[{\"@type\":\"SearchAction\",\"target\":{\"@type\":\"EntryPoint\",\"urlTemplate\":\"https:\\\/\\\/vamosporlaliberacion.org\\\/crpmlm\\\/?s={search_term_string}\"},\"query-input\":{\"@type\":\"PropertyValueSpecification\",\"valueRequired\":true,\"valueName\":\"search_term_string\"}}],\"inLanguage\":\"es\"},{\"@type\":\"Person\",\"@id\":\"\",\"url\":\"https:\\\/\\\/vamosporlaliberacion.org\\\/crpmlm\\\/author\\\/\"}]}<\/script>\n<!-- \/ Yoast SEO plugin. -->","yoast_head_json":{"title":"INTI: 1 mes contra los 258 despidos - Vamos por la Liberaci\u00f3n","robots":{"index":"index","follow":"follow","max-snippet":"max-snippet:-1","max-image-preview":"max-image-preview:large","max-video-preview":"max-video-preview:-1"},"canonical":"https:\/\/vamosporlaliberacion.org\/crpmlm\/inti-1-mes-contra-los-258-despidos\/","twitter_misc":{"Escrito por":"","Tiempo de lectura":"2 minutos"},"schema":{"@context":"https:\/\/schema.org","@graph":[{"@type":"Article","@id":"https:\/\/vamosporlaliberacion.org\/crpmlm\/inti-1-mes-contra-los-258-despidos\/#article","isPartOf":{"@id":"https:\/\/vamosporlaliberacion.org\/crpmlm\/inti-1-mes-contra-los-258-despidos\/"},"author":{"name":"","@id":""},"headline":"INTI: 1 mes contra los 258 despidos","datePublished":"2018-03-09T00:38:53+00:00","dateModified":"2020-10-24T21:56:49+00:00","mainEntityOfPage":{"@id":"https:\/\/vamosporlaliberacion.org\/crpmlm\/inti-1-mes-contra-los-258-despidos\/"},"wordCount":448,"commentCount":0,"image":{"@id":"https:\/\/vamosporlaliberacion.org\/crpmlm\/inti-1-mes-contra-los-258-despidos\/#primaryimage"},"thumbnailUrl":"https:\/\/i0.wp.com\/vamosporlaliberacion.org\/crpmlm\/wp-content\/uploads\/2018\/03\/IMG_20180226_115805.jpg?fit=800%2C600&ssl=1","keywords":["Despidos","vxl 114"],"articleSection":["Actualidad e historia del movimiento obrero"],"inLanguage":"es","potentialAction":[{"@type":"CommentAction","name":"Comment","target":["https:\/\/vamosporlaliberacion.org\/crpmlm\/inti-1-mes-contra-los-258-despidos\/#respond"]}]},{"@type":"WebPage","@id":"https:\/\/vamosporlaliberacion.org\/crpmlm\/inti-1-mes-contra-los-258-despidos\/","url":"https:\/\/vamosporlaliberacion.org\/crpmlm\/inti-1-mes-contra-los-258-despidos\/","name":"INTI: 1 mes contra los 258 despidos - Vamos por la Liberaci\u00f3n","isPartOf":{"@id":"https:\/\/vamosporlaliberacion.org\/crpmlm\/#website"},"primaryImageOfPage":{"@id":"https:\/\/vamosporlaliberacion.org\/crpmlm\/inti-1-mes-contra-los-258-despidos\/#primaryimage"},"image":{"@id":"https:\/\/vamosporlaliberacion.org\/crpmlm\/inti-1-mes-contra-los-258-despidos\/#primaryimage"},"thumbnailUrl":"https:\/\/i0.wp.com\/vamosporlaliberacion.org\/crpmlm\/wp-content\/uploads\/2018\/03\/IMG_20180226_115805.jpg?fit=800%2C600&ssl=1","datePublished":"2018-03-09T00:38:53+00:00","dateModified":"2020-10-24T21:56:49+00:00","author":{"@id":""},"breadcrumb":{"@id":"https:\/\/vamosporlaliberacion.org\/crpmlm\/inti-1-mes-contra-los-258-despidos\/#breadcrumb"},"inLanguage":"es","potentialAction":[{"@type":"ReadAction","target":["https:\/\/vamosporlaliberacion.org\/crpmlm\/inti-1-mes-contra-los-258-despidos\/"]}]},{"@type":"ImageObject","inLanguage":"es","@id":"https:\/\/vamosporlaliberacion.org\/crpmlm\/inti-1-mes-contra-los-258-despidos\/#primaryimage","url":"https:\/\/i0.wp.com\/vamosporlaliberacion.org\/crpmlm\/wp-content\/uploads\/2018\/03\/IMG_20180226_115805.jpg?fit=800%2C600&ssl=1","contentUrl":"https:\/\/i0.wp.com\/vamosporlaliberacion.org\/crpmlm\/wp-content\/uploads\/2018\/03\/IMG_20180226_115805.jpg?fit=800%2C600&ssl=1","width":800,"height":600},{"@type":"BreadcrumbList","@id":"https:\/\/vamosporlaliberacion.org\/crpmlm\/inti-1-mes-contra-los-258-despidos\/#breadcrumb","itemListElement":[{"@type":"ListItem","position":1,"name":"Portada","item":"https:\/\/vamosporlaliberacion.org\/crpmlm\/"},{"@type":"ListItem","position":2,"name":"INTI: 1 mes contra los 258 despidos"}]},{"@type":"WebSite","@id":"https:\/\/vamosporlaliberacion.org\/crpmlm\/#website","url":"https:\/\/vamosporlaliberacion.org\/crpmlm\/","name":"Vamos por la Liberaci\u00f3n","description":"Prensa CR","potentialAction":[{"@type":"SearchAction","target":{"@type":"EntryPoint","urlTemplate":"https:\/\/vamosporlaliberacion.org\/crpmlm\/?s={search_term_string}"},"query-input":{"@type":"PropertyValueSpecification","valueRequired":true,"valueName":"search_term_string"}}],"inLanguage":"es"},{"@type":"Person","@id":"","url":"https:\/\/vamosporlaliberacion.org\/crpmlm\/author\/"}]}},"jetpack_featured_media_url":"https:\/\/i0.wp.com\/vamosporlaliberacion.org\/crpmlm\/wp-content\/uploads\/2018\/03\/IMG_20180226_115805.jpg?fit=800%2C600&ssl=1","jetpack_sharing_enabled":true,"_links":{"self":[{"href":"https:\/\/vamosporlaliberacion.org\/crpmlm\/wp-json\/wp\/v2\/posts\/11113","targetHints":{"allow":["GET"]}}],"collection":[{"href":"https:\/\/vamosporlaliberacion.org\/crpmlm\/wp-json\/wp\/v2\/posts"}],"about":[{"href":"https:\/\/vamosporlaliberacion.org\/crpmlm\/wp-json\/wp\/v2\/types\/post"}],"author":[{"embeddable":true,"href":"https:\/\/vamosporlaliberacion.org\/crpmlm\/wp-json\/wp\/v2\/users\/5"}],"replies":[{"embeddable":true,"href":"https:\/\/vamosporlaliberacion.org\/crpmlm\/wp-json\/wp\/v2\/comments?post=11113"}],"version-history":[{"count":1,"href":"https:\/\/vamosporlaliberacion.org\/crpmlm\/wp-json\/wp\/v2\/posts\/11113\/revisions"}],"predecessor-version":[{"id":20469,"href":"https:\/\/vamosporlaliberacion.org\/crpmlm\/wp-json\/wp\/v2\/posts\/11113\/revisions\/20469"}],"wp:featuredmedia":[{"embeddable":true,"href":"https:\/\/vamosporlaliberacion.org\/crpmlm\/wp-json\/wp\/v2\/media\/11114"}],"wp:attachment":[{"href":"https:\/\/vamosporlaliberacion.org\/crpmlm\/wp-json\/wp\/v2\/media?parent=11113"}],"wp:term":[{"taxonomy":"category","embeddable":true,"href":"https:\/\/vamosporlaliberacion.org\/crpmlm\/wp-json\/wp\/v2\/categories?post=11113"},{"taxonomy":"post_tag","embeddable":true,"href":"https:\/\/vamosporlaliberacion.org\/crpmlm\/wp-json\/wp\/v2\/tags?post=11113"}],"curies":[{"name":"wp","href":"https:\/\/api.w.org\/{rel}","templated":true}]}}