{"id":11110,"date":"2018-03-08T21:34:11","date_gmt":"2018-03-09T00:34:11","guid":{"rendered":"http:\/\/vamosporlaliberacion.org\/crpmlm\/?p=11110"},"modified":"2020-10-25T20:09:33","modified_gmt":"2020-10-25T23:09:33","slug":"la-lucha-docente-arranco-con-fuerza","status":"publish","type":"post","link":"https:\/\/vamosporlaliberacion.org\/crpmlm\/la-lucha-docente-arranco-con-fuerza\/","title":{"rendered":"La lucha docente arranc\u00f3 con fuerza"},"content":{"rendered":"<p>La Plaza Congreso se llen\u00f3 de guardapolvos blancos y cuadriculados. Contingentes no s\u00f3lo de Capital y provincia de Buenos Aires, sino tambi\u00e9n de todo el pa\u00eds: Santa Fe, R\u00edo Negro, C\u00f3rdoba, Entre R\u00edos y muchas m\u00e1s. Unos 60 mil docentes marcharon desde all\u00ed hasta el Ministerio de Educaci\u00f3n. A la convocatoria de CTERA se sumaron tambi\u00e9n los docentes privados nucleados en Sadop y otros sindicatos bonaerenses como la FEB. El gobierno \u201cpresion\u00f3 a los sindicatos para romper esta unidad en la calle\u201d, se denunci\u00f3 desde el palco.<\/p>\n<p>La jornada se cumpl\u00eda en el marco de un paro nacional docente de 48 horas, con alto acatamiento. \u201cPor lo general es pr\u00e1cticamente 100% en Rosario\u201d, precis\u00f3 Gladys mientras marchaba en la columna de AMSAFE-Rosario. Un \u201c90% en Cipolletti\u201d, asegur\u00f3 el Negro, docente de esa localidad que viaj\u00f3 en micro m\u00e1s de mil kil\u00f3metros junto a su delegaci\u00f3n para participar de la movilizaci\u00f3n. \u201cEn el resto [de R\u00edo Negro] es semejante\u201d, agreg\u00f3.<\/p>\n<p>En Rosario, adem\u00e1s, la asamblea departamental aprob\u00f3 parar tambi\u00e9n el mi\u00e9rcoles, para luego sumarse al paro internacional de mujeres el 8M. \u201cSe llevan las mociones a las escuelas y los docentes son los que votan\u201d, explic\u00f3 Gladys sobre c\u00f3mo debaten y resuelven los docentes. El resto de la provincia, conducida por la Celeste, cumplir\u00e1 estrictamente el paro de CTERA: 48 horas m\u00e1s el 8M.<\/p>\n<p>A la vez se realizaron actos en todo el pa\u00eds. En Tierra del Fuego el paro fue contundente y se cumpli\u00f3 con \u201cacatamiento muy alto en todas las ciudades\u201d, seg\u00fan detall\u00f3 Ver\u00f3nica Andino, adjunta del sindicato fueguino SUTEF. All\u00ed los docentes se movilizaron al Ministerio de Educaci\u00f3n en Ushuaia y a la delegaci\u00f3n del Ministerio en R\u00edo Grande, \u201ccon una muy buena participaci\u00f3n de los compa\u00f1eros\u201d.<\/p>\n<p><strong>\u00a1Paritarias ya!<\/strong><\/p>\n<p>\u201cQue nos devuelva la herramienta indispensable de todo trabajador que es la negociaci\u00f3n colectiva\u201d, exigi\u00f3 al gobierno la secretaria de Sadop Mar\u00eda L\u00e1zaro. \u201cEsa paritaria que fue robada, que fue cerrada unilateralmente por este gobierno que no quiere dialogar\u201d, agreg\u00f3.<\/p>\n<p>El gobierno no cumpli\u00f3 la paritaria nacional y pas\u00f3 a impulsar el 15%, sin cl\u00e1usula gatillo, para las negociaciones provinciales. \u00c9sta es la propuesta que le lleg\u00f3 a SUTEBA, a AMSAFE, al UNTER (R\u00edo Negro), para citar algunos ejemplos. \u201cAducen que por el pacto fiscal no pueden pagar m\u00e1s del 15%\u201d, expres\u00f3 el Negro sobre el gobierno rionegrino, al cual calific\u00f3 de \u201cfiel aliado de Macri\u201d.<\/p>\n<p>En el caso de Tierra del Fuego la situaci\u00f3n es m\u00e1s grave a\u00fan. All\u00ed gobierno no present\u00f3 ninguna propuesta. \u201cO sea, hasta el momento hay 0% de aumento para los docentes\u201d, denunci\u00f3 Ver\u00f3nica Andino. \u201cNo s\u00f3lo eso, adem\u00e1s fij\u00f3 una nueva audiencia de negociaci\u00f3n reci\u00e9n para el 15 de marzo\u201d, agreg\u00f3.<\/p>\n<p><strong>No al cierre<\/strong><\/p>\n<p>Otro de los puntos destacados de la movilizaci\u00f3n fue el repudio al cierre de escuelas. Subieron al palco docentes, chicos y padres que reclaman el no cierre de la escuela Caracoles del Delta bonaerense. \u201cSe\u00f1ora gobernadora, donde hay un pibe tiene que haber una escuela\u201d, le reclam\u00f3 Sonia Alesso, titular de CTERA, que denunci\u00f3 tambi\u00e9n el cierre de escuelas nocturnas, de escuelas rurales, de institutos y de carreras. \u201cNo lo vamos a permitir\u201d, asever\u00f3.<\/p>\n<p>Con una situaci\u00f3n similar en Cipolletti, el Negro puntualiz\u00f3 que \u201ca la par de lo salarial, tenemos muchas escuelas que igualmente no pueden empezar el ciclo lectivo por cuestiones edilicias, falta de transporte, falta de creaciones de cargos\u201d.<\/p>\n<p><strong>Defendiendo la educaci\u00f3n p\u00fablica<\/strong><\/p>\n<p>Adem\u00e1s de los titulares de CTERA y Sadop, en el acto frente al Ministerio de Educaci\u00f3n de la Naci\u00f3n hablaron dos estudiantes y Hugo Yasky, secretario general de CTA-T, que arranc\u00f3 su locuci\u00f3n cuestionando las estad\u00edsticas oficiales que atacan la educaci\u00f3n p\u00fablica. \u201cQue no mientan m\u00e1s\u201d, dispar\u00f3. Record\u00f3 que, en cambio, Argentina tiene el \u00edndice m\u00e1s alto de matriculaci\u00f3n escolar de Am\u00e9rica latina, m\u00e1s mujeres en la universidad, mejor calificaci\u00f3n de su fuerza de trabajo y cinco premios Nobel \u201cque nacieron y se hicieron en la escuela p\u00fablica\u201d.<\/p>\n<p>Entonces, Yasky cuestion\u00f3 al gobierno de ceo\u2019s que \u201csolo fueron a esas escuelas donde solamente est\u00e1n los ricos\u201d. En el mismo sentido, Mar\u00eda L\u00e1zaro le aclar\u00f3 a la gobernadora Vidal: \u201cLa calidad educativa no significa pagar 4.500 pesos por mes\u201d.<\/p>\n<p><strong>La lucha debe seguir<\/strong><\/p>\n<p>La jornada fue contundente. En opini\u00f3n de la docente fueguina Andino, analizando la situaci\u00f3n de la isla, se cumpli\u00f3 un primer objetivo: \u201cQue haya una participaci\u00f3n alta en este no inicio para denunciar la falta de discusi\u00f3n salarial y de espacios de negociaci\u00f3n paritaria, y el ajuste que est\u00e1 llevando adelante el gobierno [fueguino] de Bertone en educaci\u00f3n, con la ca\u00edda de cargos, horas, con un mont\u00f3n de espacios curriculares que se han cerrado\u201d.<\/p>\n<p>Sin embargo, a\u00fan no hay fecha de un nuevo paro nacional. Alesso convoc\u00f3 al 8M, convoc\u00f3 al 24 de Marzo, y puso fecha a una marcha federal en abril. \u201cPuede llevar mucho tiempo pero la lucha de los docentes va a triunfar\u201d, hab\u00eda expresado en su discurso. En opini\u00f3n del docente rionegrino: \u201chay voluntad de lucha entre los docentes pero preocupaci\u00f3n que la conducci\u00f3n de la Celeste sostenga de verdad un plan de lucha\u201d.<\/p>\n<!-- AddThis Advanced Settings generic via filter on the_content --><!-- AddThis Share Buttons generic via filter on the_content -->","protected":false},"excerpt":{"rendered":"<p>La Plaza Congreso se llen\u00f3 de guardapolvos blancos y cuadriculados. Contingentes no s\u00f3lo de Capital y provincia de Buenos Aires, sino tambi\u00e9n de todo el pa\u00eds: Santa Fe, R\u00edo Negro, C\u00f3rdoba, Entre R\u00edos y muchas m\u00e1s. Unos 60 mil docentes marcharon desde all\u00ed hasta el Ministerio de Educaci\u00f3n. A la convocatoria de CTERA se sumaron [&hellip;]<!-- AddThis Advanced Settings generic via filter on get_the_excerpt --><!-- AddThis Share Buttons generic via filter on get_the_excerpt --><\/p>\n","protected":false},"author":5,"featured_media":11111,"comment_status":"open","ping_status":"open","sticky":false,"template":"","format":"standard","meta":{"_jetpack_memberships_contains_paid_content":false,"footnotes":""},"categories":[1877],"tags":[519,88,542,620,1145],"class_list":{"0":"post-11110","1":"post","2":"type-post","3":"status-publish","4":"format-standard","5":"has-post-thumbnail","7":"category-gremiales","8":"tag-destacado","9":"tag-docentes","10":"tag-paritarias","11":"tag-paro-nacional","12":"tag-vxl-114"},"yoast_head":"<!-- This site is optimized with the Yoast SEO plugin v27.4 - https:\/\/yoast.com\/product\/yoast-seo-wordpress\/ -->\n<title>La lucha docente arranc\u00f3 con fuerza - Vamos por la Liberaci\u00f3n<\/title>\n<meta name=\"robots\" content=\"index, follow, max-snippet:-1, max-image-preview:large, max-video-preview:-1\" \/>\n<link rel=\"canonical\" href=\"https:\/\/vamosporlaliberacion.org\/crpmlm\/la-lucha-docente-arranco-con-fuerza\/\" \/>\n<meta name=\"twitter:label1\" content=\"Escrito por\" \/>\n\t<meta name=\"twitter:data1\" content=\"\" \/>\n\t<meta name=\"twitter:label2\" content=\"Tiempo de lectura\" \/>\n\t<meta name=\"twitter:data2\" content=\"5 minutos\" \/>\n<script type=\"application\/ld+json\" class=\"yoast-schema-graph\">{\"@context\":\"https:\\\/\\\/schema.org\",\"@graph\":[{\"@type\":\"Article\",\"@id\":\"https:\\\/\\\/vamosporlaliberacion.org\\\/crpmlm\\\/la-lucha-docente-arranco-con-fuerza\\\/#article\",\"isPartOf\":{\"@id\":\"https:\\\/\\\/vamosporlaliberacion.org\\\/crpmlm\\\/la-lucha-docente-arranco-con-fuerza\\\/\"},\"author\":{\"name\":\"\",\"@id\":\"\"},\"headline\":\"La lucha docente arranc\u00f3 con fuerza\",\"datePublished\":\"2018-03-09T00:34:11+00:00\",\"dateModified\":\"2020-10-25T23:09:33+00:00\",\"mainEntityOfPage\":{\"@id\":\"https:\\\/\\\/vamosporlaliberacion.org\\\/crpmlm\\\/la-lucha-docente-arranco-con-fuerza\\\/\"},\"wordCount\":922,\"commentCount\":0,\"image\":{\"@id\":\"https:\\\/\\\/vamosporlaliberacion.org\\\/crpmlm\\\/la-lucha-docente-arranco-con-fuerza\\\/#primaryimage\"},\"thumbnailUrl\":\"https:\\\/\\\/i0.wp.com\\\/vamosporlaliberacion.org\\\/crpmlm\\\/wp-content\\\/uploads\\\/2018\\\/03\\\/Sin-t%C3%ADtulo11.jpg?fit=596%2C432&ssl=1\",\"keywords\":[\"destacado\",\"docentes\",\"paritarias\",\"paro nacional\",\"vxl 114\"],\"articleSection\":[\"Actualidad e historia del movimiento obrero\"],\"inLanguage\":\"es\",\"potentialAction\":[{\"@type\":\"CommentAction\",\"name\":\"Comment\",\"target\":[\"https:\\\/\\\/vamosporlaliberacion.org\\\/crpmlm\\\/la-lucha-docente-arranco-con-fuerza\\\/#respond\"]}]},{\"@type\":\"WebPage\",\"@id\":\"https:\\\/\\\/vamosporlaliberacion.org\\\/crpmlm\\\/la-lucha-docente-arranco-con-fuerza\\\/\",\"url\":\"https:\\\/\\\/vamosporlaliberacion.org\\\/crpmlm\\\/la-lucha-docente-arranco-con-fuerza\\\/\",\"name\":\"La lucha docente arranc\u00f3 con fuerza - Vamos por la Liberaci\u00f3n\",\"isPartOf\":{\"@id\":\"https:\\\/\\\/vamosporlaliberacion.org\\\/crpmlm\\\/#website\"},\"primaryImageOfPage\":{\"@id\":\"https:\\\/\\\/vamosporlaliberacion.org\\\/crpmlm\\\/la-lucha-docente-arranco-con-fuerza\\\/#primaryimage\"},\"image\":{\"@id\":\"https:\\\/\\\/vamosporlaliberacion.org\\\/crpmlm\\\/la-lucha-docente-arranco-con-fuerza\\\/#primaryimage\"},\"thumbnailUrl\":\"https:\\\/\\\/i0.wp.com\\\/vamosporlaliberacion.org\\\/crpmlm\\\/wp-content\\\/uploads\\\/2018\\\/03\\\/Sin-t%C3%ADtulo11.jpg?fit=596%2C432&ssl=1\",\"datePublished\":\"2018-03-09T00:34:11+00:00\",\"dateModified\":\"2020-10-25T23:09:33+00:00\",\"author\":{\"@id\":\"\"},\"breadcrumb\":{\"@id\":\"https:\\\/\\\/vamosporlaliberacion.org\\\/crpmlm\\\/la-lucha-docente-arranco-con-fuerza\\\/#breadcrumb\"},\"inLanguage\":\"es\",\"potentialAction\":[{\"@type\":\"ReadAction\",\"target\":[\"https:\\\/\\\/vamosporlaliberacion.org\\\/crpmlm\\\/la-lucha-docente-arranco-con-fuerza\\\/\"]}]},{\"@type\":\"ImageObject\",\"inLanguage\":\"es\",\"@id\":\"https:\\\/\\\/vamosporlaliberacion.org\\\/crpmlm\\\/la-lucha-docente-arranco-con-fuerza\\\/#primaryimage\",\"url\":\"https:\\\/\\\/i0.wp.com\\\/vamosporlaliberacion.org\\\/crpmlm\\\/wp-content\\\/uploads\\\/2018\\\/03\\\/Sin-t%C3%ADtulo11.jpg?fit=596%2C432&ssl=1\",\"contentUrl\":\"https:\\\/\\\/i0.wp.com\\\/vamosporlaliberacion.org\\\/crpmlm\\\/wp-content\\\/uploads\\\/2018\\\/03\\\/Sin-t%C3%ADtulo11.jpg?fit=596%2C432&ssl=1\",\"width\":596,\"height\":432},{\"@type\":\"BreadcrumbList\",\"@id\":\"https:\\\/\\\/vamosporlaliberacion.org\\\/crpmlm\\\/la-lucha-docente-arranco-con-fuerza\\\/#breadcrumb\",\"itemListElement\":[{\"@type\":\"ListItem\",\"position\":1,\"name\":\"Portada\",\"item\":\"https:\\\/\\\/vamosporlaliberacion.org\\\/crpmlm\\\/\"},{\"@type\":\"ListItem\",\"position\":2,\"name\":\"La lucha docente arranc\u00f3 con fuerza\"}]},{\"@type\":\"WebSite\",\"@id\":\"https:\\\/\\\/vamosporlaliberacion.org\\\/crpmlm\\\/#website\",\"url\":\"https:\\\/\\\/vamosporlaliberacion.org\\\/crpmlm\\\/\",\"name\":\"Vamos por la Liberaci\u00f3n\",\"description\":\"Prensa CR\",\"potentialAction\":[{\"@type\":\"SearchAction\",\"target\":{\"@type\":\"EntryPoint\",\"urlTemplate\":\"https:\\\/\\\/vamosporlaliberacion.org\\\/crpmlm\\\/?s={search_term_string}\"},\"query-input\":{\"@type\":\"PropertyValueSpecification\",\"valueRequired\":true,\"valueName\":\"search_term_string\"}}],\"inLanguage\":\"es\"},{\"@type\":\"Person\",\"@id\":\"\",\"url\":\"https:\\\/\\\/vamosporlaliberacion.org\\\/crpmlm\\\/author\\\/\"}]}<\/script>\n<!-- \/ Yoast SEO plugin. -->","yoast_head_json":{"title":"La lucha docente arranc\u00f3 con fuerza - Vamos por la Liberaci\u00f3n","robots":{"index":"index","follow":"follow","max-snippet":"max-snippet:-1","max-image-preview":"max-image-preview:large","max-video-preview":"max-video-preview:-1"},"canonical":"https:\/\/vamosporlaliberacion.org\/crpmlm\/la-lucha-docente-arranco-con-fuerza\/","twitter_misc":{"Escrito por":"","Tiempo de lectura":"5 minutos"},"schema":{"@context":"https:\/\/schema.org","@graph":[{"@type":"Article","@id":"https:\/\/vamosporlaliberacion.org\/crpmlm\/la-lucha-docente-arranco-con-fuerza\/#article","isPartOf":{"@id":"https:\/\/vamosporlaliberacion.org\/crpmlm\/la-lucha-docente-arranco-con-fuerza\/"},"author":{"name":"","@id":""},"headline":"La lucha docente arranc\u00f3 con fuerza","datePublished":"2018-03-09T00:34:11+00:00","dateModified":"2020-10-25T23:09:33+00:00","mainEntityOfPage":{"@id":"https:\/\/vamosporlaliberacion.org\/crpmlm\/la-lucha-docente-arranco-con-fuerza\/"},"wordCount":922,"commentCount":0,"image":{"@id":"https:\/\/vamosporlaliberacion.org\/crpmlm\/la-lucha-docente-arranco-con-fuerza\/#primaryimage"},"thumbnailUrl":"https:\/\/i0.wp.com\/vamosporlaliberacion.org\/crpmlm\/wp-content\/uploads\/2018\/03\/Sin-t%C3%ADtulo11.jpg?fit=596%2C432&ssl=1","keywords":["destacado","docentes","paritarias","paro nacional","vxl 114"],"articleSection":["Actualidad e historia del movimiento obrero"],"inLanguage":"es","potentialAction":[{"@type":"CommentAction","name":"Comment","target":["https:\/\/vamosporlaliberacion.org\/crpmlm\/la-lucha-docente-arranco-con-fuerza\/#respond"]}]},{"@type":"WebPage","@id":"https:\/\/vamosporlaliberacion.org\/crpmlm\/la-lucha-docente-arranco-con-fuerza\/","url":"https:\/\/vamosporlaliberacion.org\/crpmlm\/la-lucha-docente-arranco-con-fuerza\/","name":"La lucha docente arranc\u00f3 con fuerza - Vamos por la Liberaci\u00f3n","isPartOf":{"@id":"https:\/\/vamosporlaliberacion.org\/crpmlm\/#website"},"primaryImageOfPage":{"@id":"https:\/\/vamosporlaliberacion.org\/crpmlm\/la-lucha-docente-arranco-con-fuerza\/#primaryimage"},"image":{"@id":"https:\/\/vamosporlaliberacion.org\/crpmlm\/la-lucha-docente-arranco-con-fuerza\/#primaryimage"},"thumbnailUrl":"https:\/\/i0.wp.com\/vamosporlaliberacion.org\/crpmlm\/wp-content\/uploads\/2018\/03\/Sin-t%C3%ADtulo11.jpg?fit=596%2C432&ssl=1","datePublished":"2018-03-09T00:34:11+00:00","dateModified":"2020-10-25T23:09:33+00:00","author":{"@id":""},"breadcrumb":{"@id":"https:\/\/vamosporlaliberacion.org\/crpmlm\/la-lucha-docente-arranco-con-fuerza\/#breadcrumb"},"inLanguage":"es","potentialAction":[{"@type":"ReadAction","target":["https:\/\/vamosporlaliberacion.org\/crpmlm\/la-lucha-docente-arranco-con-fuerza\/"]}]},{"@type":"ImageObject","inLanguage":"es","@id":"https:\/\/vamosporlaliberacion.org\/crpmlm\/la-lucha-docente-arranco-con-fuerza\/#primaryimage","url":"https:\/\/i0.wp.com\/vamosporlaliberacion.org\/crpmlm\/wp-content\/uploads\/2018\/03\/Sin-t%C3%ADtulo11.jpg?fit=596%2C432&ssl=1","contentUrl":"https:\/\/i0.wp.com\/vamosporlaliberacion.org\/crpmlm\/wp-content\/uploads\/2018\/03\/Sin-t%C3%ADtulo11.jpg?fit=596%2C432&ssl=1","width":596,"height":432},{"@type":"BreadcrumbList","@id":"https:\/\/vamosporlaliberacion.org\/crpmlm\/la-lucha-docente-arranco-con-fuerza\/#breadcrumb","itemListElement":[{"@type":"ListItem","position":1,"name":"Portada","item":"https:\/\/vamosporlaliberacion.org\/crpmlm\/"},{"@type":"ListItem","position":2,"name":"La lucha docente arranc\u00f3 con fuerza"}]},{"@type":"WebSite","@id":"https:\/\/vamosporlaliberacion.org\/crpmlm\/#website","url":"https:\/\/vamosporlaliberacion.org\/crpmlm\/","name":"Vamos por la Liberaci\u00f3n","description":"Prensa CR","potentialAction":[{"@type":"SearchAction","target":{"@type":"EntryPoint","urlTemplate":"https:\/\/vamosporlaliberacion.org\/crpmlm\/?s={search_term_string}"},"query-input":{"@type":"PropertyValueSpecification","valueRequired":true,"valueName":"search_term_string"}}],"inLanguage":"es"},{"@type":"Person","@id":"","url":"https:\/\/vamosporlaliberacion.org\/crpmlm\/author\/"}]}},"jetpack_featured_media_url":"https:\/\/i0.wp.com\/vamosporlaliberacion.org\/crpmlm\/wp-content\/uploads\/2018\/03\/Sin-t%C3%ADtulo11.jpg?fit=596%2C432&ssl=1","jetpack_sharing_enabled":true,"_links":{"self":[{"href":"https:\/\/vamosporlaliberacion.org\/crpmlm\/wp-json\/wp\/v2\/posts\/11110","targetHints":{"allow":["GET"]}}],"collection":[{"href":"https:\/\/vamosporlaliberacion.org\/crpmlm\/wp-json\/wp\/v2\/posts"}],"about":[{"href":"https:\/\/vamosporlaliberacion.org\/crpmlm\/wp-json\/wp\/v2\/types\/post"}],"author":[{"embeddable":true,"href":"https:\/\/vamosporlaliberacion.org\/crpmlm\/wp-json\/wp\/v2\/users\/5"}],"replies":[{"embeddable":true,"href":"https:\/\/vamosporlaliberacion.org\/crpmlm\/wp-json\/wp\/v2\/comments?post=11110"}],"version-history":[{"count":1,"href":"https:\/\/vamosporlaliberacion.org\/crpmlm\/wp-json\/wp\/v2\/posts\/11110\/revisions"}],"predecessor-version":[{"id":20621,"href":"https:\/\/vamosporlaliberacion.org\/crpmlm\/wp-json\/wp\/v2\/posts\/11110\/revisions\/20621"}],"wp:featuredmedia":[{"embeddable":true,"href":"https:\/\/vamosporlaliberacion.org\/crpmlm\/wp-json\/wp\/v2\/media\/11111"}],"wp:attachment":[{"href":"https:\/\/vamosporlaliberacion.org\/crpmlm\/wp-json\/wp\/v2\/media?parent=11110"}],"wp:term":[{"taxonomy":"category","embeddable":true,"href":"https:\/\/vamosporlaliberacion.org\/crpmlm\/wp-json\/wp\/v2\/categories?post=11110"},{"taxonomy":"post_tag","embeddable":true,"href":"https:\/\/vamosporlaliberacion.org\/crpmlm\/wp-json\/wp\/v2\/tags?post=11110"}],"curies":[{"name":"wp","href":"https:\/\/api.w.org\/{rel}","templated":true}]}}