{"id":10914,"date":"2018-02-02T20:05:04","date_gmt":"2018-02-02T23:05:04","guid":{"rendered":"http:\/\/vamosporlaliberacion.org\/crpmlm\/?p=10914"},"modified":"2020-10-24T19:10:21","modified_gmt":"2020-10-24T22:10:21","slug":"acto-conjunto-en-inti-debatiendo-un-plan-de-lucha","status":"publish","type":"post","link":"https:\/\/vamosporlaliberacion.org\/crpmlm\/acto-conjunto-en-inti-debatiendo-un-plan-de-lucha\/","title":{"rendered":"Acto conjunto en INTI: debatiendo un plan de lucha"},"content":{"rendered":"<p>Hacia el mediod\u00eda de hoy, trabajadores del INTI, FANAZUL, Hospital Posadas y SENASA realizaron una conferencia de prensa conjunta para denunciar los despidos que se vienen produciendo desde fines del a\u00f1o pasado. Estuvieron acompa\u00f1ados por otros trabajadores estatales y al igual que privados, como por ejemplo del SUTNA. Tambi\u00e9n estuvieron presentes los diputados del FIT e incluso el intendente de San Mart\u00edn, Gabriel Katopodis. Se destac\u00f3 la presencia de la incansable Nora Corti\u00f1as, Madre de Plaza de Mayo-L\u00ednea Fundadora, que cerr\u00f3 el acto al coro de \u201c30 mil detenidos-desaparecidos, presentes!\u201d.<\/p>\n<p>Giselle Santana, secretaria gremial del ATE-INTI, abri\u00f3 la conferencia y ofici\u00f3 de presentadora de los oradores. Inici\u00f3 las intervenciones Hugo Godoy \u2013secretario general de ATE Nacional\u2013 que, exigido por el malestar y la bronca\u00a0ante la tardanza en concretar medidas de alcance nacional,\u00a0lanz\u00f3 un paro nacional el 15 de febrero, propuesta que ser\u00eda presentada el martes pr\u00f3ximo desde ATE y otras organizaciones de la CTA Aut\u00f3noma.<\/p>\n<p>Godoy no hizo referencia expl\u00edcita a la convocatoria del 22 de febrero \u2013ya lanzada por diversos sectores de la CGT y los secretarios generales de las CTA\u2019s\u2013, aunque agreg\u00f3 que \u201crespaldamos todas las medidas de fuerza de todas las organizaciones que se basen en el leg\u00edtimo derecho de las trabajadoras y trabajadores\u201d. Como argumentando aclar\u00f3 que impulsa \u201campliar los niveles de unidad en la medida a que estemos todos en la calle, y debatiendo a fondo una propuesta clara que sea no solamente unirnos por el espanto\u201d.<\/p>\n<p>Destac\u00f3 puntualmente la \u201csa\u00f1a pol\u00edtica\u201d que hay en estos despidos: \u201cEn el INTI han despedido a la militancia de las distintas organizaciones, delegados, y no delegados, y activistas, que protagonizan las asambleas y las medidas de fuerza. Lo mismo que en el Hospital Posada. Lo mismo en R\u00edo Turbio\u201d, expres\u00f3.<\/p>\n<p>Le sigui\u00f3 Daniel Catalano, secretario general de ATE Capital Federal, que por su parte reforz\u00f3 la convocatoria a movilizaci\u00f3n anunciada para el 22 de febrero aunque no hizo menci\u00f3n al paro que se acababa de anunciar para el 15 de febrero. S\u00ed aclar\u00f3 que \u201cvamos a participar del debate de todas las medidas de fuerza\u201d.<\/p>\n<p>Hizo referencia a un plenario del lunes en el cual resolver\u00edan el apoyo a los trabajadores del INTI. \u201cHay que ser masivos y contundentes\u201d, dispar\u00f3 y advirti\u00f3 que \u201csi el gobierno piensa que nos va a disciplinar con la polic\u00eda se equivoca. \u00a0Ac\u00e1 vamos a estar los estatales, las organizaciones sociales, el pueblo unido\u201d.<\/p>\n<p>Luego continuaron los trabajadores de FANAZUL, Hospital Posadas, SENASA, INTI y del Ballet Nacional. Describieron la situaci\u00f3n de cada lugar. Algunos compa\u00f1eros reafirmaron la necesidad de arrancar un paro activo nacional y una trabajadora de SENASA llam\u00f3 a movilizar el 15 y el 22 de febrero. Tambi\u00e9n habl\u00f3 el intendente Katopodis para dar su apoyo al reclamo.<\/p>\n<p>A su turno, Nora Corti\u00f1as hizo una sentida defensa de los trabajadores estatales: \u201cYo soy paciente del Hospital Posadas, me atiendo de la cabeza de los pies, por eso estoy as\u00ed sanita. Y por eso quiero decir al presidente de la Rep\u00fablica: \u00bfc\u00f3mo no puede estar orgulloso de los trabajadores argentinos, cuando el Posadas es hospital escuela donde vienen a aprender de todos lados? \u00bfC\u00f3mo no puede valorar que hay enfermedades que solo el Posadas atiende? \u00bfC\u00f3mo no estar orgulloso del INTI? Hasta una mamadera que toma un beb\u00e9 est\u00e1 controlada ac\u00e1. O del Senasa, que nos controla la salud, qu\u00e9 comemos. Todos los trabajadores que est\u00e1n ac\u00e1 son imprescindibles. No sobra nadie.\u201d<\/p>\n<p>Luego remarc\u00f3 que \u201ceste gobierno gan\u00f3 con votos, no con botas\u201d; y denunci\u00f3 la militarizaci\u00f3n de los organismos p\u00fablicos y el pa\u00eds. \u201cBasta, nunca m\u00e1s dijimos\u201d, cuestion\u00f3.<\/p>\n<p>Concluida la conferencia, siguieron algunas intervenciones m\u00e1s. Jorge Yabcowski, presidente de FESPROSA, se sum\u00f3 al paro del 15, al igual de Guillermo Pacagnini de Cicop. Una de las \u00faltimas intervenciones fue la de Rub\u00e9n \u201cPollo\u201d Sobrero \u2013ferroviarios del Sarmiento\u2013, quien tras denunciar los 1000 despidos en el Roca y advertir que conoce \u201cmuy bien a la mafia sindical\u201d, llam\u00f3 a la unidad: \u201csi luchamos por separado, nos van a destruir por separado\u201d, dispar\u00f3.<\/p>\n<p>Ser\u00e1n\u00a0ahora las asambleas en cada lugar de trabajo las que garanticen que el paro sea activo, con ocupaciones, cortes de rutas y movilizaciones.<\/p>\n<!-- AddThis Advanced Settings generic via filter on the_content --><!-- AddThis Share Buttons generic via filter on the_content -->","protected":false},"excerpt":{"rendered":"<p>Hacia el mediod\u00eda de hoy, trabajadores del INTI, FANAZUL, Hospital Posadas y SENASA realizaron una conferencia de prensa conjunta para denunciar los despidos que se vienen produciendo desde fines del a\u00f1o pasado. Estuvieron acompa\u00f1ados por otros trabajadores estatales y al igual que privados, como por ejemplo del SUTNA. Tambi\u00e9n estuvieron presentes los diputados del FIT [&hellip;]<!-- AddThis Advanced Settings generic via filter on get_the_excerpt --><!-- AddThis Share Buttons generic via filter on get_the_excerpt --><\/p>\n","protected":false},"author":5,"featured_media":10916,"comment_status":"open","ping_status":"open","sticky":false,"template":"","format":"standard","meta":{"_jetpack_memberships_contains_paid_content":false,"footnotes":""},"categories":[1877],"tags":[35,81,520,1134,1135,873,1136],"class_list":{"0":"post-10914","1":"post","2":"type-post","3":"status-publish","4":"format-standard","5":"has-post-thumbnail","7":"category-gremiales","8":"tag-ate","9":"tag-despidos","10":"tag-destacado-2","11":"tag-fanazul","12":"tag-hospital-posadas","13":"tag-inti","14":"tag-vxl-112"},"yoast_head":"<!-- This site is optimized with the Yoast SEO plugin v27.4 - https:\/\/yoast.com\/product\/yoast-seo-wordpress\/ -->\n<title>Acto conjunto en INTI: debatiendo un plan de lucha - Vamos por la Liberaci\u00f3n<\/title>\n<meta name=\"robots\" content=\"index, follow, max-snippet:-1, max-image-preview:large, max-video-preview:-1\" \/>\n<link rel=\"canonical\" href=\"https:\/\/vamosporlaliberacion.org\/crpmlm\/acto-conjunto-en-inti-debatiendo-un-plan-de-lucha\/\" \/>\n<meta name=\"twitter:label1\" content=\"Escrito por\" \/>\n\t<meta name=\"twitter:data1\" content=\"\" \/>\n\t<meta name=\"twitter:label2\" content=\"Tiempo de lectura\" \/>\n\t<meta name=\"twitter:data2\" content=\"4 minutos\" \/>\n<script type=\"application\/ld+json\" class=\"yoast-schema-graph\">{\"@context\":\"https:\\\/\\\/schema.org\",\"@graph\":[{\"@type\":\"Article\",\"@id\":\"https:\\\/\\\/vamosporlaliberacion.org\\\/crpmlm\\\/acto-conjunto-en-inti-debatiendo-un-plan-de-lucha\\\/#article\",\"isPartOf\":{\"@id\":\"https:\\\/\\\/vamosporlaliberacion.org\\\/crpmlm\\\/acto-conjunto-en-inti-debatiendo-un-plan-de-lucha\\\/\"},\"author\":{\"name\":\"\",\"@id\":\"\"},\"headline\":\"Acto conjunto en INTI: debatiendo un plan de lucha\",\"datePublished\":\"2018-02-02T23:05:04+00:00\",\"dateModified\":\"2020-10-24T22:10:21+00:00\",\"mainEntityOfPage\":{\"@id\":\"https:\\\/\\\/vamosporlaliberacion.org\\\/crpmlm\\\/acto-conjunto-en-inti-debatiendo-un-plan-de-lucha\\\/\"},\"wordCount\":733,\"commentCount\":0,\"image\":{\"@id\":\"https:\\\/\\\/vamosporlaliberacion.org\\\/crpmlm\\\/acto-conjunto-en-inti-debatiendo-un-plan-de-lucha\\\/#primaryimage\"},\"thumbnailUrl\":\"https:\\\/\\\/i0.wp.com\\\/vamosporlaliberacion.org\\\/crpmlm\\\/wp-content\\\/uploads\\\/2018\\\/02\\\/DSC00564-copia.jpg?fit=800%2C584&ssl=1\",\"keywords\":[\"ATE\",\"Despidos\",\"destacado 2\",\"Fanazul\",\"Hospital Posadas\",\"INTI\",\"vxl 112\"],\"articleSection\":[\"Actualidad e historia del movimiento obrero\"],\"inLanguage\":\"es\",\"potentialAction\":[{\"@type\":\"CommentAction\",\"name\":\"Comment\",\"target\":[\"https:\\\/\\\/vamosporlaliberacion.org\\\/crpmlm\\\/acto-conjunto-en-inti-debatiendo-un-plan-de-lucha\\\/#respond\"]}]},{\"@type\":\"WebPage\",\"@id\":\"https:\\\/\\\/vamosporlaliberacion.org\\\/crpmlm\\\/acto-conjunto-en-inti-debatiendo-un-plan-de-lucha\\\/\",\"url\":\"https:\\\/\\\/vamosporlaliberacion.org\\\/crpmlm\\\/acto-conjunto-en-inti-debatiendo-un-plan-de-lucha\\\/\",\"name\":\"Acto conjunto en INTI: debatiendo un plan de lucha - Vamos por la Liberaci\u00f3n\",\"isPartOf\":{\"@id\":\"https:\\\/\\\/vamosporlaliberacion.org\\\/crpmlm\\\/#website\"},\"primaryImageOfPage\":{\"@id\":\"https:\\\/\\\/vamosporlaliberacion.org\\\/crpmlm\\\/acto-conjunto-en-inti-debatiendo-un-plan-de-lucha\\\/#primaryimage\"},\"image\":{\"@id\":\"https:\\\/\\\/vamosporlaliberacion.org\\\/crpmlm\\\/acto-conjunto-en-inti-debatiendo-un-plan-de-lucha\\\/#primaryimage\"},\"thumbnailUrl\":\"https:\\\/\\\/i0.wp.com\\\/vamosporlaliberacion.org\\\/crpmlm\\\/wp-content\\\/uploads\\\/2018\\\/02\\\/DSC00564-copia.jpg?fit=800%2C584&ssl=1\",\"datePublished\":\"2018-02-02T23:05:04+00:00\",\"dateModified\":\"2020-10-24T22:10:21+00:00\",\"author\":{\"@id\":\"\"},\"breadcrumb\":{\"@id\":\"https:\\\/\\\/vamosporlaliberacion.org\\\/crpmlm\\\/acto-conjunto-en-inti-debatiendo-un-plan-de-lucha\\\/#breadcrumb\"},\"inLanguage\":\"es\",\"potentialAction\":[{\"@type\":\"ReadAction\",\"target\":[\"https:\\\/\\\/vamosporlaliberacion.org\\\/crpmlm\\\/acto-conjunto-en-inti-debatiendo-un-plan-de-lucha\\\/\"]}]},{\"@type\":\"ImageObject\",\"inLanguage\":\"es\",\"@id\":\"https:\\\/\\\/vamosporlaliberacion.org\\\/crpmlm\\\/acto-conjunto-en-inti-debatiendo-un-plan-de-lucha\\\/#primaryimage\",\"url\":\"https:\\\/\\\/i0.wp.com\\\/vamosporlaliberacion.org\\\/crpmlm\\\/wp-content\\\/uploads\\\/2018\\\/02\\\/DSC00564-copia.jpg?fit=800%2C584&ssl=1\",\"contentUrl\":\"https:\\\/\\\/i0.wp.com\\\/vamosporlaliberacion.org\\\/crpmlm\\\/wp-content\\\/uploads\\\/2018\\\/02\\\/DSC00564-copia.jpg?fit=800%2C584&ssl=1\",\"width\":800,\"height\":584},{\"@type\":\"BreadcrumbList\",\"@id\":\"https:\\\/\\\/vamosporlaliberacion.org\\\/crpmlm\\\/acto-conjunto-en-inti-debatiendo-un-plan-de-lucha\\\/#breadcrumb\",\"itemListElement\":[{\"@type\":\"ListItem\",\"position\":1,\"name\":\"Portada\",\"item\":\"https:\\\/\\\/vamosporlaliberacion.org\\\/crpmlm\\\/\"},{\"@type\":\"ListItem\",\"position\":2,\"name\":\"Acto conjunto en INTI: debatiendo un plan de lucha\"}]},{\"@type\":\"WebSite\",\"@id\":\"https:\\\/\\\/vamosporlaliberacion.org\\\/crpmlm\\\/#website\",\"url\":\"https:\\\/\\\/vamosporlaliberacion.org\\\/crpmlm\\\/\",\"name\":\"Vamos por la Liberaci\u00f3n\",\"description\":\"Prensa CR\",\"potentialAction\":[{\"@type\":\"SearchAction\",\"target\":{\"@type\":\"EntryPoint\",\"urlTemplate\":\"https:\\\/\\\/vamosporlaliberacion.org\\\/crpmlm\\\/?s={search_term_string}\"},\"query-input\":{\"@type\":\"PropertyValueSpecification\",\"valueRequired\":true,\"valueName\":\"search_term_string\"}}],\"inLanguage\":\"es\"},{\"@type\":\"Person\",\"@id\":\"\",\"url\":\"https:\\\/\\\/vamosporlaliberacion.org\\\/crpmlm\\\/author\\\/\"}]}<\/script>\n<!-- \/ Yoast SEO plugin. -->","yoast_head_json":{"title":"Acto conjunto en INTI: debatiendo un plan de lucha - Vamos por la Liberaci\u00f3n","robots":{"index":"index","follow":"follow","max-snippet":"max-snippet:-1","max-image-preview":"max-image-preview:large","max-video-preview":"max-video-preview:-1"},"canonical":"https:\/\/vamosporlaliberacion.org\/crpmlm\/acto-conjunto-en-inti-debatiendo-un-plan-de-lucha\/","twitter_misc":{"Escrito por":"","Tiempo de lectura":"4 minutos"},"schema":{"@context":"https:\/\/schema.org","@graph":[{"@type":"Article","@id":"https:\/\/vamosporlaliberacion.org\/crpmlm\/acto-conjunto-en-inti-debatiendo-un-plan-de-lucha\/#article","isPartOf":{"@id":"https:\/\/vamosporlaliberacion.org\/crpmlm\/acto-conjunto-en-inti-debatiendo-un-plan-de-lucha\/"},"author":{"name":"","@id":""},"headline":"Acto conjunto en INTI: debatiendo un plan de lucha","datePublished":"2018-02-02T23:05:04+00:00","dateModified":"2020-10-24T22:10:21+00:00","mainEntityOfPage":{"@id":"https:\/\/vamosporlaliberacion.org\/crpmlm\/acto-conjunto-en-inti-debatiendo-un-plan-de-lucha\/"},"wordCount":733,"commentCount":0,"image":{"@id":"https:\/\/vamosporlaliberacion.org\/crpmlm\/acto-conjunto-en-inti-debatiendo-un-plan-de-lucha\/#primaryimage"},"thumbnailUrl":"https:\/\/i0.wp.com\/vamosporlaliberacion.org\/crpmlm\/wp-content\/uploads\/2018\/02\/DSC00564-copia.jpg?fit=800%2C584&ssl=1","keywords":["ATE","Despidos","destacado 2","Fanazul","Hospital Posadas","INTI","vxl 112"],"articleSection":["Actualidad e historia del movimiento obrero"],"inLanguage":"es","potentialAction":[{"@type":"CommentAction","name":"Comment","target":["https:\/\/vamosporlaliberacion.org\/crpmlm\/acto-conjunto-en-inti-debatiendo-un-plan-de-lucha\/#respond"]}]},{"@type":"WebPage","@id":"https:\/\/vamosporlaliberacion.org\/crpmlm\/acto-conjunto-en-inti-debatiendo-un-plan-de-lucha\/","url":"https:\/\/vamosporlaliberacion.org\/crpmlm\/acto-conjunto-en-inti-debatiendo-un-plan-de-lucha\/","name":"Acto conjunto en INTI: debatiendo un plan de lucha - Vamos por la Liberaci\u00f3n","isPartOf":{"@id":"https:\/\/vamosporlaliberacion.org\/crpmlm\/#website"},"primaryImageOfPage":{"@id":"https:\/\/vamosporlaliberacion.org\/crpmlm\/acto-conjunto-en-inti-debatiendo-un-plan-de-lucha\/#primaryimage"},"image":{"@id":"https:\/\/vamosporlaliberacion.org\/crpmlm\/acto-conjunto-en-inti-debatiendo-un-plan-de-lucha\/#primaryimage"},"thumbnailUrl":"https:\/\/i0.wp.com\/vamosporlaliberacion.org\/crpmlm\/wp-content\/uploads\/2018\/02\/DSC00564-copia.jpg?fit=800%2C584&ssl=1","datePublished":"2018-02-02T23:05:04+00:00","dateModified":"2020-10-24T22:10:21+00:00","author":{"@id":""},"breadcrumb":{"@id":"https:\/\/vamosporlaliberacion.org\/crpmlm\/acto-conjunto-en-inti-debatiendo-un-plan-de-lucha\/#breadcrumb"},"inLanguage":"es","potentialAction":[{"@type":"ReadAction","target":["https:\/\/vamosporlaliberacion.org\/crpmlm\/acto-conjunto-en-inti-debatiendo-un-plan-de-lucha\/"]}]},{"@type":"ImageObject","inLanguage":"es","@id":"https:\/\/vamosporlaliberacion.org\/crpmlm\/acto-conjunto-en-inti-debatiendo-un-plan-de-lucha\/#primaryimage","url":"https:\/\/i0.wp.com\/vamosporlaliberacion.org\/crpmlm\/wp-content\/uploads\/2018\/02\/DSC00564-copia.jpg?fit=800%2C584&ssl=1","contentUrl":"https:\/\/i0.wp.com\/vamosporlaliberacion.org\/crpmlm\/wp-content\/uploads\/2018\/02\/DSC00564-copia.jpg?fit=800%2C584&ssl=1","width":800,"height":584},{"@type":"BreadcrumbList","@id":"https:\/\/vamosporlaliberacion.org\/crpmlm\/acto-conjunto-en-inti-debatiendo-un-plan-de-lucha\/#breadcrumb","itemListElement":[{"@type":"ListItem","position":1,"name":"Portada","item":"https:\/\/vamosporlaliberacion.org\/crpmlm\/"},{"@type":"ListItem","position":2,"name":"Acto conjunto en INTI: debatiendo un plan de lucha"}]},{"@type":"WebSite","@id":"https:\/\/vamosporlaliberacion.org\/crpmlm\/#website","url":"https:\/\/vamosporlaliberacion.org\/crpmlm\/","name":"Vamos por la Liberaci\u00f3n","description":"Prensa CR","potentialAction":[{"@type":"SearchAction","target":{"@type":"EntryPoint","urlTemplate":"https:\/\/vamosporlaliberacion.org\/crpmlm\/?s={search_term_string}"},"query-input":{"@type":"PropertyValueSpecification","valueRequired":true,"valueName":"search_term_string"}}],"inLanguage":"es"},{"@type":"Person","@id":"","url":"https:\/\/vamosporlaliberacion.org\/crpmlm\/author\/"}]}},"jetpack_featured_media_url":"https:\/\/i0.wp.com\/vamosporlaliberacion.org\/crpmlm\/wp-content\/uploads\/2018\/02\/DSC00564-copia.jpg?fit=800%2C584&ssl=1","jetpack_sharing_enabled":true,"_links":{"self":[{"href":"https:\/\/vamosporlaliberacion.org\/crpmlm\/wp-json\/wp\/v2\/posts\/10914","targetHints":{"allow":["GET"]}}],"collection":[{"href":"https:\/\/vamosporlaliberacion.org\/crpmlm\/wp-json\/wp\/v2\/posts"}],"about":[{"href":"https:\/\/vamosporlaliberacion.org\/crpmlm\/wp-json\/wp\/v2\/types\/post"}],"author":[{"embeddable":true,"href":"https:\/\/vamosporlaliberacion.org\/crpmlm\/wp-json\/wp\/v2\/users\/5"}],"replies":[{"embeddable":true,"href":"https:\/\/vamosporlaliberacion.org\/crpmlm\/wp-json\/wp\/v2\/comments?post=10914"}],"version-history":[{"count":1,"href":"https:\/\/vamosporlaliberacion.org\/crpmlm\/wp-json\/wp\/v2\/posts\/10914\/revisions"}],"predecessor-version":[{"id":20488,"href":"https:\/\/vamosporlaliberacion.org\/crpmlm\/wp-json\/wp\/v2\/posts\/10914\/revisions\/20488"}],"wp:featuredmedia":[{"embeddable":true,"href":"https:\/\/vamosporlaliberacion.org\/crpmlm\/wp-json\/wp\/v2\/media\/10916"}],"wp:attachment":[{"href":"https:\/\/vamosporlaliberacion.org\/crpmlm\/wp-json\/wp\/v2\/media?parent=10914"}],"wp:term":[{"taxonomy":"category","embeddable":true,"href":"https:\/\/vamosporlaliberacion.org\/crpmlm\/wp-json\/wp\/v2\/categories?post=10914"},{"taxonomy":"post_tag","embeddable":true,"href":"https:\/\/vamosporlaliberacion.org\/crpmlm\/wp-json\/wp\/v2\/tags?post=10914"}],"curies":[{"name":"wp","href":"https:\/\/api.w.org\/{rel}","templated":true}]}}