{"id":10902,"date":"2018-01-21T11:17:44","date_gmt":"2018-01-21T14:17:44","guid":{"rendered":"http:\/\/vamosporlaliberacion.org\/crpmlm\/?p=10902"},"modified":"2018-01-21T11:17:44","modified_gmt":"2018-01-21T14:17:44","slug":"libertad-a-cesar-dimas-y-los-detenidos-el-14d","status":"publish","type":"post","link":"https:\/\/vamosporlaliberacion.org\/crpmlm\/libertad-a-cesar-dimas-y-los-detenidos-el-14d\/","title":{"rendered":"Libertad a C\u00e9sar, Dimas y los detenidos el 14D!"},"content":{"rendered":"<p>Luego de reprimir las movilizaciones del 13, 14 y 18 de diciembre contra el robo a los jubilados, el gobierno de Macri continu\u00f3 profundizando la criminalizaci\u00f3n de la protesta. El 28 de diciembre fue detenido C\u00e9sar Arakaki \u00a0y el 9 de enero Dimas Ponce, ambos militantes del Partido Obrero. Est\u00e1n acusados por la lesi\u00f3n grave de un polic\u00eda. La acusaci\u00f3n no ha sido comprobada pero se encuentran bajo prisi\u00f3n preventiva.<\/p>\n<p>De este modo, no s\u00f3lo fuerzan los hechos sino la propia legislaci\u00f3n vigente, ya que ninguno tiene el poder de interferir en la investigaci\u00f3n ni tienen la intenci\u00f3n de fugarse, tal como lo han demostrado present\u00e1ndose ante el juez desde antes que \u00e9ste lo citara. Lo mismo ocurre con los otros 5 detenidos luego de la movilizaci\u00f3n del 14D. As\u00ed se evidencia el uso de aparato judicial para lograr el escarmiento de la manifestaci\u00f3n popular. Por eso, mientras tanto, la misma Justicia dej\u00f3 libre a Dante Berisone, el polic\u00eda que le pas\u00f3 por encima con la moto a un manifestante que estaba tirado en el suelo.<\/p>\n<p>En la movilizaci\u00f3n a Plaza de Mayo convocada por el <a href=\"https:\/\/www.facebook.com\/EMVyJ\/posts\/2077961832433491\">Encuentro Memoria, Verdad y Justicia el pasado 11 de enero<\/a>, se denunci\u00f3 que \u201clas acusaciones de que Arakaki y Ponce habr\u00edan sido autores de una lesi\u00f3n a un polic\u00eda [durante la manifestaci\u00f3n del 18 de diciembre] y de que Romero [militante del PSTU] habr\u00eda sido pieza clave de un supuesto plan de rebeli\u00f3n, un delito grav\u00edsimo, no son contrastadas con ninguna prueba y toda la causa es un intento de transformar una enorme manifestaci\u00f3n popular en un delito penal\u201d. Tambi\u00e9n advirti\u00f3 sobre la \u201cescalada represiva\u201d del gobierno en los \u00faltimos meses, en los que se produjo la muerte de Santiago Maldonado y el fusilamiento del joven mapuche Rafael Nahuel, as\u00ed como tambi\u00e9n las represiones de las jornadas del 14 y 18 de diciembre, sumado a la represi\u00f3n de los obreros del Ingenio La Esperanza en Jujuy. Por medio de este accionar, el gobierno de Macri y sus socios \u201cintentan instalar un virtual estado de excepci\u00f3n para imponer un dur\u00edsimo ajuste contra los trabajadores y el pueblo\u201d.<\/p>\n<p>Las detenciones pretenden amedrentar al pueblo. Pero en cambio la lucha popular desaf\u00eda cada vez m\u00e1s no s\u00f3lo el ajuste sino tambi\u00e9n la represi\u00f3n con que pretenden imponerlo.<\/p>\n<p>Documentos:<\/p>\n<ul>\n<li><a href=\"https:\/\/www.facebook.com\/EMVyJ\/posts\/2077961832433491\">Declaraci\u00f3n del Encuentro Memoria Verdad y Justicia le\u00edda el 11\/1\/2018 en Plaza de Mayo.<\/a><\/li>\n<\/ul>\n<p>&nbsp;<\/p>\n<!-- AddThis Advanced Settings generic via filter on the_content --><!-- AddThis Share Buttons generic via filter on the_content -->","protected":false},"excerpt":{"rendered":"<p>Luego de reprimir las movilizaciones del 13, 14 y 18 de diciembre contra el robo a los jubilados, el gobierno de Macri continu\u00f3 profundizando la criminalizaci\u00f3n de la protesta. El 28 de diciembre fue detenido C\u00e9sar Arakaki \u00a0y el 9 de enero Dimas Ponce, ambos militantes del Partido Obrero. Est\u00e1n acusados por la lesi\u00f3n grave [&hellip;]<!-- AddThis Advanced Settings generic via filter on get_the_excerpt --><!-- AddThis Share Buttons generic via filter on get_the_excerpt --><\/p>\n","protected":false},"author":5,"featured_media":10903,"comment_status":"open","ping_status":"open","sticky":false,"template":"","format":"standard","meta":{"_jetpack_memberships_contains_paid_content":false,"footnotes":""},"categories":[1699],"tags":[1130,521,1131,1132,1133,1109,216],"class_list":{"0":"post-10902","1":"post","2":"type-post","3":"status-publish","4":"format-standard","5":"has-post-thumbnail","7":"category-noticias","8":"tag-cesar-arakaki","9":"tag-destacado-1","10":"tag-dimas-ponce","11":"tag-partido-obrero","12":"tag-presos-politicos","13":"tag-reforma-previsional","14":"tag-represion"},"yoast_head":"<!-- This site is optimized with the Yoast SEO plugin v27.4 - https:\/\/yoast.com\/product\/yoast-seo-wordpress\/ -->\n<title>Libertad a C\u00e9sar, Dimas y los detenidos el 14D! - Vamos por la Liberaci\u00f3n<\/title>\n<meta name=\"robots\" content=\"index, follow, max-snippet:-1, max-image-preview:large, max-video-preview:-1\" \/>\n<link rel=\"canonical\" href=\"https:\/\/vamosporlaliberacion.org\/crpmlm\/libertad-a-cesar-dimas-y-los-detenidos-el-14d\/\" \/>\n<meta name=\"twitter:label1\" content=\"Escrito por\" \/>\n\t<meta name=\"twitter:data1\" content=\"\" \/>\n\t<meta name=\"twitter:label2\" content=\"Tiempo de lectura\" \/>\n\t<meta name=\"twitter:data2\" content=\"2 minutos\" \/>\n<script type=\"application\/ld+json\" class=\"yoast-schema-graph\">{\"@context\":\"https:\\\/\\\/schema.org\",\"@graph\":[{\"@type\":\"Article\",\"@id\":\"https:\\\/\\\/vamosporlaliberacion.org\\\/crpmlm\\\/libertad-a-cesar-dimas-y-los-detenidos-el-14d\\\/#article\",\"isPartOf\":{\"@id\":\"https:\\\/\\\/vamosporlaliberacion.org\\\/crpmlm\\\/libertad-a-cesar-dimas-y-los-detenidos-el-14d\\\/\"},\"author\":{\"name\":\"\",\"@id\":\"\"},\"headline\":\"Libertad a C\u00e9sar, Dimas y los detenidos el 14D!\",\"datePublished\":\"2018-01-21T14:17:44+00:00\",\"mainEntityOfPage\":{\"@id\":\"https:\\\/\\\/vamosporlaliberacion.org\\\/crpmlm\\\/libertad-a-cesar-dimas-y-los-detenidos-el-14d\\\/\"},\"wordCount\":431,\"commentCount\":0,\"image\":{\"@id\":\"https:\\\/\\\/vamosporlaliberacion.org\\\/crpmlm\\\/libertad-a-cesar-dimas-y-los-detenidos-el-14d\\\/#primaryimage\"},\"thumbnailUrl\":\"https:\\\/\\\/i0.wp.com\\\/vamosporlaliberacion.org\\\/crpmlm\\\/wp-content\\\/uploads\\\/2018\\\/01\\\/11-enero.jpg?fit=653%2C279&ssl=1\",\"keywords\":[\"C\u00e9sar Arakaki\",\"destacado 1\",\"Dimas Ponce\",\"Partido Obrero\",\"presos pol\u00edticos\",\"reforma previsional\",\"Represi\u00f3n\"],\"articleSection\":[\"Noticias\"],\"inLanguage\":\"es\",\"potentialAction\":[{\"@type\":\"CommentAction\",\"name\":\"Comment\",\"target\":[\"https:\\\/\\\/vamosporlaliberacion.org\\\/crpmlm\\\/libertad-a-cesar-dimas-y-los-detenidos-el-14d\\\/#respond\"]}]},{\"@type\":\"WebPage\",\"@id\":\"https:\\\/\\\/vamosporlaliberacion.org\\\/crpmlm\\\/libertad-a-cesar-dimas-y-los-detenidos-el-14d\\\/\",\"url\":\"https:\\\/\\\/vamosporlaliberacion.org\\\/crpmlm\\\/libertad-a-cesar-dimas-y-los-detenidos-el-14d\\\/\",\"name\":\"Libertad a C\u00e9sar, Dimas y los detenidos el 14D! - Vamos por la Liberaci\u00f3n\",\"isPartOf\":{\"@id\":\"https:\\\/\\\/vamosporlaliberacion.org\\\/crpmlm\\\/#website\"},\"primaryImageOfPage\":{\"@id\":\"https:\\\/\\\/vamosporlaliberacion.org\\\/crpmlm\\\/libertad-a-cesar-dimas-y-los-detenidos-el-14d\\\/#primaryimage\"},\"image\":{\"@id\":\"https:\\\/\\\/vamosporlaliberacion.org\\\/crpmlm\\\/libertad-a-cesar-dimas-y-los-detenidos-el-14d\\\/#primaryimage\"},\"thumbnailUrl\":\"https:\\\/\\\/i0.wp.com\\\/vamosporlaliberacion.org\\\/crpmlm\\\/wp-content\\\/uploads\\\/2018\\\/01\\\/11-enero.jpg?fit=653%2C279&ssl=1\",\"datePublished\":\"2018-01-21T14:17:44+00:00\",\"author\":{\"@id\":\"\"},\"breadcrumb\":{\"@id\":\"https:\\\/\\\/vamosporlaliberacion.org\\\/crpmlm\\\/libertad-a-cesar-dimas-y-los-detenidos-el-14d\\\/#breadcrumb\"},\"inLanguage\":\"es\",\"potentialAction\":[{\"@type\":\"ReadAction\",\"target\":[\"https:\\\/\\\/vamosporlaliberacion.org\\\/crpmlm\\\/libertad-a-cesar-dimas-y-los-detenidos-el-14d\\\/\"]}]},{\"@type\":\"ImageObject\",\"inLanguage\":\"es\",\"@id\":\"https:\\\/\\\/vamosporlaliberacion.org\\\/crpmlm\\\/libertad-a-cesar-dimas-y-los-detenidos-el-14d\\\/#primaryimage\",\"url\":\"https:\\\/\\\/i0.wp.com\\\/vamosporlaliberacion.org\\\/crpmlm\\\/wp-content\\\/uploads\\\/2018\\\/01\\\/11-enero.jpg?fit=653%2C279&ssl=1\",\"contentUrl\":\"https:\\\/\\\/i0.wp.com\\\/vamosporlaliberacion.org\\\/crpmlm\\\/wp-content\\\/uploads\\\/2018\\\/01\\\/11-enero.jpg?fit=653%2C279&ssl=1\",\"width\":653,\"height\":279},{\"@type\":\"BreadcrumbList\",\"@id\":\"https:\\\/\\\/vamosporlaliberacion.org\\\/crpmlm\\\/libertad-a-cesar-dimas-y-los-detenidos-el-14d\\\/#breadcrumb\",\"itemListElement\":[{\"@type\":\"ListItem\",\"position\":1,\"name\":\"Portada\",\"item\":\"https:\\\/\\\/vamosporlaliberacion.org\\\/crpmlm\\\/\"},{\"@type\":\"ListItem\",\"position\":2,\"name\":\"Libertad a C\u00e9sar, Dimas y los detenidos el 14D!\"}]},{\"@type\":\"WebSite\",\"@id\":\"https:\\\/\\\/vamosporlaliberacion.org\\\/crpmlm\\\/#website\",\"url\":\"https:\\\/\\\/vamosporlaliberacion.org\\\/crpmlm\\\/\",\"name\":\"Vamos por la Liberaci\u00f3n\",\"description\":\"Prensa CR\",\"potentialAction\":[{\"@type\":\"SearchAction\",\"target\":{\"@type\":\"EntryPoint\",\"urlTemplate\":\"https:\\\/\\\/vamosporlaliberacion.org\\\/crpmlm\\\/?s={search_term_string}\"},\"query-input\":{\"@type\":\"PropertyValueSpecification\",\"valueRequired\":true,\"valueName\":\"search_term_string\"}}],\"inLanguage\":\"es\"},{\"@type\":\"Person\",\"@id\":\"\",\"url\":\"https:\\\/\\\/vamosporlaliberacion.org\\\/crpmlm\\\/author\\\/\"}]}<\/script>\n<!-- \/ Yoast SEO plugin. -->","yoast_head_json":{"title":"Libertad a C\u00e9sar, Dimas y los detenidos el 14D! - Vamos por la Liberaci\u00f3n","robots":{"index":"index","follow":"follow","max-snippet":"max-snippet:-1","max-image-preview":"max-image-preview:large","max-video-preview":"max-video-preview:-1"},"canonical":"https:\/\/vamosporlaliberacion.org\/crpmlm\/libertad-a-cesar-dimas-y-los-detenidos-el-14d\/","twitter_misc":{"Escrito por":"","Tiempo de lectura":"2 minutos"},"schema":{"@context":"https:\/\/schema.org","@graph":[{"@type":"Article","@id":"https:\/\/vamosporlaliberacion.org\/crpmlm\/libertad-a-cesar-dimas-y-los-detenidos-el-14d\/#article","isPartOf":{"@id":"https:\/\/vamosporlaliberacion.org\/crpmlm\/libertad-a-cesar-dimas-y-los-detenidos-el-14d\/"},"author":{"name":"","@id":""},"headline":"Libertad a C\u00e9sar, Dimas y los detenidos el 14D!","datePublished":"2018-01-21T14:17:44+00:00","mainEntityOfPage":{"@id":"https:\/\/vamosporlaliberacion.org\/crpmlm\/libertad-a-cesar-dimas-y-los-detenidos-el-14d\/"},"wordCount":431,"commentCount":0,"image":{"@id":"https:\/\/vamosporlaliberacion.org\/crpmlm\/libertad-a-cesar-dimas-y-los-detenidos-el-14d\/#primaryimage"},"thumbnailUrl":"https:\/\/i0.wp.com\/vamosporlaliberacion.org\/crpmlm\/wp-content\/uploads\/2018\/01\/11-enero.jpg?fit=653%2C279&ssl=1","keywords":["C\u00e9sar Arakaki","destacado 1","Dimas Ponce","Partido Obrero","presos pol\u00edticos","reforma previsional","Represi\u00f3n"],"articleSection":["Noticias"],"inLanguage":"es","potentialAction":[{"@type":"CommentAction","name":"Comment","target":["https:\/\/vamosporlaliberacion.org\/crpmlm\/libertad-a-cesar-dimas-y-los-detenidos-el-14d\/#respond"]}]},{"@type":"WebPage","@id":"https:\/\/vamosporlaliberacion.org\/crpmlm\/libertad-a-cesar-dimas-y-los-detenidos-el-14d\/","url":"https:\/\/vamosporlaliberacion.org\/crpmlm\/libertad-a-cesar-dimas-y-los-detenidos-el-14d\/","name":"Libertad a C\u00e9sar, Dimas y los detenidos el 14D! - Vamos por la Liberaci\u00f3n","isPartOf":{"@id":"https:\/\/vamosporlaliberacion.org\/crpmlm\/#website"},"primaryImageOfPage":{"@id":"https:\/\/vamosporlaliberacion.org\/crpmlm\/libertad-a-cesar-dimas-y-los-detenidos-el-14d\/#primaryimage"},"image":{"@id":"https:\/\/vamosporlaliberacion.org\/crpmlm\/libertad-a-cesar-dimas-y-los-detenidos-el-14d\/#primaryimage"},"thumbnailUrl":"https:\/\/i0.wp.com\/vamosporlaliberacion.org\/crpmlm\/wp-content\/uploads\/2018\/01\/11-enero.jpg?fit=653%2C279&ssl=1","datePublished":"2018-01-21T14:17:44+00:00","author":{"@id":""},"breadcrumb":{"@id":"https:\/\/vamosporlaliberacion.org\/crpmlm\/libertad-a-cesar-dimas-y-los-detenidos-el-14d\/#breadcrumb"},"inLanguage":"es","potentialAction":[{"@type":"ReadAction","target":["https:\/\/vamosporlaliberacion.org\/crpmlm\/libertad-a-cesar-dimas-y-los-detenidos-el-14d\/"]}]},{"@type":"ImageObject","inLanguage":"es","@id":"https:\/\/vamosporlaliberacion.org\/crpmlm\/libertad-a-cesar-dimas-y-los-detenidos-el-14d\/#primaryimage","url":"https:\/\/i0.wp.com\/vamosporlaliberacion.org\/crpmlm\/wp-content\/uploads\/2018\/01\/11-enero.jpg?fit=653%2C279&ssl=1","contentUrl":"https:\/\/i0.wp.com\/vamosporlaliberacion.org\/crpmlm\/wp-content\/uploads\/2018\/01\/11-enero.jpg?fit=653%2C279&ssl=1","width":653,"height":279},{"@type":"BreadcrumbList","@id":"https:\/\/vamosporlaliberacion.org\/crpmlm\/libertad-a-cesar-dimas-y-los-detenidos-el-14d\/#breadcrumb","itemListElement":[{"@type":"ListItem","position":1,"name":"Portada","item":"https:\/\/vamosporlaliberacion.org\/crpmlm\/"},{"@type":"ListItem","position":2,"name":"Libertad a C\u00e9sar, Dimas y los detenidos el 14D!"}]},{"@type":"WebSite","@id":"https:\/\/vamosporlaliberacion.org\/crpmlm\/#website","url":"https:\/\/vamosporlaliberacion.org\/crpmlm\/","name":"Vamos por la Liberaci\u00f3n","description":"Prensa CR","potentialAction":[{"@type":"SearchAction","target":{"@type":"EntryPoint","urlTemplate":"https:\/\/vamosporlaliberacion.org\/crpmlm\/?s={search_term_string}"},"query-input":{"@type":"PropertyValueSpecification","valueRequired":true,"valueName":"search_term_string"}}],"inLanguage":"es"},{"@type":"Person","@id":"","url":"https:\/\/vamosporlaliberacion.org\/crpmlm\/author\/"}]}},"jetpack_featured_media_url":"https:\/\/i0.wp.com\/vamosporlaliberacion.org\/crpmlm\/wp-content\/uploads\/2018\/01\/11-enero.jpg?fit=653%2C279&ssl=1","jetpack_sharing_enabled":true,"_links":{"self":[{"href":"https:\/\/vamosporlaliberacion.org\/crpmlm\/wp-json\/wp\/v2\/posts\/10902","targetHints":{"allow":["GET"]}}],"collection":[{"href":"https:\/\/vamosporlaliberacion.org\/crpmlm\/wp-json\/wp\/v2\/posts"}],"about":[{"href":"https:\/\/vamosporlaliberacion.org\/crpmlm\/wp-json\/wp\/v2\/types\/post"}],"author":[{"embeddable":true,"href":"https:\/\/vamosporlaliberacion.org\/crpmlm\/wp-json\/wp\/v2\/users\/5"}],"replies":[{"embeddable":true,"href":"https:\/\/vamosporlaliberacion.org\/crpmlm\/wp-json\/wp\/v2\/comments?post=10902"}],"version-history":[{"count":0,"href":"https:\/\/vamosporlaliberacion.org\/crpmlm\/wp-json\/wp\/v2\/posts\/10902\/revisions"}],"wp:featuredmedia":[{"embeddable":true,"href":"https:\/\/vamosporlaliberacion.org\/crpmlm\/wp-json\/wp\/v2\/media\/10903"}],"wp:attachment":[{"href":"https:\/\/vamosporlaliberacion.org\/crpmlm\/wp-json\/wp\/v2\/media?parent=10902"}],"wp:term":[{"taxonomy":"category","embeddable":true,"href":"https:\/\/vamosporlaliberacion.org\/crpmlm\/wp-json\/wp\/v2\/categories?post=10902"},{"taxonomy":"post_tag","embeddable":true,"href":"https:\/\/vamosporlaliberacion.org\/crpmlm\/wp-json\/wp\/v2\/tags?post=10902"}],"curies":[{"name":"wp","href":"https:\/\/api.w.org\/{rel}","templated":true}]}}