{"id":10894,"date":"2018-01-17T20:35:15","date_gmt":"2018-01-17T23:35:15","guid":{"rendered":"http:\/\/vamosporlaliberacion.org\/crpmlm\/?p=10894"},"modified":"2020-10-28T15:23:31","modified_gmt":"2020-10-28T18:23:31","slug":"justicia-por-violeta-abregu","status":"publish","type":"post","link":"https:\/\/vamosporlaliberacion.org\/crpmlm\/justicia-por-violeta-abregu\/","title":{"rendered":"Justicia por Violeta Abreg\u00fa"},"content":{"rendered":"<p>Hoy, mi\u00e9rcoles 17 de enero, se realiz\u00f3 en Granadero Baigorria, Provincia de Santa F\u00e9, una movilizaci\u00f3n en reclamo de justicia por Violeta Abreg\u00fa y para que se terminen los femicidios. All\u00ed estuvo presente la Agrupaci\u00f3n de Mujeres Bartolina Sisa de Capit\u00e1n Berm\u00fadez.<\/p>\n<p>Violeta ten\u00eda 20 a\u00f1os y viv\u00eda en Granadero Baigorria con su nena de 3 a\u00f1os en la casa de su marido, Jonathan Segovia. El 3 de diciembre pasado fue asesinada con un disparo en la nuca frente a su hija, pero a pesar de todas las evidencias, su marido ni siquiera est\u00e1 acusado. La familia de Violeta denuncia que era v\u00edctima de violencia machista desde hac\u00eda mucho, y que no se separaba porque estaba bajo amenaza. Tambi\u00e9n afirman que su marido cuenta con la connivencia de la Comisar\u00eda porque hac\u00eda robos para la polic\u00eda.<\/p>\n<p>\u00a1Justicia por Violeta! \u00a1Basta de femicidios! \u00a1Vivas nos queremos!<\/p>\n<p>&nbsp;<\/p>\n<p><img data-recalc-dims=\"1\" loading=\"lazy\" decoding=\"async\" class=\"alignnone size-large wp-image-10896\" src=\"https:\/\/i0.wp.com\/vamosporlaliberacion.org\/crpmlm\/wp-content\/uploads\/2018\/01\/54d58ea8-311c-44df-b149-349cf178caa8-700x525.jpg?resize=640%2C480\" alt=\"\" width=\"640\" height=\"480\" srcset=\"https:\/\/i0.wp.com\/vamosporlaliberacion.org\/crpmlm\/wp-content\/uploads\/2018\/01\/54d58ea8-311c-44df-b149-349cf178caa8.jpg?resize=700%2C525&amp;ssl=1 700w, https:\/\/i0.wp.com\/vamosporlaliberacion.org\/crpmlm\/wp-content\/uploads\/2018\/01\/54d58ea8-311c-44df-b149-349cf178caa8.jpg?resize=300%2C225&amp;ssl=1 300w, https:\/\/i0.wp.com\/vamosporlaliberacion.org\/crpmlm\/wp-content\/uploads\/2018\/01\/54d58ea8-311c-44df-b149-349cf178caa8.jpg?resize=768%2C576&amp;ssl=1 768w, https:\/\/i0.wp.com\/vamosporlaliberacion.org\/crpmlm\/wp-content\/uploads\/2018\/01\/54d58ea8-311c-44df-b149-349cf178caa8.jpg?resize=80%2C60&amp;ssl=1 80w, https:\/\/i0.wp.com\/vamosporlaliberacion.org\/crpmlm\/wp-content\/uploads\/2018\/01\/54d58ea8-311c-44df-b149-349cf178caa8.jpg?resize=265%2C198&amp;ssl=1 265w, https:\/\/i0.wp.com\/vamosporlaliberacion.org\/crpmlm\/wp-content\/uploads\/2018\/01\/54d58ea8-311c-44df-b149-349cf178caa8.jpg?resize=696%2C522&amp;ssl=1 696w, https:\/\/i0.wp.com\/vamosporlaliberacion.org\/crpmlm\/wp-content\/uploads\/2018\/01\/54d58ea8-311c-44df-b149-349cf178caa8.jpg?resize=1068%2C801&amp;ssl=1 1068w, https:\/\/i0.wp.com\/vamosporlaliberacion.org\/crpmlm\/wp-content\/uploads\/2018\/01\/54d58ea8-311c-44df-b149-349cf178caa8.jpg?resize=560%2C420&amp;ssl=1 560w, https:\/\/i0.wp.com\/vamosporlaliberacion.org\/crpmlm\/wp-content\/uploads\/2018\/01\/54d58ea8-311c-44df-b149-349cf178caa8.jpg?w=1280&amp;ssl=1 1280w\" sizes=\"auto, (max-width: 640px) 100vw, 640px\" \/><\/p>\n<p><img data-recalc-dims=\"1\" loading=\"lazy\" decoding=\"async\" class=\"alignnone size-large wp-image-10897\" src=\"https:\/\/i0.wp.com\/vamosporlaliberacion.org\/crpmlm\/wp-content\/uploads\/2018\/01\/f67a606f-4311-4698-b36a-29add549e72b-700x525.jpg?resize=640%2C480\" alt=\"\" width=\"640\" height=\"480\" srcset=\"https:\/\/i0.wp.com\/vamosporlaliberacion.org\/crpmlm\/wp-content\/uploads\/2018\/01\/f67a606f-4311-4698-b36a-29add549e72b.jpg?resize=700%2C525&amp;ssl=1 700w, https:\/\/i0.wp.com\/vamosporlaliberacion.org\/crpmlm\/wp-content\/uploads\/2018\/01\/f67a606f-4311-4698-b36a-29add549e72b.jpg?resize=300%2C225&amp;ssl=1 300w, https:\/\/i0.wp.com\/vamosporlaliberacion.org\/crpmlm\/wp-content\/uploads\/2018\/01\/f67a606f-4311-4698-b36a-29add549e72b.jpg?resize=768%2C576&amp;ssl=1 768w, https:\/\/i0.wp.com\/vamosporlaliberacion.org\/crpmlm\/wp-content\/uploads\/2018\/01\/f67a606f-4311-4698-b36a-29add549e72b.jpg?resize=80%2C60&amp;ssl=1 80w, https:\/\/i0.wp.com\/vamosporlaliberacion.org\/crpmlm\/wp-content\/uploads\/2018\/01\/f67a606f-4311-4698-b36a-29add549e72b.jpg?resize=265%2C198&amp;ssl=1 265w, https:\/\/i0.wp.com\/vamosporlaliberacion.org\/crpmlm\/wp-content\/uploads\/2018\/01\/f67a606f-4311-4698-b36a-29add549e72b.jpg?resize=696%2C522&amp;ssl=1 696w, https:\/\/i0.wp.com\/vamosporlaliberacion.org\/crpmlm\/wp-content\/uploads\/2018\/01\/f67a606f-4311-4698-b36a-29add549e72b.jpg?resize=1068%2C801&amp;ssl=1 1068w, https:\/\/i0.wp.com\/vamosporlaliberacion.org\/crpmlm\/wp-content\/uploads\/2018\/01\/f67a606f-4311-4698-b36a-29add549e72b.jpg?resize=560%2C420&amp;ssl=1 560w, https:\/\/i0.wp.com\/vamosporlaliberacion.org\/crpmlm\/wp-content\/uploads\/2018\/01\/f67a606f-4311-4698-b36a-29add549e72b.jpg?w=1280&amp;ssl=1 1280w\" sizes=\"auto, (max-width: 640px) 100vw, 640px\" \/><\/p>\n<p><img data-recalc-dims=\"1\" loading=\"lazy\" decoding=\"async\" class=\"alignnone size-large wp-image-10898\" src=\"https:\/\/i0.wp.com\/vamosporlaliberacion.org\/crpmlm\/wp-content\/uploads\/2018\/01\/3f288da9-f7fd-415e-a608-100c8154928c-700x525.jpg?resize=640%2C480\" alt=\"\" width=\"640\" height=\"480\" srcset=\"https:\/\/i0.wp.com\/vamosporlaliberacion.org\/crpmlm\/wp-content\/uploads\/2018\/01\/3f288da9-f7fd-415e-a608-100c8154928c.jpg?resize=700%2C525&amp;ssl=1 700w, https:\/\/i0.wp.com\/vamosporlaliberacion.org\/crpmlm\/wp-content\/uploads\/2018\/01\/3f288da9-f7fd-415e-a608-100c8154928c.jpg?resize=300%2C225&amp;ssl=1 300w, https:\/\/i0.wp.com\/vamosporlaliberacion.org\/crpmlm\/wp-content\/uploads\/2018\/01\/3f288da9-f7fd-415e-a608-100c8154928c.jpg?resize=768%2C576&amp;ssl=1 768w, https:\/\/i0.wp.com\/vamosporlaliberacion.org\/crpmlm\/wp-content\/uploads\/2018\/01\/3f288da9-f7fd-415e-a608-100c8154928c.jpg?resize=80%2C60&amp;ssl=1 80w, https:\/\/i0.wp.com\/vamosporlaliberacion.org\/crpmlm\/wp-content\/uploads\/2018\/01\/3f288da9-f7fd-415e-a608-100c8154928c.jpg?resize=265%2C198&amp;ssl=1 265w, https:\/\/i0.wp.com\/vamosporlaliberacion.org\/crpmlm\/wp-content\/uploads\/2018\/01\/3f288da9-f7fd-415e-a608-100c8154928c.jpg?resize=696%2C522&amp;ssl=1 696w, https:\/\/i0.wp.com\/vamosporlaliberacion.org\/crpmlm\/wp-content\/uploads\/2018\/01\/3f288da9-f7fd-415e-a608-100c8154928c.jpg?resize=1068%2C801&amp;ssl=1 1068w, https:\/\/i0.wp.com\/vamosporlaliberacion.org\/crpmlm\/wp-content\/uploads\/2018\/01\/3f288da9-f7fd-415e-a608-100c8154928c.jpg?resize=560%2C420&amp;ssl=1 560w, https:\/\/i0.wp.com\/vamosporlaliberacion.org\/crpmlm\/wp-content\/uploads\/2018\/01\/3f288da9-f7fd-415e-a608-100c8154928c.jpg?w=1280&amp;ssl=1 1280w\" sizes=\"auto, (max-width: 640px) 100vw, 640px\" \/><\/p>\n<p><img data-recalc-dims=\"1\" loading=\"lazy\" decoding=\"async\" class=\"alignnone size-full wp-image-10899\" src=\"https:\/\/i0.wp.com\/vamosporlaliberacion.org\/crpmlm\/wp-content\/uploads\/2018\/01\/4d3bd8cb-a64c-4eea-943f-324fdf02b97c.jpg?resize=500%2C354\" alt=\"\" width=\"500\" height=\"354\" srcset=\"https:\/\/i0.wp.com\/vamosporlaliberacion.org\/crpmlm\/wp-content\/uploads\/2018\/01\/4d3bd8cb-a64c-4eea-943f-324fdf02b97c.jpg?w=500&amp;ssl=1 500w, https:\/\/i0.wp.com\/vamosporlaliberacion.org\/crpmlm\/wp-content\/uploads\/2018\/01\/4d3bd8cb-a64c-4eea-943f-324fdf02b97c.jpg?resize=300%2C212&amp;ssl=1 300w, https:\/\/i0.wp.com\/vamosporlaliberacion.org\/crpmlm\/wp-content\/uploads\/2018\/01\/4d3bd8cb-a64c-4eea-943f-324fdf02b97c.jpg?resize=100%2C70&amp;ssl=1 100w\" sizes=\"auto, (max-width: 500px) 100vw, 500px\" \/><\/p>\n<p>&nbsp;<\/p>\n<!-- AddThis Advanced Settings generic via filter on the_content --><!-- AddThis Share Buttons generic via filter on the_content -->","protected":false},"excerpt":{"rendered":"<p>Hoy, mi\u00e9rcoles 17 de enero, se realiz\u00f3 en Granadero Baigorria, Provincia de Santa F\u00e9, una movilizaci\u00f3n en reclamo de justicia por Violeta Abreg\u00fa y para que se terminen los femicidios. All\u00ed estuvo presente la Agrupaci\u00f3n de Mujeres Bartolina Sisa de Capit\u00e1n Berm\u00fadez. Violeta ten\u00eda 20 a\u00f1os y viv\u00eda en Granadero Baigorria con su nena de [&hellip;]<!-- AddThis Advanced Settings generic via filter on get_the_excerpt --><!-- AddThis Share Buttons generic via filter on get_the_excerpt --><\/p>\n","protected":false},"author":5,"featured_media":10895,"comment_status":"open","ping_status":"open","sticky":false,"template":"","format":"standard","meta":{"_jetpack_memberships_contains_paid_content":false,"footnotes":""},"categories":[1875],"tags":[520,117,942,1129,1136],"class_list":{"0":"post-10894","1":"post","2":"type-post","3":"status-publish","4":"format-standard","5":"has-post-thumbnail","7":"category-genero","8":"tag-destacado-2","9":"tag-femicidios","10":"tag-santa-fe","11":"tag-violencia-machista","12":"tag-vxl-112"},"yoast_head":"<!-- This site is optimized with the Yoast SEO plugin v27.4 - https:\/\/yoast.com\/product\/yoast-seo-wordpress\/ -->\n<title>Justicia por Violeta Abreg\u00fa - Vamos por la Liberaci\u00f3n<\/title>\n<meta name=\"robots\" content=\"index, follow, max-snippet:-1, max-image-preview:large, max-video-preview:-1\" \/>\n<link rel=\"canonical\" href=\"http:\/\/vamosporlaliberacion.org\/crpmlm\/justicia-por-violeta-abregu\/\" \/>\n<meta name=\"twitter:label1\" content=\"Escrito por\" \/>\n\t<meta name=\"twitter:data1\" content=\"\" \/>\n\t<meta name=\"twitter:label2\" content=\"Tiempo de lectura\" \/>\n\t<meta name=\"twitter:data2\" content=\"1 minuto\" \/>\n<script type=\"application\/ld+json\" class=\"yoast-schema-graph\">{\"@context\":\"https:\\\/\\\/schema.org\",\"@graph\":[{\"@type\":\"Article\",\"@id\":\"http:\\\/\\\/vamosporlaliberacion.org\\\/crpmlm\\\/justicia-por-violeta-abregu\\\/#article\",\"isPartOf\":{\"@id\":\"http:\\\/\\\/vamosporlaliberacion.org\\\/crpmlm\\\/justicia-por-violeta-abregu\\\/\"},\"author\":{\"name\":\"\",\"@id\":\"\"},\"headline\":\"Justicia por Violeta Abreg\u00fa\",\"datePublished\":\"2018-01-17T23:35:15+00:00\",\"dateModified\":\"2020-10-28T18:23:31+00:00\",\"mainEntityOfPage\":{\"@id\":\"http:\\\/\\\/vamosporlaliberacion.org\\\/crpmlm\\\/justicia-por-violeta-abregu\\\/\"},\"wordCount\":162,\"commentCount\":0,\"image\":{\"@id\":\"http:\\\/\\\/vamosporlaliberacion.org\\\/crpmlm\\\/justicia-por-violeta-abregu\\\/#primaryimage\"},\"thumbnailUrl\":\"https:\\\/\\\/i0.wp.com\\\/vamosporlaliberacion.org\\\/crpmlm\\\/wp-content\\\/uploads\\\/2018\\\/01\\\/9644972d-f14c-4cbe-8fb6-5e1168bc0ab1.jpg?fit=1280%2C960&ssl=1\",\"keywords\":[\"destacado 2\",\"femicidios\",\"Santa Fe\",\"violencia machista\",\"vxl 112\"],\"articleSection\":[\"Genero\"],\"inLanguage\":\"es\",\"potentialAction\":[{\"@type\":\"CommentAction\",\"name\":\"Comment\",\"target\":[\"http:\\\/\\\/vamosporlaliberacion.org\\\/crpmlm\\\/justicia-por-violeta-abregu\\\/#respond\"]}]},{\"@type\":\"WebPage\",\"@id\":\"http:\\\/\\\/vamosporlaliberacion.org\\\/crpmlm\\\/justicia-por-violeta-abregu\\\/\",\"url\":\"http:\\\/\\\/vamosporlaliberacion.org\\\/crpmlm\\\/justicia-por-violeta-abregu\\\/\",\"name\":\"Justicia por Violeta Abreg\u00fa - Vamos por la Liberaci\u00f3n\",\"isPartOf\":{\"@id\":\"https:\\\/\\\/vamosporlaliberacion.org\\\/crpmlm\\\/#website\"},\"primaryImageOfPage\":{\"@id\":\"http:\\\/\\\/vamosporlaliberacion.org\\\/crpmlm\\\/justicia-por-violeta-abregu\\\/#primaryimage\"},\"image\":{\"@id\":\"http:\\\/\\\/vamosporlaliberacion.org\\\/crpmlm\\\/justicia-por-violeta-abregu\\\/#primaryimage\"},\"thumbnailUrl\":\"https:\\\/\\\/i0.wp.com\\\/vamosporlaliberacion.org\\\/crpmlm\\\/wp-content\\\/uploads\\\/2018\\\/01\\\/9644972d-f14c-4cbe-8fb6-5e1168bc0ab1.jpg?fit=1280%2C960&ssl=1\",\"datePublished\":\"2018-01-17T23:35:15+00:00\",\"dateModified\":\"2020-10-28T18:23:31+00:00\",\"author\":{\"@id\":\"\"},\"breadcrumb\":{\"@id\":\"http:\\\/\\\/vamosporlaliberacion.org\\\/crpmlm\\\/justicia-por-violeta-abregu\\\/#breadcrumb\"},\"inLanguage\":\"es\",\"potentialAction\":[{\"@type\":\"ReadAction\",\"target\":[\"http:\\\/\\\/vamosporlaliberacion.org\\\/crpmlm\\\/justicia-por-violeta-abregu\\\/\"]}]},{\"@type\":\"ImageObject\",\"inLanguage\":\"es\",\"@id\":\"http:\\\/\\\/vamosporlaliberacion.org\\\/crpmlm\\\/justicia-por-violeta-abregu\\\/#primaryimage\",\"url\":\"https:\\\/\\\/i0.wp.com\\\/vamosporlaliberacion.org\\\/crpmlm\\\/wp-content\\\/uploads\\\/2018\\\/01\\\/9644972d-f14c-4cbe-8fb6-5e1168bc0ab1.jpg?fit=1280%2C960&ssl=1\",\"contentUrl\":\"https:\\\/\\\/i0.wp.com\\\/vamosporlaliberacion.org\\\/crpmlm\\\/wp-content\\\/uploads\\\/2018\\\/01\\\/9644972d-f14c-4cbe-8fb6-5e1168bc0ab1.jpg?fit=1280%2C960&ssl=1\",\"width\":1280,\"height\":960},{\"@type\":\"BreadcrumbList\",\"@id\":\"http:\\\/\\\/vamosporlaliberacion.org\\\/crpmlm\\\/justicia-por-violeta-abregu\\\/#breadcrumb\",\"itemListElement\":[{\"@type\":\"ListItem\",\"position\":1,\"name\":\"Portada\",\"item\":\"https:\\\/\\\/vamosporlaliberacion.org\\\/crpmlm\\\/\"},{\"@type\":\"ListItem\",\"position\":2,\"name\":\"Justicia por Violeta Abreg\u00fa\"}]},{\"@type\":\"WebSite\",\"@id\":\"https:\\\/\\\/vamosporlaliberacion.org\\\/crpmlm\\\/#website\",\"url\":\"https:\\\/\\\/vamosporlaliberacion.org\\\/crpmlm\\\/\",\"name\":\"Vamos por la Liberaci\u00f3n\",\"description\":\"Prensa CR\",\"potentialAction\":[{\"@type\":\"SearchAction\",\"target\":{\"@type\":\"EntryPoint\",\"urlTemplate\":\"https:\\\/\\\/vamosporlaliberacion.org\\\/crpmlm\\\/?s={search_term_string}\"},\"query-input\":{\"@type\":\"PropertyValueSpecification\",\"valueRequired\":true,\"valueName\":\"search_term_string\"}}],\"inLanguage\":\"es\"},{\"@type\":\"Person\",\"@id\":\"\",\"url\":\"https:\\\/\\\/vamosporlaliberacion.org\\\/crpmlm\\\/author\\\/\"}]}<\/script>\n<!-- \/ Yoast SEO plugin. -->","yoast_head_json":{"title":"Justicia por Violeta Abreg\u00fa - Vamos por la Liberaci\u00f3n","robots":{"index":"index","follow":"follow","max-snippet":"max-snippet:-1","max-image-preview":"max-image-preview:large","max-video-preview":"max-video-preview:-1"},"canonical":"http:\/\/vamosporlaliberacion.org\/crpmlm\/justicia-por-violeta-abregu\/","twitter_misc":{"Escrito por":"","Tiempo de lectura":"1 minuto"},"schema":{"@context":"https:\/\/schema.org","@graph":[{"@type":"Article","@id":"http:\/\/vamosporlaliberacion.org\/crpmlm\/justicia-por-violeta-abregu\/#article","isPartOf":{"@id":"http:\/\/vamosporlaliberacion.org\/crpmlm\/justicia-por-violeta-abregu\/"},"author":{"name":"","@id":""},"headline":"Justicia por Violeta Abreg\u00fa","datePublished":"2018-01-17T23:35:15+00:00","dateModified":"2020-10-28T18:23:31+00:00","mainEntityOfPage":{"@id":"http:\/\/vamosporlaliberacion.org\/crpmlm\/justicia-por-violeta-abregu\/"},"wordCount":162,"commentCount":0,"image":{"@id":"http:\/\/vamosporlaliberacion.org\/crpmlm\/justicia-por-violeta-abregu\/#primaryimage"},"thumbnailUrl":"https:\/\/i0.wp.com\/vamosporlaliberacion.org\/crpmlm\/wp-content\/uploads\/2018\/01\/9644972d-f14c-4cbe-8fb6-5e1168bc0ab1.jpg?fit=1280%2C960&ssl=1","keywords":["destacado 2","femicidios","Santa Fe","violencia machista","vxl 112"],"articleSection":["Genero"],"inLanguage":"es","potentialAction":[{"@type":"CommentAction","name":"Comment","target":["http:\/\/vamosporlaliberacion.org\/crpmlm\/justicia-por-violeta-abregu\/#respond"]}]},{"@type":"WebPage","@id":"http:\/\/vamosporlaliberacion.org\/crpmlm\/justicia-por-violeta-abregu\/","url":"http:\/\/vamosporlaliberacion.org\/crpmlm\/justicia-por-violeta-abregu\/","name":"Justicia por Violeta Abreg\u00fa - Vamos por la Liberaci\u00f3n","isPartOf":{"@id":"https:\/\/vamosporlaliberacion.org\/crpmlm\/#website"},"primaryImageOfPage":{"@id":"http:\/\/vamosporlaliberacion.org\/crpmlm\/justicia-por-violeta-abregu\/#primaryimage"},"image":{"@id":"http:\/\/vamosporlaliberacion.org\/crpmlm\/justicia-por-violeta-abregu\/#primaryimage"},"thumbnailUrl":"https:\/\/i0.wp.com\/vamosporlaliberacion.org\/crpmlm\/wp-content\/uploads\/2018\/01\/9644972d-f14c-4cbe-8fb6-5e1168bc0ab1.jpg?fit=1280%2C960&ssl=1","datePublished":"2018-01-17T23:35:15+00:00","dateModified":"2020-10-28T18:23:31+00:00","author":{"@id":""},"breadcrumb":{"@id":"http:\/\/vamosporlaliberacion.org\/crpmlm\/justicia-por-violeta-abregu\/#breadcrumb"},"inLanguage":"es","potentialAction":[{"@type":"ReadAction","target":["http:\/\/vamosporlaliberacion.org\/crpmlm\/justicia-por-violeta-abregu\/"]}]},{"@type":"ImageObject","inLanguage":"es","@id":"http:\/\/vamosporlaliberacion.org\/crpmlm\/justicia-por-violeta-abregu\/#primaryimage","url":"https:\/\/i0.wp.com\/vamosporlaliberacion.org\/crpmlm\/wp-content\/uploads\/2018\/01\/9644972d-f14c-4cbe-8fb6-5e1168bc0ab1.jpg?fit=1280%2C960&ssl=1","contentUrl":"https:\/\/i0.wp.com\/vamosporlaliberacion.org\/crpmlm\/wp-content\/uploads\/2018\/01\/9644972d-f14c-4cbe-8fb6-5e1168bc0ab1.jpg?fit=1280%2C960&ssl=1","width":1280,"height":960},{"@type":"BreadcrumbList","@id":"http:\/\/vamosporlaliberacion.org\/crpmlm\/justicia-por-violeta-abregu\/#breadcrumb","itemListElement":[{"@type":"ListItem","position":1,"name":"Portada","item":"https:\/\/vamosporlaliberacion.org\/crpmlm\/"},{"@type":"ListItem","position":2,"name":"Justicia por Violeta Abreg\u00fa"}]},{"@type":"WebSite","@id":"https:\/\/vamosporlaliberacion.org\/crpmlm\/#website","url":"https:\/\/vamosporlaliberacion.org\/crpmlm\/","name":"Vamos por la Liberaci\u00f3n","description":"Prensa CR","potentialAction":[{"@type":"SearchAction","target":{"@type":"EntryPoint","urlTemplate":"https:\/\/vamosporlaliberacion.org\/crpmlm\/?s={search_term_string}"},"query-input":{"@type":"PropertyValueSpecification","valueRequired":true,"valueName":"search_term_string"}}],"inLanguage":"es"},{"@type":"Person","@id":"","url":"https:\/\/vamosporlaliberacion.org\/crpmlm\/author\/"}]}},"jetpack_featured_media_url":"https:\/\/i0.wp.com\/vamosporlaliberacion.org\/crpmlm\/wp-content\/uploads\/2018\/01\/9644972d-f14c-4cbe-8fb6-5e1168bc0ab1.jpg?fit=1280%2C960&ssl=1","jetpack_sharing_enabled":true,"_links":{"self":[{"href":"https:\/\/vamosporlaliberacion.org\/crpmlm\/wp-json\/wp\/v2\/posts\/10894","targetHints":{"allow":["GET"]}}],"collection":[{"href":"https:\/\/vamosporlaliberacion.org\/crpmlm\/wp-json\/wp\/v2\/posts"}],"about":[{"href":"https:\/\/vamosporlaliberacion.org\/crpmlm\/wp-json\/wp\/v2\/types\/post"}],"author":[{"embeddable":true,"href":"https:\/\/vamosporlaliberacion.org\/crpmlm\/wp-json\/wp\/v2\/users\/5"}],"replies":[{"embeddable":true,"href":"https:\/\/vamosporlaliberacion.org\/crpmlm\/wp-json\/wp\/v2\/comments?post=10894"}],"version-history":[{"count":1,"href":"https:\/\/vamosporlaliberacion.org\/crpmlm\/wp-json\/wp\/v2\/posts\/10894\/revisions"}],"predecessor-version":[{"id":21227,"href":"https:\/\/vamosporlaliberacion.org\/crpmlm\/wp-json\/wp\/v2\/posts\/10894\/revisions\/21227"}],"wp:featuredmedia":[{"embeddable":true,"href":"https:\/\/vamosporlaliberacion.org\/crpmlm\/wp-json\/wp\/v2\/media\/10895"}],"wp:attachment":[{"href":"https:\/\/vamosporlaliberacion.org\/crpmlm\/wp-json\/wp\/v2\/media?parent=10894"}],"wp:term":[{"taxonomy":"category","embeddable":true,"href":"https:\/\/vamosporlaliberacion.org\/crpmlm\/wp-json\/wp\/v2\/categories?post=10894"},{"taxonomy":"post_tag","embeddable":true,"href":"https:\/\/vamosporlaliberacion.org\/crpmlm\/wp-json\/wp\/v2\/tags?post=10894"}],"curies":[{"name":"wp","href":"https:\/\/api.w.org\/{rel}","templated":true}]}}