{"id":10864,"date":"2018-01-08T17:37:25","date_gmt":"2018-01-08T20:37:25","guid":{"rendered":"http:\/\/vamosporlaliberacion.org\/crpmlm\/?p=10864"},"modified":"2018-02-07T15:45:33","modified_gmt":"2018-02-07T18:45:33","slug":"gustavo-funes-queremos-estar-a-la-cabeza","status":"publish","type":"post","link":"https:\/\/vamosporlaliberacion.org\/crpmlm\/gustavo-funes-queremos-estar-a-la-cabeza\/","title":{"rendered":"Gustavo Funes: \u201cQueremos estar a la cabeza\u201d"},"content":{"rendered":"<p>D\u00edas despu\u00e9s de los enfrentamientos con la polic\u00eda y los cacerolazos en repudio de la aprobaci\u00f3n del robo a los jubilados por parte del Congreso nacional, compa\u00f1eros y compa\u00f1eras de Capital Federal, La Plata, Chascom\u00fas y zonas del gran Buenos Aires nos reunimos para despedir el a\u00f1o y brindar por un 2018 cargado de luchas. La charla se inici\u00f3 contando que las dos compa\u00f1eras de la CCRS que hab\u00edan sido internadas el lunes \u2013por las heridas de balas de goma y un culatazo en la cabeza\u2013 se encontraban en buen estado. Luego tom\u00f3 la palabra Gustavo Funes, secretario del CR-PMLM, cuyo discurso reproducimos:<\/p>\n<p><img data-recalc-dims=\"1\" loading=\"lazy\" decoding=\"async\" class=\"alignnone size-large wp-image-10867\" src=\"https:\/\/i0.wp.com\/vamosporlaliberacion.org\/crpmlm\/wp-content\/uploads\/2018\/01\/DSC00462-700x525.jpg?resize=640%2C480\" alt=\"\" width=\"640\" height=\"480\" srcset=\"https:\/\/i0.wp.com\/vamosporlaliberacion.org\/crpmlm\/wp-content\/uploads\/2018\/01\/DSC00462.jpg?resize=700%2C525&amp;ssl=1 700w, https:\/\/i0.wp.com\/vamosporlaliberacion.org\/crpmlm\/wp-content\/uploads\/2018\/01\/DSC00462.jpg?resize=300%2C225&amp;ssl=1 300w, https:\/\/i0.wp.com\/vamosporlaliberacion.org\/crpmlm\/wp-content\/uploads\/2018\/01\/DSC00462.jpg?resize=768%2C576&amp;ssl=1 768w, https:\/\/i0.wp.com\/vamosporlaliberacion.org\/crpmlm\/wp-content\/uploads\/2018\/01\/DSC00462.jpg?resize=80%2C60&amp;ssl=1 80w, https:\/\/i0.wp.com\/vamosporlaliberacion.org\/crpmlm\/wp-content\/uploads\/2018\/01\/DSC00462.jpg?resize=265%2C198&amp;ssl=1 265w, https:\/\/i0.wp.com\/vamosporlaliberacion.org\/crpmlm\/wp-content\/uploads\/2018\/01\/DSC00462.jpg?resize=696%2C522&amp;ssl=1 696w, https:\/\/i0.wp.com\/vamosporlaliberacion.org\/crpmlm\/wp-content\/uploads\/2018\/01\/DSC00462.jpg?resize=560%2C420&amp;ssl=1 560w, https:\/\/i0.wp.com\/vamosporlaliberacion.org\/crpmlm\/wp-content\/uploads\/2018\/01\/DSC00462.jpg?w=800&amp;ssl=1 800w\" sizes=\"auto, (max-width: 640px) 100vw, 640px\" \/>\u201cUn mes y medio despu\u00e9s de que Cambiemos ganara las elecciones como lo hizo, tenemos lo que hemos visto en estas \u00faltimas dos semanas. El gobierno ha perdido un capital pol\u00edtico muy importante, necesariamente sacrificado por las cuestiones econ\u00f3micas que tiene que resolver y que no le cierran. Algunos se preguntan por qu\u00e9 no esper\u00f3 otro momento. Pero el momento inevitablemente era \u00e9ste, porque el 2018 es un a\u00f1o sin elecciones. Y, para tomar medidas que golpean de fondo al pueblo, aprovecharon el viento de cola de un triunfo como el de octubre. Ten\u00eda que ser ahora, no pod\u00eda ser en otro momento.<\/p>\n<p>Tuvieron dificultades. Tuvieron que postergar la ley laboral hasta febrero. Las consecuencias de las medidas que han tomado son de la misma magnitud que los problemas que tienen. No pueden controlar dos factores. Uno, muy importante, que es el d\u00e9ficit fiscal lo est\u00e1n sosteniendo con deuda y con la bicicleta financiera, b\u00e1sicamente. Porque apostaron a eso y no a engordar la inflaci\u00f3n. Pero el otro problema que tienen es que tampoco pueden controlar la inflaci\u00f3n. Esto sirve para entender de lo que se est\u00e1 hablando con la cuesti\u00f3n del robo y el saqueo a los jubilados, esos 110 mil millones de pesos de los que se habla.<\/p>\n<p>Tienen un problema fiscal y de presupuesto. Por eso han negociado con los gobernadores como un paquete \u00fanico: el proyecto de ley previsional y el pacto fiscal. Es hist\u00f3rico, porque nunca se vio que haya un acuerdo pol\u00edtico de esta magnitud en el que los gobernadores banquen con su cuerpo en el recinto, en el Congreso, el engendro que se discuti\u00f3. Est\u00e1n las excepciones como Rodr\u00edguez Saa; y otros gobernadores que, o mandan segundas l\u00edneas, o no aparecen p\u00fablicamente, como el caso de Alicia Kirchner pero que en la primera reuni\u00f3n, cuando se pact\u00f3 esto, mand\u00f3 a su gabinete de econom\u00eda.<\/p>\n<p>Hay un elemento coyuntural de magnitud que sostiene la pol\u00edtica del gobierno. Porque esto no pod\u00eda salir sin el acuerdo de los gobernadores y la paz social de la propia CGT. Est\u00e1 claro que sin eso, este proyecto no pasaba. Y pas\u00f3. \u00bfPor qu\u00e9? Porque la correlaci\u00f3n de fuerzas es as\u00ed. Fue con un alt\u00edsimo costo pol\u00edtico. Nosotros lo hab\u00edamos advertido en el Vamos!: puede ser p\u00edrrico. Vamos a ver c\u00f3mo se van recomponiendo pol\u00edticamente de todo esto. Pero hay una franja que lo vot\u00f3 y se siente estafada con respecto a esto; y ese voto est\u00e1 fresquito todav\u00eda.<\/p>\n<p>Vamos a graficar el tema con n\u00fameros, porque me parece que es importante. La deuda creci\u00f3 m\u00e1s del 20 por ciento. Ya lleg\u00f3 a 217 mil millones de d\u00f3lares, y, con este gobierno, en dos a\u00f1os sum\u00f3 134 mil millones de d\u00f3lares de esos 217 mil millones. El crecimiento tiene dos factores: uno, por endeudamiento (se siguen endeudando); y el otro por intereses de deuda. Tengan en cuenta que aumenta la deuda, m\u00e1s o menos se calcula, entre mil y mil cien d\u00f3lares por segundo por intereses.<\/p>\n<p>El otro elemento que tambi\u00e9n es una verdadera cat\u00e1strofe hist\u00f3rica, por la din\u00e1mica del endeudamiento, son las deudas de las provincias. Este pa\u00eds ya ha vivido las consecuencias de que a las provincias se les deje la libertad de endeudamiento. El propio Ministerio de Econom\u00eda est\u00e1 asombrado por la din\u00e1mica y la rapidez con que se endeudan las provincias. Se endeudan en d\u00f3lares para pagar gastos corrientes. Un desastre. No s\u00e9 si les suena a todos los viejitos que estamos ac\u00e1: Patacones, Lecops. Terminan haciendo papeles que al final compra el Estado Nacional, y aqu\u00ed viene cuando no se pagan los salarios. Ya sabemos en qu\u00e9 termina. Eso es lo que se ha abierto desde el punto de vista del ciclo de la econom\u00eda en la Argentina.<\/p>\n<p>Uno dice \u201cfracas\u00f3, \u00e9sta es la muestra de que hay un plan econ\u00f3mico que ha fracasado\u201d. \u00bfCu\u00e1les son las medidas que toman ahora? \u00bfSacarles 100 mil millones de pesos a los jubilados? \u00bfQu\u00e9 proyecci\u00f3n es esa? 19 mil 500 millones de d\u00f3lares fue, hasta ahora, la fuga de divisas este a\u00f1o, solamente superada en 2011, cuando lleg\u00f3 a 21 mil millones de d\u00f3lares, que fue cuando empezaba a ir para atr\u00e1s el gobierno kirchnerista. Pero ya vamos dos a\u00f1os consecutivos de una fuga similar.<\/p>\n<p>El otro elemento es la bicicleta financiera. Es catastr\u00f3fico. Lo que est\u00e1n haciendo con los bonos, con las Lebacs, no se conoce en la historia de la Argentina. Ese globo se va inflando. \u00bfCu\u00e1l es la salida que hay? Un pacto de gobernabilidad, porque desde el punto de vista econ\u00f3mico no va. Ni siquiera es que a la par hay inversiones, no hay nada, o muy poco. Solamente en la construcci\u00f3n, que es el rubro que m\u00e1s se mueve. Por eso los propios economistas del sistema lo dicen: \u201cas\u00ed chocamos, no estamos viendo que haya preocupaci\u00f3n en el gobierno\u201d.<\/p>\n<p>Las medidas impositivas que va tomando el gobierno son de beneficios a los monopolios y objetivamente avanzan contra las pymes, avanzan sobre los trabajadores, avanzan sobre las econom\u00edas regionales. Pagan ganancias las indemnizaciones, pero a la vez se elimina el 1 por ciento\u00a0 sobre las facturas de los celulares que financiaban el ENARD. Entonces ahora a muchos deportistas que recib\u00edan una contribuci\u00f3n se las van a empezar a recortar. Se baj\u00f3 el impuesto al tabaco. No se toc\u00f3, por pedido del monopolio de Coca Cola, Pepsi y dem\u00e1s gaseosas, el impuesto a las bebidas azucaradas. Se rebaja el 10 por ciento de ganancias a empresas que reinviertan sus utilidades. Nunca pod\u00e9s comprobar eso. Y los que generen energ\u00edas no renovables van a tener cero impuestos, tanto de ganancias como de IVA. Da la casualidad que Mindlin y Caputo son los que dominan el rubro. Pero eso es pura casualidad, tampoco vamos a andar con prejuicios. Se rebaja el IVA a los pollos y cerdos, de 21 a 10 por ciento. Es otra casualidad que Perea, que compr\u00f3 Cresta Roja, sea amigo de Macri, juegue al f\u00fatbol con Macri. Eso, entre otros regalos, en todas esas medidas que han tratado en el Congreso, aparte de la previsional. Despu\u00e9s est\u00e1 el presupuesto. Hay m\u00e1s destinado a pagar intereses de deuda que lo que se va a poner en educaci\u00f3n.<\/p>\n<p>Entonces aparecen elementos vinculados directamente al tema de la econom\u00eda y que han emergido como una cuesti\u00f3n latente alrededor de las luchas populares contra estas medidas que el gobierno va tomando.<\/p>\n<p>Si esto va a ser como fue en diciembre, el gobierno va a decir \u201c\u00bfc\u00f3mo hacemos para que este barquito pueda navegar en esta tormenta del ajuste, donde est\u00e1n las luchas populares, donde est\u00e1 todo esto que venimos viendo?\u201d. Entonces se habla de la gobernabilidad. Ellos azuzaron el tema del golpe de estado, la desestabilizaci\u00f3n. El jueves 14, cuando entra el proyecto y se va a tratar, ese proyecto se pasa. Ah\u00ed, el gobierno transita una crisis pol\u00edtica. Porque \u00bfqui\u00e9nes son los que garantizan que esto siga adelante sin el decreto? Los gobernadores, nuevamente. La crisis dur\u00f3 lo que dur\u00f3, pero muchos dicen \u201clo que gan\u00f3 con los votos en el Congreso lo perdi\u00f3 en el debate de masas\u201d, y eso es lo que est\u00e1 transitando ahora.<\/p>\n<p>El otro elemento de la nueva situaci\u00f3n pol\u00edtica es que la lucha de masas ya se visibiliza a un nivel como hace mucho no se ve\u00eda, con un nivel de violencia como desde el 2001 no se ve\u00eda, acompa\u00f1ado de los cacerolazos en todo el pa\u00eds, de los que participaron gran parte de los que votaron a Cambiemos. Los cacerolazos no tuvieron como blanco, como hubiera querido el gobierno y los medios masivos de comunicaci\u00f3n, en los \u201cviolentos\u201d de la Plaza Congreso.<\/p>\n<p>Lo que est\u00e1 claro es que naturalmente tiene que haber una crisis en la CGT. No solo por el acuerdo en relaci\u00f3n a la flexibilizaci\u00f3n laboral, sino porque ese acuerdo es parte del paquete que presenta el gobierno, que incluye la reforma previsional, por lo tanto no zafan. La forma en que convocan al paro grafica la crisis que tienen. Terminan convocando porque, como se demostr\u00f3 en la plaza, est\u00e1n desbordados. No lo pueden controlar as\u00ed nom\u00e1s, y por lo tanto tienen que decir \u201cestamos en contra de la ley previsional, dejamos libertad de acci\u00f3n\u201d.<\/p>\n<p>Lo que se puso de manifiesto es que los trabajadores no est\u00e1n dispuestos a discutir la salsa en la que van a ser comidos. Muchos contingentes de trabajadores no est\u00e1n dispuestos a que pase lo que est\u00e1 pasando. Nosotros lo vimos. Es mentira lo que dicen los medios de comunicaci\u00f3n, que eran grupitos de izquierda los que ocasionaban desmanes. Eran grandes contingentes de obreros combatiendo con la polic\u00eda delante de la manifestaci\u00f3n: de la UOM, de jaboneros, del subte, estatales, docentes. Todos estaban ah\u00ed. Yo nunca vi, salvo en el 2001, im\u00e1genes como \u00e9sas de combate de masas. Tuvieron una refriega con muchas cosas condensadas. Por eso es que viene el cacerolazo a la noche, que tampoco se puede descolgar de lo que pas\u00f3 ese d\u00eda a la tarde y cuatro d\u00edas antes. Es una medida tan antipopular que el 87 por ciento de la gente, dicen las encuestadoras, est\u00e1 en contra.<\/p>\n<p>Por eso hay que analizar la fractura en el PJ en el sentido hist\u00f3rico de la divisi\u00f3n del peronismo. Grandes contingentes de trabajadores se encuentran guachos, y nosotros, que somos una fuerza revolucionaria, antiimperialista, clasista, con ejemplos como el de Ren\u00e9 Salamanca de la unidad con esa masa peronista, tenemos que saber c\u00f3mo estar en esos lugares. Esa es la gran dicotom\u00eda que se abre en la Argentina: si van a seguir esos traidores toda la vida, con una ley flexibilizadora que retrasa cien a\u00f1os, o va a ser algo nuevo lo que emerja, que no puede ser chiquito, tiene que ser de masas.<\/p>\n<p>Esta situaci\u00f3n que se ha abierto es de grandes luchas. Y el gobierno se prepara para eso. Por eso es que aceita todos los mecanismos represivos. Ayer lo vimos con los obreros del ingenio La Esperanza en Jujuy, perseguidos hasta adentro de las casas, con orden de captura sus dirigencias, reprimidos ferozmente en la ruta. Los tienen incomunicados, totalmente ilegal, no dejan que los abogados pasen a verlos.<\/p>\n<p>Ese es el cambio cultural que nos traen. Pero no hay cambio cultural sin los operadores de ese cambio en el nivel de la conciencia de las masas, que son los medios masivos de comunicaci\u00f3n, que pasan a ser un elemento central.<\/p>\n<p>No podemos entrar a discutir ni un segundo de la violencia en general, como nos quieren imponer. No, ac\u00e1 hay una base objetiva que genera la bronca. Mientras les roban a los jubilados 110 mil millones de pesos, a los monopolios, pooles de siembra y acopiadores de semillas, se les condona una deuda por 200 mil millones de pesos. Eso est\u00e1 en el presupuesto y en la reforma impositiva que han tomado. Entonces, eso no tiene punto medio, va a choque, ac\u00e1 y en pa\u00eds va a choque. Si hay 860 polic\u00edas cada 100 mil personas, o sea, un polic\u00eda cada 105 mil personas, eso va al choque. Porque no existe en ning\u00fan lugar del mundo la saturaci\u00f3n esa. Va al choque objetivo. Si encima te meten la Gendarmer\u00eda ac\u00e1 a la vuelta en el Congreso \u2013que asesin\u00f3 a Santiago Maldonado, a Rafael Nahuel\u2013. Te militarizan la zona directamente; eso va al choque, no hay otra forma. Eso no tiene puntos medios. Pero en la televisi\u00f3n te ponen que el problema es el gordo mortero.<\/p>\n<p>Le sacan el 0,5 por ciento a la soja, arranca ahora en enero. Le van reduciendo a la soja, mientras a vos te aumentan los impuestos, el boleto. Y eso no tiene punto medio. Entonces, los choques son como son. Por eso no es una discusi\u00f3n en abstracto la violencia por la violencia. Por eso es importante tener los n\u00fameros. Uno m\u00e1s uno es dos y eso no tiene punto medio, hace mucho que esto es as\u00ed.<\/p>\n<p>Y en esta etapa nueva que se abre, el propio Partido, las instancias de frente \u00fanico que motorizamos y en las que participamos, tenemos que ampliarlos, tenemos que ensancharlos. Tenemos que crecer, porque necesitamos tener tambi\u00e9n mecanismos para empezar a acercarnos y dar vuelta, al nivel de masas, en los lugares en los que estamos, lo que bombardean permanentemente los medios.<\/p>\n<p>Nos preparamos para un a\u00f1o de grandes luchas. As\u00ed termina el a\u00f1o y as\u00ed arranca el 2018. Ahora, nosotros dimos muestra de c\u00f3mo queremos participar. No queremos estar atr\u00e1s, en el fondo, corriendo y viendo qu\u00e9 es lo que pasa. Queremos estar a la cabeza, en todo. Ahora, que podamos hacerlo, que lo lleguemos a hacer, es otra cosa, pero es importante tener la voluntad.<\/p>\n<p>Nosotros tambi\u00e9n cerramos un a\u00f1o en el que hemos avanzado. Porque ac\u00e1 hay compa\u00f1eros que vienen del Gran Buenos Aires, que tambi\u00e9n son compa\u00f1eros nuevos, son compa\u00f1eros que se han incorporado este a\u00f1o al movimiento y al Partido. Tenemos compa\u00f1eros que son protagonistas. Hemos crecido en varias provincias del pa\u00eds. \u00bfTenemos que dar un salto m\u00e1s grande? S\u00ed. Tenemos que ir afianzando lo que vamos creciendo tambi\u00e9n. Hay muchos compa\u00f1eros nuevos que van haciendo experiencias nuevas. Hay que ayudarlos mucho. Hay que darles seguridad, apoyo, fortaleza. Hay que darles un lugar que pueda ser habitado, donde se puedan equivocar, puedan discutir y nos podamos poner de acuerdo y salgamos para delante.<\/p>\n<p>Cerramos un a\u00f1o que ha sido hist\u00f3rico, por los acontecimientos hist\u00f3ricos que han sucedido. Ha sido el centenario de la Revoluci\u00f3n Rusa, que marc\u00f3 para millones en el mundo un faro que muchos otros siguieron, como Mao Tse Tung, para encarar revoluciones en otros lugares del mundo. Cumplimos 16 a\u00f1os del Argentinazo. Para nosotros no es una hoja m\u00e1s en el calendario; eso marc\u00f3 a fuego a la Argentina, mostr\u00f3 el camino m\u00e1s probable para las masas obreras y populares en la lucha por la liberaci\u00f3n nacional y social. Tambi\u00e9n se cumplieron cincuenta a\u00f1os del asesinato del Che Guevara. Fue una delegaci\u00f3n del Partido y de Lucha y Trabajo a Bolivia. Fue muy importante para nosotros.<\/p>\n<p>Nosotros tomamos esos acontecimientos hist\u00f3ricos, que tienen plena vigencia y que han protagonizado las grandes masas, en los que ha habido vanguardias y partidos, como el bolchevique dirigido por Lenin, o el Partido Comunista Chino dirigido por Mao Tse Tung, que han sido la garant\u00eda del triunfo de esas revoluciones. Nosotros hemos decidido hace ya cinco a\u00f1os transitar ese camino. Rompimos con quienes enterraron esas banderas. Y ac\u00e1 estamos, sin prisa pero sin pausa, aprendiendo de los aciertos y los errores. Por eso nos parecen importantes estas fechas, para actualizar y reafirmar los principios y los objetivos hist\u00f3ricos por los cuales nosotros hemos fundado este Partido: el triunfo de la revoluci\u00f3n de liberaci\u00f3n nacional y social en marcha ininterrumpida hacia el socialismo. Son los momentos en que a nosotros se nos vienen a la memoria todos los m\u00e1rtires que han dado la vida por esos objetivos y son los momentos en que nosotros reafirmamos dar la vida y entregar todo lo que tengamos en pos de esos objetivos.<\/p>\n<p>A nosotros nos parece que el camino que han trazado los que protagonizaron esos acontecimientos hist\u00f3ricos es lo m\u00e1s maravilloso que han vivido millones en el mundo, que no puede ser comparado con la miseria que nos propone todos los d\u00edas el capitalismo imperialista. Por eso el a\u00f1o 2018 vamos a dar todo nuestro esfuerzo y nuestra pasi\u00f3n, para poder arrimar toda la fuerza a la lucha de las masas, para parar esta pol\u00edtica y abrir una situaci\u00f3n en la Argentina donde podamos ser protagonistas y, sobre todo, el pueblo y los trabajadores puedan ser los grandes protagonistas de los cambios que necesitamos. Por eso es este brindis, esta juntada de camaradas, de compa\u00f1eros, de amigos, por estos objetivos.\u201d<\/p>\n<p><img data-recalc-dims=\"1\" loading=\"lazy\" decoding=\"async\" class=\"alignnone size-large wp-image-10868\" src=\"https:\/\/i0.wp.com\/vamosporlaliberacion.org\/crpmlm\/wp-content\/uploads\/2018\/01\/DSC00464-700x525.jpg?resize=640%2C480\" alt=\"\" width=\"640\" height=\"480\" srcset=\"https:\/\/i0.wp.com\/vamosporlaliberacion.org\/crpmlm\/wp-content\/uploads\/2018\/01\/DSC00464.jpg?resize=700%2C525&amp;ssl=1 700w, https:\/\/i0.wp.com\/vamosporlaliberacion.org\/crpmlm\/wp-content\/uploads\/2018\/01\/DSC00464.jpg?resize=300%2C225&amp;ssl=1 300w, https:\/\/i0.wp.com\/vamosporlaliberacion.org\/crpmlm\/wp-content\/uploads\/2018\/01\/DSC00464.jpg?resize=768%2C576&amp;ssl=1 768w, https:\/\/i0.wp.com\/vamosporlaliberacion.org\/crpmlm\/wp-content\/uploads\/2018\/01\/DSC00464.jpg?resize=80%2C60&amp;ssl=1 80w, https:\/\/i0.wp.com\/vamosporlaliberacion.org\/crpmlm\/wp-content\/uploads\/2018\/01\/DSC00464.jpg?resize=265%2C198&amp;ssl=1 265w, https:\/\/i0.wp.com\/vamosporlaliberacion.org\/crpmlm\/wp-content\/uploads\/2018\/01\/DSC00464.jpg?resize=696%2C522&amp;ssl=1 696w, https:\/\/i0.wp.com\/vamosporlaliberacion.org\/crpmlm\/wp-content\/uploads\/2018\/01\/DSC00464.jpg?resize=560%2C420&amp;ssl=1 560w, https:\/\/i0.wp.com\/vamosporlaliberacion.org\/crpmlm\/wp-content\/uploads\/2018\/01\/DSC00464.jpg?w=800&amp;ssl=1 800w\" sizes=\"auto, (max-width: 640px) 100vw, 640px\" \/><\/p>\n<!-- AddThis Advanced Settings generic via filter on the_content --><!-- AddThis Share Buttons generic via filter on the_content -->","protected":false},"excerpt":{"rendered":"<p>D\u00edas despu\u00e9s de los enfrentamientos con la polic\u00eda y los cacerolazos en repudio de la aprobaci\u00f3n del robo a los jubilados por parte del Congreso nacional, compa\u00f1eros y compa\u00f1eras de Capital Federal, La Plata, Chascom\u00fas y zonas del gran Buenos Aires nos reunimos para despedir el a\u00f1o y brindar por un 2018 cargado de luchas. [&hellip;]<!-- AddThis Advanced Settings generic via filter on get_the_excerpt --><!-- AddThis Share Buttons generic via filter on get_the_excerpt --><\/p>\n","protected":false},"author":5,"featured_media":10866,"comment_status":"open","ping_status":"open","sticky":false,"template":"","format":"standard","meta":{"_jetpack_memberships_contains_paid_content":false,"footnotes":""},"categories":[1699],"tags":[519,1136],"class_list":{"0":"post-10864","1":"post","2":"type-post","3":"status-publish","4":"format-standard","5":"has-post-thumbnail","7":"category-noticias","8":"tag-destacado","9":"tag-vxl-112"},"yoast_head":"<!-- This site is optimized with the Yoast SEO plugin v27.4 - https:\/\/yoast.com\/product\/yoast-seo-wordpress\/ -->\n<title>Gustavo Funes: \u201cQueremos estar a la cabeza\u201d - Vamos por la Liberaci\u00f3n<\/title>\n<meta name=\"robots\" content=\"index, follow, max-snippet:-1, max-image-preview:large, max-video-preview:-1\" \/>\n<link rel=\"canonical\" href=\"https:\/\/vamosporlaliberacion.org\/crpmlm\/gustavo-funes-queremos-estar-a-la-cabeza\/\" \/>\n<meta name=\"twitter:label1\" content=\"Escrito por\" \/>\n\t<meta name=\"twitter:data1\" content=\"\" \/>\n\t<meta name=\"twitter:label2\" content=\"Tiempo de lectura\" \/>\n\t<meta name=\"twitter:data2\" content=\"14 minutos\" \/>\n<script type=\"application\/ld+json\" class=\"yoast-schema-graph\">{\"@context\":\"https:\\\/\\\/schema.org\",\"@graph\":[{\"@type\":\"Article\",\"@id\":\"https:\\\/\\\/vamosporlaliberacion.org\\\/crpmlm\\\/gustavo-funes-queremos-estar-a-la-cabeza\\\/#article\",\"isPartOf\":{\"@id\":\"https:\\\/\\\/vamosporlaliberacion.org\\\/crpmlm\\\/gustavo-funes-queremos-estar-a-la-cabeza\\\/\"},\"author\":{\"name\":\"\",\"@id\":\"\"},\"headline\":\"Gustavo Funes: \u201cQueremos estar a la cabeza\u201d\",\"datePublished\":\"2018-01-08T20:37:25+00:00\",\"dateModified\":\"2018-02-07T18:45:33+00:00\",\"mainEntityOfPage\":{\"@id\":\"https:\\\/\\\/vamosporlaliberacion.org\\\/crpmlm\\\/gustavo-funes-queremos-estar-a-la-cabeza\\\/\"},\"wordCount\":2876,\"commentCount\":0,\"image\":{\"@id\":\"https:\\\/\\\/vamosporlaliberacion.org\\\/crpmlm\\\/gustavo-funes-queremos-estar-a-la-cabeza\\\/#primaryimage\"},\"thumbnailUrl\":\"https:\\\/\\\/i0.wp.com\\\/vamosporlaliberacion.org\\\/crpmlm\\\/wp-content\\\/uploads\\\/2018\\\/01\\\/DSC00463.jpg?fit=800%2C600&ssl=1\",\"keywords\":[\"destacado\",\"vxl 112\"],\"articleSection\":[\"Noticias\"],\"inLanguage\":\"es\",\"potentialAction\":[{\"@type\":\"CommentAction\",\"name\":\"Comment\",\"target\":[\"https:\\\/\\\/vamosporlaliberacion.org\\\/crpmlm\\\/gustavo-funes-queremos-estar-a-la-cabeza\\\/#respond\"]}]},{\"@type\":\"WebPage\",\"@id\":\"https:\\\/\\\/vamosporlaliberacion.org\\\/crpmlm\\\/gustavo-funes-queremos-estar-a-la-cabeza\\\/\",\"url\":\"https:\\\/\\\/vamosporlaliberacion.org\\\/crpmlm\\\/gustavo-funes-queremos-estar-a-la-cabeza\\\/\",\"name\":\"Gustavo Funes: \u201cQueremos estar a la cabeza\u201d - Vamos por la Liberaci\u00f3n\",\"isPartOf\":{\"@id\":\"https:\\\/\\\/vamosporlaliberacion.org\\\/crpmlm\\\/#website\"},\"primaryImageOfPage\":{\"@id\":\"https:\\\/\\\/vamosporlaliberacion.org\\\/crpmlm\\\/gustavo-funes-queremos-estar-a-la-cabeza\\\/#primaryimage\"},\"image\":{\"@id\":\"https:\\\/\\\/vamosporlaliberacion.org\\\/crpmlm\\\/gustavo-funes-queremos-estar-a-la-cabeza\\\/#primaryimage\"},\"thumbnailUrl\":\"https:\\\/\\\/i0.wp.com\\\/vamosporlaliberacion.org\\\/crpmlm\\\/wp-content\\\/uploads\\\/2018\\\/01\\\/DSC00463.jpg?fit=800%2C600&ssl=1\",\"datePublished\":\"2018-01-08T20:37:25+00:00\",\"dateModified\":\"2018-02-07T18:45:33+00:00\",\"author\":{\"@id\":\"\"},\"breadcrumb\":{\"@id\":\"https:\\\/\\\/vamosporlaliberacion.org\\\/crpmlm\\\/gustavo-funes-queremos-estar-a-la-cabeza\\\/#breadcrumb\"},\"inLanguage\":\"es\",\"potentialAction\":[{\"@type\":\"ReadAction\",\"target\":[\"https:\\\/\\\/vamosporlaliberacion.org\\\/crpmlm\\\/gustavo-funes-queremos-estar-a-la-cabeza\\\/\"]}]},{\"@type\":\"ImageObject\",\"inLanguage\":\"es\",\"@id\":\"https:\\\/\\\/vamosporlaliberacion.org\\\/crpmlm\\\/gustavo-funes-queremos-estar-a-la-cabeza\\\/#primaryimage\",\"url\":\"https:\\\/\\\/i0.wp.com\\\/vamosporlaliberacion.org\\\/crpmlm\\\/wp-content\\\/uploads\\\/2018\\\/01\\\/DSC00463.jpg?fit=800%2C600&ssl=1\",\"contentUrl\":\"https:\\\/\\\/i0.wp.com\\\/vamosporlaliberacion.org\\\/crpmlm\\\/wp-content\\\/uploads\\\/2018\\\/01\\\/DSC00463.jpg?fit=800%2C600&ssl=1\",\"width\":800,\"height\":600},{\"@type\":\"BreadcrumbList\",\"@id\":\"https:\\\/\\\/vamosporlaliberacion.org\\\/crpmlm\\\/gustavo-funes-queremos-estar-a-la-cabeza\\\/#breadcrumb\",\"itemListElement\":[{\"@type\":\"ListItem\",\"position\":1,\"name\":\"Portada\",\"item\":\"https:\\\/\\\/vamosporlaliberacion.org\\\/crpmlm\\\/\"},{\"@type\":\"ListItem\",\"position\":2,\"name\":\"Gustavo Funes: \u201cQueremos estar a la cabeza\u201d\"}]},{\"@type\":\"WebSite\",\"@id\":\"https:\\\/\\\/vamosporlaliberacion.org\\\/crpmlm\\\/#website\",\"url\":\"https:\\\/\\\/vamosporlaliberacion.org\\\/crpmlm\\\/\",\"name\":\"Vamos por la Liberaci\u00f3n\",\"description\":\"Prensa CR\",\"potentialAction\":[{\"@type\":\"SearchAction\",\"target\":{\"@type\":\"EntryPoint\",\"urlTemplate\":\"https:\\\/\\\/vamosporlaliberacion.org\\\/crpmlm\\\/?s={search_term_string}\"},\"query-input\":{\"@type\":\"PropertyValueSpecification\",\"valueRequired\":true,\"valueName\":\"search_term_string\"}}],\"inLanguage\":\"es\"},{\"@type\":\"Person\",\"@id\":\"\",\"url\":\"https:\\\/\\\/vamosporlaliberacion.org\\\/crpmlm\\\/author\\\/\"}]}<\/script>\n<!-- \/ Yoast SEO plugin. -->","yoast_head_json":{"title":"Gustavo Funes: \u201cQueremos estar a la cabeza\u201d - Vamos por la Liberaci\u00f3n","robots":{"index":"index","follow":"follow","max-snippet":"max-snippet:-1","max-image-preview":"max-image-preview:large","max-video-preview":"max-video-preview:-1"},"canonical":"https:\/\/vamosporlaliberacion.org\/crpmlm\/gustavo-funes-queremos-estar-a-la-cabeza\/","twitter_misc":{"Escrito por":"","Tiempo de lectura":"14 minutos"},"schema":{"@context":"https:\/\/schema.org","@graph":[{"@type":"Article","@id":"https:\/\/vamosporlaliberacion.org\/crpmlm\/gustavo-funes-queremos-estar-a-la-cabeza\/#article","isPartOf":{"@id":"https:\/\/vamosporlaliberacion.org\/crpmlm\/gustavo-funes-queremos-estar-a-la-cabeza\/"},"author":{"name":"","@id":""},"headline":"Gustavo Funes: \u201cQueremos estar a la cabeza\u201d","datePublished":"2018-01-08T20:37:25+00:00","dateModified":"2018-02-07T18:45:33+00:00","mainEntityOfPage":{"@id":"https:\/\/vamosporlaliberacion.org\/crpmlm\/gustavo-funes-queremos-estar-a-la-cabeza\/"},"wordCount":2876,"commentCount":0,"image":{"@id":"https:\/\/vamosporlaliberacion.org\/crpmlm\/gustavo-funes-queremos-estar-a-la-cabeza\/#primaryimage"},"thumbnailUrl":"https:\/\/i0.wp.com\/vamosporlaliberacion.org\/crpmlm\/wp-content\/uploads\/2018\/01\/DSC00463.jpg?fit=800%2C600&ssl=1","keywords":["destacado","vxl 112"],"articleSection":["Noticias"],"inLanguage":"es","potentialAction":[{"@type":"CommentAction","name":"Comment","target":["https:\/\/vamosporlaliberacion.org\/crpmlm\/gustavo-funes-queremos-estar-a-la-cabeza\/#respond"]}]},{"@type":"WebPage","@id":"https:\/\/vamosporlaliberacion.org\/crpmlm\/gustavo-funes-queremos-estar-a-la-cabeza\/","url":"https:\/\/vamosporlaliberacion.org\/crpmlm\/gustavo-funes-queremos-estar-a-la-cabeza\/","name":"Gustavo Funes: \u201cQueremos estar a la cabeza\u201d - Vamos por la Liberaci\u00f3n","isPartOf":{"@id":"https:\/\/vamosporlaliberacion.org\/crpmlm\/#website"},"primaryImageOfPage":{"@id":"https:\/\/vamosporlaliberacion.org\/crpmlm\/gustavo-funes-queremos-estar-a-la-cabeza\/#primaryimage"},"image":{"@id":"https:\/\/vamosporlaliberacion.org\/crpmlm\/gustavo-funes-queremos-estar-a-la-cabeza\/#primaryimage"},"thumbnailUrl":"https:\/\/i0.wp.com\/vamosporlaliberacion.org\/crpmlm\/wp-content\/uploads\/2018\/01\/DSC00463.jpg?fit=800%2C600&ssl=1","datePublished":"2018-01-08T20:37:25+00:00","dateModified":"2018-02-07T18:45:33+00:00","author":{"@id":""},"breadcrumb":{"@id":"https:\/\/vamosporlaliberacion.org\/crpmlm\/gustavo-funes-queremos-estar-a-la-cabeza\/#breadcrumb"},"inLanguage":"es","potentialAction":[{"@type":"ReadAction","target":["https:\/\/vamosporlaliberacion.org\/crpmlm\/gustavo-funes-queremos-estar-a-la-cabeza\/"]}]},{"@type":"ImageObject","inLanguage":"es","@id":"https:\/\/vamosporlaliberacion.org\/crpmlm\/gustavo-funes-queremos-estar-a-la-cabeza\/#primaryimage","url":"https:\/\/i0.wp.com\/vamosporlaliberacion.org\/crpmlm\/wp-content\/uploads\/2018\/01\/DSC00463.jpg?fit=800%2C600&ssl=1","contentUrl":"https:\/\/i0.wp.com\/vamosporlaliberacion.org\/crpmlm\/wp-content\/uploads\/2018\/01\/DSC00463.jpg?fit=800%2C600&ssl=1","width":800,"height":600},{"@type":"BreadcrumbList","@id":"https:\/\/vamosporlaliberacion.org\/crpmlm\/gustavo-funes-queremos-estar-a-la-cabeza\/#breadcrumb","itemListElement":[{"@type":"ListItem","position":1,"name":"Portada","item":"https:\/\/vamosporlaliberacion.org\/crpmlm\/"},{"@type":"ListItem","position":2,"name":"Gustavo Funes: \u201cQueremos estar a la cabeza\u201d"}]},{"@type":"WebSite","@id":"https:\/\/vamosporlaliberacion.org\/crpmlm\/#website","url":"https:\/\/vamosporlaliberacion.org\/crpmlm\/","name":"Vamos por la Liberaci\u00f3n","description":"Prensa CR","potentialAction":[{"@type":"SearchAction","target":{"@type":"EntryPoint","urlTemplate":"https:\/\/vamosporlaliberacion.org\/crpmlm\/?s={search_term_string}"},"query-input":{"@type":"PropertyValueSpecification","valueRequired":true,"valueName":"search_term_string"}}],"inLanguage":"es"},{"@type":"Person","@id":"","url":"https:\/\/vamosporlaliberacion.org\/crpmlm\/author\/"}]}},"jetpack_featured_media_url":"https:\/\/i0.wp.com\/vamosporlaliberacion.org\/crpmlm\/wp-content\/uploads\/2018\/01\/DSC00463.jpg?fit=800%2C600&ssl=1","jetpack_sharing_enabled":true,"_links":{"self":[{"href":"https:\/\/vamosporlaliberacion.org\/crpmlm\/wp-json\/wp\/v2\/posts\/10864","targetHints":{"allow":["GET"]}}],"collection":[{"href":"https:\/\/vamosporlaliberacion.org\/crpmlm\/wp-json\/wp\/v2\/posts"}],"about":[{"href":"https:\/\/vamosporlaliberacion.org\/crpmlm\/wp-json\/wp\/v2\/types\/post"}],"author":[{"embeddable":true,"href":"https:\/\/vamosporlaliberacion.org\/crpmlm\/wp-json\/wp\/v2\/users\/5"}],"replies":[{"embeddable":true,"href":"https:\/\/vamosporlaliberacion.org\/crpmlm\/wp-json\/wp\/v2\/comments?post=10864"}],"version-history":[{"count":0,"href":"https:\/\/vamosporlaliberacion.org\/crpmlm\/wp-json\/wp\/v2\/posts\/10864\/revisions"}],"wp:featuredmedia":[{"embeddable":true,"href":"https:\/\/vamosporlaliberacion.org\/crpmlm\/wp-json\/wp\/v2\/media\/10866"}],"wp:attachment":[{"href":"https:\/\/vamosporlaliberacion.org\/crpmlm\/wp-json\/wp\/v2\/media?parent=10864"}],"wp:term":[{"taxonomy":"category","embeddable":true,"href":"https:\/\/vamosporlaliberacion.org\/crpmlm\/wp-json\/wp\/v2\/categories?post=10864"},{"taxonomy":"post_tag","embeddable":true,"href":"https:\/\/vamosporlaliberacion.org\/crpmlm\/wp-json\/wp\/v2\/tags?post=10864"}],"curies":[{"name":"wp","href":"https:\/\/api.w.org\/{rel}","templated":true}]}}