{"id":10856,"date":"2017-12-29T16:01:17","date_gmt":"2017-12-29T19:01:17","guid":{"rendered":"http:\/\/vamosporlaliberacion.org\/crpmlm\/?p=10856"},"modified":"2020-10-28T15:24:20","modified_gmt":"2020-10-28T18:24:20","slug":"un-trabajador-aceitero-muerto-en-san-lorenzo","status":"publish","type":"post","link":"https:\/\/vamosporlaliberacion.org\/crpmlm\/un-trabajador-aceitero-muerto-en-san-lorenzo\/","title":{"rendered":"Un trabajador aceitero muerto en San Lorenzo"},"content":{"rendered":"<p>Domingo Ram\u00f3n Gim\u00e9nez ten\u00eda 61 a\u00f1os. Muri\u00f3 en la explosi\u00f3n ocurrida en la planta cerealera de la empresa COFCO (ex-Nidera), en Puerto General San Mart\u00edn, provincia de Santa Fe. Adem\u00e1s, la explosi\u00f3n dej\u00f3 una veintena de heridos, siete de ellos en grave estado.<\/p>\n<p>El complejo agroexportador del Gran Rosario constituye el nodo portuario exportador sojero m\u00e1s importante del mundo, donde operan monopolios como Bunge y Cargill. Durante el a\u00f1o pasado COFCO (ex-Nidera) vendi\u00f3 por $30.121 millones de pesos y fue la empresa n\u00famero 34 entre las mil que m\u00e1s facturaron en la Argentina. 83 millones de pesos diarios; 3 millones y medio de pesos por hora; 58.103 pesos cada sesenta segundos. Demasiado dinero para no invertir en higiene y seguridad industrial.<\/p>\n<p>Compartimos el Comunicado de la Corriente Clasista REN\u00c9 SALAMANCA y el CR de Sata Fe y las palabras de la compa\u00f1era Patricia en un acto en solidaridad con los trabajadores aceiteros:<\/p>\n<p>\u201cSolidaridad con los trabajadores de la empresa cerealera china COFCO (ex Nidera)<\/p>\n<p>Frente a esta nueva explosi\u00f3n, denunciamos que no es casual ni la primera vez que pasa. Esto demuestra las condiciones de trabajo de los compa\u00f1eros en estas empresas que vienen y se llevan nuestras riquezas a sus casas matrices. Exigimos la inmediata investigaci\u00f3n y el esclarecimiento de la situaci\u00f3n, as\u00ed como el castigo a los responsables de este hecho. Las ganancias de estos monopolios que se benefician con la pol\u00edtica macrista cuestan sangre a los trabajadores y al pueblo.<\/p>\n<p>Todos y todas con los aceiteros. \u00a1Toda la solidaridad y lucha!!<\/p>\n<p>Corriente Clasista Ren\u00e9 Salamanca \u2013 Santa Fe<br \/>\nComunismo Revolucionario CR-PMLM \u2013 Santa Fe\u201d<\/p>\n<p><iframe loading=\"lazy\" style=\"border: none; overflow: hidden;\" src=\"https:\/\/www.facebook.com\/plugins\/video.php?href=https%3A%2F%2Fwww.facebook.com%2FComunismoRevolucionario.CR%2Fvideos%2F1518004231630271%2F&amp;show_text=0&amp;width=261\" width=\"261\" height=\"476\" frameborder=\"0\" scrolling=\"no\" allowfullscreen=\"allowfullscreen\"><\/iframe><\/p>\n<p><img data-recalc-dims=\"1\" loading=\"lazy\" decoding=\"async\" class=\"alignnone size-large wp-image-10858\" src=\"https:\/\/i0.wp.com\/vamosporlaliberacion.org\/crpmlm\/wp-content\/uploads\/2017\/12\/Foto-de-Guillermo-Caporaletti-1-700x525.jpg?resize=640%2C480\" alt=\"\" width=\"640\" height=\"480\" srcset=\"https:\/\/i0.wp.com\/vamosporlaliberacion.org\/crpmlm\/wp-content\/uploads\/2017\/12\/Foto-de-Guillermo-Caporaletti-1.jpg?resize=700%2C525&amp;ssl=1 700w, https:\/\/i0.wp.com\/vamosporlaliberacion.org\/crpmlm\/wp-content\/uploads\/2017\/12\/Foto-de-Guillermo-Caporaletti-1.jpg?resize=300%2C225&amp;ssl=1 300w, https:\/\/i0.wp.com\/vamosporlaliberacion.org\/crpmlm\/wp-content\/uploads\/2017\/12\/Foto-de-Guillermo-Caporaletti-1.jpg?resize=768%2C576&amp;ssl=1 768w, https:\/\/i0.wp.com\/vamosporlaliberacion.org\/crpmlm\/wp-content\/uploads\/2017\/12\/Foto-de-Guillermo-Caporaletti-1.jpg?resize=80%2C60&amp;ssl=1 80w, https:\/\/i0.wp.com\/vamosporlaliberacion.org\/crpmlm\/wp-content\/uploads\/2017\/12\/Foto-de-Guillermo-Caporaletti-1.jpg?resize=265%2C198&amp;ssl=1 265w, https:\/\/i0.wp.com\/vamosporlaliberacion.org\/crpmlm\/wp-content\/uploads\/2017\/12\/Foto-de-Guillermo-Caporaletti-1.jpg?resize=696%2C522&amp;ssl=1 696w, https:\/\/i0.wp.com\/vamosporlaliberacion.org\/crpmlm\/wp-content\/uploads\/2017\/12\/Foto-de-Guillermo-Caporaletti-1.jpg?resize=1068%2C801&amp;ssl=1 1068w, https:\/\/i0.wp.com\/vamosporlaliberacion.org\/crpmlm\/wp-content\/uploads\/2017\/12\/Foto-de-Guillermo-Caporaletti-1.jpg?resize=560%2C420&amp;ssl=1 560w, https:\/\/i0.wp.com\/vamosporlaliberacion.org\/crpmlm\/wp-content\/uploads\/2017\/12\/Foto-de-Guillermo-Caporaletti-1.jpg?w=1280&amp;ssl=1 1280w\" sizes=\"auto, (max-width: 640px) 100vw, 640px\" \/><\/p>\n<!-- AddThis Advanced Settings generic via filter on the_content --><!-- AddThis Share Buttons generic via filter on the_content -->","protected":false},"excerpt":{"rendered":"<p>Domingo Ram\u00f3n Gim\u00e9nez ten\u00eda 61 a\u00f1os. Muri\u00f3 en la explosi\u00f3n ocurrida en la planta cerealera de la empresa COFCO (ex-Nidera), en Puerto General San Mart\u00edn, provincia de Santa Fe. Adem\u00e1s, la explosi\u00f3n dej\u00f3 una veintena de heridos, siete de ellos en grave estado. El complejo agroexportador del Gran Rosario constituye el nodo portuario exportador sojero [&hellip;]<!-- AddThis Advanced Settings generic via filter on get_the_excerpt --><!-- AddThis Share Buttons generic via filter on get_the_excerpt --><\/p>\n","protected":false},"author":5,"featured_media":10857,"comment_status":"open","ping_status":"open","sticky":false,"template":"","format":"standard","meta":{"_jetpack_memberships_contains_paid_content":false,"footnotes":""},"categories":[1877],"tags":[27,1125,521,942,1136],"class_list":{"0":"post-10856","1":"post","2":"type-post","3":"status-publish","4":"format-standard","5":"has-post-thumbnail","7":"category-gremiales","8":"tag-aceiteros","9":"tag-cofco","10":"tag-destacado-1","11":"tag-santa-fe","12":"tag-vxl-112"},"yoast_head":"<!-- This site is optimized with the Yoast SEO plugin v27.4 - https:\/\/yoast.com\/product\/yoast-seo-wordpress\/ -->\n<title>Un trabajador aceitero muerto en San Lorenzo - Vamos por la Liberaci\u00f3n<\/title>\n<meta name=\"robots\" content=\"index, follow, max-snippet:-1, max-image-preview:large, max-video-preview:-1\" \/>\n<link rel=\"canonical\" href=\"https:\/\/vamosporlaliberacion.org\/crpmlm\/un-trabajador-aceitero-muerto-en-san-lorenzo\/\" \/>\n<meta name=\"twitter:label1\" content=\"Escrito por\" \/>\n\t<meta name=\"twitter:data1\" content=\"\" \/>\n\t<meta name=\"twitter:label2\" content=\"Tiempo de lectura\" \/>\n\t<meta name=\"twitter:data2\" content=\"1 minuto\" \/>\n<script type=\"application\/ld+json\" class=\"yoast-schema-graph\">{\"@context\":\"https:\\\/\\\/schema.org\",\"@graph\":[{\"@type\":\"Article\",\"@id\":\"https:\\\/\\\/vamosporlaliberacion.org\\\/crpmlm\\\/un-trabajador-aceitero-muerto-en-san-lorenzo\\\/#article\",\"isPartOf\":{\"@id\":\"https:\\\/\\\/vamosporlaliberacion.org\\\/crpmlm\\\/un-trabajador-aceitero-muerto-en-san-lorenzo\\\/\"},\"author\":{\"name\":\"\",\"@id\":\"\"},\"headline\":\"Un trabajador aceitero muerto en San Lorenzo\",\"datePublished\":\"2017-12-29T19:01:17+00:00\",\"dateModified\":\"2020-10-28T18:24:20+00:00\",\"mainEntityOfPage\":{\"@id\":\"https:\\\/\\\/vamosporlaliberacion.org\\\/crpmlm\\\/un-trabajador-aceitero-muerto-en-san-lorenzo\\\/\"},\"wordCount\":284,\"commentCount\":0,\"image\":{\"@id\":\"https:\\\/\\\/vamosporlaliberacion.org\\\/crpmlm\\\/un-trabajador-aceitero-muerto-en-san-lorenzo\\\/#primaryimage\"},\"thumbnailUrl\":\"https:\\\/\\\/i0.wp.com\\\/vamosporlaliberacion.org\\\/crpmlm\\\/wp-content\\\/uploads\\\/2017\\\/12\\\/Foto-de-Guillermo-Caporaletti.jpg?fit=1280%2C960&ssl=1\",\"keywords\":[\"aceiteros\",\"COFCO\",\"destacado 1\",\"Santa Fe\",\"vxl 112\"],\"articleSection\":[\"Actualidad e historia del movimiento obrero\"],\"inLanguage\":\"es\",\"potentialAction\":[{\"@type\":\"CommentAction\",\"name\":\"Comment\",\"target\":[\"https:\\\/\\\/vamosporlaliberacion.org\\\/crpmlm\\\/un-trabajador-aceitero-muerto-en-san-lorenzo\\\/#respond\"]}]},{\"@type\":\"WebPage\",\"@id\":\"https:\\\/\\\/vamosporlaliberacion.org\\\/crpmlm\\\/un-trabajador-aceitero-muerto-en-san-lorenzo\\\/\",\"url\":\"https:\\\/\\\/vamosporlaliberacion.org\\\/crpmlm\\\/un-trabajador-aceitero-muerto-en-san-lorenzo\\\/\",\"name\":\"Un trabajador aceitero muerto en San Lorenzo - Vamos por la Liberaci\u00f3n\",\"isPartOf\":{\"@id\":\"https:\\\/\\\/vamosporlaliberacion.org\\\/crpmlm\\\/#website\"},\"primaryImageOfPage\":{\"@id\":\"https:\\\/\\\/vamosporlaliberacion.org\\\/crpmlm\\\/un-trabajador-aceitero-muerto-en-san-lorenzo\\\/#primaryimage\"},\"image\":{\"@id\":\"https:\\\/\\\/vamosporlaliberacion.org\\\/crpmlm\\\/un-trabajador-aceitero-muerto-en-san-lorenzo\\\/#primaryimage\"},\"thumbnailUrl\":\"https:\\\/\\\/i0.wp.com\\\/vamosporlaliberacion.org\\\/crpmlm\\\/wp-content\\\/uploads\\\/2017\\\/12\\\/Foto-de-Guillermo-Caporaletti.jpg?fit=1280%2C960&ssl=1\",\"datePublished\":\"2017-12-29T19:01:17+00:00\",\"dateModified\":\"2020-10-28T18:24:20+00:00\",\"author\":{\"@id\":\"\"},\"breadcrumb\":{\"@id\":\"https:\\\/\\\/vamosporlaliberacion.org\\\/crpmlm\\\/un-trabajador-aceitero-muerto-en-san-lorenzo\\\/#breadcrumb\"},\"inLanguage\":\"es\",\"potentialAction\":[{\"@type\":\"ReadAction\",\"target\":[\"https:\\\/\\\/vamosporlaliberacion.org\\\/crpmlm\\\/un-trabajador-aceitero-muerto-en-san-lorenzo\\\/\"]}]},{\"@type\":\"ImageObject\",\"inLanguage\":\"es\",\"@id\":\"https:\\\/\\\/vamosporlaliberacion.org\\\/crpmlm\\\/un-trabajador-aceitero-muerto-en-san-lorenzo\\\/#primaryimage\",\"url\":\"https:\\\/\\\/i0.wp.com\\\/vamosporlaliberacion.org\\\/crpmlm\\\/wp-content\\\/uploads\\\/2017\\\/12\\\/Foto-de-Guillermo-Caporaletti.jpg?fit=1280%2C960&ssl=1\",\"contentUrl\":\"https:\\\/\\\/i0.wp.com\\\/vamosporlaliberacion.org\\\/crpmlm\\\/wp-content\\\/uploads\\\/2017\\\/12\\\/Foto-de-Guillermo-Caporaletti.jpg?fit=1280%2C960&ssl=1\",\"width\":1280,\"height\":960},{\"@type\":\"BreadcrumbList\",\"@id\":\"https:\\\/\\\/vamosporlaliberacion.org\\\/crpmlm\\\/un-trabajador-aceitero-muerto-en-san-lorenzo\\\/#breadcrumb\",\"itemListElement\":[{\"@type\":\"ListItem\",\"position\":1,\"name\":\"Portada\",\"item\":\"https:\\\/\\\/vamosporlaliberacion.org\\\/crpmlm\\\/\"},{\"@type\":\"ListItem\",\"position\":2,\"name\":\"Un trabajador aceitero muerto en San Lorenzo\"}]},{\"@type\":\"WebSite\",\"@id\":\"https:\\\/\\\/vamosporlaliberacion.org\\\/crpmlm\\\/#website\",\"url\":\"https:\\\/\\\/vamosporlaliberacion.org\\\/crpmlm\\\/\",\"name\":\"Vamos por la Liberaci\u00f3n\",\"description\":\"Prensa CR\",\"potentialAction\":[{\"@type\":\"SearchAction\",\"target\":{\"@type\":\"EntryPoint\",\"urlTemplate\":\"https:\\\/\\\/vamosporlaliberacion.org\\\/crpmlm\\\/?s={search_term_string}\"},\"query-input\":{\"@type\":\"PropertyValueSpecification\",\"valueRequired\":true,\"valueName\":\"search_term_string\"}}],\"inLanguage\":\"es\"},{\"@type\":\"Person\",\"@id\":\"\",\"url\":\"https:\\\/\\\/vamosporlaliberacion.org\\\/crpmlm\\\/author\\\/\"}]}<\/script>\n<!-- \/ Yoast SEO plugin. -->","yoast_head_json":{"title":"Un trabajador aceitero muerto en San Lorenzo - Vamos por la Liberaci\u00f3n","robots":{"index":"index","follow":"follow","max-snippet":"max-snippet:-1","max-image-preview":"max-image-preview:large","max-video-preview":"max-video-preview:-1"},"canonical":"https:\/\/vamosporlaliberacion.org\/crpmlm\/un-trabajador-aceitero-muerto-en-san-lorenzo\/","twitter_misc":{"Escrito por":"","Tiempo de lectura":"1 minuto"},"schema":{"@context":"https:\/\/schema.org","@graph":[{"@type":"Article","@id":"https:\/\/vamosporlaliberacion.org\/crpmlm\/un-trabajador-aceitero-muerto-en-san-lorenzo\/#article","isPartOf":{"@id":"https:\/\/vamosporlaliberacion.org\/crpmlm\/un-trabajador-aceitero-muerto-en-san-lorenzo\/"},"author":{"name":"","@id":""},"headline":"Un trabajador aceitero muerto en San Lorenzo","datePublished":"2017-12-29T19:01:17+00:00","dateModified":"2020-10-28T18:24:20+00:00","mainEntityOfPage":{"@id":"https:\/\/vamosporlaliberacion.org\/crpmlm\/un-trabajador-aceitero-muerto-en-san-lorenzo\/"},"wordCount":284,"commentCount":0,"image":{"@id":"https:\/\/vamosporlaliberacion.org\/crpmlm\/un-trabajador-aceitero-muerto-en-san-lorenzo\/#primaryimage"},"thumbnailUrl":"https:\/\/i0.wp.com\/vamosporlaliberacion.org\/crpmlm\/wp-content\/uploads\/2017\/12\/Foto-de-Guillermo-Caporaletti.jpg?fit=1280%2C960&ssl=1","keywords":["aceiteros","COFCO","destacado 1","Santa Fe","vxl 112"],"articleSection":["Actualidad e historia del movimiento obrero"],"inLanguage":"es","potentialAction":[{"@type":"CommentAction","name":"Comment","target":["https:\/\/vamosporlaliberacion.org\/crpmlm\/un-trabajador-aceitero-muerto-en-san-lorenzo\/#respond"]}]},{"@type":"WebPage","@id":"https:\/\/vamosporlaliberacion.org\/crpmlm\/un-trabajador-aceitero-muerto-en-san-lorenzo\/","url":"https:\/\/vamosporlaliberacion.org\/crpmlm\/un-trabajador-aceitero-muerto-en-san-lorenzo\/","name":"Un trabajador aceitero muerto en San Lorenzo - Vamos por la Liberaci\u00f3n","isPartOf":{"@id":"https:\/\/vamosporlaliberacion.org\/crpmlm\/#website"},"primaryImageOfPage":{"@id":"https:\/\/vamosporlaliberacion.org\/crpmlm\/un-trabajador-aceitero-muerto-en-san-lorenzo\/#primaryimage"},"image":{"@id":"https:\/\/vamosporlaliberacion.org\/crpmlm\/un-trabajador-aceitero-muerto-en-san-lorenzo\/#primaryimage"},"thumbnailUrl":"https:\/\/i0.wp.com\/vamosporlaliberacion.org\/crpmlm\/wp-content\/uploads\/2017\/12\/Foto-de-Guillermo-Caporaletti.jpg?fit=1280%2C960&ssl=1","datePublished":"2017-12-29T19:01:17+00:00","dateModified":"2020-10-28T18:24:20+00:00","author":{"@id":""},"breadcrumb":{"@id":"https:\/\/vamosporlaliberacion.org\/crpmlm\/un-trabajador-aceitero-muerto-en-san-lorenzo\/#breadcrumb"},"inLanguage":"es","potentialAction":[{"@type":"ReadAction","target":["https:\/\/vamosporlaliberacion.org\/crpmlm\/un-trabajador-aceitero-muerto-en-san-lorenzo\/"]}]},{"@type":"ImageObject","inLanguage":"es","@id":"https:\/\/vamosporlaliberacion.org\/crpmlm\/un-trabajador-aceitero-muerto-en-san-lorenzo\/#primaryimage","url":"https:\/\/i0.wp.com\/vamosporlaliberacion.org\/crpmlm\/wp-content\/uploads\/2017\/12\/Foto-de-Guillermo-Caporaletti.jpg?fit=1280%2C960&ssl=1","contentUrl":"https:\/\/i0.wp.com\/vamosporlaliberacion.org\/crpmlm\/wp-content\/uploads\/2017\/12\/Foto-de-Guillermo-Caporaletti.jpg?fit=1280%2C960&ssl=1","width":1280,"height":960},{"@type":"BreadcrumbList","@id":"https:\/\/vamosporlaliberacion.org\/crpmlm\/un-trabajador-aceitero-muerto-en-san-lorenzo\/#breadcrumb","itemListElement":[{"@type":"ListItem","position":1,"name":"Portada","item":"https:\/\/vamosporlaliberacion.org\/crpmlm\/"},{"@type":"ListItem","position":2,"name":"Un trabajador aceitero muerto en San Lorenzo"}]},{"@type":"WebSite","@id":"https:\/\/vamosporlaliberacion.org\/crpmlm\/#website","url":"https:\/\/vamosporlaliberacion.org\/crpmlm\/","name":"Vamos por la Liberaci\u00f3n","description":"Prensa CR","potentialAction":[{"@type":"SearchAction","target":{"@type":"EntryPoint","urlTemplate":"https:\/\/vamosporlaliberacion.org\/crpmlm\/?s={search_term_string}"},"query-input":{"@type":"PropertyValueSpecification","valueRequired":true,"valueName":"search_term_string"}}],"inLanguage":"es"},{"@type":"Person","@id":"","url":"https:\/\/vamosporlaliberacion.org\/crpmlm\/author\/"}]}},"jetpack_featured_media_url":"https:\/\/i0.wp.com\/vamosporlaliberacion.org\/crpmlm\/wp-content\/uploads\/2017\/12\/Foto-de-Guillermo-Caporaletti.jpg?fit=1280%2C960&ssl=1","jetpack_sharing_enabled":true,"_links":{"self":[{"href":"https:\/\/vamosporlaliberacion.org\/crpmlm\/wp-json\/wp\/v2\/posts\/10856","targetHints":{"allow":["GET"]}}],"collection":[{"href":"https:\/\/vamosporlaliberacion.org\/crpmlm\/wp-json\/wp\/v2\/posts"}],"about":[{"href":"https:\/\/vamosporlaliberacion.org\/crpmlm\/wp-json\/wp\/v2\/types\/post"}],"author":[{"embeddable":true,"href":"https:\/\/vamosporlaliberacion.org\/crpmlm\/wp-json\/wp\/v2\/users\/5"}],"replies":[{"embeddable":true,"href":"https:\/\/vamosporlaliberacion.org\/crpmlm\/wp-json\/wp\/v2\/comments?post=10856"}],"version-history":[{"count":1,"href":"https:\/\/vamosporlaliberacion.org\/crpmlm\/wp-json\/wp\/v2\/posts\/10856\/revisions"}],"predecessor-version":[{"id":21229,"href":"https:\/\/vamosporlaliberacion.org\/crpmlm\/wp-json\/wp\/v2\/posts\/10856\/revisions\/21229"}],"wp:featuredmedia":[{"embeddable":true,"href":"https:\/\/vamosporlaliberacion.org\/crpmlm\/wp-json\/wp\/v2\/media\/10857"}],"wp:attachment":[{"href":"https:\/\/vamosporlaliberacion.org\/crpmlm\/wp-json\/wp\/v2\/media?parent=10856"}],"wp:term":[{"taxonomy":"category","embeddable":true,"href":"https:\/\/vamosporlaliberacion.org\/crpmlm\/wp-json\/wp\/v2\/categories?post=10856"},{"taxonomy":"post_tag","embeddable":true,"href":"https:\/\/vamosporlaliberacion.org\/crpmlm\/wp-json\/wp\/v2\/tags?post=10856"}],"curies":[{"name":"wp","href":"https:\/\/api.w.org\/{rel}","templated":true}]}}