{"id":10534,"date":"2017-11-08T13:55:12","date_gmt":"2017-11-08T16:55:12","guid":{"rendered":"http:\/\/vamosporlaliberacion.org\/crpmlm\/?p=10534"},"modified":"2017-11-08T16:21:40","modified_gmt":"2017-11-08T19:21:40","slug":"una-modernizacion-que-atrasa-100-anos","status":"publish","type":"post","link":"https:\/\/vamosporlaliberacion.org\/crpmlm\/una-modernizacion-que-atrasa-100-anos\/","title":{"rendered":"Una \u201cmodernizaci\u00f3n\u201d que atrasa 100 a\u00f1os"},"content":{"rendered":"<p>Seg\u00fan el presidente Macri todos debi\u00e9ramos \u201cceder un poco\u201d. Pero seg\u00fan su propuesta de precarizaci\u00f3n laboral, los \u00fanicos perjudicados ser\u00edamos los trabajadores. (Y los \u00fanicos beneficiarios ser\u00edan los empresarios.)<\/p>\n<p>No hay duda que la reforma busca bajar los \u201ccostos\u201d laborales. Seg\u00fan Macri dijo, as\u00ed se intentar\u00eda atraer inversiones y alentar las exportaciones. Pero todo bajo la premisa de bajar el poder adquisitivo de los trabajadores y por lo tanto contraer el mercado interno. Y el correspondiente aumento incesante de la desigualdad.<\/p>\n<p>Esta pol\u00edtica recesiva no es nueva. Como as\u00ed tampoco sus resultados. No por casualidad la flexibilizaci\u00f3n, la apertura indiscriminada de importaciones y su consecuente desindustrializaci\u00f3n derivaron en la crisis del 2001.<\/p>\n<p>Tampoco son nuevas las condiciones laborales que pretenden imponer. En toda la historia del capitalismo ha habido una lucha incesante entre los empresarios por aumentar sus ganancias y los trabajadores por lograr una vida digna. Iniciamos con este n\u00famero una serie de entrevistas sobre el tema.<\/p>\n<ul>\n<li><span style=\"color: #0000ff;\"><a style=\"color: #0000ff;\" href=\"http:\/\/vamosporlaliberacion.org\/crpmlm\/es-una-reforma-a-la-brasilera\/\">\u201cEs una reforma a la brasilera\u201d. Mat\u00edas Cremonte, presidente de la Asociaci\u00f3n a Abogados Laboralistas<\/a>.<\/span><\/li>\n<li>\u201cEl Fuero del Trabajo perder\u00eda raz\u00f3n misma de existencia\u201d. Cristian Carro, secretario general de la Comisi\u00f3n Interna del Fuero del Trabajo de la UEJN.<\/li>\n<li>\u201cEs la perforaci\u00f3n de derechos hist\u00f3ricos\u201d. Pablo Micheli, secretario general de CTA Aut\u00f3noma.<\/li>\n<li>\u201cLa CGT viene muy pasiva\u201d. Daniel Yofra, secretario general de Federaci\u00f3n de Aceiteros.<\/li>\n<\/ul>\n<p><strong>Considera en igualdad de condiciones al empleador y asalariado<\/strong><br \/>\nPasa de considerar la relaci\u00f3n capital-trabajo como desigual, a considerarla como una relaci\u00f3n de \u201ccooperaci\u00f3n entre las partes para promover esa actividad productiva\u201d.<\/p>\n<p><strong>Reducci\u00f3n de las indemnizaciones por despido<\/strong><br \/>\nOmite del c\u00e1lculo el aguinaldo, las horas extra, comisiones, premios, bonificaciones, etc.<\/p>\n<p><strong>Posibilita la modificaci\u00f3n unilateral de las condiciones de trabajo<\/strong><br \/>\nElimina el derecho del trabajador a la reposici\u00f3n de sus condiciones previas, dej\u00e1ndole solo la opci\u00f3n de aceptar o ser indemnizado.<\/p>\n<p><strong>Reducci\u00f3n progresiva de los aportes patronales<\/strong><br \/>\nLo que golpea la recaudaci\u00f3n previsional para las jubilaciones.<\/p>\n<p><strong>Reducci\u00f3n a un a\u00f1o del tiempo para iniciar demandas<\/strong><br \/>\nHasta ahora el trabajador tiene dos a\u00f1os para realizar reclamos laborales.<\/p>\n<p><strong>Limita la \u201cirrenunciabilidad\u201d a derechos por parte del trabajador.<\/strong><br \/>\nHasta ahora el trabajador no puede ser forzado a renunciar a lo estipulado en la Ley de Contrato de Trabajo o en los convenios.<\/p>\n<p><strong>Facilidades para la tercerizaci\u00f3n y subcontrataci\u00f3n<\/strong><br \/>\nDesvincula a la empresa principal de la \u201cresponsabilidad solidaria\u201d sobre los trabajadores de empresas tercerizadas de limpieza, seguridad o mantenimiento.<\/p>\n<p><strong>Habilita los \u201cbancos de horas\u201d<\/strong><br \/>\nEn vez de computar el tiempo de trabajo por jornada se har\u00e1 semanalmente, distribuyendo el empleador en forma discrecional las horas a cumplir, y eliminando tanto las horas extras como la \u00a1jornada de 8 horas!.<\/p>\n<p><strong>Creaci\u00f3n de la figura de \u201ctrabajador independiente\u201d<\/strong><br \/>\nLos contratistas podr\u00e1n tomar hasta cuatro \u201ccolaboradores\u201d que quedar\u00e1n por fuera de la Ley de Contrato de Trabajo.<\/p>\n<p><strong>Reducci\u00f3n de multas por el trabajo en negro<\/strong><br \/>\nPermite el blanqueo de trabajadores ofreciendo a los empleadores una gran reducci\u00f3n de las multas por haber mantenido una contrataci\u00f3n informal.<\/p>\n<!-- AddThis Advanced Settings generic via filter on the_content --><!-- AddThis Share Buttons generic via filter on the_content -->","protected":false},"excerpt":{"rendered":"<p>Seg\u00fan el presidente Macri todos debi\u00e9ramos \u201cceder un poco\u201d. Pero seg\u00fan su propuesta de precarizaci\u00f3n laboral, los \u00fanicos perjudicados ser\u00edamos los trabajadores. (Y los \u00fanicos beneficiarios ser\u00edan los empresarios.) No hay duda que la reforma busca bajar los \u201ccostos\u201d laborales. Seg\u00fan Macri dijo, as\u00ed se intentar\u00eda atraer inversiones y alentar las exportaciones. Pero todo bajo [&hellip;]<!-- AddThis Advanced Settings generic via filter on get_the_excerpt --><!-- AddThis Share Buttons generic via filter on get_the_excerpt --><\/p>\n","protected":false},"author":5,"featured_media":10535,"comment_status":"open","ping_status":"open","sticky":false,"template":"","format":"standard","meta":{"_jetpack_memberships_contains_paid_content":false,"footnotes":""},"categories":[1699],"tags":[519,710,1101],"class_list":{"0":"post-10534","1":"post","2":"type-post","3":"status-publish","4":"format-standard","5":"has-post-thumbnail","7":"category-noticias","8":"tag-destacado","9":"tag-reforma-laboral","10":"tag-vxl-109"},"yoast_head":"<!-- This site is optimized with the Yoast SEO plugin v27.4 - https:\/\/yoast.com\/product\/yoast-seo-wordpress\/ -->\n<title>Una \u201cmodernizaci\u00f3n\u201d que atrasa 100 a\u00f1os - Vamos por la Liberaci\u00f3n<\/title>\n<meta name=\"robots\" content=\"index, follow, max-snippet:-1, max-image-preview:large, max-video-preview:-1\" \/>\n<link rel=\"canonical\" href=\"http:\/\/vamosporlaliberacion.org\/crpmlm\/una-modernizacion-que-atrasa-100-anos\/\" \/>\n<meta name=\"twitter:label1\" content=\"Escrito por\" \/>\n\t<meta name=\"twitter:data1\" content=\"\" \/>\n\t<meta name=\"twitter:label2\" content=\"Tiempo de lectura\" \/>\n\t<meta name=\"twitter:data2\" content=\"3 minutos\" \/>\n<script type=\"application\/ld+json\" class=\"yoast-schema-graph\">{\"@context\":\"https:\\\/\\\/schema.org\",\"@graph\":[{\"@type\":\"Article\",\"@id\":\"http:\\\/\\\/vamosporlaliberacion.org\\\/crpmlm\\\/una-modernizacion-que-atrasa-100-anos\\\/#article\",\"isPartOf\":{\"@id\":\"http:\\\/\\\/vamosporlaliberacion.org\\\/crpmlm\\\/una-modernizacion-que-atrasa-100-anos\\\/\"},\"author\":{\"name\":\"\",\"@id\":\"\"},\"headline\":\"Una \u201cmodernizaci\u00f3n\u201d que atrasa 100 a\u00f1os\",\"datePublished\":\"2017-11-08T16:55:12+00:00\",\"dateModified\":\"2017-11-08T19:21:40+00:00\",\"mainEntityOfPage\":{\"@id\":\"http:\\\/\\\/vamosporlaliberacion.org\\\/crpmlm\\\/una-modernizacion-que-atrasa-100-anos\\\/\"},\"wordCount\":539,\"commentCount\":0,\"image\":{\"@id\":\"http:\\\/\\\/vamosporlaliberacion.org\\\/crpmlm\\\/una-modernizacion-que-atrasa-100-anos\\\/#primaryimage\"},\"thumbnailUrl\":\"https:\\\/\\\/i0.wp.com\\\/vamosporlaliberacion.org\\\/crpmlm\\\/wp-content\\\/uploads\\\/2017\\\/11\\\/23641-711-550.jpg?fit=711%2C550&ssl=1\",\"keywords\":[\"destacado\",\"reforma laboral\",\"vxl 109\"],\"articleSection\":[\"Noticias\"],\"inLanguage\":\"es\",\"potentialAction\":[{\"@type\":\"CommentAction\",\"name\":\"Comment\",\"target\":[\"http:\\\/\\\/vamosporlaliberacion.org\\\/crpmlm\\\/una-modernizacion-que-atrasa-100-anos\\\/#respond\"]}]},{\"@type\":\"WebPage\",\"@id\":\"http:\\\/\\\/vamosporlaliberacion.org\\\/crpmlm\\\/una-modernizacion-que-atrasa-100-anos\\\/\",\"url\":\"http:\\\/\\\/vamosporlaliberacion.org\\\/crpmlm\\\/una-modernizacion-que-atrasa-100-anos\\\/\",\"name\":\"Una \u201cmodernizaci\u00f3n\u201d que atrasa 100 a\u00f1os - Vamos por la Liberaci\u00f3n\",\"isPartOf\":{\"@id\":\"https:\\\/\\\/vamosporlaliberacion.org\\\/crpmlm\\\/#website\"},\"primaryImageOfPage\":{\"@id\":\"http:\\\/\\\/vamosporlaliberacion.org\\\/crpmlm\\\/una-modernizacion-que-atrasa-100-anos\\\/#primaryimage\"},\"image\":{\"@id\":\"http:\\\/\\\/vamosporlaliberacion.org\\\/crpmlm\\\/una-modernizacion-que-atrasa-100-anos\\\/#primaryimage\"},\"thumbnailUrl\":\"https:\\\/\\\/i0.wp.com\\\/vamosporlaliberacion.org\\\/crpmlm\\\/wp-content\\\/uploads\\\/2017\\\/11\\\/23641-711-550.jpg?fit=711%2C550&ssl=1\",\"datePublished\":\"2017-11-08T16:55:12+00:00\",\"dateModified\":\"2017-11-08T19:21:40+00:00\",\"author\":{\"@id\":\"\"},\"breadcrumb\":{\"@id\":\"http:\\\/\\\/vamosporlaliberacion.org\\\/crpmlm\\\/una-modernizacion-que-atrasa-100-anos\\\/#breadcrumb\"},\"inLanguage\":\"es\",\"potentialAction\":[{\"@type\":\"ReadAction\",\"target\":[\"http:\\\/\\\/vamosporlaliberacion.org\\\/crpmlm\\\/una-modernizacion-que-atrasa-100-anos\\\/\"]}]},{\"@type\":\"ImageObject\",\"inLanguage\":\"es\",\"@id\":\"http:\\\/\\\/vamosporlaliberacion.org\\\/crpmlm\\\/una-modernizacion-que-atrasa-100-anos\\\/#primaryimage\",\"url\":\"https:\\\/\\\/i0.wp.com\\\/vamosporlaliberacion.org\\\/crpmlm\\\/wp-content\\\/uploads\\\/2017\\\/11\\\/23641-711-550.jpg?fit=711%2C550&ssl=1\",\"contentUrl\":\"https:\\\/\\\/i0.wp.com\\\/vamosporlaliberacion.org\\\/crpmlm\\\/wp-content\\\/uploads\\\/2017\\\/11\\\/23641-711-550.jpg?fit=711%2C550&ssl=1\",\"width\":711,\"height\":550},{\"@type\":\"BreadcrumbList\",\"@id\":\"http:\\\/\\\/vamosporlaliberacion.org\\\/crpmlm\\\/una-modernizacion-que-atrasa-100-anos\\\/#breadcrumb\",\"itemListElement\":[{\"@type\":\"ListItem\",\"position\":1,\"name\":\"Portada\",\"item\":\"https:\\\/\\\/vamosporlaliberacion.org\\\/crpmlm\\\/\"},{\"@type\":\"ListItem\",\"position\":2,\"name\":\"Una \u201cmodernizaci\u00f3n\u201d que atrasa 100 a\u00f1os\"}]},{\"@type\":\"WebSite\",\"@id\":\"https:\\\/\\\/vamosporlaliberacion.org\\\/crpmlm\\\/#website\",\"url\":\"https:\\\/\\\/vamosporlaliberacion.org\\\/crpmlm\\\/\",\"name\":\"Vamos por la Liberaci\u00f3n\",\"description\":\"Prensa CR\",\"potentialAction\":[{\"@type\":\"SearchAction\",\"target\":{\"@type\":\"EntryPoint\",\"urlTemplate\":\"https:\\\/\\\/vamosporlaliberacion.org\\\/crpmlm\\\/?s={search_term_string}\"},\"query-input\":{\"@type\":\"PropertyValueSpecification\",\"valueRequired\":true,\"valueName\":\"search_term_string\"}}],\"inLanguage\":\"es\"},{\"@type\":\"Person\",\"@id\":\"\",\"url\":\"https:\\\/\\\/vamosporlaliberacion.org\\\/crpmlm\\\/author\\\/\"}]}<\/script>\n<!-- \/ Yoast SEO plugin. -->","yoast_head_json":{"title":"Una \u201cmodernizaci\u00f3n\u201d que atrasa 100 a\u00f1os - Vamos por la Liberaci\u00f3n","robots":{"index":"index","follow":"follow","max-snippet":"max-snippet:-1","max-image-preview":"max-image-preview:large","max-video-preview":"max-video-preview:-1"},"canonical":"http:\/\/vamosporlaliberacion.org\/crpmlm\/una-modernizacion-que-atrasa-100-anos\/","twitter_misc":{"Escrito por":"","Tiempo de lectura":"3 minutos"},"schema":{"@context":"https:\/\/schema.org","@graph":[{"@type":"Article","@id":"http:\/\/vamosporlaliberacion.org\/crpmlm\/una-modernizacion-que-atrasa-100-anos\/#article","isPartOf":{"@id":"http:\/\/vamosporlaliberacion.org\/crpmlm\/una-modernizacion-que-atrasa-100-anos\/"},"author":{"name":"","@id":""},"headline":"Una \u201cmodernizaci\u00f3n\u201d que atrasa 100 a\u00f1os","datePublished":"2017-11-08T16:55:12+00:00","dateModified":"2017-11-08T19:21:40+00:00","mainEntityOfPage":{"@id":"http:\/\/vamosporlaliberacion.org\/crpmlm\/una-modernizacion-que-atrasa-100-anos\/"},"wordCount":539,"commentCount":0,"image":{"@id":"http:\/\/vamosporlaliberacion.org\/crpmlm\/una-modernizacion-que-atrasa-100-anos\/#primaryimage"},"thumbnailUrl":"https:\/\/i0.wp.com\/vamosporlaliberacion.org\/crpmlm\/wp-content\/uploads\/2017\/11\/23641-711-550.jpg?fit=711%2C550&ssl=1","keywords":["destacado","reforma laboral","vxl 109"],"articleSection":["Noticias"],"inLanguage":"es","potentialAction":[{"@type":"CommentAction","name":"Comment","target":["http:\/\/vamosporlaliberacion.org\/crpmlm\/una-modernizacion-que-atrasa-100-anos\/#respond"]}]},{"@type":"WebPage","@id":"http:\/\/vamosporlaliberacion.org\/crpmlm\/una-modernizacion-que-atrasa-100-anos\/","url":"http:\/\/vamosporlaliberacion.org\/crpmlm\/una-modernizacion-que-atrasa-100-anos\/","name":"Una \u201cmodernizaci\u00f3n\u201d que atrasa 100 a\u00f1os - Vamos por la Liberaci\u00f3n","isPartOf":{"@id":"https:\/\/vamosporlaliberacion.org\/crpmlm\/#website"},"primaryImageOfPage":{"@id":"http:\/\/vamosporlaliberacion.org\/crpmlm\/una-modernizacion-que-atrasa-100-anos\/#primaryimage"},"image":{"@id":"http:\/\/vamosporlaliberacion.org\/crpmlm\/una-modernizacion-que-atrasa-100-anos\/#primaryimage"},"thumbnailUrl":"https:\/\/i0.wp.com\/vamosporlaliberacion.org\/crpmlm\/wp-content\/uploads\/2017\/11\/23641-711-550.jpg?fit=711%2C550&ssl=1","datePublished":"2017-11-08T16:55:12+00:00","dateModified":"2017-11-08T19:21:40+00:00","author":{"@id":""},"breadcrumb":{"@id":"http:\/\/vamosporlaliberacion.org\/crpmlm\/una-modernizacion-que-atrasa-100-anos\/#breadcrumb"},"inLanguage":"es","potentialAction":[{"@type":"ReadAction","target":["http:\/\/vamosporlaliberacion.org\/crpmlm\/una-modernizacion-que-atrasa-100-anos\/"]}]},{"@type":"ImageObject","inLanguage":"es","@id":"http:\/\/vamosporlaliberacion.org\/crpmlm\/una-modernizacion-que-atrasa-100-anos\/#primaryimage","url":"https:\/\/i0.wp.com\/vamosporlaliberacion.org\/crpmlm\/wp-content\/uploads\/2017\/11\/23641-711-550.jpg?fit=711%2C550&ssl=1","contentUrl":"https:\/\/i0.wp.com\/vamosporlaliberacion.org\/crpmlm\/wp-content\/uploads\/2017\/11\/23641-711-550.jpg?fit=711%2C550&ssl=1","width":711,"height":550},{"@type":"BreadcrumbList","@id":"http:\/\/vamosporlaliberacion.org\/crpmlm\/una-modernizacion-que-atrasa-100-anos\/#breadcrumb","itemListElement":[{"@type":"ListItem","position":1,"name":"Portada","item":"https:\/\/vamosporlaliberacion.org\/crpmlm\/"},{"@type":"ListItem","position":2,"name":"Una \u201cmodernizaci\u00f3n\u201d que atrasa 100 a\u00f1os"}]},{"@type":"WebSite","@id":"https:\/\/vamosporlaliberacion.org\/crpmlm\/#website","url":"https:\/\/vamosporlaliberacion.org\/crpmlm\/","name":"Vamos por la Liberaci\u00f3n","description":"Prensa CR","potentialAction":[{"@type":"SearchAction","target":{"@type":"EntryPoint","urlTemplate":"https:\/\/vamosporlaliberacion.org\/crpmlm\/?s={search_term_string}"},"query-input":{"@type":"PropertyValueSpecification","valueRequired":true,"valueName":"search_term_string"}}],"inLanguage":"es"},{"@type":"Person","@id":"","url":"https:\/\/vamosporlaliberacion.org\/crpmlm\/author\/"}]}},"jetpack_featured_media_url":"https:\/\/i0.wp.com\/vamosporlaliberacion.org\/crpmlm\/wp-content\/uploads\/2017\/11\/23641-711-550.jpg?fit=711%2C550&ssl=1","jetpack_sharing_enabled":true,"_links":{"self":[{"href":"https:\/\/vamosporlaliberacion.org\/crpmlm\/wp-json\/wp\/v2\/posts\/10534","targetHints":{"allow":["GET"]}}],"collection":[{"href":"https:\/\/vamosporlaliberacion.org\/crpmlm\/wp-json\/wp\/v2\/posts"}],"about":[{"href":"https:\/\/vamosporlaliberacion.org\/crpmlm\/wp-json\/wp\/v2\/types\/post"}],"author":[{"embeddable":true,"href":"https:\/\/vamosporlaliberacion.org\/crpmlm\/wp-json\/wp\/v2\/users\/5"}],"replies":[{"embeddable":true,"href":"https:\/\/vamosporlaliberacion.org\/crpmlm\/wp-json\/wp\/v2\/comments?post=10534"}],"version-history":[{"count":0,"href":"https:\/\/vamosporlaliberacion.org\/crpmlm\/wp-json\/wp\/v2\/posts\/10534\/revisions"}],"wp:featuredmedia":[{"embeddable":true,"href":"https:\/\/vamosporlaliberacion.org\/crpmlm\/wp-json\/wp\/v2\/media\/10535"}],"wp:attachment":[{"href":"https:\/\/vamosporlaliberacion.org\/crpmlm\/wp-json\/wp\/v2\/media?parent=10534"}],"wp:term":[{"taxonomy":"category","embeddable":true,"href":"https:\/\/vamosporlaliberacion.org\/crpmlm\/wp-json\/wp\/v2\/categories?post=10534"},{"taxonomy":"post_tag","embeddable":true,"href":"https:\/\/vamosporlaliberacion.org\/crpmlm\/wp-json\/wp\/v2\/tags?post=10534"}],"curies":[{"name":"wp","href":"https:\/\/api.w.org\/{rel}","templated":true}]}}