{"id":1006,"date":"2013-07-02T13:18:11","date_gmt":"2013-07-02T13:18:11","guid":{"rendered":"http:\/\/m8000370.ferozo.com\/crpmlm\/?p=1006"},"modified":"2013-07-02T13:18:11","modified_gmt":"2013-07-02T13:18:11","slug":"siempre-esta-presente-aquella-jornada-del-29-de-mayo","status":"publish","type":"post","link":"https:\/\/vamosporlaliberacion.org\/crpmlm\/siempre-esta-presente-aquella-jornada-del-29-de-mayo\/","title":{"rendered":"\u201cSiempre est\u00e1 presente aquella jornada del 29 de mayo\u201d"},"content":{"rendered":"<p>El s\u00e1bado 15 de junio realizamos un almuerzo a 44 a\u00f1os del Cordobazo con la presencia de Agust\u00edn Funes. Contamos con la participaci\u00f3n de distintos sectores: vecinos por el \u201cNo al dragado\u201d, de la toma de viviendas del Plan Federal a principios de a\u00f1o, de otras organizaciones pol\u00edticas, veteranos de guerra de Malvinas, personalidades de la cultura, compa\u00f1eros en lucha por recuperar el sindicato de panaderos, bancarios, del movimiento barrial y estudiantes.<\/p>\n<p>Tras las empanadas, Santiago Slonimsqui destac\u00f3 el orgullo de realizar esta charla p\u00fablica del CR en el marco pol\u00edtico actual. Remarc\u00f3 lo heterog\u00e9neo del grupo, agradeciendo la presencia de todos los compa\u00f1eros y amigos de lucha, con los que nos conocimos en la calle marchando por distintos reclamos.<\/p>\n<p>Luego Tato Corte expuso sobre el contexto internacional de aquella \u00e9poca. Enfatiz\u00f3 en que era un momento de rebeli\u00f3n popular a nivel mundial, donde se cuestionaba todo. Destac\u00f3 el proceso de la Revoluci\u00f3n Cultural China. All\u00ed un sector del PC, liderado por Mao, dio batalla al revisionismo y al camino de restauraci\u00f3n del capitalismo que se hab\u00eda impuesto en la URSS y a\u00f1os m\u00e1s tarde lograr\u00eda imponerse tambi\u00e9n en China.<\/p>\n<p>Agust\u00edn Funes \u2013que el d\u00eda anterior hab\u00eda participado de una jornada con delegados obreros del Polo Petroqu\u00edmico de Bah\u00eda Blanca- remarc\u00f3 la importancia y la vigencia del Cordobazo, que puso en evidencia para millones la posibilidad cierta de lograr la revoluci\u00f3n de liberaci\u00f3n nacional y social, cuando son los obreros los que imponen su hegemon\u00eda, junto a los estudiantes y otros sectores populares.<br \/>\nLa experiencia viva de quien fue parte de los m\u00e1s de 12.000 obreros que trabajaban en los talleres-escuela de la f\u00e1brica de aviones de C\u00f3rdoba, hasta llegar a la matricer\u00eda de IKA-Renault, permiti\u00f3 dar cuenta del riqu\u00edsimo proceso que miles de obreros fueron haciendo.<br \/>\nTras el golpe de 1966, la dictadura de Ongan\u00eda profundiz\u00f3 las pol\u00edticas antiobreras, antipopulares y pro-imperialistas (particularmente pro-yanqui), las medidas represivas, mantuvo la proscripci\u00f3n del peronismo (con su l\u00edder en el exilio), adhiri\u00f3 al FMI y avanz\u00f3 con las privatizaciones. As\u00ed, fue cimentando un polvor\u00edn de odio bajo sus pies.<\/p>\n<p>En el Cordobazo confluyeron este polvor\u00edn que se resecaba, la lucha por las reivindicaciones de los trabajadores, el reclamo por el regreso de Per\u00f3n y el desarrollo de una corriente clasista profundamente anti-dictatorial, que al calor de las tormentas en el mundo pon\u00eda todo en cuesti\u00f3n.<\/p>\n<p>A partir del Cordobazo, renaci\u00f3 el clasismo en las f\u00e1bricas, que poco despu\u00e9s se plasmar\u00eda con los sindicatos SITRAC y SITRAM (Fiat) y el triunfo de Ren\u00e9 Salamanca en el SMATA C\u00f3rdoba.<\/p>\n<p>Nada volver\u00eda a ser igual en Argentina. El Cordobazo hab\u00eda puesto sobre la mesa que la liberaci\u00f3n del pueblo y la patria era posible.<\/p>\n<h3><strong>Seguimos por la liberaci\u00f3n<\/strong><\/h3>\n<p>El gobierno K profundiz\u00f3 la dependencia, el saqueo de los recursos naturales y del patrimonio nacional. Sin dudas, kirchnerismo y oposici\u00f3n de derecha han instalado que su confrontaci\u00f3n es la contradicci\u00f3n principal de la Argentina y han avanzado en la divisi\u00f3n del pueblo; cuando en realidad expresan una disputa en el seno de las clases dominantes.<\/p>\n<p>Nuevamente los poderosos de la Argentina han logrado meter una contradicci\u00f3n que es secundaria como principal. Del mismo modo que en el auge de luchas previo al golpe del \u00b476. Pretenden montarse sobre nuestras luchas y nuestros reagrupamientos, para ponerlos en un lugar donde seamos est\u00e9riles para enfrentar esta pol\u00edtica. Un lugar en el que nuestra fuerza sea utilizada para engordar a los que siempre fueron impulsores de ajustes, entrega de nuestras conquistas y nuestro patrimonio.<\/p>\n<p>Para los trabajadores y el pueblo es una prioridad el desarrollo de una corriente clasista que dispute la direcci\u00f3n del movimiento obrero, con independencia de los poderosos y una profunda convicci\u00f3n en que las necesidades de los trabajadores incluyen y son parte de la revoluci\u00f3n liberaci\u00f3n nacional y social.<\/p>\n<p>Nos quedamos con el eco de las \u00faltimas palabras de Funes: \u201cMe llevo una gran satisfacci\u00f3n principalmente porque puedo estar con ustedes, puedo hablar de esto con ustedes, y por lo que ayer viv\u00ed junto con un importante contingente de delegados y comisiones internas del Polo Petroqu\u00edmico: que hay obreros que en sus lugares de trabajo se van uniendo y van viendo c\u00f3mo va a ser el camino de salida. Para eso siempre est\u00e1 presente aquella jornada del 29 de mayo\u201d.<\/p>\n<!-- AddThis Advanced Settings generic via filter on the_content --><!-- AddThis Share Buttons generic via filter on the_content -->","protected":false},"excerpt":{"rendered":"<p>El s\u00e1bado 15 de junio realizamos un almuerzo a 44 a\u00f1os del Cordobazo con la presencia de Agust\u00edn Funes. Contamos con la participaci\u00f3n de distintos sectores: vecinos por el \u201cNo al dragado\u201d, de la toma de viviendas del Plan Federal a principios de a\u00f1o, de otras organizaciones pol\u00edticas, veteranos de guerra de Malvinas, personalidades de [&hellip;]<!-- AddThis Advanced Settings generic via filter on get_the_excerpt --><!-- AddThis Share Buttons generic via filter on get_the_excerpt --><\/p>\n","protected":false},"author":6,"featured_media":1010,"comment_status":"open","ping_status":"open","sticky":false,"template":"","format":"standard","meta":{"_jetpack_memberships_contains_paid_content":false,"footnotes":""},"categories":[1699],"tags":[32,37,69,270],"class_list":{"0":"post-1006","1":"post","2":"type-post","3":"status-publish","4":"format-standard","5":"has-post-thumbnail","7":"category-noticias","8":"tag-agustin-funes","9":"tag-bahia-blanca","10":"tag-cordobazo","11":"tag-vxl-08"},"yoast_head":"<!-- This site is optimized with the Yoast SEO plugin v27.4 - https:\/\/yoast.com\/product\/yoast-seo-wordpress\/ -->\n<title>\u201cSiempre est\u00e1 presente aquella jornada del 29 de mayo\u201d - Vamos por la Liberaci\u00f3n<\/title>\n<meta name=\"robots\" content=\"index, follow, max-snippet:-1, max-image-preview:large, max-video-preview:-1\" \/>\n<link rel=\"canonical\" href=\"http:\/\/vamosporlaliberacion.org\/crpmlm\/siempre-esta-presente-aquella-jornada-del-29-de-mayo\/\" \/>\n<meta name=\"twitter:label1\" content=\"Escrito por\" \/>\n\t<meta name=\"twitter:data1\" content=\"vamos!\" \/>\n\t<meta name=\"twitter:label2\" content=\"Tiempo de lectura\" \/>\n\t<meta name=\"twitter:data2\" content=\"4 minutos\" \/>\n<script type=\"application\/ld+json\" class=\"yoast-schema-graph\">{\"@context\":\"https:\\\/\\\/schema.org\",\"@graph\":[{\"@type\":\"Article\",\"@id\":\"http:\\\/\\\/vamosporlaliberacion.org\\\/crpmlm\\\/siempre-esta-presente-aquella-jornada-del-29-de-mayo\\\/#article\",\"isPartOf\":{\"@id\":\"http:\\\/\\\/vamosporlaliberacion.org\\\/crpmlm\\\/siempre-esta-presente-aquella-jornada-del-29-de-mayo\\\/\"},\"author\":{\"name\":\"vamos!\",\"@id\":\"https:\\\/\\\/vamosporlaliberacion.org\\\/crpmlm\\\/#\\\/schema\\\/person\\\/d6eac7758df3770dae9cd9eb104d615c\"},\"headline\":\"\u201cSiempre est\u00e1 presente aquella jornada del 29 de mayo\u201d\",\"datePublished\":\"2013-07-02T13:18:11+00:00\",\"mainEntityOfPage\":{\"@id\":\"http:\\\/\\\/vamosporlaliberacion.org\\\/crpmlm\\\/siempre-esta-presente-aquella-jornada-del-29-de-mayo\\\/\"},\"wordCount\":780,\"commentCount\":0,\"image\":{\"@id\":\"http:\\\/\\\/vamosporlaliberacion.org\\\/crpmlm\\\/siempre-esta-presente-aquella-jornada-del-29-de-mayo\\\/#primaryimage\"},\"thumbnailUrl\":\"https:\\\/\\\/i0.wp.com\\\/vamosporlaliberacion.org\\\/crpmlm\\\/wp-content\\\/uploads\\\/2015\\\/10\\\/vxl8-09.jpg?fit=696%2C469&ssl=1\",\"keywords\":[\"Agust\u00edn Funes\",\"Bah\u00eda Blanca\",\"Cordobazo\",\"vxl 08\"],\"articleSection\":[\"Noticias\"],\"inLanguage\":\"es\",\"potentialAction\":[{\"@type\":\"CommentAction\",\"name\":\"Comment\",\"target\":[\"http:\\\/\\\/vamosporlaliberacion.org\\\/crpmlm\\\/siempre-esta-presente-aquella-jornada-del-29-de-mayo\\\/#respond\"]}]},{\"@type\":\"WebPage\",\"@id\":\"http:\\\/\\\/vamosporlaliberacion.org\\\/crpmlm\\\/siempre-esta-presente-aquella-jornada-del-29-de-mayo\\\/\",\"url\":\"http:\\\/\\\/vamosporlaliberacion.org\\\/crpmlm\\\/siempre-esta-presente-aquella-jornada-del-29-de-mayo\\\/\",\"name\":\"\u201cSiempre est\u00e1 presente aquella jornada del 29 de mayo\u201d - Vamos por la Liberaci\u00f3n\",\"isPartOf\":{\"@id\":\"https:\\\/\\\/vamosporlaliberacion.org\\\/crpmlm\\\/#website\"},\"primaryImageOfPage\":{\"@id\":\"http:\\\/\\\/vamosporlaliberacion.org\\\/crpmlm\\\/siempre-esta-presente-aquella-jornada-del-29-de-mayo\\\/#primaryimage\"},\"image\":{\"@id\":\"http:\\\/\\\/vamosporlaliberacion.org\\\/crpmlm\\\/siempre-esta-presente-aquella-jornada-del-29-de-mayo\\\/#primaryimage\"},\"thumbnailUrl\":\"https:\\\/\\\/i0.wp.com\\\/vamosporlaliberacion.org\\\/crpmlm\\\/wp-content\\\/uploads\\\/2015\\\/10\\\/vxl8-09.jpg?fit=696%2C469&ssl=1\",\"datePublished\":\"2013-07-02T13:18:11+00:00\",\"author\":{\"@id\":\"https:\\\/\\\/vamosporlaliberacion.org\\\/crpmlm\\\/#\\\/schema\\\/person\\\/d6eac7758df3770dae9cd9eb104d615c\"},\"breadcrumb\":{\"@id\":\"http:\\\/\\\/vamosporlaliberacion.org\\\/crpmlm\\\/siempre-esta-presente-aquella-jornada-del-29-de-mayo\\\/#breadcrumb\"},\"inLanguage\":\"es\",\"potentialAction\":[{\"@type\":\"ReadAction\",\"target\":[\"http:\\\/\\\/vamosporlaliberacion.org\\\/crpmlm\\\/siempre-esta-presente-aquella-jornada-del-29-de-mayo\\\/\"]}]},{\"@type\":\"ImageObject\",\"inLanguage\":\"es\",\"@id\":\"http:\\\/\\\/vamosporlaliberacion.org\\\/crpmlm\\\/siempre-esta-presente-aquella-jornada-del-29-de-mayo\\\/#primaryimage\",\"url\":\"https:\\\/\\\/i0.wp.com\\\/vamosporlaliberacion.org\\\/crpmlm\\\/wp-content\\\/uploads\\\/2015\\\/10\\\/vxl8-09.jpg?fit=696%2C469&ssl=1\",\"contentUrl\":\"https:\\\/\\\/i0.wp.com\\\/vamosporlaliberacion.org\\\/crpmlm\\\/wp-content\\\/uploads\\\/2015\\\/10\\\/vxl8-09.jpg?fit=696%2C469&ssl=1\",\"width\":696,\"height\":469},{\"@type\":\"BreadcrumbList\",\"@id\":\"http:\\\/\\\/vamosporlaliberacion.org\\\/crpmlm\\\/siempre-esta-presente-aquella-jornada-del-29-de-mayo\\\/#breadcrumb\",\"itemListElement\":[{\"@type\":\"ListItem\",\"position\":1,\"name\":\"Portada\",\"item\":\"https:\\\/\\\/vamosporlaliberacion.org\\\/crpmlm\\\/\"},{\"@type\":\"ListItem\",\"position\":2,\"name\":\"\u201cSiempre est\u00e1 presente aquella jornada del 29 de mayo\u201d\"}]},{\"@type\":\"WebSite\",\"@id\":\"https:\\\/\\\/vamosporlaliberacion.org\\\/crpmlm\\\/#website\",\"url\":\"https:\\\/\\\/vamosporlaliberacion.org\\\/crpmlm\\\/\",\"name\":\"Vamos por la Liberaci\u00f3n\",\"description\":\"Prensa CR\",\"potentialAction\":[{\"@type\":\"SearchAction\",\"target\":{\"@type\":\"EntryPoint\",\"urlTemplate\":\"https:\\\/\\\/vamosporlaliberacion.org\\\/crpmlm\\\/?s={search_term_string}\"},\"query-input\":{\"@type\":\"PropertyValueSpecification\",\"valueRequired\":true,\"valueName\":\"search_term_string\"}}],\"inLanguage\":\"es\"},{\"@type\":\"Person\",\"@id\":\"https:\\\/\\\/vamosporlaliberacion.org\\\/crpmlm\\\/#\\\/schema\\\/person\\\/d6eac7758df3770dae9cd9eb104d615c\",\"name\":\"vamos!\",\"url\":\"https:\\\/\\\/vamosporlaliberacion.org\\\/crpmlm\\\/author\\\/adminvxl\\\/\"}]}<\/script>\n<!-- \/ Yoast SEO plugin. -->","yoast_head_json":{"title":"\u201cSiempre est\u00e1 presente aquella jornada del 29 de mayo\u201d - Vamos por la Liberaci\u00f3n","robots":{"index":"index","follow":"follow","max-snippet":"max-snippet:-1","max-image-preview":"max-image-preview:large","max-video-preview":"max-video-preview:-1"},"canonical":"http:\/\/vamosporlaliberacion.org\/crpmlm\/siempre-esta-presente-aquella-jornada-del-29-de-mayo\/","twitter_misc":{"Escrito por":"vamos!","Tiempo de lectura":"4 minutos"},"schema":{"@context":"https:\/\/schema.org","@graph":[{"@type":"Article","@id":"http:\/\/vamosporlaliberacion.org\/crpmlm\/siempre-esta-presente-aquella-jornada-del-29-de-mayo\/#article","isPartOf":{"@id":"http:\/\/vamosporlaliberacion.org\/crpmlm\/siempre-esta-presente-aquella-jornada-del-29-de-mayo\/"},"author":{"name":"vamos!","@id":"https:\/\/vamosporlaliberacion.org\/crpmlm\/#\/schema\/person\/d6eac7758df3770dae9cd9eb104d615c"},"headline":"\u201cSiempre est\u00e1 presente aquella jornada del 29 de mayo\u201d","datePublished":"2013-07-02T13:18:11+00:00","mainEntityOfPage":{"@id":"http:\/\/vamosporlaliberacion.org\/crpmlm\/siempre-esta-presente-aquella-jornada-del-29-de-mayo\/"},"wordCount":780,"commentCount":0,"image":{"@id":"http:\/\/vamosporlaliberacion.org\/crpmlm\/siempre-esta-presente-aquella-jornada-del-29-de-mayo\/#primaryimage"},"thumbnailUrl":"https:\/\/i0.wp.com\/vamosporlaliberacion.org\/crpmlm\/wp-content\/uploads\/2015\/10\/vxl8-09.jpg?fit=696%2C469&ssl=1","keywords":["Agust\u00edn Funes","Bah\u00eda Blanca","Cordobazo","vxl 08"],"articleSection":["Noticias"],"inLanguage":"es","potentialAction":[{"@type":"CommentAction","name":"Comment","target":["http:\/\/vamosporlaliberacion.org\/crpmlm\/siempre-esta-presente-aquella-jornada-del-29-de-mayo\/#respond"]}]},{"@type":"WebPage","@id":"http:\/\/vamosporlaliberacion.org\/crpmlm\/siempre-esta-presente-aquella-jornada-del-29-de-mayo\/","url":"http:\/\/vamosporlaliberacion.org\/crpmlm\/siempre-esta-presente-aquella-jornada-del-29-de-mayo\/","name":"\u201cSiempre est\u00e1 presente aquella jornada del 29 de mayo\u201d - Vamos por la Liberaci\u00f3n","isPartOf":{"@id":"https:\/\/vamosporlaliberacion.org\/crpmlm\/#website"},"primaryImageOfPage":{"@id":"http:\/\/vamosporlaliberacion.org\/crpmlm\/siempre-esta-presente-aquella-jornada-del-29-de-mayo\/#primaryimage"},"image":{"@id":"http:\/\/vamosporlaliberacion.org\/crpmlm\/siempre-esta-presente-aquella-jornada-del-29-de-mayo\/#primaryimage"},"thumbnailUrl":"https:\/\/i0.wp.com\/vamosporlaliberacion.org\/crpmlm\/wp-content\/uploads\/2015\/10\/vxl8-09.jpg?fit=696%2C469&ssl=1","datePublished":"2013-07-02T13:18:11+00:00","author":{"@id":"https:\/\/vamosporlaliberacion.org\/crpmlm\/#\/schema\/person\/d6eac7758df3770dae9cd9eb104d615c"},"breadcrumb":{"@id":"http:\/\/vamosporlaliberacion.org\/crpmlm\/siempre-esta-presente-aquella-jornada-del-29-de-mayo\/#breadcrumb"},"inLanguage":"es","potentialAction":[{"@type":"ReadAction","target":["http:\/\/vamosporlaliberacion.org\/crpmlm\/siempre-esta-presente-aquella-jornada-del-29-de-mayo\/"]}]},{"@type":"ImageObject","inLanguage":"es","@id":"http:\/\/vamosporlaliberacion.org\/crpmlm\/siempre-esta-presente-aquella-jornada-del-29-de-mayo\/#primaryimage","url":"https:\/\/i0.wp.com\/vamosporlaliberacion.org\/crpmlm\/wp-content\/uploads\/2015\/10\/vxl8-09.jpg?fit=696%2C469&ssl=1","contentUrl":"https:\/\/i0.wp.com\/vamosporlaliberacion.org\/crpmlm\/wp-content\/uploads\/2015\/10\/vxl8-09.jpg?fit=696%2C469&ssl=1","width":696,"height":469},{"@type":"BreadcrumbList","@id":"http:\/\/vamosporlaliberacion.org\/crpmlm\/siempre-esta-presente-aquella-jornada-del-29-de-mayo\/#breadcrumb","itemListElement":[{"@type":"ListItem","position":1,"name":"Portada","item":"https:\/\/vamosporlaliberacion.org\/crpmlm\/"},{"@type":"ListItem","position":2,"name":"\u201cSiempre est\u00e1 presente aquella jornada del 29 de mayo\u201d"}]},{"@type":"WebSite","@id":"https:\/\/vamosporlaliberacion.org\/crpmlm\/#website","url":"https:\/\/vamosporlaliberacion.org\/crpmlm\/","name":"Vamos por la Liberaci\u00f3n","description":"Prensa CR","potentialAction":[{"@type":"SearchAction","target":{"@type":"EntryPoint","urlTemplate":"https:\/\/vamosporlaliberacion.org\/crpmlm\/?s={search_term_string}"},"query-input":{"@type":"PropertyValueSpecification","valueRequired":true,"valueName":"search_term_string"}}],"inLanguage":"es"},{"@type":"Person","@id":"https:\/\/vamosporlaliberacion.org\/crpmlm\/#\/schema\/person\/d6eac7758df3770dae9cd9eb104d615c","name":"vamos!","url":"https:\/\/vamosporlaliberacion.org\/crpmlm\/author\/adminvxl\/"}]}},"jetpack_featured_media_url":"https:\/\/i0.wp.com\/vamosporlaliberacion.org\/crpmlm\/wp-content\/uploads\/2015\/10\/vxl8-09.jpg?fit=696%2C469&ssl=1","jetpack_sharing_enabled":true,"_links":{"self":[{"href":"https:\/\/vamosporlaliberacion.org\/crpmlm\/wp-json\/wp\/v2\/posts\/1006","targetHints":{"allow":["GET"]}}],"collection":[{"href":"https:\/\/vamosporlaliberacion.org\/crpmlm\/wp-json\/wp\/v2\/posts"}],"about":[{"href":"https:\/\/vamosporlaliberacion.org\/crpmlm\/wp-json\/wp\/v2\/types\/post"}],"author":[{"embeddable":true,"href":"https:\/\/vamosporlaliberacion.org\/crpmlm\/wp-json\/wp\/v2\/users\/6"}],"replies":[{"embeddable":true,"href":"https:\/\/vamosporlaliberacion.org\/crpmlm\/wp-json\/wp\/v2\/comments?post=1006"}],"version-history":[{"count":0,"href":"https:\/\/vamosporlaliberacion.org\/crpmlm\/wp-json\/wp\/v2\/posts\/1006\/revisions"}],"wp:featuredmedia":[{"embeddable":true,"href":"https:\/\/vamosporlaliberacion.org\/crpmlm\/wp-json\/wp\/v2\/media\/1010"}],"wp:attachment":[{"href":"https:\/\/vamosporlaliberacion.org\/crpmlm\/wp-json\/wp\/v2\/media?parent=1006"}],"wp:term":[{"taxonomy":"category","embeddable":true,"href":"https:\/\/vamosporlaliberacion.org\/crpmlm\/wp-json\/wp\/v2\/categories?post=1006"},{"taxonomy":"post_tag","embeddable":true,"href":"https:\/\/vamosporlaliberacion.org\/crpmlm\/wp-json\/wp\/v2\/tags?post=1006"}],"curies":[{"name":"wp","href":"https:\/\/api.w.org\/{rel}","templated":true}]}}