{"id":9913,"date":"2017-07-29T18:56:21","date_gmt":"2017-07-29T21:56:21","guid":{"rendered":"http:\/\/vamosporlaliberacion.org\/crpmlm\/?p=9913"},"modified":"2017-07-29T18:56:21","modified_gmt":"2017-07-29T21:56:21","slug":"boicot-gubernamental-contra-renacer","status":"publish","type":"post","link":"http:\/\/vamosporlaliberacion.org\/crpmlm\/boicot-gubernamental-contra-renacer\/","title":{"rendered":"Boicot gubernamental contra Renacer"},"content":{"rendered":"<p class=\"TXT-Recuadro para-style-override-27\">A la ya de por s\u00ed grave situaci\u00f3n de Tierra del Fuego, se le sum\u00f3 el boicot del gobierno provincial a la f\u00e1brica recuperada Renacer. \u201cHoy aguard\u00e1bamos esperanzados que la Comisi\u00f3n del \u00c1rea Aduanera Especial nos diera por aprobada nuestra solicitud de traer 7.448 placas de TV chipeadas de origen, para cumplir con nuestro cliente, y con ello dos meses de trabajo de los 180 integrantes de la Cooperativa\u201d, escribi\u00f3 en su Facebook el 20\/7 M\u00f3nica Acosta, presidenta de la cooperativa, y agreg\u00f3: \u201cel lobby de grandes empresas pudo m\u00e1s, y nos han negado nuestro pedido\u201d.<\/p>\n<p class=\"TXT-Recuadro para-style-override-28\">De inmediato, los trabajadores se convocaron en asamblea y comenzaron con un corte de media calzada. Tambi\u00e9n comenzaron a llegar las adhesiones, de la CTA fueguina, el SUTEF, los miembros de Iniciativa por la Uni\u00f3n y diversas organizaciones y personalidades de la isla.<\/p>\n<p class=\"TXT-Recuadro para-style-override-28\">El proyecto que buscan poner en marcha en la planta de Renacer en Ushuaia es para la fabricaci\u00f3n de televisores smart, en un precio final de alrededor de $7.000. Un proyecto que de por s\u00ed demuestra la mentira oficial de que los altos precios son debidos al \u201ccosto\u201d laboral. \u201cHemos tocado en el coraz\u00f3n de los formadores de precios y de los negocios de los poderosos\u201d, subray\u00f3 la dirigente. Se refiere en particular al grupo Newsan, de Rub\u00e9n Cher\u00f1ajovsky, principal empresa de electr\u00f3nica en la isla. \u201cTengo la certeza que el que m\u00e1s puso el grito en el cielo por nuestro pedido de excepci\u00f3n fue Newsan\u201d, dispar\u00f3.<\/p>\n<p class=\"TXT-Recuadro para-style-override-28\">En di\u00e1logo con gremialesdelsur, explic\u00f3 que por otra parte \u201cla Comisi\u00f3n del \u00c1rea Aduanera hizo autorizaciones para permitir que Newsan se lleve tres m\u00e1quinas de chipeo a la planta de Z\u00e1rate-Campana, cuando se produjeron despidos y hubo un achique significativo y empezaron a sobrar las capacidades instaladas y muchos se llevaron las m\u00e1quinas al continente\u201d. Ejempific\u00f3 as\u00ed hasta qu\u00e9 punto la CAE, que depende del gobierno provincial, resuelve en funci\u00f3n de los intereses de Newsan y un pu\u00f1ado de monopolios, en contra de los intereses del pueblo fueguino.<\/p>\n<p class=\"TXT-Recuadro para-style-override-28\">\u201cEst\u00e1n conspirando contra la unidad productiva para que nos ejecuten, es todo muy grave\u201d, denunci\u00f3. Y advirti\u00f3: \u201cLos puestos de trabajos y nuestras familias no se venden, se defienden, y nosotros llevamos 20 a\u00f1os de nuestras vidas demostr\u00e1ndolo\u201d.<\/p>\n<!-- AddThis Advanced Settings generic via filter on the_content --><!-- AddThis Share Buttons generic via filter on the_content -->","protected":false},"excerpt":{"rendered":"<p>A la ya de por s\u00ed grave situaci\u00f3n de Tierra del Fuego, se le sum\u00f3 el boicot del gobierno provincial a la f\u00e1brica recuperada Renacer. \u201cHoy aguard\u00e1bamos esperanzados que la Comisi\u00f3n del \u00c1rea Aduanera Especial nos diera por aprobada nuestra solicitud de traer 7.448 placas de TV chipeadas de origen, para cumplir con nuestro cliente, [&hellip;]<!-- AddThis Advanced Settings generic via filter on get_the_excerpt --><!-- AddThis Share Buttons generic via filter on get_the_excerpt --><\/p>\n","protected":false},"author":5,"featured_media":9914,"comment_status":"open","ping_status":"open","sticky":false,"template":"","format":"standard","meta":{"_jetpack_memberships_contains_paid_content":false,"footnotes":""},"categories":[1699],"tags":[695,521,251,1044],"class_list":{"0":"post-9913","1":"post","2":"type-post","3":"status-publish","4":"format-standard","5":"has-post-thumbnail","7":"category-noticias","8":"tag-cooperativa-renacer","9":"tag-destacado-1","10":"tag-tierra-del-fuego","11":"tag-vxl-102"},"yoast_head":"<!-- This site is optimized with the Yoast SEO plugin v27.4 - https:\/\/yoast.com\/product\/yoast-seo-wordpress\/ -->\n<title>Boicot gubernamental contra Renacer - Vamos por la Liberaci\u00f3n<\/title>\n<meta name=\"robots\" content=\"index, follow, max-snippet:-1, max-image-preview:large, max-video-preview:-1\" \/>\n<link rel=\"canonical\" href=\"https:\/\/vamosporlaliberacion.org\/crpmlm\/boicot-gubernamental-contra-renacer\/\" \/>\n<meta name=\"twitter:label1\" content=\"Escrito por\" \/>\n\t<meta name=\"twitter:data1\" content=\"\" \/>\n\t<meta name=\"twitter:label2\" content=\"Tiempo de lectura\" \/>\n\t<meta name=\"twitter:data2\" content=\"2 minutos\" \/>\n<script type=\"application\/ld+json\" class=\"yoast-schema-graph\">{\"@context\":\"https:\\\/\\\/schema.org\",\"@graph\":[{\"@type\":\"Article\",\"@id\":\"https:\\\/\\\/vamosporlaliberacion.org\\\/crpmlm\\\/boicot-gubernamental-contra-renacer\\\/#article\",\"isPartOf\":{\"@id\":\"https:\\\/\\\/vamosporlaliberacion.org\\\/crpmlm\\\/boicot-gubernamental-contra-renacer\\\/\"},\"author\":{\"name\":\"\",\"@id\":\"\"},\"headline\":\"Boicot gubernamental contra Renacer\",\"datePublished\":\"2017-07-29T21:56:21+00:00\",\"mainEntityOfPage\":{\"@id\":\"https:\\\/\\\/vamosporlaliberacion.org\\\/crpmlm\\\/boicot-gubernamental-contra-renacer\\\/\"},\"wordCount\":396,\"commentCount\":0,\"image\":{\"@id\":\"https:\\\/\\\/vamosporlaliberacion.org\\\/crpmlm\\\/boicot-gubernamental-contra-renacer\\\/#primaryimage\"},\"thumbnailUrl\":\"https:\\\/\\\/i0.wp.com\\\/vamosporlaliberacion.org\\\/crpmlm\\\/wp-content\\\/uploads\\\/2017\\\/07\\\/11109-1.jpg?fit=912%2C528&ssl=1\",\"keywords\":[\"Cooperativa Renacer\",\"destacado 1\",\"Tierra del Fuego\",\"vxl 102\"],\"articleSection\":[\"Noticias\"],\"inLanguage\":\"es\",\"potentialAction\":[{\"@type\":\"CommentAction\",\"name\":\"Comment\",\"target\":[\"https:\\\/\\\/vamosporlaliberacion.org\\\/crpmlm\\\/boicot-gubernamental-contra-renacer\\\/#respond\"]}]},{\"@type\":\"WebPage\",\"@id\":\"https:\\\/\\\/vamosporlaliberacion.org\\\/crpmlm\\\/boicot-gubernamental-contra-renacer\\\/\",\"url\":\"https:\\\/\\\/vamosporlaliberacion.org\\\/crpmlm\\\/boicot-gubernamental-contra-renacer\\\/\",\"name\":\"Boicot gubernamental contra Renacer - Vamos por la Liberaci\u00f3n\",\"isPartOf\":{\"@id\":\"https:\\\/\\\/vamosporlaliberacion.org\\\/crpmlm\\\/#website\"},\"primaryImageOfPage\":{\"@id\":\"https:\\\/\\\/vamosporlaliberacion.org\\\/crpmlm\\\/boicot-gubernamental-contra-renacer\\\/#primaryimage\"},\"image\":{\"@id\":\"https:\\\/\\\/vamosporlaliberacion.org\\\/crpmlm\\\/boicot-gubernamental-contra-renacer\\\/#primaryimage\"},\"thumbnailUrl\":\"https:\\\/\\\/i0.wp.com\\\/vamosporlaliberacion.org\\\/crpmlm\\\/wp-content\\\/uploads\\\/2017\\\/07\\\/11109-1.jpg?fit=912%2C528&ssl=1\",\"datePublished\":\"2017-07-29T21:56:21+00:00\",\"author\":{\"@id\":\"\"},\"breadcrumb\":{\"@id\":\"https:\\\/\\\/vamosporlaliberacion.org\\\/crpmlm\\\/boicot-gubernamental-contra-renacer\\\/#breadcrumb\"},\"inLanguage\":\"es\",\"potentialAction\":[{\"@type\":\"ReadAction\",\"target\":[\"https:\\\/\\\/vamosporlaliberacion.org\\\/crpmlm\\\/boicot-gubernamental-contra-renacer\\\/\"]}]},{\"@type\":\"ImageObject\",\"inLanguage\":\"es\",\"@id\":\"https:\\\/\\\/vamosporlaliberacion.org\\\/crpmlm\\\/boicot-gubernamental-contra-renacer\\\/#primaryimage\",\"url\":\"https:\\\/\\\/i0.wp.com\\\/vamosporlaliberacion.org\\\/crpmlm\\\/wp-content\\\/uploads\\\/2017\\\/07\\\/11109-1.jpg?fit=912%2C528&ssl=1\",\"contentUrl\":\"https:\\\/\\\/i0.wp.com\\\/vamosporlaliberacion.org\\\/crpmlm\\\/wp-content\\\/uploads\\\/2017\\\/07\\\/11109-1.jpg?fit=912%2C528&ssl=1\",\"width\":912,\"height\":528},{\"@type\":\"BreadcrumbList\",\"@id\":\"https:\\\/\\\/vamosporlaliberacion.org\\\/crpmlm\\\/boicot-gubernamental-contra-renacer\\\/#breadcrumb\",\"itemListElement\":[{\"@type\":\"ListItem\",\"position\":1,\"name\":\"Portada\",\"item\":\"https:\\\/\\\/vamosporlaliberacion.org\\\/crpmlm\\\/\"},{\"@type\":\"ListItem\",\"position\":2,\"name\":\"Boicot gubernamental contra Renacer\"}]},{\"@type\":\"WebSite\",\"@id\":\"https:\\\/\\\/vamosporlaliberacion.org\\\/crpmlm\\\/#website\",\"url\":\"https:\\\/\\\/vamosporlaliberacion.org\\\/crpmlm\\\/\",\"name\":\"Vamos por la Liberaci\u00f3n\",\"description\":\"Prensa CR\",\"potentialAction\":[{\"@type\":\"SearchAction\",\"target\":{\"@type\":\"EntryPoint\",\"urlTemplate\":\"https:\\\/\\\/vamosporlaliberacion.org\\\/crpmlm\\\/?s={search_term_string}\"},\"query-input\":{\"@type\":\"PropertyValueSpecification\",\"valueRequired\":true,\"valueName\":\"search_term_string\"}}],\"inLanguage\":\"es\"},{\"@type\":\"Person\",\"@id\":\"\",\"url\":\"http:\\\/\\\/vamosporlaliberacion.org\\\/crpmlm\\\/author\\\/\"}]}<\/script>\n<!-- \/ Yoast SEO plugin. -->","yoast_head_json":{"title":"Boicot gubernamental contra Renacer - Vamos por la Liberaci\u00f3n","robots":{"index":"index","follow":"follow","max-snippet":"max-snippet:-1","max-image-preview":"max-image-preview:large","max-video-preview":"max-video-preview:-1"},"canonical":"https:\/\/vamosporlaliberacion.org\/crpmlm\/boicot-gubernamental-contra-renacer\/","twitter_misc":{"Escrito por":"","Tiempo de lectura":"2 minutos"},"schema":{"@context":"https:\/\/schema.org","@graph":[{"@type":"Article","@id":"https:\/\/vamosporlaliberacion.org\/crpmlm\/boicot-gubernamental-contra-renacer\/#article","isPartOf":{"@id":"https:\/\/vamosporlaliberacion.org\/crpmlm\/boicot-gubernamental-contra-renacer\/"},"author":{"name":"","@id":""},"headline":"Boicot gubernamental contra Renacer","datePublished":"2017-07-29T21:56:21+00:00","mainEntityOfPage":{"@id":"https:\/\/vamosporlaliberacion.org\/crpmlm\/boicot-gubernamental-contra-renacer\/"},"wordCount":396,"commentCount":0,"image":{"@id":"https:\/\/vamosporlaliberacion.org\/crpmlm\/boicot-gubernamental-contra-renacer\/#primaryimage"},"thumbnailUrl":"https:\/\/i0.wp.com\/vamosporlaliberacion.org\/crpmlm\/wp-content\/uploads\/2017\/07\/11109-1.jpg?fit=912%2C528&ssl=1","keywords":["Cooperativa Renacer","destacado 1","Tierra del Fuego","vxl 102"],"articleSection":["Noticias"],"inLanguage":"es","potentialAction":[{"@type":"CommentAction","name":"Comment","target":["https:\/\/vamosporlaliberacion.org\/crpmlm\/boicot-gubernamental-contra-renacer\/#respond"]}]},{"@type":"WebPage","@id":"https:\/\/vamosporlaliberacion.org\/crpmlm\/boicot-gubernamental-contra-renacer\/","url":"https:\/\/vamosporlaliberacion.org\/crpmlm\/boicot-gubernamental-contra-renacer\/","name":"Boicot gubernamental contra Renacer - Vamos por la Liberaci\u00f3n","isPartOf":{"@id":"https:\/\/vamosporlaliberacion.org\/crpmlm\/#website"},"primaryImageOfPage":{"@id":"https:\/\/vamosporlaliberacion.org\/crpmlm\/boicot-gubernamental-contra-renacer\/#primaryimage"},"image":{"@id":"https:\/\/vamosporlaliberacion.org\/crpmlm\/boicot-gubernamental-contra-renacer\/#primaryimage"},"thumbnailUrl":"https:\/\/i0.wp.com\/vamosporlaliberacion.org\/crpmlm\/wp-content\/uploads\/2017\/07\/11109-1.jpg?fit=912%2C528&ssl=1","datePublished":"2017-07-29T21:56:21+00:00","author":{"@id":""},"breadcrumb":{"@id":"https:\/\/vamosporlaliberacion.org\/crpmlm\/boicot-gubernamental-contra-renacer\/#breadcrumb"},"inLanguage":"es","potentialAction":[{"@type":"ReadAction","target":["https:\/\/vamosporlaliberacion.org\/crpmlm\/boicot-gubernamental-contra-renacer\/"]}]},{"@type":"ImageObject","inLanguage":"es","@id":"https:\/\/vamosporlaliberacion.org\/crpmlm\/boicot-gubernamental-contra-renacer\/#primaryimage","url":"https:\/\/i0.wp.com\/vamosporlaliberacion.org\/crpmlm\/wp-content\/uploads\/2017\/07\/11109-1.jpg?fit=912%2C528&ssl=1","contentUrl":"https:\/\/i0.wp.com\/vamosporlaliberacion.org\/crpmlm\/wp-content\/uploads\/2017\/07\/11109-1.jpg?fit=912%2C528&ssl=1","width":912,"height":528},{"@type":"BreadcrumbList","@id":"https:\/\/vamosporlaliberacion.org\/crpmlm\/boicot-gubernamental-contra-renacer\/#breadcrumb","itemListElement":[{"@type":"ListItem","position":1,"name":"Portada","item":"https:\/\/vamosporlaliberacion.org\/crpmlm\/"},{"@type":"ListItem","position":2,"name":"Boicot gubernamental contra Renacer"}]},{"@type":"WebSite","@id":"https:\/\/vamosporlaliberacion.org\/crpmlm\/#website","url":"https:\/\/vamosporlaliberacion.org\/crpmlm\/","name":"Vamos por la Liberaci\u00f3n","description":"Prensa CR","potentialAction":[{"@type":"SearchAction","target":{"@type":"EntryPoint","urlTemplate":"https:\/\/vamosporlaliberacion.org\/crpmlm\/?s={search_term_string}"},"query-input":{"@type":"PropertyValueSpecification","valueRequired":true,"valueName":"search_term_string"}}],"inLanguage":"es"},{"@type":"Person","@id":"","url":"http:\/\/vamosporlaliberacion.org\/crpmlm\/author\/"}]}},"jetpack_featured_media_url":"https:\/\/i0.wp.com\/vamosporlaliberacion.org\/crpmlm\/wp-content\/uploads\/2017\/07\/11109-1.jpg?fit=912%2C528&ssl=1","jetpack_sharing_enabled":true,"_links":{"self":[{"href":"http:\/\/vamosporlaliberacion.org\/crpmlm\/wp-json\/wp\/v2\/posts\/9913","targetHints":{"allow":["GET"]}}],"collection":[{"href":"http:\/\/vamosporlaliberacion.org\/crpmlm\/wp-json\/wp\/v2\/posts"}],"about":[{"href":"http:\/\/vamosporlaliberacion.org\/crpmlm\/wp-json\/wp\/v2\/types\/post"}],"author":[{"embeddable":true,"href":"http:\/\/vamosporlaliberacion.org\/crpmlm\/wp-json\/wp\/v2\/users\/5"}],"replies":[{"embeddable":true,"href":"http:\/\/vamosporlaliberacion.org\/crpmlm\/wp-json\/wp\/v2\/comments?post=9913"}],"version-history":[{"count":0,"href":"http:\/\/vamosporlaliberacion.org\/crpmlm\/wp-json\/wp\/v2\/posts\/9913\/revisions"}],"wp:featuredmedia":[{"embeddable":true,"href":"http:\/\/vamosporlaliberacion.org\/crpmlm\/wp-json\/wp\/v2\/media\/9914"}],"wp:attachment":[{"href":"http:\/\/vamosporlaliberacion.org\/crpmlm\/wp-json\/wp\/v2\/media?parent=9913"}],"wp:term":[{"taxonomy":"category","embeddable":true,"href":"http:\/\/vamosporlaliberacion.org\/crpmlm\/wp-json\/wp\/v2\/categories?post=9913"},{"taxonomy":"post_tag","embeddable":true,"href":"http:\/\/vamosporlaliberacion.org\/crpmlm\/wp-json\/wp\/v2\/tags?post=9913"}],"curies":[{"name":"wp","href":"https:\/\/api.w.org\/{rel}","templated":true}]}}