{"id":9882,"date":"2017-07-28T20:50:16","date_gmt":"2017-07-28T23:50:16","guid":{"rendered":"http:\/\/vamosporlaliberacion.org\/crpmlm\/?p=9882"},"modified":"2017-07-28T20:50:16","modified_gmt":"2017-07-28T23:50:16","slug":"lanata-y-clarin-dispuestos-a-cualquier-cosa","status":"publish","type":"post","link":"http:\/\/vamosporlaliberacion.org\/crpmlm\/lanata-y-clarin-dispuestos-a-cualquier-cosa\/","title":{"rendered":"Lanata y Clar\u00edn, dispuestos a cualquier cosa"},"content":{"rendered":"<hr \/>\n<p>El objetivo: Reforzar el discurso de mano dura para criminalizar a la juventud de los barrios m\u00e1s humildes. El medio: Entrevistar \u201cpor casualidad\u201d a un ni\u00f1o adicto de 11 a\u00f1os que en realidad hab\u00eda sido apretado por la polic\u00eda; un montaje armado con la intervenci\u00f3n del secretario de Seguridad de Lan\u00fas, Diego Kravetz. El ni\u00f1o pudo ser reconocido porque ni siquiera modificaron su voz. Tras el episodio, el Movimiento de Trabajadores Excluidos \u2013el cu\u00e1l integra la madre de \u201cEl polaquito\u201d\u2013 desminti\u00f3 los dichos del ni\u00f1o sobre los cuales Lanata mont\u00f3 su campa\u00f1a (al fin de cuentas es un ni\u00f1o, pobre y adicto). Y denunciaron judicialmente a Lanata, Kravetz y la polic\u00eda. La acusaci\u00f3n es sencilla: violar los m\u00e1s elementales derechos del ni\u00f1o.<\/p>\n<!-- AddThis Advanced Settings generic via filter on the_content --><!-- AddThis Share Buttons generic via filter on the_content -->","protected":false},"excerpt":{"rendered":"<p>El objetivo: Reforzar el discurso de mano dura para criminalizar a la juventud de los barrios m\u00e1s humildes. El medio: Entrevistar \u201cpor casualidad\u201d a un ni\u00f1o adicto de 11 a\u00f1os que en realidad hab\u00eda sido apretado por la polic\u00eda; un montaje armado con la intervenci\u00f3n del secretario de Seguridad de Lan\u00fas, Diego Kravetz. El ni\u00f1o [&hellip;]<!-- AddThis Advanced Settings generic via filter on get_the_excerpt --><!-- AddThis Share Buttons generic via filter on get_the_excerpt --><\/p>\n","protected":false},"author":5,"featured_media":9883,"comment_status":"open","ping_status":"open","sticky":false,"template":"","format":"standard","meta":{"_jetpack_memberships_contains_paid_content":false,"footnotes":""},"categories":[1699],"tags":[715,1046,1047,1044],"class_list":{"0":"post-9882","1":"post","2":"type-post","3":"status-publish","4":"format-standard","5":"has-post-thumbnail","7":"category-noticias","8":"tag-clarin","9":"tag-jorge-lanata","10":"tag-movimiento-de-trabajadores-excluidos","11":"tag-vxl-102"},"yoast_head":"<!-- This site is optimized with the Yoast SEO plugin v27.4 - https:\/\/yoast.com\/product\/yoast-seo-wordpress\/ -->\n<title>Lanata y Clar\u00edn, dispuestos a cualquier cosa - Vamos por la Liberaci\u00f3n<\/title>\n<meta name=\"robots\" content=\"index, follow, max-snippet:-1, max-image-preview:large, max-video-preview:-1\" \/>\n<link rel=\"canonical\" href=\"https:\/\/vamosporlaliberacion.org\/crpmlm\/lanata-y-clarin-dispuestos-a-cualquier-cosa\/\" \/>\n<meta name=\"twitter:label1\" content=\"Escrito por\" \/>\n\t<meta name=\"twitter:data1\" content=\"\" \/>\n\t<meta name=\"twitter:label2\" content=\"Tiempo de lectura\" \/>\n\t<meta name=\"twitter:data2\" content=\"1 minuto\" \/>\n<script type=\"application\/ld+json\" class=\"yoast-schema-graph\">{\"@context\":\"https:\\\/\\\/schema.org\",\"@graph\":[{\"@type\":\"Article\",\"@id\":\"https:\\\/\\\/vamosporlaliberacion.org\\\/crpmlm\\\/lanata-y-clarin-dispuestos-a-cualquier-cosa\\\/#article\",\"isPartOf\":{\"@id\":\"https:\\\/\\\/vamosporlaliberacion.org\\\/crpmlm\\\/lanata-y-clarin-dispuestos-a-cualquier-cosa\\\/\"},\"author\":{\"name\":\"\",\"@id\":\"\"},\"headline\":\"Lanata y Clar\u00edn, dispuestos a cualquier cosa\",\"datePublished\":\"2017-07-28T23:50:16+00:00\",\"mainEntityOfPage\":{\"@id\":\"https:\\\/\\\/vamosporlaliberacion.org\\\/crpmlm\\\/lanata-y-clarin-dispuestos-a-cualquier-cosa\\\/\"},\"wordCount\":145,\"commentCount\":0,\"image\":{\"@id\":\"https:\\\/\\\/vamosporlaliberacion.org\\\/crpmlm\\\/lanata-y-clarin-dispuestos-a-cualquier-cosa\\\/#primaryimage\"},\"thumbnailUrl\":\"https:\\\/\\\/i0.wp.com\\\/vamosporlaliberacion.org\\\/crpmlm\\\/wp-content\\\/uploads\\\/2017\\\/07\\\/Polaquito.jpg?fit=1600%2C893&ssl=1\",\"keywords\":[\"Clar\u00edn\",\"Jorge Lanata\",\"Movimiento de Trabajadores Excluidos\",\"vxl 102\"],\"articleSection\":[\"Noticias\"],\"inLanguage\":\"es\",\"potentialAction\":[{\"@type\":\"CommentAction\",\"name\":\"Comment\",\"target\":[\"https:\\\/\\\/vamosporlaliberacion.org\\\/crpmlm\\\/lanata-y-clarin-dispuestos-a-cualquier-cosa\\\/#respond\"]}]},{\"@type\":\"WebPage\",\"@id\":\"https:\\\/\\\/vamosporlaliberacion.org\\\/crpmlm\\\/lanata-y-clarin-dispuestos-a-cualquier-cosa\\\/\",\"url\":\"https:\\\/\\\/vamosporlaliberacion.org\\\/crpmlm\\\/lanata-y-clarin-dispuestos-a-cualquier-cosa\\\/\",\"name\":\"Lanata y Clar\u00edn, dispuestos a cualquier cosa - Vamos por la Liberaci\u00f3n\",\"isPartOf\":{\"@id\":\"https:\\\/\\\/vamosporlaliberacion.org\\\/crpmlm\\\/#website\"},\"primaryImageOfPage\":{\"@id\":\"https:\\\/\\\/vamosporlaliberacion.org\\\/crpmlm\\\/lanata-y-clarin-dispuestos-a-cualquier-cosa\\\/#primaryimage\"},\"image\":{\"@id\":\"https:\\\/\\\/vamosporlaliberacion.org\\\/crpmlm\\\/lanata-y-clarin-dispuestos-a-cualquier-cosa\\\/#primaryimage\"},\"thumbnailUrl\":\"https:\\\/\\\/i0.wp.com\\\/vamosporlaliberacion.org\\\/crpmlm\\\/wp-content\\\/uploads\\\/2017\\\/07\\\/Polaquito.jpg?fit=1600%2C893&ssl=1\",\"datePublished\":\"2017-07-28T23:50:16+00:00\",\"author\":{\"@id\":\"\"},\"breadcrumb\":{\"@id\":\"https:\\\/\\\/vamosporlaliberacion.org\\\/crpmlm\\\/lanata-y-clarin-dispuestos-a-cualquier-cosa\\\/#breadcrumb\"},\"inLanguage\":\"es\",\"potentialAction\":[{\"@type\":\"ReadAction\",\"target\":[\"https:\\\/\\\/vamosporlaliberacion.org\\\/crpmlm\\\/lanata-y-clarin-dispuestos-a-cualquier-cosa\\\/\"]}]},{\"@type\":\"ImageObject\",\"inLanguage\":\"es\",\"@id\":\"https:\\\/\\\/vamosporlaliberacion.org\\\/crpmlm\\\/lanata-y-clarin-dispuestos-a-cualquier-cosa\\\/#primaryimage\",\"url\":\"https:\\\/\\\/i0.wp.com\\\/vamosporlaliberacion.org\\\/crpmlm\\\/wp-content\\\/uploads\\\/2017\\\/07\\\/Polaquito.jpg?fit=1600%2C893&ssl=1\",\"contentUrl\":\"https:\\\/\\\/i0.wp.com\\\/vamosporlaliberacion.org\\\/crpmlm\\\/wp-content\\\/uploads\\\/2017\\\/07\\\/Polaquito.jpg?fit=1600%2C893&ssl=1\",\"width\":1600,\"height\":893},{\"@type\":\"BreadcrumbList\",\"@id\":\"https:\\\/\\\/vamosporlaliberacion.org\\\/crpmlm\\\/lanata-y-clarin-dispuestos-a-cualquier-cosa\\\/#breadcrumb\",\"itemListElement\":[{\"@type\":\"ListItem\",\"position\":1,\"name\":\"Portada\",\"item\":\"https:\\\/\\\/vamosporlaliberacion.org\\\/crpmlm\\\/\"},{\"@type\":\"ListItem\",\"position\":2,\"name\":\"Lanata y Clar\u00edn, dispuestos a cualquier cosa\"}]},{\"@type\":\"WebSite\",\"@id\":\"https:\\\/\\\/vamosporlaliberacion.org\\\/crpmlm\\\/#website\",\"url\":\"https:\\\/\\\/vamosporlaliberacion.org\\\/crpmlm\\\/\",\"name\":\"Vamos por la Liberaci\u00f3n\",\"description\":\"Prensa CR\",\"potentialAction\":[{\"@type\":\"SearchAction\",\"target\":{\"@type\":\"EntryPoint\",\"urlTemplate\":\"https:\\\/\\\/vamosporlaliberacion.org\\\/crpmlm\\\/?s={search_term_string}\"},\"query-input\":{\"@type\":\"PropertyValueSpecification\",\"valueRequired\":true,\"valueName\":\"search_term_string\"}}],\"inLanguage\":\"es\"},{\"@type\":\"Person\",\"@id\":\"\",\"url\":\"http:\\\/\\\/vamosporlaliberacion.org\\\/crpmlm\\\/author\\\/\"}]}<\/script>\n<!-- \/ Yoast SEO plugin. -->","yoast_head_json":{"title":"Lanata y Clar\u00edn, dispuestos a cualquier cosa - Vamos por la Liberaci\u00f3n","robots":{"index":"index","follow":"follow","max-snippet":"max-snippet:-1","max-image-preview":"max-image-preview:large","max-video-preview":"max-video-preview:-1"},"canonical":"https:\/\/vamosporlaliberacion.org\/crpmlm\/lanata-y-clarin-dispuestos-a-cualquier-cosa\/","twitter_misc":{"Escrito por":"","Tiempo de lectura":"1 minuto"},"schema":{"@context":"https:\/\/schema.org","@graph":[{"@type":"Article","@id":"https:\/\/vamosporlaliberacion.org\/crpmlm\/lanata-y-clarin-dispuestos-a-cualquier-cosa\/#article","isPartOf":{"@id":"https:\/\/vamosporlaliberacion.org\/crpmlm\/lanata-y-clarin-dispuestos-a-cualquier-cosa\/"},"author":{"name":"","@id":""},"headline":"Lanata y Clar\u00edn, dispuestos a cualquier cosa","datePublished":"2017-07-28T23:50:16+00:00","mainEntityOfPage":{"@id":"https:\/\/vamosporlaliberacion.org\/crpmlm\/lanata-y-clarin-dispuestos-a-cualquier-cosa\/"},"wordCount":145,"commentCount":0,"image":{"@id":"https:\/\/vamosporlaliberacion.org\/crpmlm\/lanata-y-clarin-dispuestos-a-cualquier-cosa\/#primaryimage"},"thumbnailUrl":"https:\/\/i0.wp.com\/vamosporlaliberacion.org\/crpmlm\/wp-content\/uploads\/2017\/07\/Polaquito.jpg?fit=1600%2C893&ssl=1","keywords":["Clar\u00edn","Jorge Lanata","Movimiento de Trabajadores Excluidos","vxl 102"],"articleSection":["Noticias"],"inLanguage":"es","potentialAction":[{"@type":"CommentAction","name":"Comment","target":["https:\/\/vamosporlaliberacion.org\/crpmlm\/lanata-y-clarin-dispuestos-a-cualquier-cosa\/#respond"]}]},{"@type":"WebPage","@id":"https:\/\/vamosporlaliberacion.org\/crpmlm\/lanata-y-clarin-dispuestos-a-cualquier-cosa\/","url":"https:\/\/vamosporlaliberacion.org\/crpmlm\/lanata-y-clarin-dispuestos-a-cualquier-cosa\/","name":"Lanata y Clar\u00edn, dispuestos a cualquier cosa - Vamos por la Liberaci\u00f3n","isPartOf":{"@id":"https:\/\/vamosporlaliberacion.org\/crpmlm\/#website"},"primaryImageOfPage":{"@id":"https:\/\/vamosporlaliberacion.org\/crpmlm\/lanata-y-clarin-dispuestos-a-cualquier-cosa\/#primaryimage"},"image":{"@id":"https:\/\/vamosporlaliberacion.org\/crpmlm\/lanata-y-clarin-dispuestos-a-cualquier-cosa\/#primaryimage"},"thumbnailUrl":"https:\/\/i0.wp.com\/vamosporlaliberacion.org\/crpmlm\/wp-content\/uploads\/2017\/07\/Polaquito.jpg?fit=1600%2C893&ssl=1","datePublished":"2017-07-28T23:50:16+00:00","author":{"@id":""},"breadcrumb":{"@id":"https:\/\/vamosporlaliberacion.org\/crpmlm\/lanata-y-clarin-dispuestos-a-cualquier-cosa\/#breadcrumb"},"inLanguage":"es","potentialAction":[{"@type":"ReadAction","target":["https:\/\/vamosporlaliberacion.org\/crpmlm\/lanata-y-clarin-dispuestos-a-cualquier-cosa\/"]}]},{"@type":"ImageObject","inLanguage":"es","@id":"https:\/\/vamosporlaliberacion.org\/crpmlm\/lanata-y-clarin-dispuestos-a-cualquier-cosa\/#primaryimage","url":"https:\/\/i0.wp.com\/vamosporlaliberacion.org\/crpmlm\/wp-content\/uploads\/2017\/07\/Polaquito.jpg?fit=1600%2C893&ssl=1","contentUrl":"https:\/\/i0.wp.com\/vamosporlaliberacion.org\/crpmlm\/wp-content\/uploads\/2017\/07\/Polaquito.jpg?fit=1600%2C893&ssl=1","width":1600,"height":893},{"@type":"BreadcrumbList","@id":"https:\/\/vamosporlaliberacion.org\/crpmlm\/lanata-y-clarin-dispuestos-a-cualquier-cosa\/#breadcrumb","itemListElement":[{"@type":"ListItem","position":1,"name":"Portada","item":"https:\/\/vamosporlaliberacion.org\/crpmlm\/"},{"@type":"ListItem","position":2,"name":"Lanata y Clar\u00edn, dispuestos a cualquier cosa"}]},{"@type":"WebSite","@id":"https:\/\/vamosporlaliberacion.org\/crpmlm\/#website","url":"https:\/\/vamosporlaliberacion.org\/crpmlm\/","name":"Vamos por la Liberaci\u00f3n","description":"Prensa CR","potentialAction":[{"@type":"SearchAction","target":{"@type":"EntryPoint","urlTemplate":"https:\/\/vamosporlaliberacion.org\/crpmlm\/?s={search_term_string}"},"query-input":{"@type":"PropertyValueSpecification","valueRequired":true,"valueName":"search_term_string"}}],"inLanguage":"es"},{"@type":"Person","@id":"","url":"http:\/\/vamosporlaliberacion.org\/crpmlm\/author\/"}]}},"jetpack_featured_media_url":"https:\/\/i0.wp.com\/vamosporlaliberacion.org\/crpmlm\/wp-content\/uploads\/2017\/07\/Polaquito.jpg?fit=1600%2C893&ssl=1","jetpack_sharing_enabled":true,"_links":{"self":[{"href":"http:\/\/vamosporlaliberacion.org\/crpmlm\/wp-json\/wp\/v2\/posts\/9882","targetHints":{"allow":["GET"]}}],"collection":[{"href":"http:\/\/vamosporlaliberacion.org\/crpmlm\/wp-json\/wp\/v2\/posts"}],"about":[{"href":"http:\/\/vamosporlaliberacion.org\/crpmlm\/wp-json\/wp\/v2\/types\/post"}],"author":[{"embeddable":true,"href":"http:\/\/vamosporlaliberacion.org\/crpmlm\/wp-json\/wp\/v2\/users\/5"}],"replies":[{"embeddable":true,"href":"http:\/\/vamosporlaliberacion.org\/crpmlm\/wp-json\/wp\/v2\/comments?post=9882"}],"version-history":[{"count":0,"href":"http:\/\/vamosporlaliberacion.org\/crpmlm\/wp-json\/wp\/v2\/posts\/9882\/revisions"}],"wp:featuredmedia":[{"embeddable":true,"href":"http:\/\/vamosporlaliberacion.org\/crpmlm\/wp-json\/wp\/v2\/media\/9883"}],"wp:attachment":[{"href":"http:\/\/vamosporlaliberacion.org\/crpmlm\/wp-json\/wp\/v2\/media?parent=9882"}],"wp:term":[{"taxonomy":"category","embeddable":true,"href":"http:\/\/vamosporlaliberacion.org\/crpmlm\/wp-json\/wp\/v2\/categories?post=9882"},{"taxonomy":"post_tag","embeddable":true,"href":"http:\/\/vamosporlaliberacion.org\/crpmlm\/wp-json\/wp\/v2\/tags?post=9882"}],"curies":[{"name":"wp","href":"https:\/\/api.w.org\/{rel}","templated":true}]}}