{"id":9810,"date":"2017-07-12T20:33:19","date_gmt":"2017-07-12T23:33:19","guid":{"rendered":"http:\/\/vamosporlaliberacion.org\/crpmlm\/?p=9810"},"modified":"2017-07-12T20:33:19","modified_gmt":"2017-07-12T23:33:19","slug":"se-logro-la-expropiacion-de-madygraf-ex-donelley","status":"publish","type":"post","link":"http:\/\/vamosporlaliberacion.org\/crpmlm\/se-logro-la-expropiacion-de-madygraf-ex-donelley\/","title":{"rendered":"Se logr\u00f3 la expropiaci\u00f3n de Madygraf (ex-Donelley"},"content":{"rendered":"<p class=\"TXT-Recuadro para-style-override-17\">Tras casi tres a\u00f1os de lucha, los trabajadores de la ex imprenta Donelley, hoy Cooperativa Madygraf, conquistaron la expropiaci\u00f3n. En mayo la ley que expropia la planta hab\u00eda sido aprobada por unanimidad de la ley en la C\u00e1mara de Diputados bonaerense, y hace pocos d\u00edas el Poder Ejecutivo provincial comunic\u00f3 a la C\u00e1mara de Diputados la promulgaci\u00f3n de la ley.<\/p>\n<p class=\"TXT-Recuadro para-style-override-17\">De esta manera, las doscientas familias que ocuparon la f\u00e1brica luego de que el monopolio norteamericano declarara la quiebra en 2014, lograron un gran triunfo. Jos\u00e9 Ponce, presidente de la Cooperativa, declar\u00f3: \u201cEsta ley es muy importante para mantener los doscientos puestos de trabajo. Cuando la empresa se fue y nos dej\u00f3 el cartel en la puerta, lejos de rendirnos, comenzamos una enorme lucha que lleva casi tres a\u00f1os y que vamos a seguir, dijimos \u2019familias en la calle nunca m\u00e1s\u2019 y todos los d\u00edas peleamos por eso, poniendo a producir esta f\u00e1brica o luchando en las calles.\u201d<\/p>\n<!-- AddThis Advanced Settings generic via filter on the_content --><!-- AddThis Share Buttons generic via filter on the_content -->","protected":false},"excerpt":{"rendered":"<p>Tras casi tres a\u00f1os de lucha, los trabajadores de la ex imprenta Donelley, hoy Cooperativa Madygraf, conquistaron la expropiaci\u00f3n. En mayo la ley que expropia la planta hab\u00eda sido aprobada por unanimidad de la ley en la C\u00e1mara de Diputados bonaerense, y hace pocos d\u00edas el Poder Ejecutivo provincial comunic\u00f3 a la C\u00e1mara de Diputados [&hellip;]<!-- AddThis Advanced Settings generic via filter on get_the_excerpt --><!-- AddThis Share Buttons generic via filter on get_the_excerpt --><\/p>\n","protected":false},"author":5,"featured_media":9811,"comment_status":"open","ping_status":"open","sticky":false,"template":"","format":"standard","meta":{"_jetpack_memberships_contains_paid_content":false,"footnotes":""},"categories":[1699],"tags":[1034,1036,1035,1031],"class_list":{"0":"post-9810","1":"post","2":"type-post","3":"status-publish","4":"format-standard","5":"has-post-thumbnail","7":"category-noticias","8":"tag-donelley","9":"tag-graficos","10":"tag-madygraf","11":"tag-vxl-101"},"yoast_head":"<!-- This site is optimized with the Yoast SEO plugin v27.4 - https:\/\/yoast.com\/product\/yoast-seo-wordpress\/ -->\n<title>Se logr\u00f3 la expropiaci\u00f3n de Madygraf (ex-Donelley - Vamos por la Liberaci\u00f3n<\/title>\n<meta name=\"robots\" content=\"index, follow, max-snippet:-1, max-image-preview:large, max-video-preview:-1\" \/>\n<link rel=\"canonical\" href=\"http:\/\/vamosporlaliberacion.org\/crpmlm\/se-logro-la-expropiacion-de-madygraf-ex-donelley\/\" \/>\n<meta name=\"twitter:label1\" content=\"Escrito por\" \/>\n\t<meta name=\"twitter:data1\" content=\"\" \/>\n\t<meta name=\"twitter:label2\" content=\"Tiempo de lectura\" \/>\n\t<meta name=\"twitter:data2\" content=\"1 minuto\" \/>\n<script type=\"application\/ld+json\" class=\"yoast-schema-graph\">{\"@context\":\"https:\\\/\\\/schema.org\",\"@graph\":[{\"@type\":\"Article\",\"@id\":\"http:\\\/\\\/vamosporlaliberacion.org\\\/crpmlm\\\/se-logro-la-expropiacion-de-madygraf-ex-donelley\\\/#article\",\"isPartOf\":{\"@id\":\"http:\\\/\\\/vamosporlaliberacion.org\\\/crpmlm\\\/se-logro-la-expropiacion-de-madygraf-ex-donelley\\\/\"},\"author\":{\"name\":\"\",\"@id\":\"\"},\"headline\":\"Se logr\u00f3 la expropiaci\u00f3n de Madygraf (ex-Donelley\",\"datePublished\":\"2017-07-12T23:33:19+00:00\",\"mainEntityOfPage\":{\"@id\":\"http:\\\/\\\/vamosporlaliberacion.org\\\/crpmlm\\\/se-logro-la-expropiacion-de-madygraf-ex-donelley\\\/\"},\"wordCount\":177,\"commentCount\":0,\"image\":{\"@id\":\"http:\\\/\\\/vamosporlaliberacion.org\\\/crpmlm\\\/se-logro-la-expropiacion-de-madygraf-ex-donelley\\\/#primaryimage\"},\"thumbnailUrl\":\"https:\\\/\\\/i0.wp.com\\\/vamosporlaliberacion.org\\\/crpmlm\\\/wp-content\\\/uploads\\\/2017\\\/07\\\/arton29227.jpg?fit=923%2C615&ssl=1\",\"keywords\":[\"Donelley\",\"Gr\u00e1ficos\",\"Madygraf\",\"vxl 101\"],\"articleSection\":[\"Noticias\"],\"inLanguage\":\"es\",\"potentialAction\":[{\"@type\":\"CommentAction\",\"name\":\"Comment\",\"target\":[\"http:\\\/\\\/vamosporlaliberacion.org\\\/crpmlm\\\/se-logro-la-expropiacion-de-madygraf-ex-donelley\\\/#respond\"]}]},{\"@type\":\"WebPage\",\"@id\":\"http:\\\/\\\/vamosporlaliberacion.org\\\/crpmlm\\\/se-logro-la-expropiacion-de-madygraf-ex-donelley\\\/\",\"url\":\"http:\\\/\\\/vamosporlaliberacion.org\\\/crpmlm\\\/se-logro-la-expropiacion-de-madygraf-ex-donelley\\\/\",\"name\":\"Se logr\u00f3 la expropiaci\u00f3n de Madygraf (ex-Donelley - Vamos por la Liberaci\u00f3n\",\"isPartOf\":{\"@id\":\"https:\\\/\\\/vamosporlaliberacion.org\\\/crpmlm\\\/#website\"},\"primaryImageOfPage\":{\"@id\":\"http:\\\/\\\/vamosporlaliberacion.org\\\/crpmlm\\\/se-logro-la-expropiacion-de-madygraf-ex-donelley\\\/#primaryimage\"},\"image\":{\"@id\":\"http:\\\/\\\/vamosporlaliberacion.org\\\/crpmlm\\\/se-logro-la-expropiacion-de-madygraf-ex-donelley\\\/#primaryimage\"},\"thumbnailUrl\":\"https:\\\/\\\/i0.wp.com\\\/vamosporlaliberacion.org\\\/crpmlm\\\/wp-content\\\/uploads\\\/2017\\\/07\\\/arton29227.jpg?fit=923%2C615&ssl=1\",\"datePublished\":\"2017-07-12T23:33:19+00:00\",\"author\":{\"@id\":\"\"},\"breadcrumb\":{\"@id\":\"http:\\\/\\\/vamosporlaliberacion.org\\\/crpmlm\\\/se-logro-la-expropiacion-de-madygraf-ex-donelley\\\/#breadcrumb\"},\"inLanguage\":\"es\",\"potentialAction\":[{\"@type\":\"ReadAction\",\"target\":[\"http:\\\/\\\/vamosporlaliberacion.org\\\/crpmlm\\\/se-logro-la-expropiacion-de-madygraf-ex-donelley\\\/\"]}]},{\"@type\":\"ImageObject\",\"inLanguage\":\"es\",\"@id\":\"http:\\\/\\\/vamosporlaliberacion.org\\\/crpmlm\\\/se-logro-la-expropiacion-de-madygraf-ex-donelley\\\/#primaryimage\",\"url\":\"https:\\\/\\\/i0.wp.com\\\/vamosporlaliberacion.org\\\/crpmlm\\\/wp-content\\\/uploads\\\/2017\\\/07\\\/arton29227.jpg?fit=923%2C615&ssl=1\",\"contentUrl\":\"https:\\\/\\\/i0.wp.com\\\/vamosporlaliberacion.org\\\/crpmlm\\\/wp-content\\\/uploads\\\/2017\\\/07\\\/arton29227.jpg?fit=923%2C615&ssl=1\",\"width\":923,\"height\":615},{\"@type\":\"BreadcrumbList\",\"@id\":\"http:\\\/\\\/vamosporlaliberacion.org\\\/crpmlm\\\/se-logro-la-expropiacion-de-madygraf-ex-donelley\\\/#breadcrumb\",\"itemListElement\":[{\"@type\":\"ListItem\",\"position\":1,\"name\":\"Portada\",\"item\":\"https:\\\/\\\/vamosporlaliberacion.org\\\/crpmlm\\\/\"},{\"@type\":\"ListItem\",\"position\":2,\"name\":\"Se logr\u00f3 la expropiaci\u00f3n de Madygraf (ex-Donelley\"}]},{\"@type\":\"WebSite\",\"@id\":\"https:\\\/\\\/vamosporlaliberacion.org\\\/crpmlm\\\/#website\",\"url\":\"https:\\\/\\\/vamosporlaliberacion.org\\\/crpmlm\\\/\",\"name\":\"Vamos por la Liberaci\u00f3n\",\"description\":\"Prensa CR\",\"potentialAction\":[{\"@type\":\"SearchAction\",\"target\":{\"@type\":\"EntryPoint\",\"urlTemplate\":\"https:\\\/\\\/vamosporlaliberacion.org\\\/crpmlm\\\/?s={search_term_string}\"},\"query-input\":{\"@type\":\"PropertyValueSpecification\",\"valueRequired\":true,\"valueName\":\"search_term_string\"}}],\"inLanguage\":\"es\"},{\"@type\":\"Person\",\"@id\":\"\",\"url\":\"http:\\\/\\\/vamosporlaliberacion.org\\\/crpmlm\\\/author\\\/\"}]}<\/script>\n<!-- \/ Yoast SEO plugin. -->","yoast_head_json":{"title":"Se logr\u00f3 la expropiaci\u00f3n de Madygraf (ex-Donelley - Vamos por la Liberaci\u00f3n","robots":{"index":"index","follow":"follow","max-snippet":"max-snippet:-1","max-image-preview":"max-image-preview:large","max-video-preview":"max-video-preview:-1"},"canonical":"http:\/\/vamosporlaliberacion.org\/crpmlm\/se-logro-la-expropiacion-de-madygraf-ex-donelley\/","twitter_misc":{"Escrito por":"","Tiempo de lectura":"1 minuto"},"schema":{"@context":"https:\/\/schema.org","@graph":[{"@type":"Article","@id":"http:\/\/vamosporlaliberacion.org\/crpmlm\/se-logro-la-expropiacion-de-madygraf-ex-donelley\/#article","isPartOf":{"@id":"http:\/\/vamosporlaliberacion.org\/crpmlm\/se-logro-la-expropiacion-de-madygraf-ex-donelley\/"},"author":{"name":"","@id":""},"headline":"Se logr\u00f3 la expropiaci\u00f3n de Madygraf (ex-Donelley","datePublished":"2017-07-12T23:33:19+00:00","mainEntityOfPage":{"@id":"http:\/\/vamosporlaliberacion.org\/crpmlm\/se-logro-la-expropiacion-de-madygraf-ex-donelley\/"},"wordCount":177,"commentCount":0,"image":{"@id":"http:\/\/vamosporlaliberacion.org\/crpmlm\/se-logro-la-expropiacion-de-madygraf-ex-donelley\/#primaryimage"},"thumbnailUrl":"https:\/\/i0.wp.com\/vamosporlaliberacion.org\/crpmlm\/wp-content\/uploads\/2017\/07\/arton29227.jpg?fit=923%2C615&ssl=1","keywords":["Donelley","Gr\u00e1ficos","Madygraf","vxl 101"],"articleSection":["Noticias"],"inLanguage":"es","potentialAction":[{"@type":"CommentAction","name":"Comment","target":["http:\/\/vamosporlaliberacion.org\/crpmlm\/se-logro-la-expropiacion-de-madygraf-ex-donelley\/#respond"]}]},{"@type":"WebPage","@id":"http:\/\/vamosporlaliberacion.org\/crpmlm\/se-logro-la-expropiacion-de-madygraf-ex-donelley\/","url":"http:\/\/vamosporlaliberacion.org\/crpmlm\/se-logro-la-expropiacion-de-madygraf-ex-donelley\/","name":"Se logr\u00f3 la expropiaci\u00f3n de Madygraf (ex-Donelley - Vamos por la Liberaci\u00f3n","isPartOf":{"@id":"https:\/\/vamosporlaliberacion.org\/crpmlm\/#website"},"primaryImageOfPage":{"@id":"http:\/\/vamosporlaliberacion.org\/crpmlm\/se-logro-la-expropiacion-de-madygraf-ex-donelley\/#primaryimage"},"image":{"@id":"http:\/\/vamosporlaliberacion.org\/crpmlm\/se-logro-la-expropiacion-de-madygraf-ex-donelley\/#primaryimage"},"thumbnailUrl":"https:\/\/i0.wp.com\/vamosporlaliberacion.org\/crpmlm\/wp-content\/uploads\/2017\/07\/arton29227.jpg?fit=923%2C615&ssl=1","datePublished":"2017-07-12T23:33:19+00:00","author":{"@id":""},"breadcrumb":{"@id":"http:\/\/vamosporlaliberacion.org\/crpmlm\/se-logro-la-expropiacion-de-madygraf-ex-donelley\/#breadcrumb"},"inLanguage":"es","potentialAction":[{"@type":"ReadAction","target":["http:\/\/vamosporlaliberacion.org\/crpmlm\/se-logro-la-expropiacion-de-madygraf-ex-donelley\/"]}]},{"@type":"ImageObject","inLanguage":"es","@id":"http:\/\/vamosporlaliberacion.org\/crpmlm\/se-logro-la-expropiacion-de-madygraf-ex-donelley\/#primaryimage","url":"https:\/\/i0.wp.com\/vamosporlaliberacion.org\/crpmlm\/wp-content\/uploads\/2017\/07\/arton29227.jpg?fit=923%2C615&ssl=1","contentUrl":"https:\/\/i0.wp.com\/vamosporlaliberacion.org\/crpmlm\/wp-content\/uploads\/2017\/07\/arton29227.jpg?fit=923%2C615&ssl=1","width":923,"height":615},{"@type":"BreadcrumbList","@id":"http:\/\/vamosporlaliberacion.org\/crpmlm\/se-logro-la-expropiacion-de-madygraf-ex-donelley\/#breadcrumb","itemListElement":[{"@type":"ListItem","position":1,"name":"Portada","item":"https:\/\/vamosporlaliberacion.org\/crpmlm\/"},{"@type":"ListItem","position":2,"name":"Se logr\u00f3 la expropiaci\u00f3n de Madygraf (ex-Donelley"}]},{"@type":"WebSite","@id":"https:\/\/vamosporlaliberacion.org\/crpmlm\/#website","url":"https:\/\/vamosporlaliberacion.org\/crpmlm\/","name":"Vamos por la Liberaci\u00f3n","description":"Prensa CR","potentialAction":[{"@type":"SearchAction","target":{"@type":"EntryPoint","urlTemplate":"https:\/\/vamosporlaliberacion.org\/crpmlm\/?s={search_term_string}"},"query-input":{"@type":"PropertyValueSpecification","valueRequired":true,"valueName":"search_term_string"}}],"inLanguage":"es"},{"@type":"Person","@id":"","url":"http:\/\/vamosporlaliberacion.org\/crpmlm\/author\/"}]}},"jetpack_featured_media_url":"https:\/\/i0.wp.com\/vamosporlaliberacion.org\/crpmlm\/wp-content\/uploads\/2017\/07\/arton29227.jpg?fit=923%2C615&ssl=1","jetpack_sharing_enabled":true,"_links":{"self":[{"href":"http:\/\/vamosporlaliberacion.org\/crpmlm\/wp-json\/wp\/v2\/posts\/9810","targetHints":{"allow":["GET"]}}],"collection":[{"href":"http:\/\/vamosporlaliberacion.org\/crpmlm\/wp-json\/wp\/v2\/posts"}],"about":[{"href":"http:\/\/vamosporlaliberacion.org\/crpmlm\/wp-json\/wp\/v2\/types\/post"}],"author":[{"embeddable":true,"href":"http:\/\/vamosporlaliberacion.org\/crpmlm\/wp-json\/wp\/v2\/users\/5"}],"replies":[{"embeddable":true,"href":"http:\/\/vamosporlaliberacion.org\/crpmlm\/wp-json\/wp\/v2\/comments?post=9810"}],"version-history":[{"count":0,"href":"http:\/\/vamosporlaliberacion.org\/crpmlm\/wp-json\/wp\/v2\/posts\/9810\/revisions"}],"wp:featuredmedia":[{"embeddable":true,"href":"http:\/\/vamosporlaliberacion.org\/crpmlm\/wp-json\/wp\/v2\/media\/9811"}],"wp:attachment":[{"href":"http:\/\/vamosporlaliberacion.org\/crpmlm\/wp-json\/wp\/v2\/media?parent=9810"}],"wp:term":[{"taxonomy":"category","embeddable":true,"href":"http:\/\/vamosporlaliberacion.org\/crpmlm\/wp-json\/wp\/v2\/categories?post=9810"},{"taxonomy":"post_tag","embeddable":true,"href":"http:\/\/vamosporlaliberacion.org\/crpmlm\/wp-json\/wp\/v2\/tags?post=9810"}],"curies":[{"name":"wp","href":"https:\/\/api.w.org\/{rel}","templated":true}]}}