{"id":9552,"date":"2017-06-13T18:23:20","date_gmt":"2017-06-13T21:23:20","guid":{"rendered":"http:\/\/vamosporlaliberacion.org\/crpmlm\/?p=9552"},"modified":"2017-06-14T11:52:52","modified_gmt":"2017-06-14T14:52:52","slug":"el-20-de-junio-arranca-la-colecta-financiera","status":"publish","type":"post","link":"http:\/\/vamosporlaliberacion.org\/crpmlm\/el-20-de-junio-arranca-la-colecta-financiera\/","title":{"rendered":"El 20 de junio arranca la Colecta Financiera"},"content":{"rendered":"<p class=\"Parrafo-inicial\"><span class=\"char-style-override-2\">E<\/span>n la \u00faltima reuni\u00f3n de direcci\u00f3n nacional, luego del \u00e9xito del Mes de la Prensa, el Partido resolvi\u00f3 llevar adelante la Colecta Financiera que se desarrollar\u00e1 del 20 de junio al 31 de julio.<\/p>\n<p class=\"Texto-base\">Estuvo enmarcada en la necesidad de desplegar el Partido en los principales procesos de lucha que se vienen desplegando en los diferentes zonales. Se afirm\u00f3 que si bien el pueblo viene soportando un ajuste brutal con una inflaci\u00f3n que no para y con salarios a la baja, a lo que se le suma una ofensiva flexibilizadora contra los trabajadores con la complicidad de los jerarcas sindicales, tambi\u00e9n es cierto que la bronca recorre las f\u00e1bricas y que miles buscan herramientas de lucha para abrirse paso, y all\u00ed debe estar el Partido.<\/p>\n<p class=\"Texto-base\">La Colecta Financiera nos encontrar\u00e1 peleando por la Marcha Federal y en plena campa\u00f1a electoral de la PASO, donde trabajaremos apoyando las opciones populares que castiguen el ajuste de Macri y los gobernadores que lo apliquen para fortalecer el camino de la lucha, indispensable para derrotar esta pol\u00edtica anti popular en el camino de la liberaci\u00f3n nacional y el socialismo.<\/p>\n<p class=\"Texto-base\">Es muy importante analizar la situaci\u00f3n pol\u00edtica y las perspectivas a la hora de planificar, as\u00ed como la situaci\u00f3n de cada aportista y su entorno laboral, familiar, etc., ya que los aportes los realizaremos principalmente en los procesos en donde estamos, utilizando el Bono, el Vamos! y las actividades planificadas, sin descuidar los aportes calificados que son de gran importancia en cada colecta.<\/p>\n<p class=\"Texto-base\">\u00a1Por una gran Colecta Financiera con objetivos ambiciosos y centenares de aportes!<\/p>\n<!-- AddThis Advanced Settings generic via filter on the_content --><!-- AddThis Share Buttons generic via filter on the_content -->","protected":false},"excerpt":{"rendered":"<p>En la \u00faltima reuni\u00f3n de direcci\u00f3n nacional, luego del \u00e9xito del Mes de la Prensa, el Partido resolvi\u00f3 llevar adelante la Colecta Financiera que se desarrollar\u00e1 del 20 de junio al 31 de julio. Estuvo enmarcada en la necesidad de desplegar el Partido en los principales procesos de lucha que se vienen desplegando en los [&hellip;]<!-- AddThis Advanced Settings generic via filter on get_the_excerpt --><!-- AddThis Share Buttons generic via filter on get_the_excerpt --><\/p>\n","protected":false},"author":5,"featured_media":9557,"comment_status":"open","ping_status":"open","sticky":false,"template":"","format":"standard","meta":{"_jetpack_memberships_contains_paid_content":false,"footnotes":""},"categories":[1699],"tags":[62,520,1003],"class_list":{"0":"post-9552","1":"post","2":"type-post","3":"status-publish","4":"format-standard","5":"has-post-thumbnail","7":"category-noticias","8":"tag-colecta-financiera","9":"tag-destacado-2","10":"tag-vxl-99"},"yoast_head":"<!-- This site is optimized with the Yoast SEO plugin v27.4 - https:\/\/yoast.com\/product\/yoast-seo-wordpress\/ -->\n<title>El 20 de junio arranca la Colecta Financiera - Vamos por la Liberaci\u00f3n<\/title>\n<meta name=\"robots\" content=\"index, follow, max-snippet:-1, max-image-preview:large, max-video-preview:-1\" \/>\n<link rel=\"canonical\" href=\"https:\/\/vamosporlaliberacion.org\/crpmlm\/el-20-de-junio-arranca-la-colecta-financiera\/\" \/>\n<meta name=\"twitter:label1\" content=\"Escrito por\" \/>\n\t<meta name=\"twitter:data1\" content=\"\" \/>\n\t<meta name=\"twitter:label2\" content=\"Tiempo de lectura\" \/>\n\t<meta name=\"twitter:data2\" content=\"1 minuto\" \/>\n<script type=\"application\/ld+json\" class=\"yoast-schema-graph\">{\"@context\":\"https:\\\/\\\/schema.org\",\"@graph\":[{\"@type\":\"Article\",\"@id\":\"https:\\\/\\\/vamosporlaliberacion.org\\\/crpmlm\\\/el-20-de-junio-arranca-la-colecta-financiera\\\/#article\",\"isPartOf\":{\"@id\":\"https:\\\/\\\/vamosporlaliberacion.org\\\/crpmlm\\\/el-20-de-junio-arranca-la-colecta-financiera\\\/\"},\"author\":{\"name\":\"\",\"@id\":\"\"},\"headline\":\"El 20 de junio arranca la Colecta Financiera\",\"datePublished\":\"2017-06-13T21:23:20+00:00\",\"dateModified\":\"2017-06-14T14:52:52+00:00\",\"mainEntityOfPage\":{\"@id\":\"https:\\\/\\\/vamosporlaliberacion.org\\\/crpmlm\\\/el-20-de-junio-arranca-la-colecta-financiera\\\/\"},\"wordCount\":276,\"commentCount\":0,\"image\":{\"@id\":\"https:\\\/\\\/vamosporlaliberacion.org\\\/crpmlm\\\/el-20-de-junio-arranca-la-colecta-financiera\\\/#primaryimage\"},\"thumbnailUrl\":\"https:\\\/\\\/i0.wp.com\\\/vamosporlaliberacion.org\\\/crpmlm\\\/wp-content\\\/uploads\\\/2017\\\/06\\\/vxl3-1.jpg?fit=696%2C392&ssl=1\",\"keywords\":[\"Colecta financiera\",\"destacado 2\",\"vxl 99\"],\"articleSection\":[\"Noticias\"],\"inLanguage\":\"es\",\"potentialAction\":[{\"@type\":\"CommentAction\",\"name\":\"Comment\",\"target\":[\"https:\\\/\\\/vamosporlaliberacion.org\\\/crpmlm\\\/el-20-de-junio-arranca-la-colecta-financiera\\\/#respond\"]}]},{\"@type\":\"WebPage\",\"@id\":\"https:\\\/\\\/vamosporlaliberacion.org\\\/crpmlm\\\/el-20-de-junio-arranca-la-colecta-financiera\\\/\",\"url\":\"https:\\\/\\\/vamosporlaliberacion.org\\\/crpmlm\\\/el-20-de-junio-arranca-la-colecta-financiera\\\/\",\"name\":\"El 20 de junio arranca la Colecta Financiera - Vamos por la Liberaci\u00f3n\",\"isPartOf\":{\"@id\":\"https:\\\/\\\/vamosporlaliberacion.org\\\/crpmlm\\\/#website\"},\"primaryImageOfPage\":{\"@id\":\"https:\\\/\\\/vamosporlaliberacion.org\\\/crpmlm\\\/el-20-de-junio-arranca-la-colecta-financiera\\\/#primaryimage\"},\"image\":{\"@id\":\"https:\\\/\\\/vamosporlaliberacion.org\\\/crpmlm\\\/el-20-de-junio-arranca-la-colecta-financiera\\\/#primaryimage\"},\"thumbnailUrl\":\"https:\\\/\\\/i0.wp.com\\\/vamosporlaliberacion.org\\\/crpmlm\\\/wp-content\\\/uploads\\\/2017\\\/06\\\/vxl3-1.jpg?fit=696%2C392&ssl=1\",\"datePublished\":\"2017-06-13T21:23:20+00:00\",\"dateModified\":\"2017-06-14T14:52:52+00:00\",\"author\":{\"@id\":\"\"},\"breadcrumb\":{\"@id\":\"https:\\\/\\\/vamosporlaliberacion.org\\\/crpmlm\\\/el-20-de-junio-arranca-la-colecta-financiera\\\/#breadcrumb\"},\"inLanguage\":\"es\",\"potentialAction\":[{\"@type\":\"ReadAction\",\"target\":[\"https:\\\/\\\/vamosporlaliberacion.org\\\/crpmlm\\\/el-20-de-junio-arranca-la-colecta-financiera\\\/\"]}]},{\"@type\":\"ImageObject\",\"inLanguage\":\"es\",\"@id\":\"https:\\\/\\\/vamosporlaliberacion.org\\\/crpmlm\\\/el-20-de-junio-arranca-la-colecta-financiera\\\/#primaryimage\",\"url\":\"https:\\\/\\\/i0.wp.com\\\/vamosporlaliberacion.org\\\/crpmlm\\\/wp-content\\\/uploads\\\/2017\\\/06\\\/vxl3-1.jpg?fit=696%2C392&ssl=1\",\"contentUrl\":\"https:\\\/\\\/i0.wp.com\\\/vamosporlaliberacion.org\\\/crpmlm\\\/wp-content\\\/uploads\\\/2017\\\/06\\\/vxl3-1.jpg?fit=696%2C392&ssl=1\",\"width\":696,\"height\":392},{\"@type\":\"BreadcrumbList\",\"@id\":\"https:\\\/\\\/vamosporlaliberacion.org\\\/crpmlm\\\/el-20-de-junio-arranca-la-colecta-financiera\\\/#breadcrumb\",\"itemListElement\":[{\"@type\":\"ListItem\",\"position\":1,\"name\":\"Portada\",\"item\":\"https:\\\/\\\/vamosporlaliberacion.org\\\/crpmlm\\\/\"},{\"@type\":\"ListItem\",\"position\":2,\"name\":\"El 20 de junio arranca la Colecta Financiera\"}]},{\"@type\":\"WebSite\",\"@id\":\"https:\\\/\\\/vamosporlaliberacion.org\\\/crpmlm\\\/#website\",\"url\":\"https:\\\/\\\/vamosporlaliberacion.org\\\/crpmlm\\\/\",\"name\":\"Vamos por la Liberaci\u00f3n\",\"description\":\"Prensa CR\",\"potentialAction\":[{\"@type\":\"SearchAction\",\"target\":{\"@type\":\"EntryPoint\",\"urlTemplate\":\"https:\\\/\\\/vamosporlaliberacion.org\\\/crpmlm\\\/?s={search_term_string}\"},\"query-input\":{\"@type\":\"PropertyValueSpecification\",\"valueRequired\":true,\"valueName\":\"search_term_string\"}}],\"inLanguage\":\"es\"},{\"@type\":\"Person\",\"@id\":\"\",\"url\":\"http:\\\/\\\/vamosporlaliberacion.org\\\/crpmlm\\\/author\\\/\"}]}<\/script>\n<!-- \/ Yoast SEO plugin. -->","yoast_head_json":{"title":"El 20 de junio arranca la Colecta Financiera - Vamos por la Liberaci\u00f3n","robots":{"index":"index","follow":"follow","max-snippet":"max-snippet:-1","max-image-preview":"max-image-preview:large","max-video-preview":"max-video-preview:-1"},"canonical":"https:\/\/vamosporlaliberacion.org\/crpmlm\/el-20-de-junio-arranca-la-colecta-financiera\/","twitter_misc":{"Escrito por":"","Tiempo de lectura":"1 minuto"},"schema":{"@context":"https:\/\/schema.org","@graph":[{"@type":"Article","@id":"https:\/\/vamosporlaliberacion.org\/crpmlm\/el-20-de-junio-arranca-la-colecta-financiera\/#article","isPartOf":{"@id":"https:\/\/vamosporlaliberacion.org\/crpmlm\/el-20-de-junio-arranca-la-colecta-financiera\/"},"author":{"name":"","@id":""},"headline":"El 20 de junio arranca la Colecta Financiera","datePublished":"2017-06-13T21:23:20+00:00","dateModified":"2017-06-14T14:52:52+00:00","mainEntityOfPage":{"@id":"https:\/\/vamosporlaliberacion.org\/crpmlm\/el-20-de-junio-arranca-la-colecta-financiera\/"},"wordCount":276,"commentCount":0,"image":{"@id":"https:\/\/vamosporlaliberacion.org\/crpmlm\/el-20-de-junio-arranca-la-colecta-financiera\/#primaryimage"},"thumbnailUrl":"https:\/\/i0.wp.com\/vamosporlaliberacion.org\/crpmlm\/wp-content\/uploads\/2017\/06\/vxl3-1.jpg?fit=696%2C392&ssl=1","keywords":["Colecta financiera","destacado 2","vxl 99"],"articleSection":["Noticias"],"inLanguage":"es","potentialAction":[{"@type":"CommentAction","name":"Comment","target":["https:\/\/vamosporlaliberacion.org\/crpmlm\/el-20-de-junio-arranca-la-colecta-financiera\/#respond"]}]},{"@type":"WebPage","@id":"https:\/\/vamosporlaliberacion.org\/crpmlm\/el-20-de-junio-arranca-la-colecta-financiera\/","url":"https:\/\/vamosporlaliberacion.org\/crpmlm\/el-20-de-junio-arranca-la-colecta-financiera\/","name":"El 20 de junio arranca la Colecta Financiera - Vamos por la Liberaci\u00f3n","isPartOf":{"@id":"https:\/\/vamosporlaliberacion.org\/crpmlm\/#website"},"primaryImageOfPage":{"@id":"https:\/\/vamosporlaliberacion.org\/crpmlm\/el-20-de-junio-arranca-la-colecta-financiera\/#primaryimage"},"image":{"@id":"https:\/\/vamosporlaliberacion.org\/crpmlm\/el-20-de-junio-arranca-la-colecta-financiera\/#primaryimage"},"thumbnailUrl":"https:\/\/i0.wp.com\/vamosporlaliberacion.org\/crpmlm\/wp-content\/uploads\/2017\/06\/vxl3-1.jpg?fit=696%2C392&ssl=1","datePublished":"2017-06-13T21:23:20+00:00","dateModified":"2017-06-14T14:52:52+00:00","author":{"@id":""},"breadcrumb":{"@id":"https:\/\/vamosporlaliberacion.org\/crpmlm\/el-20-de-junio-arranca-la-colecta-financiera\/#breadcrumb"},"inLanguage":"es","potentialAction":[{"@type":"ReadAction","target":["https:\/\/vamosporlaliberacion.org\/crpmlm\/el-20-de-junio-arranca-la-colecta-financiera\/"]}]},{"@type":"ImageObject","inLanguage":"es","@id":"https:\/\/vamosporlaliberacion.org\/crpmlm\/el-20-de-junio-arranca-la-colecta-financiera\/#primaryimage","url":"https:\/\/i0.wp.com\/vamosporlaliberacion.org\/crpmlm\/wp-content\/uploads\/2017\/06\/vxl3-1.jpg?fit=696%2C392&ssl=1","contentUrl":"https:\/\/i0.wp.com\/vamosporlaliberacion.org\/crpmlm\/wp-content\/uploads\/2017\/06\/vxl3-1.jpg?fit=696%2C392&ssl=1","width":696,"height":392},{"@type":"BreadcrumbList","@id":"https:\/\/vamosporlaliberacion.org\/crpmlm\/el-20-de-junio-arranca-la-colecta-financiera\/#breadcrumb","itemListElement":[{"@type":"ListItem","position":1,"name":"Portada","item":"https:\/\/vamosporlaliberacion.org\/crpmlm\/"},{"@type":"ListItem","position":2,"name":"El 20 de junio arranca la Colecta Financiera"}]},{"@type":"WebSite","@id":"https:\/\/vamosporlaliberacion.org\/crpmlm\/#website","url":"https:\/\/vamosporlaliberacion.org\/crpmlm\/","name":"Vamos por la Liberaci\u00f3n","description":"Prensa CR","potentialAction":[{"@type":"SearchAction","target":{"@type":"EntryPoint","urlTemplate":"https:\/\/vamosporlaliberacion.org\/crpmlm\/?s={search_term_string}"},"query-input":{"@type":"PropertyValueSpecification","valueRequired":true,"valueName":"search_term_string"}}],"inLanguage":"es"},{"@type":"Person","@id":"","url":"http:\/\/vamosporlaliberacion.org\/crpmlm\/author\/"}]}},"jetpack_featured_media_url":"https:\/\/i0.wp.com\/vamosporlaliberacion.org\/crpmlm\/wp-content\/uploads\/2017\/06\/vxl3-1.jpg?fit=696%2C392&ssl=1","jetpack_sharing_enabled":true,"_links":{"self":[{"href":"http:\/\/vamosporlaliberacion.org\/crpmlm\/wp-json\/wp\/v2\/posts\/9552","targetHints":{"allow":["GET"]}}],"collection":[{"href":"http:\/\/vamosporlaliberacion.org\/crpmlm\/wp-json\/wp\/v2\/posts"}],"about":[{"href":"http:\/\/vamosporlaliberacion.org\/crpmlm\/wp-json\/wp\/v2\/types\/post"}],"author":[{"embeddable":true,"href":"http:\/\/vamosporlaliberacion.org\/crpmlm\/wp-json\/wp\/v2\/users\/5"}],"replies":[{"embeddable":true,"href":"http:\/\/vamosporlaliberacion.org\/crpmlm\/wp-json\/wp\/v2\/comments?post=9552"}],"version-history":[{"count":0,"href":"http:\/\/vamosporlaliberacion.org\/crpmlm\/wp-json\/wp\/v2\/posts\/9552\/revisions"}],"wp:featuredmedia":[{"embeddable":true,"href":"http:\/\/vamosporlaliberacion.org\/crpmlm\/wp-json\/wp\/v2\/media\/9557"}],"wp:attachment":[{"href":"http:\/\/vamosporlaliberacion.org\/crpmlm\/wp-json\/wp\/v2\/media?parent=9552"}],"wp:term":[{"taxonomy":"category","embeddable":true,"href":"http:\/\/vamosporlaliberacion.org\/crpmlm\/wp-json\/wp\/v2\/categories?post=9552"},{"taxonomy":"post_tag","embeddable":true,"href":"http:\/\/vamosporlaliberacion.org\/crpmlm\/wp-json\/wp\/v2\/tags?post=9552"}],"curies":[{"name":"wp","href":"https:\/\/api.w.org\/{rel}","templated":true}]}}