{"id":9437,"date":"2017-06-01T21:01:19","date_gmt":"2017-06-02T00:01:19","guid":{"rendered":"http:\/\/vamosporlaliberacion.org\/crpmlm\/?p=9437"},"modified":"2017-06-02T11:16:19","modified_gmt":"2017-06-02T14:16:19","slug":"el-plan-empalme","status":"publish","type":"post","link":"http:\/\/vamosporlaliberacion.org\/crpmlm\/el-plan-empalme\/","title":{"rendered":"El \u201cPlan Empalme\u201d"},"content":{"rendered":"<div class=\"Marco-de-texto-b-sico\">\n<p class=\"Bajada-1-y-medio\"><strong>Por Sergio P\u00e1rraga, Corriente Clasista Ren\u00e9 Salamanca.<\/strong><\/p>\n<p class=\"Bajada-1-y-medio\">La conversi\u00f3n de los subsidios de los Programas Sociales en ganancias patronales atacando a los Convenios Colectivos de Trabajo<\/p>\n<\/div>\n<p class=\"Parrafo-inicial\"><span class=\"char-style-override-2\">E<\/span>l presidente Macri anunci\u00f3 con el decreto 304\/17 la creaci\u00f3n del \u201cPlan Empalme\u201d, consistente en subsidiar a las empresas que tomen en relaci\u00f3n de dependencia a trabajadores beneficiarios de Programas de Empleo de los Ministerios de Trabajo o de Desarrollo Social. El monto del subsidio equivale al ingreso del Programa que recibe el trabajador, los cuales pueden ser el Programa J\u00f3venes con M\u00e1s y Mejor Trabajo, Seguro de Capacitaci\u00f3n y Empleo, Progresar, Promover, Prestaciones de Desempleo, Construir Empleo, Intercosecha, Argentina Trabaja, Ellas Hacen, Salario Social Complementario y los egresados de los cursos de Formaci\u00f3n Profesional. Actualmente esos programas tienen subsidios que van de $ 900 a $ 4.000. Los trabajadores que estar\u00edan en condiciones de acceder a esta modalidad de contrataci\u00f3n ascienden a cerca de un mill\u00f3n.<\/p>\n<p class=\"Texto-base\">En el art\u00edculo 2 del decreto mencionado queda establecido el car\u00e1cter de la medida cuando dice que la ayuda econ\u00f3mica que perciben los beneficiarios \u201ctendr\u00e1 car\u00e1cter de subsidio al empleo y podr\u00e1 ser contabilizada por los empleadores como parte de su remuneraci\u00f3n laboral neta mensual\u201d. Los patrones y los trabajadores con programa que establecen esta relaci\u00f3n de dependencia deber\u00e1n inscribirse en el Programa de Inserci\u00f3n Laboral del Ministerio de Trabajo y el beneficio patronal ser\u00e1 por 24 meses o mientras subsista la relaci\u00f3n laboral (art\u00edculos 3 y 4).<\/p>\n<p class=\"Texto-base\">Los objetivos de esta iniciativa del gobierno, seg\u00fan sus propios dichos, ser\u00edan:<\/p>\n<p class=\"Texto-base\">\u2022 La reducci\u00f3n de costos laborales, al subsidiar del 10% al 50% del salario.<\/p>\n<p class=\"Texto-base\">\u2022 La reducci\u00f3n del trabajo en negro, ya que los patrones podr\u00e1n blanquear una relaci\u00f3n laboral preexistente al 31 de diciembre del 2016.<\/p>\n<p class=\"Texto-base\">\u2022 La transitabilidad de los trabajadores con subsidios sociales a trabajo formal.<\/p>\n<p class=\"Texto-base\">La situaci\u00f3n social generada por la pol\u00edtica de Cambiemos se deteriora d\u00eda a d\u00eda. La destrucci\u00f3n industrial, la perdida de trabajo y la ca\u00edda del salario real golpean a millones de trabajadores.<\/p>\n<p class=\"Texto-base\">Por un lado, uno de los ejes del gobierno es el ataque a los convenios colectivos de trabajo para avanzar en la reducci\u00f3n de los costos laborales, que mirado desde las patronales no es m\u00e1s que reducci\u00f3n salarial y la eliminaci\u00f3n de conquistas de la clase obrera conseguidas a trav\u00e9s de sus luchas. Esta pol\u00edtica esta direccionada sobre los trabajadores industriales como forma de aumentar las ganancias del sector monopolista e incentivo a las inversiones extranjeras (junto a la entrega de los recursos naturales como el petr\u00f3leo o la miner\u00eda).<\/p>\n<p class=\"Texto-base\">Por otro lado, el gobierno a sabiendas de las consecuencias sociales de su pol\u00edtica, mantuvo los programas sociales que el kirchnerismo desarroll\u00f3, ampliando su presupuesto. Y fruto de la lucha de organizaciones sociales tuvo que crear nuevos programas y sacar a fin del a\u00f1o pasado la Ley de Emergencia Social destinando 30 mil millones de pesos adicionales de presupuesto. Con esta Ley tambi\u00e9n cre\u00f3 el Consejo Social, \u00e1mbito de conciliaci\u00f3n de las organizaciones como el \u201ctr\u00edo celestial piquetero\u201d: CCC, CTEP y Barrios de Pie que firmaron el acuerdo con el gobierno y lo enmarcaron en el funcionamiento del Consejo Social que integran.<\/p>\n<p class=\"Texto-base\">El objetivo es claro: contener el aumento y la profundizaci\u00f3n de la pobreza de una parte de los trabajadores que ya est\u00e1n en esa condici\u00f3n o muy cercanos a ella, evitando de esa forma conmociones pol\u00edticas como las que se podr\u00edan producirse por saqueos, mientras se avanza contra los sectores industriales de los trabajadores generadores de la ganancia monopolista.<\/p>\n<p class=\"Texto-base\">A medida que los trabajadores con programas sociales vayan ingresando al Plan Empalme, el gobierno lo usar\u00e1 en su ataque a los convenios colectivos de trabajo, ya que habr\u00e1 un mont\u00f3n de aspectos que modificar con esta nueva modalidad de contrataci\u00f3n subsidiada como el c\u00e1lculo de cargas sociales, presentismo, productividad, etc. Habr\u00e1 que ver la extensi\u00f3n que tendr\u00e1 el ingreso al Plan Empalme. Pero que ser\u00e1 usado as\u00ed por el gobierno, no cabe duda.<\/p>\n<p class=\"Texto-base\">Una gran parte de trabajadores con programas sociales son compa\u00f1eros\/as con baja calificaci\u00f3n laboral que se concentran en la industria de la confecci\u00f3n textil, de la construcci\u00f3n, del calzado, en el comercio cuentapropista y en los servicios sociales como el trabajo dom\u00e9stico a terceros. Todas estas actividades se caracterizan por el trabajo en negro y ya hoy en d\u00eda son actividades en que los compa\u00f1eros\/as trabajan, aunque con menos horas o menos salario o m\u00e1s espor\u00e1dicamente, en paralelo al cobro de alg\u00fan programa social.<\/p>\n<p class=\"Texto-base\">La otra gran parte de trabajadores con programas sociales son las mujeres no integradas al trabajo social. Hoy el 56% de las mujeres entre 14 y 64 a\u00f1os no es parte de la Poblaci\u00f3n Econ\u00f3micamente Activa (PEA). Son 7 millones de mujeres que no est\u00e1n integradas al trabajo social pero que necesitan enfrentar la falta de ingresos en la familia y son las que nutren en su mayor\u00eda las organizaciones sociales y protagonizaron los cortes y acampes del \u00faltimo a\u00f1o.<\/p>\n<p class=\"Texto-base\">El ingreso de trabajadores al Plan Empalme, aunque no sea muy extenso en cantidad, ser\u00e1 un instrumento del gobierno para profundizar el ataque al movimiento obrero con el ajuste y la precarizaci\u00f3n.<\/p>\n<p class=\"Texto-base\">Por todo esto, las agrupaciones territoriales que conformamos la Corriente Clasista Ren\u00e9 Salamanca nos pronunciamos en contra del Plan Empalme y trabajamos para llegar a la Capital Federal desde todos los rincones del pa\u00eds en la 2\u00ba Marcha Federal convocada por las CTA\u2019s contra la pol\u00edtica de ajuste y entrega de Macri y los que la aplican.<\/p>\n<!-- AddThis Advanced Settings generic via filter on the_content --><!-- AddThis Share Buttons generic via filter on the_content -->","protected":false},"excerpt":{"rendered":"<p>Por Sergio P\u00e1rraga, Corriente Clasista Ren\u00e9 Salamanca. La conversi\u00f3n de los subsidios de los Programas Sociales en ganancias patronales atacando a los Convenios Colectivos de Trabajo El presidente Macri anunci\u00f3 con el decreto 304\/17 la creaci\u00f3n del \u201cPlan Empalme\u201d, consistente en subsidiar a las empresas que tomen en relaci\u00f3n de dependencia a trabajadores beneficiarios de [&hellip;]<!-- AddThis Advanced Settings generic via filter on get_the_excerpt --><!-- AddThis Share Buttons generic via filter on get_the_excerpt --><\/p>\n","protected":false},"author":5,"featured_media":9484,"comment_status":"open","ping_status":"open","sticky":false,"template":"","format":"standard","meta":{"_jetpack_memberships_contains_paid_content":false,"footnotes":""},"categories":[1699],"tags":[712,71,521,992],"class_list":{"0":"post-9437","1":"post","2":"type-post","3":"status-publish","4":"format-standard","5":"has-post-thumbnail","7":"category-noticias","8":"tag-adosac","9":"tag-corriente-clasista-rene-salamanca","10":"tag-destacado-1","11":"tag-vxl-98"},"yoast_head":"<!-- This site is optimized with the Yoast SEO plugin v27.4 - https:\/\/yoast.com\/product\/yoast-seo-wordpress\/ -->\n<title>El \u201cPlan Empalme\u201d - Vamos por la Liberaci\u00f3n<\/title>\n<meta name=\"robots\" content=\"index, follow, max-snippet:-1, max-image-preview:large, max-video-preview:-1\" \/>\n<link rel=\"canonical\" href=\"http:\/\/vamosporlaliberacion.org\/crpmlm\/el-plan-empalme\/\" \/>\n<meta name=\"twitter:label1\" content=\"Escrito por\" \/>\n\t<meta name=\"twitter:data1\" content=\"\" \/>\n\t<meta name=\"twitter:label2\" content=\"Tiempo de lectura\" \/>\n\t<meta name=\"twitter:data2\" content=\"5 minutos\" \/>\n<script type=\"application\/ld+json\" class=\"yoast-schema-graph\">{\"@context\":\"https:\\\/\\\/schema.org\",\"@graph\":[{\"@type\":\"Article\",\"@id\":\"http:\\\/\\\/vamosporlaliberacion.org\\\/crpmlm\\\/el-plan-empalme\\\/#article\",\"isPartOf\":{\"@id\":\"http:\\\/\\\/vamosporlaliberacion.org\\\/crpmlm\\\/el-plan-empalme\\\/\"},\"author\":{\"name\":\"\",\"@id\":\"\"},\"headline\":\"El \u201cPlan Empalme\u201d\",\"datePublished\":\"2017-06-02T00:01:19+00:00\",\"dateModified\":\"2017-06-02T14:16:19+00:00\",\"mainEntityOfPage\":{\"@id\":\"http:\\\/\\\/vamosporlaliberacion.org\\\/crpmlm\\\/el-plan-empalme\\\/\"},\"wordCount\":970,\"commentCount\":0,\"image\":{\"@id\":\"http:\\\/\\\/vamosporlaliberacion.org\\\/crpmlm\\\/el-plan-empalme\\\/#primaryimage\"},\"thumbnailUrl\":\"https:\\\/\\\/i0.wp.com\\\/vamosporlaliberacion.org\\\/crpmlm\\\/wp-content\\\/uploads\\\/2017\\\/06\\\/vxl2.jpg?fit=696%2C403&ssl=1\",\"keywords\":[\"ADOSAC\",\"Corriente Clasista Ren\u00e9 Salamanca\",\"destacado 1\",\"vxl 98\"],\"articleSection\":[\"Noticias\"],\"inLanguage\":\"es\",\"potentialAction\":[{\"@type\":\"CommentAction\",\"name\":\"Comment\",\"target\":[\"http:\\\/\\\/vamosporlaliberacion.org\\\/crpmlm\\\/el-plan-empalme\\\/#respond\"]}]},{\"@type\":\"WebPage\",\"@id\":\"http:\\\/\\\/vamosporlaliberacion.org\\\/crpmlm\\\/el-plan-empalme\\\/\",\"url\":\"http:\\\/\\\/vamosporlaliberacion.org\\\/crpmlm\\\/el-plan-empalme\\\/\",\"name\":\"El \u201cPlan Empalme\u201d - Vamos por la Liberaci\u00f3n\",\"isPartOf\":{\"@id\":\"https:\\\/\\\/vamosporlaliberacion.org\\\/crpmlm\\\/#website\"},\"primaryImageOfPage\":{\"@id\":\"http:\\\/\\\/vamosporlaliberacion.org\\\/crpmlm\\\/el-plan-empalme\\\/#primaryimage\"},\"image\":{\"@id\":\"http:\\\/\\\/vamosporlaliberacion.org\\\/crpmlm\\\/el-plan-empalme\\\/#primaryimage\"},\"thumbnailUrl\":\"https:\\\/\\\/i0.wp.com\\\/vamosporlaliberacion.org\\\/crpmlm\\\/wp-content\\\/uploads\\\/2017\\\/06\\\/vxl2.jpg?fit=696%2C403&ssl=1\",\"datePublished\":\"2017-06-02T00:01:19+00:00\",\"dateModified\":\"2017-06-02T14:16:19+00:00\",\"author\":{\"@id\":\"\"},\"breadcrumb\":{\"@id\":\"http:\\\/\\\/vamosporlaliberacion.org\\\/crpmlm\\\/el-plan-empalme\\\/#breadcrumb\"},\"inLanguage\":\"es\",\"potentialAction\":[{\"@type\":\"ReadAction\",\"target\":[\"http:\\\/\\\/vamosporlaliberacion.org\\\/crpmlm\\\/el-plan-empalme\\\/\"]}]},{\"@type\":\"ImageObject\",\"inLanguage\":\"es\",\"@id\":\"http:\\\/\\\/vamosporlaliberacion.org\\\/crpmlm\\\/el-plan-empalme\\\/#primaryimage\",\"url\":\"https:\\\/\\\/i0.wp.com\\\/vamosporlaliberacion.org\\\/crpmlm\\\/wp-content\\\/uploads\\\/2017\\\/06\\\/vxl2.jpg?fit=696%2C403&ssl=1\",\"contentUrl\":\"https:\\\/\\\/i0.wp.com\\\/vamosporlaliberacion.org\\\/crpmlm\\\/wp-content\\\/uploads\\\/2017\\\/06\\\/vxl2.jpg?fit=696%2C403&ssl=1\",\"width\":696,\"height\":403},{\"@type\":\"BreadcrumbList\",\"@id\":\"http:\\\/\\\/vamosporlaliberacion.org\\\/crpmlm\\\/el-plan-empalme\\\/#breadcrumb\",\"itemListElement\":[{\"@type\":\"ListItem\",\"position\":1,\"name\":\"Portada\",\"item\":\"https:\\\/\\\/vamosporlaliberacion.org\\\/crpmlm\\\/\"},{\"@type\":\"ListItem\",\"position\":2,\"name\":\"El \u201cPlan Empalme\u201d\"}]},{\"@type\":\"WebSite\",\"@id\":\"https:\\\/\\\/vamosporlaliberacion.org\\\/crpmlm\\\/#website\",\"url\":\"https:\\\/\\\/vamosporlaliberacion.org\\\/crpmlm\\\/\",\"name\":\"Vamos por la Liberaci\u00f3n\",\"description\":\"Prensa CR\",\"potentialAction\":[{\"@type\":\"SearchAction\",\"target\":{\"@type\":\"EntryPoint\",\"urlTemplate\":\"https:\\\/\\\/vamosporlaliberacion.org\\\/crpmlm\\\/?s={search_term_string}\"},\"query-input\":{\"@type\":\"PropertyValueSpecification\",\"valueRequired\":true,\"valueName\":\"search_term_string\"}}],\"inLanguage\":\"es\"},{\"@type\":\"Person\",\"@id\":\"\",\"url\":\"http:\\\/\\\/vamosporlaliberacion.org\\\/crpmlm\\\/author\\\/\"}]}<\/script>\n<!-- \/ Yoast SEO plugin. -->","yoast_head_json":{"title":"El \u201cPlan Empalme\u201d - Vamos por la Liberaci\u00f3n","robots":{"index":"index","follow":"follow","max-snippet":"max-snippet:-1","max-image-preview":"max-image-preview:large","max-video-preview":"max-video-preview:-1"},"canonical":"http:\/\/vamosporlaliberacion.org\/crpmlm\/el-plan-empalme\/","twitter_misc":{"Escrito por":"","Tiempo de lectura":"5 minutos"},"schema":{"@context":"https:\/\/schema.org","@graph":[{"@type":"Article","@id":"http:\/\/vamosporlaliberacion.org\/crpmlm\/el-plan-empalme\/#article","isPartOf":{"@id":"http:\/\/vamosporlaliberacion.org\/crpmlm\/el-plan-empalme\/"},"author":{"name":"","@id":""},"headline":"El \u201cPlan Empalme\u201d","datePublished":"2017-06-02T00:01:19+00:00","dateModified":"2017-06-02T14:16:19+00:00","mainEntityOfPage":{"@id":"http:\/\/vamosporlaliberacion.org\/crpmlm\/el-plan-empalme\/"},"wordCount":970,"commentCount":0,"image":{"@id":"http:\/\/vamosporlaliberacion.org\/crpmlm\/el-plan-empalme\/#primaryimage"},"thumbnailUrl":"https:\/\/i0.wp.com\/vamosporlaliberacion.org\/crpmlm\/wp-content\/uploads\/2017\/06\/vxl2.jpg?fit=696%2C403&ssl=1","keywords":["ADOSAC","Corriente Clasista Ren\u00e9 Salamanca","destacado 1","vxl 98"],"articleSection":["Noticias"],"inLanguage":"es","potentialAction":[{"@type":"CommentAction","name":"Comment","target":["http:\/\/vamosporlaliberacion.org\/crpmlm\/el-plan-empalme\/#respond"]}]},{"@type":"WebPage","@id":"http:\/\/vamosporlaliberacion.org\/crpmlm\/el-plan-empalme\/","url":"http:\/\/vamosporlaliberacion.org\/crpmlm\/el-plan-empalme\/","name":"El \u201cPlan Empalme\u201d - Vamos por la Liberaci\u00f3n","isPartOf":{"@id":"https:\/\/vamosporlaliberacion.org\/crpmlm\/#website"},"primaryImageOfPage":{"@id":"http:\/\/vamosporlaliberacion.org\/crpmlm\/el-plan-empalme\/#primaryimage"},"image":{"@id":"http:\/\/vamosporlaliberacion.org\/crpmlm\/el-plan-empalme\/#primaryimage"},"thumbnailUrl":"https:\/\/i0.wp.com\/vamosporlaliberacion.org\/crpmlm\/wp-content\/uploads\/2017\/06\/vxl2.jpg?fit=696%2C403&ssl=1","datePublished":"2017-06-02T00:01:19+00:00","dateModified":"2017-06-02T14:16:19+00:00","author":{"@id":""},"breadcrumb":{"@id":"http:\/\/vamosporlaliberacion.org\/crpmlm\/el-plan-empalme\/#breadcrumb"},"inLanguage":"es","potentialAction":[{"@type":"ReadAction","target":["http:\/\/vamosporlaliberacion.org\/crpmlm\/el-plan-empalme\/"]}]},{"@type":"ImageObject","inLanguage":"es","@id":"http:\/\/vamosporlaliberacion.org\/crpmlm\/el-plan-empalme\/#primaryimage","url":"https:\/\/i0.wp.com\/vamosporlaliberacion.org\/crpmlm\/wp-content\/uploads\/2017\/06\/vxl2.jpg?fit=696%2C403&ssl=1","contentUrl":"https:\/\/i0.wp.com\/vamosporlaliberacion.org\/crpmlm\/wp-content\/uploads\/2017\/06\/vxl2.jpg?fit=696%2C403&ssl=1","width":696,"height":403},{"@type":"BreadcrumbList","@id":"http:\/\/vamosporlaliberacion.org\/crpmlm\/el-plan-empalme\/#breadcrumb","itemListElement":[{"@type":"ListItem","position":1,"name":"Portada","item":"https:\/\/vamosporlaliberacion.org\/crpmlm\/"},{"@type":"ListItem","position":2,"name":"El \u201cPlan Empalme\u201d"}]},{"@type":"WebSite","@id":"https:\/\/vamosporlaliberacion.org\/crpmlm\/#website","url":"https:\/\/vamosporlaliberacion.org\/crpmlm\/","name":"Vamos por la Liberaci\u00f3n","description":"Prensa CR","potentialAction":[{"@type":"SearchAction","target":{"@type":"EntryPoint","urlTemplate":"https:\/\/vamosporlaliberacion.org\/crpmlm\/?s={search_term_string}"},"query-input":{"@type":"PropertyValueSpecification","valueRequired":true,"valueName":"search_term_string"}}],"inLanguage":"es"},{"@type":"Person","@id":"","url":"http:\/\/vamosporlaliberacion.org\/crpmlm\/author\/"}]}},"jetpack_featured_media_url":"https:\/\/i0.wp.com\/vamosporlaliberacion.org\/crpmlm\/wp-content\/uploads\/2017\/06\/vxl2.jpg?fit=696%2C403&ssl=1","jetpack_sharing_enabled":true,"_links":{"self":[{"href":"http:\/\/vamosporlaliberacion.org\/crpmlm\/wp-json\/wp\/v2\/posts\/9437","targetHints":{"allow":["GET"]}}],"collection":[{"href":"http:\/\/vamosporlaliberacion.org\/crpmlm\/wp-json\/wp\/v2\/posts"}],"about":[{"href":"http:\/\/vamosporlaliberacion.org\/crpmlm\/wp-json\/wp\/v2\/types\/post"}],"author":[{"embeddable":true,"href":"http:\/\/vamosporlaliberacion.org\/crpmlm\/wp-json\/wp\/v2\/users\/5"}],"replies":[{"embeddable":true,"href":"http:\/\/vamosporlaliberacion.org\/crpmlm\/wp-json\/wp\/v2\/comments?post=9437"}],"version-history":[{"count":0,"href":"http:\/\/vamosporlaliberacion.org\/crpmlm\/wp-json\/wp\/v2\/posts\/9437\/revisions"}],"wp:featuredmedia":[{"embeddable":true,"href":"http:\/\/vamosporlaliberacion.org\/crpmlm\/wp-json\/wp\/v2\/media\/9484"}],"wp:attachment":[{"href":"http:\/\/vamosporlaliberacion.org\/crpmlm\/wp-json\/wp\/v2\/media?parent=9437"}],"wp:term":[{"taxonomy":"category","embeddable":true,"href":"http:\/\/vamosporlaliberacion.org\/crpmlm\/wp-json\/wp\/v2\/categories?post=9437"},{"taxonomy":"post_tag","embeddable":true,"href":"http:\/\/vamosporlaliberacion.org\/crpmlm\/wp-json\/wp\/v2\/tags?post=9437"}],"curies":[{"name":"wp","href":"https:\/\/api.w.org\/{rel}","templated":true}]}}