{"id":9434,"date":"2017-06-01T20:49:15","date_gmt":"2017-06-01T23:49:15","guid":{"rendered":"http:\/\/vamosporlaliberacion.org\/crpmlm\/?p=9434"},"modified":"2018-04-04T11:18:16","modified_gmt":"2018-04-04T14:18:16","slug":"gran-despliegue-de-la-juventud-en-caba","status":"publish","type":"post","link":"http:\/\/vamosporlaliberacion.org\/crpmlm\/gran-despliegue-de-la-juventud-en-caba\/","title":{"rendered":"Gran despliegue de la Juventud en CABA"},"content":{"rendered":"<p class=\"Texto-base para-style-override-25\">\u201cFue mi primer mes de la prensa y estuvo buen\u00edsimo. Me sirvi\u00f3 para darme cuenta que podemos ir a abordar mucha m\u00e1s gente!\u201d. Estas son las palabras de una nueva responsable de la tarea de prensa de una facultad. Y sintetiza muy bien nuestro balance. Partimos de aumentar un 30% los objetivos respecto al a\u00f1o pasado, entendiendo que hab\u00eda un cambio en la situaci\u00f3n pol\u00edtica y en el estado de \u00e1nimo de las masas. Acertamos.<\/p>\n<p class=\"Texto-base para-style-override-25\">Si bien llegamos solo a la mitad del objetivo de suscripciones, el trabajo con las listas se va sistematizando y hay lugares que han alcanzado objetivo altos incluso solo con sus listas. Donde ofrecimos con ofensiva afiliaciones, hemos tenido una muy buena recepci\u00f3n. Un 80% acepta el per\u00edodo de candidatura. Tenemos que generalizar estas experiencias.<\/p>\n<p class=\"Texto-base para-style-override-25\">Ahora nos hemos propuesto aumentar un 30% m\u00e1s del objetivo regular. La clave para llegar es que el conjunto de los afiliados aborden su lista, desde los m\u00e1s nuevos hasta los m\u00e1s viejos y que podamos organizar al menos un piqueteo por n\u00famero, sea en marchas o en los propios lugares.<\/p>\n<p class=\"Texto-base para-style-override-25\">\n<!-- AddThis Advanced Settings generic via filter on the_content --><!-- AddThis Share Buttons generic via filter on the_content -->","protected":false},"excerpt":{"rendered":"<p>\u201cFue mi primer mes de la prensa y estuvo buen\u00edsimo. Me sirvi\u00f3 para darme cuenta que podemos ir a abordar mucha m\u00e1s gente!\u201d. Estas son las palabras de una nueva responsable de la tarea de prensa de una facultad. Y sintetiza muy bien nuestro balance. Partimos de aumentar un 30% los objetivos respecto al a\u00f1o [&hellip;]<!-- AddThis Advanced Settings generic via filter on get_the_excerpt --><!-- AddThis Share Buttons generic via filter on get_the_excerpt --><\/p>\n","protected":false},"author":5,"featured_media":9435,"comment_status":"open","ping_status":"open","sticky":false,"template":"","format":"standard","meta":{"_jetpack_memberships_contains_paid_content":false,"footnotes":""},"categories":[1699],"tags":[45,210,992],"class_list":{"0":"post-9434","1":"post","2":"type-post","3":"status-publish","4":"format-standard","5":"has-post-thumbnail","7":"category-noticias","8":"tag-caba","9":"tag-prensa","10":"tag-vxl-98"},"yoast_head":"<!-- This site is optimized with the Yoast SEO plugin v27.4 - https:\/\/yoast.com\/product\/yoast-seo-wordpress\/ -->\n<title>Gran despliegue de la Juventud en CABA - Vamos por la Liberaci\u00f3n<\/title>\n<meta name=\"robots\" content=\"index, follow, max-snippet:-1, max-image-preview:large, max-video-preview:-1\" \/>\n<link rel=\"canonical\" href=\"https:\/\/vamosporlaliberacion.org\/crpmlm\/gran-despliegue-de-la-juventud-en-caba\/\" \/>\n<meta name=\"twitter:label1\" content=\"Escrito por\" \/>\n\t<meta name=\"twitter:data1\" content=\"\" \/>\n\t<meta name=\"twitter:label2\" content=\"Tiempo de lectura\" \/>\n\t<meta name=\"twitter:data2\" content=\"1 minuto\" \/>\n<script type=\"application\/ld+json\" class=\"yoast-schema-graph\">{\"@context\":\"https:\\\/\\\/schema.org\",\"@graph\":[{\"@type\":\"Article\",\"@id\":\"https:\\\/\\\/vamosporlaliberacion.org\\\/crpmlm\\\/gran-despliegue-de-la-juventud-en-caba\\\/#article\",\"isPartOf\":{\"@id\":\"https:\\\/\\\/vamosporlaliberacion.org\\\/crpmlm\\\/gran-despliegue-de-la-juventud-en-caba\\\/\"},\"author\":{\"name\":\"\",\"@id\":\"\"},\"headline\":\"Gran despliegue de la Juventud en CABA\",\"datePublished\":\"2017-06-01T23:49:15+00:00\",\"dateModified\":\"2018-04-04T14:18:16+00:00\",\"mainEntityOfPage\":{\"@id\":\"https:\\\/\\\/vamosporlaliberacion.org\\\/crpmlm\\\/gran-despliegue-de-la-juventud-en-caba\\\/\"},\"wordCount\":197,\"commentCount\":0,\"image\":{\"@id\":\"https:\\\/\\\/vamosporlaliberacion.org\\\/crpmlm\\\/gran-despliegue-de-la-juventud-en-caba\\\/#primaryimage\"},\"thumbnailUrl\":\"https:\\\/\\\/i0.wp.com\\\/vamosporlaliberacion.org\\\/crpmlm\\\/wp-content\\\/uploads\\\/2017\\\/06\\\/IMG_0968.jpg?fit=800%2C533&ssl=1\",\"keywords\":[\"CABA\",\"Prensa\",\"vxl 98\"],\"articleSection\":[\"Noticias\"],\"inLanguage\":\"es\",\"potentialAction\":[{\"@type\":\"CommentAction\",\"name\":\"Comment\",\"target\":[\"https:\\\/\\\/vamosporlaliberacion.org\\\/crpmlm\\\/gran-despliegue-de-la-juventud-en-caba\\\/#respond\"]}]},{\"@type\":\"WebPage\",\"@id\":\"https:\\\/\\\/vamosporlaliberacion.org\\\/crpmlm\\\/gran-despliegue-de-la-juventud-en-caba\\\/\",\"url\":\"https:\\\/\\\/vamosporlaliberacion.org\\\/crpmlm\\\/gran-despliegue-de-la-juventud-en-caba\\\/\",\"name\":\"Gran despliegue de la Juventud en CABA - Vamos por la Liberaci\u00f3n\",\"isPartOf\":{\"@id\":\"https:\\\/\\\/vamosporlaliberacion.org\\\/crpmlm\\\/#website\"},\"primaryImageOfPage\":{\"@id\":\"https:\\\/\\\/vamosporlaliberacion.org\\\/crpmlm\\\/gran-despliegue-de-la-juventud-en-caba\\\/#primaryimage\"},\"image\":{\"@id\":\"https:\\\/\\\/vamosporlaliberacion.org\\\/crpmlm\\\/gran-despliegue-de-la-juventud-en-caba\\\/#primaryimage\"},\"thumbnailUrl\":\"https:\\\/\\\/i0.wp.com\\\/vamosporlaliberacion.org\\\/crpmlm\\\/wp-content\\\/uploads\\\/2017\\\/06\\\/IMG_0968.jpg?fit=800%2C533&ssl=1\",\"datePublished\":\"2017-06-01T23:49:15+00:00\",\"dateModified\":\"2018-04-04T14:18:16+00:00\",\"author\":{\"@id\":\"\"},\"breadcrumb\":{\"@id\":\"https:\\\/\\\/vamosporlaliberacion.org\\\/crpmlm\\\/gran-despliegue-de-la-juventud-en-caba\\\/#breadcrumb\"},\"inLanguage\":\"es\",\"potentialAction\":[{\"@type\":\"ReadAction\",\"target\":[\"https:\\\/\\\/vamosporlaliberacion.org\\\/crpmlm\\\/gran-despliegue-de-la-juventud-en-caba\\\/\"]}]},{\"@type\":\"ImageObject\",\"inLanguage\":\"es\",\"@id\":\"https:\\\/\\\/vamosporlaliberacion.org\\\/crpmlm\\\/gran-despliegue-de-la-juventud-en-caba\\\/#primaryimage\",\"url\":\"https:\\\/\\\/i0.wp.com\\\/vamosporlaliberacion.org\\\/crpmlm\\\/wp-content\\\/uploads\\\/2017\\\/06\\\/IMG_0968.jpg?fit=800%2C533&ssl=1\",\"contentUrl\":\"https:\\\/\\\/i0.wp.com\\\/vamosporlaliberacion.org\\\/crpmlm\\\/wp-content\\\/uploads\\\/2017\\\/06\\\/IMG_0968.jpg?fit=800%2C533&ssl=1\",\"width\":800,\"height\":533},{\"@type\":\"BreadcrumbList\",\"@id\":\"https:\\\/\\\/vamosporlaliberacion.org\\\/crpmlm\\\/gran-despliegue-de-la-juventud-en-caba\\\/#breadcrumb\",\"itemListElement\":[{\"@type\":\"ListItem\",\"position\":1,\"name\":\"Portada\",\"item\":\"https:\\\/\\\/vamosporlaliberacion.org\\\/crpmlm\\\/\"},{\"@type\":\"ListItem\",\"position\":2,\"name\":\"Gran despliegue de la Juventud en CABA\"}]},{\"@type\":\"WebSite\",\"@id\":\"https:\\\/\\\/vamosporlaliberacion.org\\\/crpmlm\\\/#website\",\"url\":\"https:\\\/\\\/vamosporlaliberacion.org\\\/crpmlm\\\/\",\"name\":\"Vamos por la Liberaci\u00f3n\",\"description\":\"Prensa CR\",\"potentialAction\":[{\"@type\":\"SearchAction\",\"target\":{\"@type\":\"EntryPoint\",\"urlTemplate\":\"https:\\\/\\\/vamosporlaliberacion.org\\\/crpmlm\\\/?s={search_term_string}\"},\"query-input\":{\"@type\":\"PropertyValueSpecification\",\"valueRequired\":true,\"valueName\":\"search_term_string\"}}],\"inLanguage\":\"es\"},{\"@type\":\"Person\",\"@id\":\"\",\"url\":\"http:\\\/\\\/vamosporlaliberacion.org\\\/crpmlm\\\/author\\\/\"}]}<\/script>\n<!-- \/ Yoast SEO plugin. -->","yoast_head_json":{"title":"Gran despliegue de la Juventud en CABA - Vamos por la Liberaci\u00f3n","robots":{"index":"index","follow":"follow","max-snippet":"max-snippet:-1","max-image-preview":"max-image-preview:large","max-video-preview":"max-video-preview:-1"},"canonical":"https:\/\/vamosporlaliberacion.org\/crpmlm\/gran-despliegue-de-la-juventud-en-caba\/","twitter_misc":{"Escrito por":"","Tiempo de lectura":"1 minuto"},"schema":{"@context":"https:\/\/schema.org","@graph":[{"@type":"Article","@id":"https:\/\/vamosporlaliberacion.org\/crpmlm\/gran-despliegue-de-la-juventud-en-caba\/#article","isPartOf":{"@id":"https:\/\/vamosporlaliberacion.org\/crpmlm\/gran-despliegue-de-la-juventud-en-caba\/"},"author":{"name":"","@id":""},"headline":"Gran despliegue de la Juventud en CABA","datePublished":"2017-06-01T23:49:15+00:00","dateModified":"2018-04-04T14:18:16+00:00","mainEntityOfPage":{"@id":"https:\/\/vamosporlaliberacion.org\/crpmlm\/gran-despliegue-de-la-juventud-en-caba\/"},"wordCount":197,"commentCount":0,"image":{"@id":"https:\/\/vamosporlaliberacion.org\/crpmlm\/gran-despliegue-de-la-juventud-en-caba\/#primaryimage"},"thumbnailUrl":"https:\/\/i0.wp.com\/vamosporlaliberacion.org\/crpmlm\/wp-content\/uploads\/2017\/06\/IMG_0968.jpg?fit=800%2C533&ssl=1","keywords":["CABA","Prensa","vxl 98"],"articleSection":["Noticias"],"inLanguage":"es","potentialAction":[{"@type":"CommentAction","name":"Comment","target":["https:\/\/vamosporlaliberacion.org\/crpmlm\/gran-despliegue-de-la-juventud-en-caba\/#respond"]}]},{"@type":"WebPage","@id":"https:\/\/vamosporlaliberacion.org\/crpmlm\/gran-despliegue-de-la-juventud-en-caba\/","url":"https:\/\/vamosporlaliberacion.org\/crpmlm\/gran-despliegue-de-la-juventud-en-caba\/","name":"Gran despliegue de la Juventud en CABA - Vamos por la Liberaci\u00f3n","isPartOf":{"@id":"https:\/\/vamosporlaliberacion.org\/crpmlm\/#website"},"primaryImageOfPage":{"@id":"https:\/\/vamosporlaliberacion.org\/crpmlm\/gran-despliegue-de-la-juventud-en-caba\/#primaryimage"},"image":{"@id":"https:\/\/vamosporlaliberacion.org\/crpmlm\/gran-despliegue-de-la-juventud-en-caba\/#primaryimage"},"thumbnailUrl":"https:\/\/i0.wp.com\/vamosporlaliberacion.org\/crpmlm\/wp-content\/uploads\/2017\/06\/IMG_0968.jpg?fit=800%2C533&ssl=1","datePublished":"2017-06-01T23:49:15+00:00","dateModified":"2018-04-04T14:18:16+00:00","author":{"@id":""},"breadcrumb":{"@id":"https:\/\/vamosporlaliberacion.org\/crpmlm\/gran-despliegue-de-la-juventud-en-caba\/#breadcrumb"},"inLanguage":"es","potentialAction":[{"@type":"ReadAction","target":["https:\/\/vamosporlaliberacion.org\/crpmlm\/gran-despliegue-de-la-juventud-en-caba\/"]}]},{"@type":"ImageObject","inLanguage":"es","@id":"https:\/\/vamosporlaliberacion.org\/crpmlm\/gran-despliegue-de-la-juventud-en-caba\/#primaryimage","url":"https:\/\/i0.wp.com\/vamosporlaliberacion.org\/crpmlm\/wp-content\/uploads\/2017\/06\/IMG_0968.jpg?fit=800%2C533&ssl=1","contentUrl":"https:\/\/i0.wp.com\/vamosporlaliberacion.org\/crpmlm\/wp-content\/uploads\/2017\/06\/IMG_0968.jpg?fit=800%2C533&ssl=1","width":800,"height":533},{"@type":"BreadcrumbList","@id":"https:\/\/vamosporlaliberacion.org\/crpmlm\/gran-despliegue-de-la-juventud-en-caba\/#breadcrumb","itemListElement":[{"@type":"ListItem","position":1,"name":"Portada","item":"https:\/\/vamosporlaliberacion.org\/crpmlm\/"},{"@type":"ListItem","position":2,"name":"Gran despliegue de la Juventud en CABA"}]},{"@type":"WebSite","@id":"https:\/\/vamosporlaliberacion.org\/crpmlm\/#website","url":"https:\/\/vamosporlaliberacion.org\/crpmlm\/","name":"Vamos por la Liberaci\u00f3n","description":"Prensa CR","potentialAction":[{"@type":"SearchAction","target":{"@type":"EntryPoint","urlTemplate":"https:\/\/vamosporlaliberacion.org\/crpmlm\/?s={search_term_string}"},"query-input":{"@type":"PropertyValueSpecification","valueRequired":true,"valueName":"search_term_string"}}],"inLanguage":"es"},{"@type":"Person","@id":"","url":"http:\/\/vamosporlaliberacion.org\/crpmlm\/author\/"}]}},"jetpack_featured_media_url":"https:\/\/i0.wp.com\/vamosporlaliberacion.org\/crpmlm\/wp-content\/uploads\/2017\/06\/IMG_0968.jpg?fit=800%2C533&ssl=1","jetpack_sharing_enabled":true,"_links":{"self":[{"href":"http:\/\/vamosporlaliberacion.org\/crpmlm\/wp-json\/wp\/v2\/posts\/9434","targetHints":{"allow":["GET"]}}],"collection":[{"href":"http:\/\/vamosporlaliberacion.org\/crpmlm\/wp-json\/wp\/v2\/posts"}],"about":[{"href":"http:\/\/vamosporlaliberacion.org\/crpmlm\/wp-json\/wp\/v2\/types\/post"}],"author":[{"embeddable":true,"href":"http:\/\/vamosporlaliberacion.org\/crpmlm\/wp-json\/wp\/v2\/users\/5"}],"replies":[{"embeddable":true,"href":"http:\/\/vamosporlaliberacion.org\/crpmlm\/wp-json\/wp\/v2\/comments?post=9434"}],"version-history":[{"count":0,"href":"http:\/\/vamosporlaliberacion.org\/crpmlm\/wp-json\/wp\/v2\/posts\/9434\/revisions"}],"wp:featuredmedia":[{"embeddable":true,"href":"http:\/\/vamosporlaliberacion.org\/crpmlm\/wp-json\/wp\/v2\/media\/9435"}],"wp:attachment":[{"href":"http:\/\/vamosporlaliberacion.org\/crpmlm\/wp-json\/wp\/v2\/media?parent=9434"}],"wp:term":[{"taxonomy":"category","embeddable":true,"href":"http:\/\/vamosporlaliberacion.org\/crpmlm\/wp-json\/wp\/v2\/categories?post=9434"},{"taxonomy":"post_tag","embeddable":true,"href":"http:\/\/vamosporlaliberacion.org\/crpmlm\/wp-json\/wp\/v2\/tags?post=9434"}],"curies":[{"name":"wp","href":"https:\/\/api.w.org\/{rel}","templated":true}]}}