{"id":9082,"date":"2017-04-19T18:30:33","date_gmt":"2017-04-19T21:30:33","guid":{"rendered":"http:\/\/vamosporlaliberacion.org\/crpmlm\/?p=9082"},"modified":"2017-04-19T18:30:33","modified_gmt":"2017-04-19T21:30:33","slug":"quienes-ganan-con-la-economia-m","status":"publish","type":"post","link":"http:\/\/vamosporlaliberacion.org\/crpmlm\/quienes-ganan-con-la-economia-m\/","title":{"rendered":"\u00bfQui\u00e9nes ganan con la econom\u00eda M?"},"content":{"rendered":"<p class=\"Parrafo-inicial\"><span class=\"char-style-override-17\">\u201c<\/span><span class=\"char-style-override-4\">E<\/span>l campo es el gran motor que tiene la Argentina\u201d es la frase que repite y repite Macri. Destaca as\u00ed lo poco que puede balancear en t\u00e9rminos econ\u00f3micos: la cosecha de soja y trigo que llevaron a un aumento de las exportaciones en 2016. Grafica adem\u00e1s su visi\u00f3n econ\u00f3mica para el pa\u00eds, buscando sembrar ilusiones en que la producci\u00f3n agropecuaria pueda compensar la ca\u00edda estrepitosa de la producci\u00f3n industrial y \u201csacar a flote\u201d los n\u00fameros del PBI.<\/p>\n<p class=\"Texto-base\">Este resultado no es casual. Desde el comienzo de su mandato, adopt\u00f3 medidas para beneficiar al sector agroexportador: devaluaci\u00f3n del 60%, reducci\u00f3n de retenciones a la soja y eliminaci\u00f3n de retenciones al resto de los productos agropecuarios. Garantiz\u00f3 as\u00ed principalmente un salto en las ganancias de terratenientes, pooles y monopolios exportadores. Macri agreg\u00f3 un matiz para aggiornar el cl\u00e1sico lema de la oligarqu\u00eda argentina de principios del siglo 20: \u201cpasar de ser el granero del mundo a ser el supermercado del mundo\u201d, insiste. La consigna nos muestra como un pa\u00eds exportador de productos de origen agropecuario, buscando algo de valor agregado en la cadena productiva. Mantiene el centro de la econom\u00eda en la producci\u00f3n para el mercado externo y no para el mercado interno.<\/p>\n<p class=\"Texto-base\">De este modo no es de extra\u00f1ar el panorama concreto con que nos encontramos: una clara pol\u00edtica de desindustrializaci\u00f3n y acentuaci\u00f3n de la matriz agroexportadora de la econom\u00eda argentina, con ca\u00edda del consumo interno, aumento de la desocupaci\u00f3n y la pobreza. Una pol\u00edtica que adem\u00e1s no saca de la crisis a las econom\u00edas regionales, como muestran los casos de la fruta, la leche, la olivicultura, o los yerbateros.<\/p>\n<p class=\"Subt-tulo\"><strong>\u201cLluvia de inversiones&#8230;\u201d<\/strong><\/p>\n<p class=\"Texto-base\">El otro <span class=\"char-style-override-18\">hashtag<\/span> del relato M es la \u201clluvia de inversiones extranjeras\u201d presentado como factor de crecimiento econ\u00f3mico y reactivaci\u00f3n del sector industrial. Para alentar la inversi\u00f3n de capital extranjero, devalu\u00f3 el peso e impuls\u00f3 una baja del \u201ccosto laboral\u201d. Su primer \u201clogro\u201d fue reducir durante el primer a\u00f1o un 15% los salarios medidos en d\u00f3lares. A esto agreg\u00f3 el convenio petrolero de Vaca Muerta como modelo a seguir y la reforma del r\u00e9gimen de ART\u2019s. Y liber\u00f3 a\u00fan m\u00e1s las importaciones eliminando las DJAI y quitando aranceles. Aun as\u00ed, la \u201clluvia de inversiones\u201d no lleg\u00f3.<\/p>\n<p class=\"Texto-base\">Como mencionamos en <span class=\"char-style-override-18\">Vamos!<\/span> N\u00ba90, seg\u00fan la consultora FIEL el costo de la hora de trabajo promedio en Argentina baj\u00f3 de 16,37 a 15,09 d\u00f3lares en 2016. Pero en Brasil se ubica en 10,56 d\u00f3lares, en M\u00e9xico 6,82 d\u00f3lares y en Taiw\u00e1n 7,65 d\u00f3lares. Evidentemente, para un monopolio que se propone producir para exportar es m\u00e1s rentable invertir en otro pa\u00eds. Incluso si pretende vender sus productos en Argentina, ya que el gobierno profundiza la libre importaci\u00f3n. Algunos sectores piden m\u00e1s devaluaci\u00f3n, pero provocar\u00edan un nuevo salto de la inflaci\u00f3n y un proceso de devaluaci\u00f3n continua.<\/p>\n<p class=\"Texto-base\">El \u00edmpetu del gobierno por reducir los costos y frenar la inflaci\u00f3n llev\u00f3 a la ca\u00edda del poder adquisitivo de los asalariados, baja del consumo y achicamiento del mercado interno. Y en un contexto mundial de crisis econ\u00f3mica, tampoco hay expectativas de aumento de exportaciones industriales. De este modo, mientras el Banco Central sigue subiendo las tasas de inter\u00e9s, ya un 40% de la capacidad productiva instalada est\u00e1 ociosa, afectando particularmente a la industria nacional y especialmente a los trabajadores despedidos o suspendidos.<\/p>\n<p class=\"Texto-base\">Entonces, la \u201clluvia\u201d promovida por el gobierno es en realidad un proyecto de superexplotaci\u00f3n, empobrecimiento y en detrimento de la industria nacional. Una econom\u00eda destinada a nutrir el \u201csupermercado del mundo\u201d y no el \u201csupermercado de los argentinos\u201d, que ven caer sus empleos y su poder adquisitivo. Ya lo hab\u00eda anticipado Gonz\u00e1les Fraga, el presidente del Banco Naci\u00f3n, en pol\u00e9mica con el ciclo econ\u00f3mico anterior: \u201cle hiciste creer a un empleado medio que su sueldo serv\u00eda para comprar celulares, plasmas, autos, motos e irse al exterior\u201d. De una forma u otra, el camino de crecimiento con inversiones externas contribuye al saqueo imperialista a los pa\u00edses dependientes, tal como se evidencia en las abultadas ganancias que los monopolios se siguen llevando a sus casas matrices. Pero Macri ni siquiera logra una reactivaci\u00f3n sobre la base de m\u00e1s dependencia.<\/p>\n<p class=\"Subt-tulo\"><strong>Entre la industrializaci\u00f3n dependiente y la recesi\u00f3n<\/strong><\/p>\n<p class=\"Texto-base\">Argentina viene de un ciclo econ\u00f3mico, el del kirchnerismo, que se caracteriz\u00f3 por varios a\u00f1os de industrializaci\u00f3n dependiente. Las importaciones crecientes de productos para el consumo y de insumos para la industria se fue financiando con los d\u00f3lares de la exportaci\u00f3n de soja y otros commodities. Los \u00faltimos a\u00f1os del gobierno de CKF mostraron el techo de este ciclo \u2013proceso que no es nuevo en la historia de la dependencia argentina y que lleva en general a insuficiencia de d\u00f3lares y crisis en la balanza de pagos\u2013. Factores como la ca\u00edda de los precios de los commodities y la ca\u00edda de las exportaciones por la situaci\u00f3n econ\u00f3mica de China y Brasil aceleraron la escasez de d\u00f3lares que una econom\u00eda dependiente consume para la importaci\u00f3n, para la remesa de utilidades de monopolios imperialistas y para el pago de deuda externa. As\u00ed se fue estancando la actividad econ\u00f3mica, se multiplic\u00f3 la inflaci\u00f3n, comenz\u00f3 a caer el salario real, y se vaciaron las reservas del Banco Central.<\/p>\n<p class=\"Texto-base\">De esta crisis el macrismo busc\u00f3 salir con pol\u00edticas recesivas y endeudamiento r\u00e9cord para equilibrar las cuentas exteriores, subsanar la falta de d\u00f3lares y tratar de contener la inflaci\u00f3n, abriendo paso al proceso de desindustrializaci\u00f3n y ca\u00edda del consumo interno. Porque con la liberaci\u00f3n de importaciones \u2013que ya mostr\u00f3 sus consecuencias en textil, calzado y electr\u00f3nica\u2013 no se logra una industria m\u00e1s competitiva sino lisa y llanamente la destrucci\u00f3n de lo que sobrevive. El libremercado no lleva al desarrollo nacional sino a la monopolizaci\u00f3n imperialista.<\/p>\n<p class=\"Texto-base\">Del p\u00e9ndulo que lleva de los ciclos de industrializaci\u00f3n dependiente con crisis del sector externo a los ciclos de recesi\u00f3n con desempleo y ca\u00edda de la actividad econ\u00f3mica s\u00f3lo se puede salir rompiendo la dependencia. En lugar de enfriar el consumo, se debe impulsar una pol\u00edtica de defensa y desarrollo independiente de la industria nacional. En lugar de abrir las importaciones, se debe regular el comercio exterior. Dado que en el corto plazo no se puede lograr un super\u00e1vit comercial industrial, es necesario aprovechar las divisas de las exportaciones para reinvertir en industria (insumos, maquinarias, etc.). Una pol\u00edtica soberana necesita entonces implementar retenciones diferenciadas y refundar una Junta Nacional de Granos. E imponer un impuestazo a monopolios, terratenientes y bancos. Todas medidas que contribuyen a dar respuesta a las urgencias populares y son parte de un camino liberador.<\/p>\n<p class=\"Texto-base\">\n<!-- AddThis Advanced Settings generic via filter on the_content --><!-- AddThis Share Buttons generic via filter on the_content -->","protected":false},"excerpt":{"rendered":"<p>\u201cEl campo es el gran motor que tiene la Argentina\u201d es la frase que repite y repite Macri. Destaca as\u00ed lo poco que puede balancear en t\u00e9rminos econ\u00f3micos: la cosecha de soja y trigo que llevaron a un aumento de las exportaciones en 2016. Grafica adem\u00e1s su visi\u00f3n econ\u00f3mica para el pa\u00eds, buscando sembrar ilusiones [&hellip;]<!-- AddThis Advanced Settings generic via filter on get_the_excerpt --><!-- AddThis Share Buttons generic via filter on get_the_excerpt --><\/p>\n","protected":false},"author":5,"featured_media":9053,"comment_status":"open","ping_status":"open","sticky":false,"template":"","format":"standard","meta":{"_jetpack_memberships_contains_paid_content":false,"footnotes":""},"categories":[1699],"tags":[667,962],"class_list":{"0":"post-9082","1":"post","2":"type-post","3":"status-publish","4":"format-standard","5":"has-post-thumbnail","7":"category-noticias","8":"tag-recesion","9":"tag-vxl-95"},"yoast_head":"<!-- This site is optimized with the Yoast SEO plugin v27.4 - https:\/\/yoast.com\/product\/yoast-seo-wordpress\/ -->\n<title>\u00bfQui\u00e9nes ganan con la econom\u00eda M? - Vamos por la Liberaci\u00f3n<\/title>\n<meta name=\"robots\" content=\"index, follow, max-snippet:-1, max-image-preview:large, max-video-preview:-1\" \/>\n<link rel=\"canonical\" href=\"http:\/\/vamosporlaliberacion.org\/crpmlm\/quienes-ganan-con-la-economia-m\/\" \/>\n<meta name=\"twitter:label1\" content=\"Escrito por\" \/>\n\t<meta name=\"twitter:data1\" content=\"\" \/>\n\t<meta name=\"twitter:label2\" content=\"Tiempo de lectura\" \/>\n\t<meta name=\"twitter:data2\" content=\"6 minutos\" \/>\n<script type=\"application\/ld+json\" class=\"yoast-schema-graph\">{\"@context\":\"https:\\\/\\\/schema.org\",\"@graph\":[{\"@type\":\"Article\",\"@id\":\"http:\\\/\\\/vamosporlaliberacion.org\\\/crpmlm\\\/quienes-ganan-con-la-economia-m\\\/#article\",\"isPartOf\":{\"@id\":\"http:\\\/\\\/vamosporlaliberacion.org\\\/crpmlm\\\/quienes-ganan-con-la-economia-m\\\/\"},\"author\":{\"name\":\"\",\"@id\":\"\"},\"headline\":\"\u00bfQui\u00e9nes ganan con la econom\u00eda M?\",\"datePublished\":\"2017-04-19T21:30:33+00:00\",\"mainEntityOfPage\":{\"@id\":\"http:\\\/\\\/vamosporlaliberacion.org\\\/crpmlm\\\/quienes-ganan-con-la-economia-m\\\/\"},\"wordCount\":1180,\"commentCount\":0,\"image\":{\"@id\":\"http:\\\/\\\/vamosporlaliberacion.org\\\/crpmlm\\\/quienes-ganan-con-la-economia-m\\\/#primaryimage\"},\"thumbnailUrl\":\"https:\\\/\\\/i0.wp.com\\\/vamosporlaliberacion.org\\\/crpmlm\\\/wp-content\\\/uploads\\\/2017\\\/04\\\/HkfuUNlqEl_930x525.jpg?fit=930%2C525&ssl=1\",\"keywords\":[\"recesi\u00f3n\",\"vxl 95\"],\"articleSection\":[\"Noticias\"],\"inLanguage\":\"es\",\"potentialAction\":[{\"@type\":\"CommentAction\",\"name\":\"Comment\",\"target\":[\"http:\\\/\\\/vamosporlaliberacion.org\\\/crpmlm\\\/quienes-ganan-con-la-economia-m\\\/#respond\"]}]},{\"@type\":\"WebPage\",\"@id\":\"http:\\\/\\\/vamosporlaliberacion.org\\\/crpmlm\\\/quienes-ganan-con-la-economia-m\\\/\",\"url\":\"http:\\\/\\\/vamosporlaliberacion.org\\\/crpmlm\\\/quienes-ganan-con-la-economia-m\\\/\",\"name\":\"\u00bfQui\u00e9nes ganan con la econom\u00eda M? - Vamos por la Liberaci\u00f3n\",\"isPartOf\":{\"@id\":\"https:\\\/\\\/vamosporlaliberacion.org\\\/crpmlm\\\/#website\"},\"primaryImageOfPage\":{\"@id\":\"http:\\\/\\\/vamosporlaliberacion.org\\\/crpmlm\\\/quienes-ganan-con-la-economia-m\\\/#primaryimage\"},\"image\":{\"@id\":\"http:\\\/\\\/vamosporlaliberacion.org\\\/crpmlm\\\/quienes-ganan-con-la-economia-m\\\/#primaryimage\"},\"thumbnailUrl\":\"https:\\\/\\\/i0.wp.com\\\/vamosporlaliberacion.org\\\/crpmlm\\\/wp-content\\\/uploads\\\/2017\\\/04\\\/HkfuUNlqEl_930x525.jpg?fit=930%2C525&ssl=1\",\"datePublished\":\"2017-04-19T21:30:33+00:00\",\"author\":{\"@id\":\"\"},\"breadcrumb\":{\"@id\":\"http:\\\/\\\/vamosporlaliberacion.org\\\/crpmlm\\\/quienes-ganan-con-la-economia-m\\\/#breadcrumb\"},\"inLanguage\":\"es\",\"potentialAction\":[{\"@type\":\"ReadAction\",\"target\":[\"http:\\\/\\\/vamosporlaliberacion.org\\\/crpmlm\\\/quienes-ganan-con-la-economia-m\\\/\"]}]},{\"@type\":\"ImageObject\",\"inLanguage\":\"es\",\"@id\":\"http:\\\/\\\/vamosporlaliberacion.org\\\/crpmlm\\\/quienes-ganan-con-la-economia-m\\\/#primaryimage\",\"url\":\"https:\\\/\\\/i0.wp.com\\\/vamosporlaliberacion.org\\\/crpmlm\\\/wp-content\\\/uploads\\\/2017\\\/04\\\/HkfuUNlqEl_930x525.jpg?fit=930%2C525&ssl=1\",\"contentUrl\":\"https:\\\/\\\/i0.wp.com\\\/vamosporlaliberacion.org\\\/crpmlm\\\/wp-content\\\/uploads\\\/2017\\\/04\\\/HkfuUNlqEl_930x525.jpg?fit=930%2C525&ssl=1\",\"width\":930,\"height\":525},{\"@type\":\"BreadcrumbList\",\"@id\":\"http:\\\/\\\/vamosporlaliberacion.org\\\/crpmlm\\\/quienes-ganan-con-la-economia-m\\\/#breadcrumb\",\"itemListElement\":[{\"@type\":\"ListItem\",\"position\":1,\"name\":\"Portada\",\"item\":\"https:\\\/\\\/vamosporlaliberacion.org\\\/crpmlm\\\/\"},{\"@type\":\"ListItem\",\"position\":2,\"name\":\"\u00bfQui\u00e9nes ganan con la econom\u00eda M?\"}]},{\"@type\":\"WebSite\",\"@id\":\"https:\\\/\\\/vamosporlaliberacion.org\\\/crpmlm\\\/#website\",\"url\":\"https:\\\/\\\/vamosporlaliberacion.org\\\/crpmlm\\\/\",\"name\":\"Vamos por la Liberaci\u00f3n\",\"description\":\"Prensa CR\",\"potentialAction\":[{\"@type\":\"SearchAction\",\"target\":{\"@type\":\"EntryPoint\",\"urlTemplate\":\"https:\\\/\\\/vamosporlaliberacion.org\\\/crpmlm\\\/?s={search_term_string}\"},\"query-input\":{\"@type\":\"PropertyValueSpecification\",\"valueRequired\":true,\"valueName\":\"search_term_string\"}}],\"inLanguage\":\"es\"},{\"@type\":\"Person\",\"@id\":\"\",\"url\":\"http:\\\/\\\/vamosporlaliberacion.org\\\/crpmlm\\\/author\\\/\"}]}<\/script>\n<!-- \/ Yoast SEO plugin. -->","yoast_head_json":{"title":"\u00bfQui\u00e9nes ganan con la econom\u00eda M? - Vamos por la Liberaci\u00f3n","robots":{"index":"index","follow":"follow","max-snippet":"max-snippet:-1","max-image-preview":"max-image-preview:large","max-video-preview":"max-video-preview:-1"},"canonical":"http:\/\/vamosporlaliberacion.org\/crpmlm\/quienes-ganan-con-la-economia-m\/","twitter_misc":{"Escrito por":"","Tiempo de lectura":"6 minutos"},"schema":{"@context":"https:\/\/schema.org","@graph":[{"@type":"Article","@id":"http:\/\/vamosporlaliberacion.org\/crpmlm\/quienes-ganan-con-la-economia-m\/#article","isPartOf":{"@id":"http:\/\/vamosporlaliberacion.org\/crpmlm\/quienes-ganan-con-la-economia-m\/"},"author":{"name":"","@id":""},"headline":"\u00bfQui\u00e9nes ganan con la econom\u00eda M?","datePublished":"2017-04-19T21:30:33+00:00","mainEntityOfPage":{"@id":"http:\/\/vamosporlaliberacion.org\/crpmlm\/quienes-ganan-con-la-economia-m\/"},"wordCount":1180,"commentCount":0,"image":{"@id":"http:\/\/vamosporlaliberacion.org\/crpmlm\/quienes-ganan-con-la-economia-m\/#primaryimage"},"thumbnailUrl":"https:\/\/i0.wp.com\/vamosporlaliberacion.org\/crpmlm\/wp-content\/uploads\/2017\/04\/HkfuUNlqEl_930x525.jpg?fit=930%2C525&ssl=1","keywords":["recesi\u00f3n","vxl 95"],"articleSection":["Noticias"],"inLanguage":"es","potentialAction":[{"@type":"CommentAction","name":"Comment","target":["http:\/\/vamosporlaliberacion.org\/crpmlm\/quienes-ganan-con-la-economia-m\/#respond"]}]},{"@type":"WebPage","@id":"http:\/\/vamosporlaliberacion.org\/crpmlm\/quienes-ganan-con-la-economia-m\/","url":"http:\/\/vamosporlaliberacion.org\/crpmlm\/quienes-ganan-con-la-economia-m\/","name":"\u00bfQui\u00e9nes ganan con la econom\u00eda M? - Vamos por la Liberaci\u00f3n","isPartOf":{"@id":"https:\/\/vamosporlaliberacion.org\/crpmlm\/#website"},"primaryImageOfPage":{"@id":"http:\/\/vamosporlaliberacion.org\/crpmlm\/quienes-ganan-con-la-economia-m\/#primaryimage"},"image":{"@id":"http:\/\/vamosporlaliberacion.org\/crpmlm\/quienes-ganan-con-la-economia-m\/#primaryimage"},"thumbnailUrl":"https:\/\/i0.wp.com\/vamosporlaliberacion.org\/crpmlm\/wp-content\/uploads\/2017\/04\/HkfuUNlqEl_930x525.jpg?fit=930%2C525&ssl=1","datePublished":"2017-04-19T21:30:33+00:00","author":{"@id":""},"breadcrumb":{"@id":"http:\/\/vamosporlaliberacion.org\/crpmlm\/quienes-ganan-con-la-economia-m\/#breadcrumb"},"inLanguage":"es","potentialAction":[{"@type":"ReadAction","target":["http:\/\/vamosporlaliberacion.org\/crpmlm\/quienes-ganan-con-la-economia-m\/"]}]},{"@type":"ImageObject","inLanguage":"es","@id":"http:\/\/vamosporlaliberacion.org\/crpmlm\/quienes-ganan-con-la-economia-m\/#primaryimage","url":"https:\/\/i0.wp.com\/vamosporlaliberacion.org\/crpmlm\/wp-content\/uploads\/2017\/04\/HkfuUNlqEl_930x525.jpg?fit=930%2C525&ssl=1","contentUrl":"https:\/\/i0.wp.com\/vamosporlaliberacion.org\/crpmlm\/wp-content\/uploads\/2017\/04\/HkfuUNlqEl_930x525.jpg?fit=930%2C525&ssl=1","width":930,"height":525},{"@type":"BreadcrumbList","@id":"http:\/\/vamosporlaliberacion.org\/crpmlm\/quienes-ganan-con-la-economia-m\/#breadcrumb","itemListElement":[{"@type":"ListItem","position":1,"name":"Portada","item":"https:\/\/vamosporlaliberacion.org\/crpmlm\/"},{"@type":"ListItem","position":2,"name":"\u00bfQui\u00e9nes ganan con la econom\u00eda M?"}]},{"@type":"WebSite","@id":"https:\/\/vamosporlaliberacion.org\/crpmlm\/#website","url":"https:\/\/vamosporlaliberacion.org\/crpmlm\/","name":"Vamos por la Liberaci\u00f3n","description":"Prensa CR","potentialAction":[{"@type":"SearchAction","target":{"@type":"EntryPoint","urlTemplate":"https:\/\/vamosporlaliberacion.org\/crpmlm\/?s={search_term_string}"},"query-input":{"@type":"PropertyValueSpecification","valueRequired":true,"valueName":"search_term_string"}}],"inLanguage":"es"},{"@type":"Person","@id":"","url":"http:\/\/vamosporlaliberacion.org\/crpmlm\/author\/"}]}},"jetpack_featured_media_url":"https:\/\/i0.wp.com\/vamosporlaliberacion.org\/crpmlm\/wp-content\/uploads\/2017\/04\/HkfuUNlqEl_930x525.jpg?fit=930%2C525&ssl=1","jetpack_sharing_enabled":true,"_links":{"self":[{"href":"http:\/\/vamosporlaliberacion.org\/crpmlm\/wp-json\/wp\/v2\/posts\/9082","targetHints":{"allow":["GET"]}}],"collection":[{"href":"http:\/\/vamosporlaliberacion.org\/crpmlm\/wp-json\/wp\/v2\/posts"}],"about":[{"href":"http:\/\/vamosporlaliberacion.org\/crpmlm\/wp-json\/wp\/v2\/types\/post"}],"author":[{"embeddable":true,"href":"http:\/\/vamosporlaliberacion.org\/crpmlm\/wp-json\/wp\/v2\/users\/5"}],"replies":[{"embeddable":true,"href":"http:\/\/vamosporlaliberacion.org\/crpmlm\/wp-json\/wp\/v2\/comments?post=9082"}],"version-history":[{"count":0,"href":"http:\/\/vamosporlaliberacion.org\/crpmlm\/wp-json\/wp\/v2\/posts\/9082\/revisions"}],"wp:featuredmedia":[{"embeddable":true,"href":"http:\/\/vamosporlaliberacion.org\/crpmlm\/wp-json\/wp\/v2\/media\/9053"}],"wp:attachment":[{"href":"http:\/\/vamosporlaliberacion.org\/crpmlm\/wp-json\/wp\/v2\/media?parent=9082"}],"wp:term":[{"taxonomy":"category","embeddable":true,"href":"http:\/\/vamosporlaliberacion.org\/crpmlm\/wp-json\/wp\/v2\/categories?post=9082"},{"taxonomy":"post_tag","embeddable":true,"href":"http:\/\/vamosporlaliberacion.org\/crpmlm\/wp-json\/wp\/v2\/tags?post=9082"}],"curies":[{"name":"wp","href":"https:\/\/api.w.org\/{rel}","templated":true}]}}