{"id":9080,"date":"2017-04-19T18:27:09","date_gmt":"2017-04-19T21:27:09","guid":{"rendered":"http:\/\/vamosporlaliberacion.org\/crpmlm\/?p=9080"},"modified":"2018-04-04T11:33:28","modified_gmt":"2018-04-04T14:33:28","slug":"se-lanzo-el-mes-de-la-prensa-en-el-subte","status":"publish","type":"post","link":"http:\/\/vamosporlaliberacion.org\/crpmlm\/se-lanzo-el-mes-de-la-prensa-en-el-subte\/","title":{"rendered":"Se lanz\u00f3 el mes de la prensa en el subte"},"content":{"rendered":"<p class=\"TXT-Recuadro para-style-override-18\"><span class=\"char-style-override-2\">E<\/span>n v\u00edsperas del paro nacional de 24hs, el mi\u00e9rcoles 5 de abril se hizo el lanzamiento del Mes de la Prensa en de la zona de Capital en el subte. Salieron tres grupos en tres turnos \u2013ma\u00f1ana, tarde y noche\u2013 recorriendo las estaciones, ofreciendo el Vamos! y un volante por el paro a los trabajadores de boleter\u00edas, asistencia al pasajero y de tr\u00e1fico. Se cobraron veinte diarios ese d\u00eda, a la vez que charl\u00e1bamos sobre el acuerdo en adherir al paro que estimamos en un 90% dentro del centenar de trabajadores con los que hablamos. En los grupos participaron los secretarios del partido y la juventud y compa\u00f1eros de c\u00e9lulas de otros gremios, de la juventud, adem\u00e1s de compa\u00f1eros de la comisi\u00f3n de bloqueo del subte.<\/p>\n<p class=\"TXT-Recuadro\">Te\u00f1ida la situaci\u00f3n adem\u00e1s por la quita de la personer\u00eda gremial, lo que le devolvi\u00f3 la firma en la paritaria a la UTA, se est\u00e1 transcurriendo en las negociaciones paritarias entre Metrov\u00edas-GCABA y los metrodelegados. Los trabajadores desde diciembre ya vienen cobrando un bono y suma fija de alrededor de un 10% a cuenta de paritaria. El planteo de aumento complementario retroactivo a enero es de un 35%. La empresa bajo cuerda plantea primero asimilar el bono al b\u00e1sico y posteriormente cumplir con el techo del gobierno nacional del 20%. Esto en concreto significar\u00eda un 32%.<\/p>\n<p class=\"TXT-Recuadro\">La planificaci\u00f3n en las c\u00e9lulas y el comit\u00e9 en cuanto a objetivo aprobado de cada organismo se complet\u00f3 al momento del lanzamiento, significando un incremento de alrededor de 25% con respecto a lo cumplido el a\u00f1o pasado en el Partido y la Juventud. La juventud arranc\u00f3 un n\u00famero adelantado de manera de poder preparar y realizar luego la colecta financiera antes del receso invernal y ha superado su propio objetivo en el cierre de su primer n\u00famero, lo que implic\u00f3 un gran n\u00famero de diarios en la universidad, los profesorados y secundarios.<\/p>\n<p class=\"TXT-Recuadro\">El eje pol\u00edtico de debate para la pelea por ampliar las listas y la difusi\u00f3n se bas\u00f3 en la ampliaci\u00f3n del frente \u00fanico entre los trabajadores y el pueblo que impone la llegada de Macri al gobierno y de su pol\u00edtica abiertamente reaccionaria. Esto se ha puesto a\u00fan m\u00e1s de manifiesto con el 18% de techo, la lucha docente, la movilizaci\u00f3n del 7 y el paro del 6 de abril. Este estado de \u00e1nimo lo hemos recogido tambi\u00e9n con los piqueteros el 7, en la Marcha del Federal Educativa y cada movilizaci\u00f3n de masas.<\/p>\n<!-- AddThis Advanced Settings generic via filter on the_content --><!-- AddThis Share Buttons generic via filter on the_content -->","protected":false},"excerpt":{"rendered":"<p>En v\u00edsperas del paro nacional de 24hs, el mi\u00e9rcoles 5 de abril se hizo el lanzamiento del Mes de la Prensa en de la zona de Capital en el subte. Salieron tres grupos en tres turnos \u2013ma\u00f1ana, tarde y noche\u2013 recorriendo las estaciones, ofreciendo el Vamos! y un volante por el paro a los trabajadores [&hellip;]<!-- AddThis Advanced Settings generic via filter on get_the_excerpt --><!-- AddThis Share Buttons generic via filter on get_the_excerpt --><\/p>\n","protected":false},"author":5,"featured_media":9163,"comment_status":"open","ping_status":"open","sticky":false,"template":"","format":"standard","meta":{"_jetpack_memberships_contains_paid_content":false,"footnotes":""},"categories":[1699],"tags":[45,210,962],"class_list":{"0":"post-9080","1":"post","2":"type-post","3":"status-publish","4":"format-standard","5":"has-post-thumbnail","7":"category-noticias","8":"tag-caba","9":"tag-prensa","10":"tag-vxl-95"},"yoast_head":"<!-- This site is optimized with the Yoast SEO plugin v27.4 - https:\/\/yoast.com\/product\/yoast-seo-wordpress\/ -->\n<title>Se lanz\u00f3 el mes de la prensa en el subte - Vamos por la Liberaci\u00f3n<\/title>\n<meta name=\"robots\" content=\"index, follow, max-snippet:-1, max-image-preview:large, max-video-preview:-1\" \/>\n<link rel=\"canonical\" href=\"https:\/\/vamosporlaliberacion.org\/crpmlm\/se-lanzo-el-mes-de-la-prensa-en-el-subte\/\" \/>\n<meta name=\"twitter:label1\" content=\"Escrito por\" \/>\n\t<meta name=\"twitter:data1\" content=\"\" \/>\n\t<meta name=\"twitter:label2\" content=\"Tiempo de lectura\" \/>\n\t<meta name=\"twitter:data2\" content=\"2 minutos\" \/>\n<script type=\"application\/ld+json\" class=\"yoast-schema-graph\">{\"@context\":\"https:\\\/\\\/schema.org\",\"@graph\":[{\"@type\":\"Article\",\"@id\":\"https:\\\/\\\/vamosporlaliberacion.org\\\/crpmlm\\\/se-lanzo-el-mes-de-la-prensa-en-el-subte\\\/#article\",\"isPartOf\":{\"@id\":\"https:\\\/\\\/vamosporlaliberacion.org\\\/crpmlm\\\/se-lanzo-el-mes-de-la-prensa-en-el-subte\\\/\"},\"author\":{\"name\":\"\",\"@id\":\"\"},\"headline\":\"Se lanz\u00f3 el mes de la prensa en el subte\",\"datePublished\":\"2017-04-19T21:27:09+00:00\",\"dateModified\":\"2018-04-04T14:33:28+00:00\",\"mainEntityOfPage\":{\"@id\":\"https:\\\/\\\/vamosporlaliberacion.org\\\/crpmlm\\\/se-lanzo-el-mes-de-la-prensa-en-el-subte\\\/\"},\"wordCount\":441,\"commentCount\":0,\"image\":{\"@id\":\"https:\\\/\\\/vamosporlaliberacion.org\\\/crpmlm\\\/se-lanzo-el-mes-de-la-prensa-en-el-subte\\\/#primaryimage\"},\"thumbnailUrl\":\"https:\\\/\\\/i0.wp.com\\\/vamosporlaliberacion.org\\\/crpmlm\\\/wp-content\\\/uploads\\\/2017\\\/04\\\/subte.jpg?fit=696%2C391&ssl=1\",\"keywords\":[\"CABA\",\"Prensa\",\"vxl 95\"],\"articleSection\":[\"Noticias\"],\"inLanguage\":\"es\",\"potentialAction\":[{\"@type\":\"CommentAction\",\"name\":\"Comment\",\"target\":[\"https:\\\/\\\/vamosporlaliberacion.org\\\/crpmlm\\\/se-lanzo-el-mes-de-la-prensa-en-el-subte\\\/#respond\"]}]},{\"@type\":\"WebPage\",\"@id\":\"https:\\\/\\\/vamosporlaliberacion.org\\\/crpmlm\\\/se-lanzo-el-mes-de-la-prensa-en-el-subte\\\/\",\"url\":\"https:\\\/\\\/vamosporlaliberacion.org\\\/crpmlm\\\/se-lanzo-el-mes-de-la-prensa-en-el-subte\\\/\",\"name\":\"Se lanz\u00f3 el mes de la prensa en el subte - Vamos por la Liberaci\u00f3n\",\"isPartOf\":{\"@id\":\"https:\\\/\\\/vamosporlaliberacion.org\\\/crpmlm\\\/#website\"},\"primaryImageOfPage\":{\"@id\":\"https:\\\/\\\/vamosporlaliberacion.org\\\/crpmlm\\\/se-lanzo-el-mes-de-la-prensa-en-el-subte\\\/#primaryimage\"},\"image\":{\"@id\":\"https:\\\/\\\/vamosporlaliberacion.org\\\/crpmlm\\\/se-lanzo-el-mes-de-la-prensa-en-el-subte\\\/#primaryimage\"},\"thumbnailUrl\":\"https:\\\/\\\/i0.wp.com\\\/vamosporlaliberacion.org\\\/crpmlm\\\/wp-content\\\/uploads\\\/2017\\\/04\\\/subte.jpg?fit=696%2C391&ssl=1\",\"datePublished\":\"2017-04-19T21:27:09+00:00\",\"dateModified\":\"2018-04-04T14:33:28+00:00\",\"author\":{\"@id\":\"\"},\"breadcrumb\":{\"@id\":\"https:\\\/\\\/vamosporlaliberacion.org\\\/crpmlm\\\/se-lanzo-el-mes-de-la-prensa-en-el-subte\\\/#breadcrumb\"},\"inLanguage\":\"es\",\"potentialAction\":[{\"@type\":\"ReadAction\",\"target\":[\"https:\\\/\\\/vamosporlaliberacion.org\\\/crpmlm\\\/se-lanzo-el-mes-de-la-prensa-en-el-subte\\\/\"]}]},{\"@type\":\"ImageObject\",\"inLanguage\":\"es\",\"@id\":\"https:\\\/\\\/vamosporlaliberacion.org\\\/crpmlm\\\/se-lanzo-el-mes-de-la-prensa-en-el-subte\\\/#primaryimage\",\"url\":\"https:\\\/\\\/i0.wp.com\\\/vamosporlaliberacion.org\\\/crpmlm\\\/wp-content\\\/uploads\\\/2017\\\/04\\\/subte.jpg?fit=696%2C391&ssl=1\",\"contentUrl\":\"https:\\\/\\\/i0.wp.com\\\/vamosporlaliberacion.org\\\/crpmlm\\\/wp-content\\\/uploads\\\/2017\\\/04\\\/subte.jpg?fit=696%2C391&ssl=1\",\"width\":696,\"height\":391},{\"@type\":\"BreadcrumbList\",\"@id\":\"https:\\\/\\\/vamosporlaliberacion.org\\\/crpmlm\\\/se-lanzo-el-mes-de-la-prensa-en-el-subte\\\/#breadcrumb\",\"itemListElement\":[{\"@type\":\"ListItem\",\"position\":1,\"name\":\"Portada\",\"item\":\"https:\\\/\\\/vamosporlaliberacion.org\\\/crpmlm\\\/\"},{\"@type\":\"ListItem\",\"position\":2,\"name\":\"Se lanz\u00f3 el mes de la prensa en el subte\"}]},{\"@type\":\"WebSite\",\"@id\":\"https:\\\/\\\/vamosporlaliberacion.org\\\/crpmlm\\\/#website\",\"url\":\"https:\\\/\\\/vamosporlaliberacion.org\\\/crpmlm\\\/\",\"name\":\"Vamos por la Liberaci\u00f3n\",\"description\":\"Prensa CR\",\"potentialAction\":[{\"@type\":\"SearchAction\",\"target\":{\"@type\":\"EntryPoint\",\"urlTemplate\":\"https:\\\/\\\/vamosporlaliberacion.org\\\/crpmlm\\\/?s={search_term_string}\"},\"query-input\":{\"@type\":\"PropertyValueSpecification\",\"valueRequired\":true,\"valueName\":\"search_term_string\"}}],\"inLanguage\":\"es\"},{\"@type\":\"Person\",\"@id\":\"\",\"url\":\"http:\\\/\\\/vamosporlaliberacion.org\\\/crpmlm\\\/author\\\/\"}]}<\/script>\n<!-- \/ Yoast SEO plugin. -->","yoast_head_json":{"title":"Se lanz\u00f3 el mes de la prensa en el subte - Vamos por la Liberaci\u00f3n","robots":{"index":"index","follow":"follow","max-snippet":"max-snippet:-1","max-image-preview":"max-image-preview:large","max-video-preview":"max-video-preview:-1"},"canonical":"https:\/\/vamosporlaliberacion.org\/crpmlm\/se-lanzo-el-mes-de-la-prensa-en-el-subte\/","twitter_misc":{"Escrito por":"","Tiempo de lectura":"2 minutos"},"schema":{"@context":"https:\/\/schema.org","@graph":[{"@type":"Article","@id":"https:\/\/vamosporlaliberacion.org\/crpmlm\/se-lanzo-el-mes-de-la-prensa-en-el-subte\/#article","isPartOf":{"@id":"https:\/\/vamosporlaliberacion.org\/crpmlm\/se-lanzo-el-mes-de-la-prensa-en-el-subte\/"},"author":{"name":"","@id":""},"headline":"Se lanz\u00f3 el mes de la prensa en el subte","datePublished":"2017-04-19T21:27:09+00:00","dateModified":"2018-04-04T14:33:28+00:00","mainEntityOfPage":{"@id":"https:\/\/vamosporlaliberacion.org\/crpmlm\/se-lanzo-el-mes-de-la-prensa-en-el-subte\/"},"wordCount":441,"commentCount":0,"image":{"@id":"https:\/\/vamosporlaliberacion.org\/crpmlm\/se-lanzo-el-mes-de-la-prensa-en-el-subte\/#primaryimage"},"thumbnailUrl":"https:\/\/i0.wp.com\/vamosporlaliberacion.org\/crpmlm\/wp-content\/uploads\/2017\/04\/subte.jpg?fit=696%2C391&ssl=1","keywords":["CABA","Prensa","vxl 95"],"articleSection":["Noticias"],"inLanguage":"es","potentialAction":[{"@type":"CommentAction","name":"Comment","target":["https:\/\/vamosporlaliberacion.org\/crpmlm\/se-lanzo-el-mes-de-la-prensa-en-el-subte\/#respond"]}]},{"@type":"WebPage","@id":"https:\/\/vamosporlaliberacion.org\/crpmlm\/se-lanzo-el-mes-de-la-prensa-en-el-subte\/","url":"https:\/\/vamosporlaliberacion.org\/crpmlm\/se-lanzo-el-mes-de-la-prensa-en-el-subte\/","name":"Se lanz\u00f3 el mes de la prensa en el subte - Vamos por la Liberaci\u00f3n","isPartOf":{"@id":"https:\/\/vamosporlaliberacion.org\/crpmlm\/#website"},"primaryImageOfPage":{"@id":"https:\/\/vamosporlaliberacion.org\/crpmlm\/se-lanzo-el-mes-de-la-prensa-en-el-subte\/#primaryimage"},"image":{"@id":"https:\/\/vamosporlaliberacion.org\/crpmlm\/se-lanzo-el-mes-de-la-prensa-en-el-subte\/#primaryimage"},"thumbnailUrl":"https:\/\/i0.wp.com\/vamosporlaliberacion.org\/crpmlm\/wp-content\/uploads\/2017\/04\/subte.jpg?fit=696%2C391&ssl=1","datePublished":"2017-04-19T21:27:09+00:00","dateModified":"2018-04-04T14:33:28+00:00","author":{"@id":""},"breadcrumb":{"@id":"https:\/\/vamosporlaliberacion.org\/crpmlm\/se-lanzo-el-mes-de-la-prensa-en-el-subte\/#breadcrumb"},"inLanguage":"es","potentialAction":[{"@type":"ReadAction","target":["https:\/\/vamosporlaliberacion.org\/crpmlm\/se-lanzo-el-mes-de-la-prensa-en-el-subte\/"]}]},{"@type":"ImageObject","inLanguage":"es","@id":"https:\/\/vamosporlaliberacion.org\/crpmlm\/se-lanzo-el-mes-de-la-prensa-en-el-subte\/#primaryimage","url":"https:\/\/i0.wp.com\/vamosporlaliberacion.org\/crpmlm\/wp-content\/uploads\/2017\/04\/subte.jpg?fit=696%2C391&ssl=1","contentUrl":"https:\/\/i0.wp.com\/vamosporlaliberacion.org\/crpmlm\/wp-content\/uploads\/2017\/04\/subte.jpg?fit=696%2C391&ssl=1","width":696,"height":391},{"@type":"BreadcrumbList","@id":"https:\/\/vamosporlaliberacion.org\/crpmlm\/se-lanzo-el-mes-de-la-prensa-en-el-subte\/#breadcrumb","itemListElement":[{"@type":"ListItem","position":1,"name":"Portada","item":"https:\/\/vamosporlaliberacion.org\/crpmlm\/"},{"@type":"ListItem","position":2,"name":"Se lanz\u00f3 el mes de la prensa en el subte"}]},{"@type":"WebSite","@id":"https:\/\/vamosporlaliberacion.org\/crpmlm\/#website","url":"https:\/\/vamosporlaliberacion.org\/crpmlm\/","name":"Vamos por la Liberaci\u00f3n","description":"Prensa CR","potentialAction":[{"@type":"SearchAction","target":{"@type":"EntryPoint","urlTemplate":"https:\/\/vamosporlaliberacion.org\/crpmlm\/?s={search_term_string}"},"query-input":{"@type":"PropertyValueSpecification","valueRequired":true,"valueName":"search_term_string"}}],"inLanguage":"es"},{"@type":"Person","@id":"","url":"http:\/\/vamosporlaliberacion.org\/crpmlm\/author\/"}]}},"jetpack_featured_media_url":"https:\/\/i0.wp.com\/vamosporlaliberacion.org\/crpmlm\/wp-content\/uploads\/2017\/04\/subte.jpg?fit=696%2C391&ssl=1","jetpack_sharing_enabled":true,"_links":{"self":[{"href":"http:\/\/vamosporlaliberacion.org\/crpmlm\/wp-json\/wp\/v2\/posts\/9080","targetHints":{"allow":["GET"]}}],"collection":[{"href":"http:\/\/vamosporlaliberacion.org\/crpmlm\/wp-json\/wp\/v2\/posts"}],"about":[{"href":"http:\/\/vamosporlaliberacion.org\/crpmlm\/wp-json\/wp\/v2\/types\/post"}],"author":[{"embeddable":true,"href":"http:\/\/vamosporlaliberacion.org\/crpmlm\/wp-json\/wp\/v2\/users\/5"}],"replies":[{"embeddable":true,"href":"http:\/\/vamosporlaliberacion.org\/crpmlm\/wp-json\/wp\/v2\/comments?post=9080"}],"version-history":[{"count":0,"href":"http:\/\/vamosporlaliberacion.org\/crpmlm\/wp-json\/wp\/v2\/posts\/9080\/revisions"}],"wp:featuredmedia":[{"embeddable":true,"href":"http:\/\/vamosporlaliberacion.org\/crpmlm\/wp-json\/wp\/v2\/media\/9163"}],"wp:attachment":[{"href":"http:\/\/vamosporlaliberacion.org\/crpmlm\/wp-json\/wp\/v2\/media?parent=9080"}],"wp:term":[{"taxonomy":"category","embeddable":true,"href":"http:\/\/vamosporlaliberacion.org\/crpmlm\/wp-json\/wp\/v2\/categories?post=9080"},{"taxonomy":"post_tag","embeddable":true,"href":"http:\/\/vamosporlaliberacion.org\/crpmlm\/wp-json\/wp\/v2\/tags?post=9080"}],"curies":[{"name":"wp","href":"https:\/\/api.w.org\/{rel}","templated":true}]}}