{"id":8975,"date":"2017-04-05T18:57:02","date_gmt":"2017-04-05T21:57:02","guid":{"rendered":"http:\/\/vamosporlaliberacion.org\/crpmlm\/?p=8975"},"modified":"2017-04-06T19:18:36","modified_gmt":"2017-04-06T22:18:36","slug":"despiden-un-delegado-de-ate-en-chascomus","status":"publish","type":"post","link":"http:\/\/vamosporlaliberacion.org\/crpmlm\/despiden-un-delegado-de-ate-en-chascomus\/","title":{"rendered":"Despiden un delegado de ATE en Chascom\u00fas"},"content":{"rendered":"<p class=\"Parrafo-inicial\"><span class=\"char-style-override-2\">\u201c<\/span>Mi nombre es Eber, vivo en Chascom\u00fas con mi compa\u00f1era de vida y tres hermosos hijos adolescentes, trabajaba en la municipalidad de Chascom\u00fas, elegido delegado por mis compa\u00f1eros en octubre del a\u00f1o pasado.\u201d As\u00ed comienza el mensaje en el que Eber L\u00f3pez denuncia su despido del sector de limpieza de la Municipalidad de esta ciudad bonaerense. Por tratarse de un delegado de ATE, el gremio comenz\u00f3 los procedimientos legales por su reincorporaci\u00f3n y denunci\u00f3 p\u00fablicamente el caso.<\/p>\n<p class=\"Parrafo-inicial para-style-override-31\">El telegrama que recibi\u00f3 Eber dice \u201cfin de contrato\u201d, aunque la Municipalidad le hab\u00eda autorizado la obra social IOMA hasta el 31\/12. El decreto dice que \u201cno cumpl\u00eda con las expectativas de sus capataces\u201d, pero extraoficialmente argumentaron que se trata de un \u201cagitador\u201d. En realidad, es un delegado que defiende a sus compa\u00f1eros de trabajo.<\/p>\n<p class=\"Parrafo-inicial para-style-override-31\">Cuenta Eber que a fines del a\u00f1o pasado \u201ccomenzamos la lucha por un bono de fin de a\u00f1o, lo que como objetivo no se logr\u00f3, todav\u00eda. (\u2026) Pero esto nos permiti\u00f3 un avance como clase, en el \u00e1nimo para la lucha y logrando peque\u00f1as, grandes cosas en d\u00edas posteriores, como tambi\u00e9n comenz\u00f3 una persecuci\u00f3n a los compa\u00f1eros m\u00e1s activos en la lucha\u201d. Entonces \u201cfortalecidos \u2013explica Eber\u2013 comenzamos a reclamar herramientas, mejores condiciones de trabajo, ropas, botines, guantes\u2026 par\u00e1ndoles un cami\u00f3n que no contaba con los requerimientos m\u00ednimos para circular. La lucha por el cami\u00f3n fue muy dura, discusiones muy violentas, amenazas, aprietes, pero el cami\u00f3n no se movi\u00f3 hasta que fue reparado, y con la reparaci\u00f3n, 10 d\u00edas de suspensi\u00f3n a cada uno de los que participamos del reclamo. Legalmente hicimos los descargos y a esa absurda suspensi\u00f3n no la pudieron sostener y finalmente qued\u00f3 sin efecto\u201d.<\/p>\n<p class=\"Parrafo-inicial para-style-override-31\">Luego le propusieron otro lugar de trabajo, \u201cque tiene mejores condiciones, mayor carga horaria, es decir mejor sueldo. No trabajar los s\u00e1bados ni ning\u00fan d\u00eda de lluvia\u201d. \u201cTrataron de silenciar la protesta y descomprimir\u201d, evalu\u00f3 y rechaz\u00f3 la oferta porque \u201cmis compa\u00f1eros me eligieron delegado en ese sector, en ese turno, y no los voy a dejar\u201d. Tres semanas despu\u00e9s vino el telegrama de despido.<\/p>\n<p class=\"Parrafo-inicial para-style-override-31\">Al cierre de esta edici\u00f3n se realizar\u00eda una reuni\u00f3n de ATE con el secretario de Gobierno de la Intendencia. \u201cEl intendente de Chascom\u00fas es del Frente Renovador y no se diferencia en nada de Vidal o Macri, implementando pol\u00edticas de persecuci\u00f3n a todos los que defendemos a nuestra clase y luchamos por nuestros derechos\u201d, caracteriza.<\/p>\n<p class=\"Parrafo-inicial para-style-override-31\">\u201cJunto con la bronca de mis compa\u00f1eros del corral\u00f3n, est\u00e1 el miedo a perder el trabajo y las persecuciones de los capataces, pero mis compa\u00f1eros me hacen llegar su solidaridad\u201d, cuenta. En esta campa\u00f1a ha recibido tambi\u00e9n la solidaridad de textiles, Cicop, auxiliares de Educaci\u00f3n y otras organizaciones pol\u00edticas y sociales. As\u00ed comenz\u00f3 ya la campa\u00f1a contra la persecuci\u00f3n y por la reincorporaci\u00f3n de Eber a su puesto de trabajo.<\/p>\n<p class=\"Parrafo-inicial para-style-override-33\">Corresponsal<\/p>\n<!-- AddThis Advanced Settings generic via filter on the_content --><!-- AddThis Share Buttons generic via filter on the_content -->","protected":false},"excerpt":{"rendered":"<p>\u201cMi nombre es Eber, vivo en Chascom\u00fas con mi compa\u00f1era de vida y tres hermosos hijos adolescentes, trabajaba en la municipalidad de Chascom\u00fas, elegido delegado por mis compa\u00f1eros en octubre del a\u00f1o pasado.\u201d As\u00ed comienza el mensaje en el que Eber L\u00f3pez denuncia su despido del sector de limpieza de la Municipalidad de esta ciudad [&hellip;]<!-- AddThis Advanced Settings generic via filter on get_the_excerpt --><!-- AddThis Share Buttons generic via filter on get_the_excerpt --><\/p>\n","protected":false},"author":5,"featured_media":8983,"comment_status":"open","ping_status":"open","sticky":false,"template":"","format":"standard","meta":{"_jetpack_memberships_contains_paid_content":false,"footnotes":""},"categories":[1699],"tags":[956,521,955,950],"class_list":{"0":"post-8975","1":"post","2":"type-post","3":"status-publish","4":"format-standard","5":"has-post-thumbnail","7":"category-noticias","8":"tag-chascumus","9":"tag-destacado-1","10":"tag-persecucion-gremial","11":"tag-vxl-94"},"yoast_head":"<!-- This site is optimized with the Yoast SEO plugin v27.4 - https:\/\/yoast.com\/product\/yoast-seo-wordpress\/ -->\n<title>Despiden un delegado de ATE en Chascom\u00fas - Vamos por la Liberaci\u00f3n<\/title>\n<meta name=\"robots\" content=\"index, follow, max-snippet:-1, max-image-preview:large, max-video-preview:-1\" \/>\n<link rel=\"canonical\" href=\"http:\/\/vamosporlaliberacion.org\/crpmlm\/despiden-un-delegado-de-ate-en-chascomus\/\" \/>\n<meta name=\"twitter:label1\" content=\"Escrito por\" \/>\n\t<meta name=\"twitter:data1\" content=\"\" \/>\n\t<meta name=\"twitter:label2\" content=\"Tiempo de lectura\" \/>\n\t<meta name=\"twitter:data2\" content=\"3 minutos\" \/>\n<script type=\"application\/ld+json\" class=\"yoast-schema-graph\">{\"@context\":\"https:\\\/\\\/schema.org\",\"@graph\":[{\"@type\":\"Article\",\"@id\":\"http:\\\/\\\/vamosporlaliberacion.org\\\/crpmlm\\\/despiden-un-delegado-de-ate-en-chascomus\\\/#article\",\"isPartOf\":{\"@id\":\"http:\\\/\\\/vamosporlaliberacion.org\\\/crpmlm\\\/despiden-un-delegado-de-ate-en-chascomus\\\/\"},\"author\":{\"name\":\"\",\"@id\":\"\"},\"headline\":\"Despiden un delegado de ATE en Chascom\u00fas\",\"datePublished\":\"2017-04-05T21:57:02+00:00\",\"dateModified\":\"2017-04-06T22:18:36+00:00\",\"mainEntityOfPage\":{\"@id\":\"http:\\\/\\\/vamosporlaliberacion.org\\\/crpmlm\\\/despiden-un-delegado-de-ate-en-chascomus\\\/\"},\"wordCount\":525,\"commentCount\":0,\"image\":{\"@id\":\"http:\\\/\\\/vamosporlaliberacion.org\\\/crpmlm\\\/despiden-un-delegado-de-ate-en-chascomus\\\/#primaryimage\"},\"thumbnailUrl\":\"https:\\\/\\\/i0.wp.com\\\/vamosporlaliberacion.org\\\/crpmlm\\\/wp-content\\\/uploads\\\/2017\\\/04\\\/ate-chascomus.jpg?fit=696%2C391&ssl=1\",\"keywords\":[\"Chascumus\",\"destacado 1\",\"persecuci\u00f3n gremial\",\"vxl 94\"],\"articleSection\":[\"Noticias\"],\"inLanguage\":\"es\",\"potentialAction\":[{\"@type\":\"CommentAction\",\"name\":\"Comment\",\"target\":[\"http:\\\/\\\/vamosporlaliberacion.org\\\/crpmlm\\\/despiden-un-delegado-de-ate-en-chascomus\\\/#respond\"]}]},{\"@type\":\"WebPage\",\"@id\":\"http:\\\/\\\/vamosporlaliberacion.org\\\/crpmlm\\\/despiden-un-delegado-de-ate-en-chascomus\\\/\",\"url\":\"http:\\\/\\\/vamosporlaliberacion.org\\\/crpmlm\\\/despiden-un-delegado-de-ate-en-chascomus\\\/\",\"name\":\"Despiden un delegado de ATE en Chascom\u00fas - Vamos por la Liberaci\u00f3n\",\"isPartOf\":{\"@id\":\"https:\\\/\\\/vamosporlaliberacion.org\\\/crpmlm\\\/#website\"},\"primaryImageOfPage\":{\"@id\":\"http:\\\/\\\/vamosporlaliberacion.org\\\/crpmlm\\\/despiden-un-delegado-de-ate-en-chascomus\\\/#primaryimage\"},\"image\":{\"@id\":\"http:\\\/\\\/vamosporlaliberacion.org\\\/crpmlm\\\/despiden-un-delegado-de-ate-en-chascomus\\\/#primaryimage\"},\"thumbnailUrl\":\"https:\\\/\\\/i0.wp.com\\\/vamosporlaliberacion.org\\\/crpmlm\\\/wp-content\\\/uploads\\\/2017\\\/04\\\/ate-chascomus.jpg?fit=696%2C391&ssl=1\",\"datePublished\":\"2017-04-05T21:57:02+00:00\",\"dateModified\":\"2017-04-06T22:18:36+00:00\",\"author\":{\"@id\":\"\"},\"breadcrumb\":{\"@id\":\"http:\\\/\\\/vamosporlaliberacion.org\\\/crpmlm\\\/despiden-un-delegado-de-ate-en-chascomus\\\/#breadcrumb\"},\"inLanguage\":\"es\",\"potentialAction\":[{\"@type\":\"ReadAction\",\"target\":[\"http:\\\/\\\/vamosporlaliberacion.org\\\/crpmlm\\\/despiden-un-delegado-de-ate-en-chascomus\\\/\"]}]},{\"@type\":\"ImageObject\",\"inLanguage\":\"es\",\"@id\":\"http:\\\/\\\/vamosporlaliberacion.org\\\/crpmlm\\\/despiden-un-delegado-de-ate-en-chascomus\\\/#primaryimage\",\"url\":\"https:\\\/\\\/i0.wp.com\\\/vamosporlaliberacion.org\\\/crpmlm\\\/wp-content\\\/uploads\\\/2017\\\/04\\\/ate-chascomus.jpg?fit=696%2C391&ssl=1\",\"contentUrl\":\"https:\\\/\\\/i0.wp.com\\\/vamosporlaliberacion.org\\\/crpmlm\\\/wp-content\\\/uploads\\\/2017\\\/04\\\/ate-chascomus.jpg?fit=696%2C391&ssl=1\",\"width\":696,\"height\":391},{\"@type\":\"BreadcrumbList\",\"@id\":\"http:\\\/\\\/vamosporlaliberacion.org\\\/crpmlm\\\/despiden-un-delegado-de-ate-en-chascomus\\\/#breadcrumb\",\"itemListElement\":[{\"@type\":\"ListItem\",\"position\":1,\"name\":\"Portada\",\"item\":\"https:\\\/\\\/vamosporlaliberacion.org\\\/crpmlm\\\/\"},{\"@type\":\"ListItem\",\"position\":2,\"name\":\"Despiden un delegado de ATE en Chascom\u00fas\"}]},{\"@type\":\"WebSite\",\"@id\":\"https:\\\/\\\/vamosporlaliberacion.org\\\/crpmlm\\\/#website\",\"url\":\"https:\\\/\\\/vamosporlaliberacion.org\\\/crpmlm\\\/\",\"name\":\"Vamos por la Liberaci\u00f3n\",\"description\":\"Prensa CR\",\"potentialAction\":[{\"@type\":\"SearchAction\",\"target\":{\"@type\":\"EntryPoint\",\"urlTemplate\":\"https:\\\/\\\/vamosporlaliberacion.org\\\/crpmlm\\\/?s={search_term_string}\"},\"query-input\":{\"@type\":\"PropertyValueSpecification\",\"valueRequired\":true,\"valueName\":\"search_term_string\"}}],\"inLanguage\":\"es\"},{\"@type\":\"Person\",\"@id\":\"\",\"url\":\"http:\\\/\\\/vamosporlaliberacion.org\\\/crpmlm\\\/author\\\/\"}]}<\/script>\n<!-- \/ Yoast SEO plugin. -->","yoast_head_json":{"title":"Despiden un delegado de ATE en Chascom\u00fas - Vamos por la Liberaci\u00f3n","robots":{"index":"index","follow":"follow","max-snippet":"max-snippet:-1","max-image-preview":"max-image-preview:large","max-video-preview":"max-video-preview:-1"},"canonical":"http:\/\/vamosporlaliberacion.org\/crpmlm\/despiden-un-delegado-de-ate-en-chascomus\/","twitter_misc":{"Escrito por":"","Tiempo de lectura":"3 minutos"},"schema":{"@context":"https:\/\/schema.org","@graph":[{"@type":"Article","@id":"http:\/\/vamosporlaliberacion.org\/crpmlm\/despiden-un-delegado-de-ate-en-chascomus\/#article","isPartOf":{"@id":"http:\/\/vamosporlaliberacion.org\/crpmlm\/despiden-un-delegado-de-ate-en-chascomus\/"},"author":{"name":"","@id":""},"headline":"Despiden un delegado de ATE en Chascom\u00fas","datePublished":"2017-04-05T21:57:02+00:00","dateModified":"2017-04-06T22:18:36+00:00","mainEntityOfPage":{"@id":"http:\/\/vamosporlaliberacion.org\/crpmlm\/despiden-un-delegado-de-ate-en-chascomus\/"},"wordCount":525,"commentCount":0,"image":{"@id":"http:\/\/vamosporlaliberacion.org\/crpmlm\/despiden-un-delegado-de-ate-en-chascomus\/#primaryimage"},"thumbnailUrl":"https:\/\/i0.wp.com\/vamosporlaliberacion.org\/crpmlm\/wp-content\/uploads\/2017\/04\/ate-chascomus.jpg?fit=696%2C391&ssl=1","keywords":["Chascumus","destacado 1","persecuci\u00f3n gremial","vxl 94"],"articleSection":["Noticias"],"inLanguage":"es","potentialAction":[{"@type":"CommentAction","name":"Comment","target":["http:\/\/vamosporlaliberacion.org\/crpmlm\/despiden-un-delegado-de-ate-en-chascomus\/#respond"]}]},{"@type":"WebPage","@id":"http:\/\/vamosporlaliberacion.org\/crpmlm\/despiden-un-delegado-de-ate-en-chascomus\/","url":"http:\/\/vamosporlaliberacion.org\/crpmlm\/despiden-un-delegado-de-ate-en-chascomus\/","name":"Despiden un delegado de ATE en Chascom\u00fas - Vamos por la Liberaci\u00f3n","isPartOf":{"@id":"https:\/\/vamosporlaliberacion.org\/crpmlm\/#website"},"primaryImageOfPage":{"@id":"http:\/\/vamosporlaliberacion.org\/crpmlm\/despiden-un-delegado-de-ate-en-chascomus\/#primaryimage"},"image":{"@id":"http:\/\/vamosporlaliberacion.org\/crpmlm\/despiden-un-delegado-de-ate-en-chascomus\/#primaryimage"},"thumbnailUrl":"https:\/\/i0.wp.com\/vamosporlaliberacion.org\/crpmlm\/wp-content\/uploads\/2017\/04\/ate-chascomus.jpg?fit=696%2C391&ssl=1","datePublished":"2017-04-05T21:57:02+00:00","dateModified":"2017-04-06T22:18:36+00:00","author":{"@id":""},"breadcrumb":{"@id":"http:\/\/vamosporlaliberacion.org\/crpmlm\/despiden-un-delegado-de-ate-en-chascomus\/#breadcrumb"},"inLanguage":"es","potentialAction":[{"@type":"ReadAction","target":["http:\/\/vamosporlaliberacion.org\/crpmlm\/despiden-un-delegado-de-ate-en-chascomus\/"]}]},{"@type":"ImageObject","inLanguage":"es","@id":"http:\/\/vamosporlaliberacion.org\/crpmlm\/despiden-un-delegado-de-ate-en-chascomus\/#primaryimage","url":"https:\/\/i0.wp.com\/vamosporlaliberacion.org\/crpmlm\/wp-content\/uploads\/2017\/04\/ate-chascomus.jpg?fit=696%2C391&ssl=1","contentUrl":"https:\/\/i0.wp.com\/vamosporlaliberacion.org\/crpmlm\/wp-content\/uploads\/2017\/04\/ate-chascomus.jpg?fit=696%2C391&ssl=1","width":696,"height":391},{"@type":"BreadcrumbList","@id":"http:\/\/vamosporlaliberacion.org\/crpmlm\/despiden-un-delegado-de-ate-en-chascomus\/#breadcrumb","itemListElement":[{"@type":"ListItem","position":1,"name":"Portada","item":"https:\/\/vamosporlaliberacion.org\/crpmlm\/"},{"@type":"ListItem","position":2,"name":"Despiden un delegado de ATE en Chascom\u00fas"}]},{"@type":"WebSite","@id":"https:\/\/vamosporlaliberacion.org\/crpmlm\/#website","url":"https:\/\/vamosporlaliberacion.org\/crpmlm\/","name":"Vamos por la Liberaci\u00f3n","description":"Prensa CR","potentialAction":[{"@type":"SearchAction","target":{"@type":"EntryPoint","urlTemplate":"https:\/\/vamosporlaliberacion.org\/crpmlm\/?s={search_term_string}"},"query-input":{"@type":"PropertyValueSpecification","valueRequired":true,"valueName":"search_term_string"}}],"inLanguage":"es"},{"@type":"Person","@id":"","url":"http:\/\/vamosporlaliberacion.org\/crpmlm\/author\/"}]}},"jetpack_featured_media_url":"https:\/\/i0.wp.com\/vamosporlaliberacion.org\/crpmlm\/wp-content\/uploads\/2017\/04\/ate-chascomus.jpg?fit=696%2C391&ssl=1","jetpack_sharing_enabled":true,"_links":{"self":[{"href":"http:\/\/vamosporlaliberacion.org\/crpmlm\/wp-json\/wp\/v2\/posts\/8975","targetHints":{"allow":["GET"]}}],"collection":[{"href":"http:\/\/vamosporlaliberacion.org\/crpmlm\/wp-json\/wp\/v2\/posts"}],"about":[{"href":"http:\/\/vamosporlaliberacion.org\/crpmlm\/wp-json\/wp\/v2\/types\/post"}],"author":[{"embeddable":true,"href":"http:\/\/vamosporlaliberacion.org\/crpmlm\/wp-json\/wp\/v2\/users\/5"}],"replies":[{"embeddable":true,"href":"http:\/\/vamosporlaliberacion.org\/crpmlm\/wp-json\/wp\/v2\/comments?post=8975"}],"version-history":[{"count":0,"href":"http:\/\/vamosporlaliberacion.org\/crpmlm\/wp-json\/wp\/v2\/posts\/8975\/revisions"}],"wp:featuredmedia":[{"embeddable":true,"href":"http:\/\/vamosporlaliberacion.org\/crpmlm\/wp-json\/wp\/v2\/media\/8983"}],"wp:attachment":[{"href":"http:\/\/vamosporlaliberacion.org\/crpmlm\/wp-json\/wp\/v2\/media?parent=8975"}],"wp:term":[{"taxonomy":"category","embeddable":true,"href":"http:\/\/vamosporlaliberacion.org\/crpmlm\/wp-json\/wp\/v2\/categories?post=8975"},{"taxonomy":"post_tag","embeddable":true,"href":"http:\/\/vamosporlaliberacion.org\/crpmlm\/wp-json\/wp\/v2\/tags?post=8975"}],"curies":[{"name":"wp","href":"https:\/\/api.w.org\/{rel}","templated":true}]}}