{"id":8890,"date":"2017-04-02T15:56:58","date_gmt":"2017-04-02T18:56:58","guid":{"rendered":"http:\/\/vamosporlaliberacion.org\/crpmlm\/?p=8890"},"modified":"2017-04-02T15:56:58","modified_gmt":"2017-04-02T18:56:58","slug":"paraguay-represion-fatal-para-imponer-la-reeleccion","status":"publish","type":"post","link":"http:\/\/vamosporlaliberacion.org\/crpmlm\/paraguay-represion-fatal-para-imponer-la-reeleccion\/","title":{"rendered":"Paraguay: Represi\u00f3n fatal para imponer la reelecci\u00f3n"},"content":{"rendered":"<p>Repudiamos la brutal represi\u00f3n del gobierno de Horacio Cart\u00e9s que arroj\u00f3 hasta ahora un muerto, decenas de heridos y m\u00e1s de 200 detenidos. La v\u00edctima fatal es un militante del Partido Liberal Radical Aut\u00f3nomo (PLRA) que muri\u00f3 de un disparo de arma de fuego en manos de la polic\u00eda. En la represi\u00f3n un diputado debi\u00f3 ser internado de urgencia tras ser herido por un escopetazo policial.<\/p>\n<p>La movilizaci\u00f3n se produjo en repudio al pacto para una re-elecci\u00f3n de Cart\u00e9s por parte de senadores oficialistas colorados y los senadores  disidentes del Frente Guas\u00fa \u2013que conduce el ex presidente Lugo\u2013. Tambi\u00e9n apoyaron el pacto algunos legisladores del PLRA, aunque el presidente del Senado \u2013de ese partido\u2013 se opuso. Entonces los 25 senadores que pactaron la enmienda fueron a sesionar ilegalmente a otro lugar. Los luguistas apoyaron la enmienda porque necesitan la reforma constitucional para que Lugo pueda presentarse a elecciones presidenciales (ya que la Constituci\u00f3n paraguaya no permite a ning\u00fan presidente o ex presidente volver a presentarse).<\/p>\n<p>El voto de esos 25 senadores se produjo cuando el pa\u00eds lleva unos dos meses polarizado por la propuesta oficialista prohibida por la Constituci\u00f3n Nacional. Ahora Cart\u00e9s har\u00e1 votar la enmienda el Diputados, donde pose amplia mayor\u00eda, aunque se abre una crisis institucional alrededor del reconocimiento o no de esta reforma. <\/p>\n<!-- AddThis Advanced Settings generic via filter on the_content --><!-- AddThis Share Buttons generic via filter on the_content -->","protected":false},"excerpt":{"rendered":"<p>Repudiamos la brutal represi\u00f3n del gobierno de Horacio Cart\u00e9s que arroj\u00f3 hasta ahora un muerto, decenas de heridos y m\u00e1s de 200 detenidos. La v\u00edctima fatal es un militante del Partido Liberal Radical Aut\u00f3nomo (PLRA) que muri\u00f3 de un disparo de arma de fuego en manos de la polic\u00eda. En la represi\u00f3n un diputado debi\u00f3 [&hellip;]<!-- AddThis Advanced Settings generic via filter on get_the_excerpt --><!-- AddThis Share Buttons generic via filter on get_the_excerpt --><\/p>\n","protected":false},"author":5,"featured_media":8891,"comment_status":"open","ping_status":"open","sticky":false,"template":"","format":"standard","meta":{"_jetpack_memberships_contains_paid_content":false,"footnotes":""},"categories":[1699],"tags":[521,200,216],"class_list":{"0":"post-8890","1":"post","2":"type-post","3":"status-publish","4":"format-standard","5":"has-post-thumbnail","7":"category-noticias","8":"tag-destacado-1","9":"tag-paraguay","10":"tag-represion"},"yoast_head":"<!-- This site is optimized with the Yoast SEO plugin v27.4 - https:\/\/yoast.com\/product\/yoast-seo-wordpress\/ -->\n<title>Paraguay: Represi\u00f3n fatal para imponer la reelecci\u00f3n - Vamos por la Liberaci\u00f3n<\/title>\n<meta name=\"robots\" content=\"index, follow, max-snippet:-1, max-image-preview:large, max-video-preview:-1\" \/>\n<link rel=\"canonical\" href=\"http:\/\/vamosporlaliberacion.org\/crpmlm\/paraguay-represion-fatal-para-imponer-la-reeleccion\/\" \/>\n<meta name=\"twitter:label1\" content=\"Escrito por\" \/>\n\t<meta name=\"twitter:data1\" content=\"\" \/>\n\t<meta name=\"twitter:label2\" content=\"Tiempo de lectura\" \/>\n\t<meta name=\"twitter:data2\" content=\"1 minuto\" \/>\n<script type=\"application\/ld+json\" class=\"yoast-schema-graph\">{\"@context\":\"https:\\\/\\\/schema.org\",\"@graph\":[{\"@type\":\"Article\",\"@id\":\"http:\\\/\\\/vamosporlaliberacion.org\\\/crpmlm\\\/paraguay-represion-fatal-para-imponer-la-reeleccion\\\/#article\",\"isPartOf\":{\"@id\":\"http:\\\/\\\/vamosporlaliberacion.org\\\/crpmlm\\\/paraguay-represion-fatal-para-imponer-la-reeleccion\\\/\"},\"author\":{\"name\":\"\",\"@id\":\"\"},\"headline\":\"Paraguay: Represi\u00f3n fatal para imponer la reelecci\u00f3n\",\"datePublished\":\"2017-04-02T18:56:58+00:00\",\"mainEntityOfPage\":{\"@id\":\"http:\\\/\\\/vamosporlaliberacion.org\\\/crpmlm\\\/paraguay-represion-fatal-para-imponer-la-reeleccion\\\/\"},\"wordCount\":239,\"commentCount\":0,\"image\":{\"@id\":\"http:\\\/\\\/vamosporlaliberacion.org\\\/crpmlm\\\/paraguay-represion-fatal-para-imponer-la-reeleccion\\\/#primaryimage\"},\"thumbnailUrl\":\"https:\\\/\\\/i0.wp.com\\\/vamosporlaliberacion.org\\\/crpmlm\\\/wp-content\\\/uploads\\\/2017\\\/04\\\/fotonoticia_20170401231855_640.jpg?fit=640%2C364&ssl=1\",\"keywords\":[\"destacado 1\",\"Paraguay\",\"Represi\u00f3n\"],\"articleSection\":[\"Noticias\"],\"inLanguage\":\"es\",\"potentialAction\":[{\"@type\":\"CommentAction\",\"name\":\"Comment\",\"target\":[\"http:\\\/\\\/vamosporlaliberacion.org\\\/crpmlm\\\/paraguay-represion-fatal-para-imponer-la-reeleccion\\\/#respond\"]}]},{\"@type\":\"WebPage\",\"@id\":\"http:\\\/\\\/vamosporlaliberacion.org\\\/crpmlm\\\/paraguay-represion-fatal-para-imponer-la-reeleccion\\\/\",\"url\":\"http:\\\/\\\/vamosporlaliberacion.org\\\/crpmlm\\\/paraguay-represion-fatal-para-imponer-la-reeleccion\\\/\",\"name\":\"Paraguay: Represi\u00f3n fatal para imponer la reelecci\u00f3n - Vamos por la Liberaci\u00f3n\",\"isPartOf\":{\"@id\":\"https:\\\/\\\/vamosporlaliberacion.org\\\/crpmlm\\\/#website\"},\"primaryImageOfPage\":{\"@id\":\"http:\\\/\\\/vamosporlaliberacion.org\\\/crpmlm\\\/paraguay-represion-fatal-para-imponer-la-reeleccion\\\/#primaryimage\"},\"image\":{\"@id\":\"http:\\\/\\\/vamosporlaliberacion.org\\\/crpmlm\\\/paraguay-represion-fatal-para-imponer-la-reeleccion\\\/#primaryimage\"},\"thumbnailUrl\":\"https:\\\/\\\/i0.wp.com\\\/vamosporlaliberacion.org\\\/crpmlm\\\/wp-content\\\/uploads\\\/2017\\\/04\\\/fotonoticia_20170401231855_640.jpg?fit=640%2C364&ssl=1\",\"datePublished\":\"2017-04-02T18:56:58+00:00\",\"author\":{\"@id\":\"\"},\"breadcrumb\":{\"@id\":\"http:\\\/\\\/vamosporlaliberacion.org\\\/crpmlm\\\/paraguay-represion-fatal-para-imponer-la-reeleccion\\\/#breadcrumb\"},\"inLanguage\":\"es\",\"potentialAction\":[{\"@type\":\"ReadAction\",\"target\":[\"http:\\\/\\\/vamosporlaliberacion.org\\\/crpmlm\\\/paraguay-represion-fatal-para-imponer-la-reeleccion\\\/\"]}]},{\"@type\":\"ImageObject\",\"inLanguage\":\"es\",\"@id\":\"http:\\\/\\\/vamosporlaliberacion.org\\\/crpmlm\\\/paraguay-represion-fatal-para-imponer-la-reeleccion\\\/#primaryimage\",\"url\":\"https:\\\/\\\/i0.wp.com\\\/vamosporlaliberacion.org\\\/crpmlm\\\/wp-content\\\/uploads\\\/2017\\\/04\\\/fotonoticia_20170401231855_640.jpg?fit=640%2C364&ssl=1\",\"contentUrl\":\"https:\\\/\\\/i0.wp.com\\\/vamosporlaliberacion.org\\\/crpmlm\\\/wp-content\\\/uploads\\\/2017\\\/04\\\/fotonoticia_20170401231855_640.jpg?fit=640%2C364&ssl=1\",\"width\":640,\"height\":364},{\"@type\":\"BreadcrumbList\",\"@id\":\"http:\\\/\\\/vamosporlaliberacion.org\\\/crpmlm\\\/paraguay-represion-fatal-para-imponer-la-reeleccion\\\/#breadcrumb\",\"itemListElement\":[{\"@type\":\"ListItem\",\"position\":1,\"name\":\"Portada\",\"item\":\"https:\\\/\\\/vamosporlaliberacion.org\\\/crpmlm\\\/\"},{\"@type\":\"ListItem\",\"position\":2,\"name\":\"Paraguay: Represi\u00f3n fatal para imponer la reelecci\u00f3n\"}]},{\"@type\":\"WebSite\",\"@id\":\"https:\\\/\\\/vamosporlaliberacion.org\\\/crpmlm\\\/#website\",\"url\":\"https:\\\/\\\/vamosporlaliberacion.org\\\/crpmlm\\\/\",\"name\":\"Vamos por la Liberaci\u00f3n\",\"description\":\"Prensa CR\",\"potentialAction\":[{\"@type\":\"SearchAction\",\"target\":{\"@type\":\"EntryPoint\",\"urlTemplate\":\"https:\\\/\\\/vamosporlaliberacion.org\\\/crpmlm\\\/?s={search_term_string}\"},\"query-input\":{\"@type\":\"PropertyValueSpecification\",\"valueRequired\":true,\"valueName\":\"search_term_string\"}}],\"inLanguage\":\"es\"},{\"@type\":\"Person\",\"@id\":\"\",\"url\":\"http:\\\/\\\/vamosporlaliberacion.org\\\/crpmlm\\\/author\\\/\"}]}<\/script>\n<!-- \/ Yoast SEO plugin. -->","yoast_head_json":{"title":"Paraguay: Represi\u00f3n fatal para imponer la reelecci\u00f3n - Vamos por la Liberaci\u00f3n","robots":{"index":"index","follow":"follow","max-snippet":"max-snippet:-1","max-image-preview":"max-image-preview:large","max-video-preview":"max-video-preview:-1"},"canonical":"http:\/\/vamosporlaliberacion.org\/crpmlm\/paraguay-represion-fatal-para-imponer-la-reeleccion\/","twitter_misc":{"Escrito por":"","Tiempo de lectura":"1 minuto"},"schema":{"@context":"https:\/\/schema.org","@graph":[{"@type":"Article","@id":"http:\/\/vamosporlaliberacion.org\/crpmlm\/paraguay-represion-fatal-para-imponer-la-reeleccion\/#article","isPartOf":{"@id":"http:\/\/vamosporlaliberacion.org\/crpmlm\/paraguay-represion-fatal-para-imponer-la-reeleccion\/"},"author":{"name":"","@id":""},"headline":"Paraguay: Represi\u00f3n fatal para imponer la reelecci\u00f3n","datePublished":"2017-04-02T18:56:58+00:00","mainEntityOfPage":{"@id":"http:\/\/vamosporlaliberacion.org\/crpmlm\/paraguay-represion-fatal-para-imponer-la-reeleccion\/"},"wordCount":239,"commentCount":0,"image":{"@id":"http:\/\/vamosporlaliberacion.org\/crpmlm\/paraguay-represion-fatal-para-imponer-la-reeleccion\/#primaryimage"},"thumbnailUrl":"https:\/\/i0.wp.com\/vamosporlaliberacion.org\/crpmlm\/wp-content\/uploads\/2017\/04\/fotonoticia_20170401231855_640.jpg?fit=640%2C364&ssl=1","keywords":["destacado 1","Paraguay","Represi\u00f3n"],"articleSection":["Noticias"],"inLanguage":"es","potentialAction":[{"@type":"CommentAction","name":"Comment","target":["http:\/\/vamosporlaliberacion.org\/crpmlm\/paraguay-represion-fatal-para-imponer-la-reeleccion\/#respond"]}]},{"@type":"WebPage","@id":"http:\/\/vamosporlaliberacion.org\/crpmlm\/paraguay-represion-fatal-para-imponer-la-reeleccion\/","url":"http:\/\/vamosporlaliberacion.org\/crpmlm\/paraguay-represion-fatal-para-imponer-la-reeleccion\/","name":"Paraguay: Represi\u00f3n fatal para imponer la reelecci\u00f3n - Vamos por la Liberaci\u00f3n","isPartOf":{"@id":"https:\/\/vamosporlaliberacion.org\/crpmlm\/#website"},"primaryImageOfPage":{"@id":"http:\/\/vamosporlaliberacion.org\/crpmlm\/paraguay-represion-fatal-para-imponer-la-reeleccion\/#primaryimage"},"image":{"@id":"http:\/\/vamosporlaliberacion.org\/crpmlm\/paraguay-represion-fatal-para-imponer-la-reeleccion\/#primaryimage"},"thumbnailUrl":"https:\/\/i0.wp.com\/vamosporlaliberacion.org\/crpmlm\/wp-content\/uploads\/2017\/04\/fotonoticia_20170401231855_640.jpg?fit=640%2C364&ssl=1","datePublished":"2017-04-02T18:56:58+00:00","author":{"@id":""},"breadcrumb":{"@id":"http:\/\/vamosporlaliberacion.org\/crpmlm\/paraguay-represion-fatal-para-imponer-la-reeleccion\/#breadcrumb"},"inLanguage":"es","potentialAction":[{"@type":"ReadAction","target":["http:\/\/vamosporlaliberacion.org\/crpmlm\/paraguay-represion-fatal-para-imponer-la-reeleccion\/"]}]},{"@type":"ImageObject","inLanguage":"es","@id":"http:\/\/vamosporlaliberacion.org\/crpmlm\/paraguay-represion-fatal-para-imponer-la-reeleccion\/#primaryimage","url":"https:\/\/i0.wp.com\/vamosporlaliberacion.org\/crpmlm\/wp-content\/uploads\/2017\/04\/fotonoticia_20170401231855_640.jpg?fit=640%2C364&ssl=1","contentUrl":"https:\/\/i0.wp.com\/vamosporlaliberacion.org\/crpmlm\/wp-content\/uploads\/2017\/04\/fotonoticia_20170401231855_640.jpg?fit=640%2C364&ssl=1","width":640,"height":364},{"@type":"BreadcrumbList","@id":"http:\/\/vamosporlaliberacion.org\/crpmlm\/paraguay-represion-fatal-para-imponer-la-reeleccion\/#breadcrumb","itemListElement":[{"@type":"ListItem","position":1,"name":"Portada","item":"https:\/\/vamosporlaliberacion.org\/crpmlm\/"},{"@type":"ListItem","position":2,"name":"Paraguay: Represi\u00f3n fatal para imponer la reelecci\u00f3n"}]},{"@type":"WebSite","@id":"https:\/\/vamosporlaliberacion.org\/crpmlm\/#website","url":"https:\/\/vamosporlaliberacion.org\/crpmlm\/","name":"Vamos por la Liberaci\u00f3n","description":"Prensa CR","potentialAction":[{"@type":"SearchAction","target":{"@type":"EntryPoint","urlTemplate":"https:\/\/vamosporlaliberacion.org\/crpmlm\/?s={search_term_string}"},"query-input":{"@type":"PropertyValueSpecification","valueRequired":true,"valueName":"search_term_string"}}],"inLanguage":"es"},{"@type":"Person","@id":"","url":"http:\/\/vamosporlaliberacion.org\/crpmlm\/author\/"}]}},"jetpack_featured_media_url":"https:\/\/i0.wp.com\/vamosporlaliberacion.org\/crpmlm\/wp-content\/uploads\/2017\/04\/fotonoticia_20170401231855_640.jpg?fit=640%2C364&ssl=1","jetpack_sharing_enabled":true,"_links":{"self":[{"href":"http:\/\/vamosporlaliberacion.org\/crpmlm\/wp-json\/wp\/v2\/posts\/8890","targetHints":{"allow":["GET"]}}],"collection":[{"href":"http:\/\/vamosporlaliberacion.org\/crpmlm\/wp-json\/wp\/v2\/posts"}],"about":[{"href":"http:\/\/vamosporlaliberacion.org\/crpmlm\/wp-json\/wp\/v2\/types\/post"}],"author":[{"embeddable":true,"href":"http:\/\/vamosporlaliberacion.org\/crpmlm\/wp-json\/wp\/v2\/users\/5"}],"replies":[{"embeddable":true,"href":"http:\/\/vamosporlaliberacion.org\/crpmlm\/wp-json\/wp\/v2\/comments?post=8890"}],"version-history":[{"count":0,"href":"http:\/\/vamosporlaliberacion.org\/crpmlm\/wp-json\/wp\/v2\/posts\/8890\/revisions"}],"wp:featuredmedia":[{"embeddable":true,"href":"http:\/\/vamosporlaliberacion.org\/crpmlm\/wp-json\/wp\/v2\/media\/8891"}],"wp:attachment":[{"href":"http:\/\/vamosporlaliberacion.org\/crpmlm\/wp-json\/wp\/v2\/media?parent=8890"}],"wp:term":[{"taxonomy":"category","embeddable":true,"href":"http:\/\/vamosporlaliberacion.org\/crpmlm\/wp-json\/wp\/v2\/categories?post=8890"},{"taxonomy":"post_tag","embeddable":true,"href":"http:\/\/vamosporlaliberacion.org\/crpmlm\/wp-json\/wp\/v2\/tags?post=8890"}],"curies":[{"name":"wp","href":"https:\/\/api.w.org\/{rel}","templated":true}]}}