{"id":8883,"date":"2017-03-31T15:20:06","date_gmt":"2017-03-31T18:20:06","guid":{"rendered":"http:\/\/vamosporlaliberacion.org\/crpmlm\/?p=8883"},"modified":"2017-03-31T15:20:48","modified_gmt":"2017-03-31T18:20:48","slug":"brutal-represion-al-comedor-infantil-cartoneritos-en-lanus","status":"publish","type":"post","link":"http:\/\/vamosporlaliberacion.org\/crpmlm\/brutal-represion-al-comedor-infantil-cartoneritos-en-lanus\/","title":{"rendered":"Brutal represi\u00f3n en el comedor infantil Cartoneritos en Lan\u00fas"},"content":{"rendered":"<p>Compartimos el audio en el que una compa\u00f1era denuncia la represi\u00f3n brutal realizada el d\u00eda de ayer por la noche en el merendero \u00abCartoneritos\u00bb del Movimiento de Trabajadores Excluidos (MTE) en Villa Caraza, Lan\u00fas, municipio gobernado por Cambiemos.<\/p>\n<p><iframe loading=\"lazy\" src=\"\/\/radiocut.fm\/audiocut\/embed\/mini\/desgarrador-audio-de-la-represion-policial-bonaerence-en-el-comedor-de-lanus\" width=\"100%\" height=\"65px\" frameborder=\"no\" scrolling=\"no\"><\/iframe><\/p>\n<!-- AddThis Advanced Settings generic via filter on the_content --><!-- AddThis Share Buttons generic via filter on the_content -->","protected":false},"excerpt":{"rendered":"<p>Compartimos el audio en el que una compa\u00f1era denuncia la represi\u00f3n brutal realizada el d\u00eda de ayer por la noche en el merendero \u00abCartoneritos\u00bb del Movimiento de Trabajadores Excluidos (MTE) en Villa Caraza, Lan\u00fas, municipio gobernado por Cambiemos.<!-- AddThis Advanced Settings generic via filter on get_the_excerpt --><!-- AddThis Share Buttons generic via filter on get_the_excerpt --><\/p>\n","protected":false},"author":5,"featured_media":8884,"comment_status":"open","ping_status":"open","sticky":false,"template":"","format":"standard","meta":{"_jetpack_memberships_contains_paid_content":false,"footnotes":""},"categories":[1699],"tags":[520,946,216],"class_list":{"0":"post-8883","1":"post","2":"type-post","3":"status-publish","4":"format-standard","5":"has-post-thumbnail","7":"category-noticias","8":"tag-destacado-2","9":"tag-lanus","10":"tag-represion"},"yoast_head":"<!-- This site is optimized with the Yoast SEO plugin v27.4 - https:\/\/yoast.com\/product\/yoast-seo-wordpress\/ -->\n<title>Brutal represi\u00f3n en el comedor infantil Cartoneritos en Lan\u00fas - Vamos por la Liberaci\u00f3n<\/title>\n<meta name=\"robots\" content=\"index, follow, max-snippet:-1, max-image-preview:large, max-video-preview:-1\" \/>\n<link rel=\"canonical\" href=\"http:\/\/vamosporlaliberacion.org\/crpmlm\/brutal-represion-al-comedor-infantil-cartoneritos-en-lanus\/\" \/>\n<meta name=\"twitter:label1\" content=\"Escrito por\" \/>\n\t<meta name=\"twitter:data1\" content=\"\" \/>\n<script type=\"application\/ld+json\" class=\"yoast-schema-graph\">{\"@context\":\"https:\\\/\\\/schema.org\",\"@graph\":[{\"@type\":\"Article\",\"@id\":\"http:\\\/\\\/vamosporlaliberacion.org\\\/crpmlm\\\/brutal-represion-al-comedor-infantil-cartoneritos-en-lanus\\\/#article\",\"isPartOf\":{\"@id\":\"http:\\\/\\\/vamosporlaliberacion.org\\\/crpmlm\\\/brutal-represion-al-comedor-infantil-cartoneritos-en-lanus\\\/\"},\"author\":{\"name\":\"\",\"@id\":\"\"},\"headline\":\"Brutal represi\u00f3n en el comedor infantil Cartoneritos en Lan\u00fas\",\"datePublished\":\"2017-03-31T18:20:06+00:00\",\"dateModified\":\"2017-03-31T18:20:48+00:00\",\"mainEntityOfPage\":{\"@id\":\"http:\\\/\\\/vamosporlaliberacion.org\\\/crpmlm\\\/brutal-represion-al-comedor-infantil-cartoneritos-en-lanus\\\/\"},\"wordCount\":53,\"commentCount\":0,\"image\":{\"@id\":\"http:\\\/\\\/vamosporlaliberacion.org\\\/crpmlm\\\/brutal-represion-al-comedor-infantil-cartoneritos-en-lanus\\\/#primaryimage\"},\"thumbnailUrl\":\"https:\\\/\\\/i0.wp.com\\\/vamosporlaliberacion.org\\\/crpmlm\\\/wp-content\\\/uploads\\\/2017\\\/03\\\/0331comisarialanusg-01.jpg?fit=728%2C500&ssl=1\",\"keywords\":[\"destacado 2\",\"lan\u00fas\",\"Represi\u00f3n\"],\"articleSection\":[\"Noticias\"],\"inLanguage\":\"es\",\"potentialAction\":[{\"@type\":\"CommentAction\",\"name\":\"Comment\",\"target\":[\"http:\\\/\\\/vamosporlaliberacion.org\\\/crpmlm\\\/brutal-represion-al-comedor-infantil-cartoneritos-en-lanus\\\/#respond\"]}]},{\"@type\":\"WebPage\",\"@id\":\"http:\\\/\\\/vamosporlaliberacion.org\\\/crpmlm\\\/brutal-represion-al-comedor-infantil-cartoneritos-en-lanus\\\/\",\"url\":\"http:\\\/\\\/vamosporlaliberacion.org\\\/crpmlm\\\/brutal-represion-al-comedor-infantil-cartoneritos-en-lanus\\\/\",\"name\":\"Brutal represi\u00f3n en el comedor infantil Cartoneritos en Lan\u00fas - Vamos por la Liberaci\u00f3n\",\"isPartOf\":{\"@id\":\"https:\\\/\\\/vamosporlaliberacion.org\\\/crpmlm\\\/#website\"},\"primaryImageOfPage\":{\"@id\":\"http:\\\/\\\/vamosporlaliberacion.org\\\/crpmlm\\\/brutal-represion-al-comedor-infantil-cartoneritos-en-lanus\\\/#primaryimage\"},\"image\":{\"@id\":\"http:\\\/\\\/vamosporlaliberacion.org\\\/crpmlm\\\/brutal-represion-al-comedor-infantil-cartoneritos-en-lanus\\\/#primaryimage\"},\"thumbnailUrl\":\"https:\\\/\\\/i0.wp.com\\\/vamosporlaliberacion.org\\\/crpmlm\\\/wp-content\\\/uploads\\\/2017\\\/03\\\/0331comisarialanusg-01.jpg?fit=728%2C500&ssl=1\",\"datePublished\":\"2017-03-31T18:20:06+00:00\",\"dateModified\":\"2017-03-31T18:20:48+00:00\",\"author\":{\"@id\":\"\"},\"breadcrumb\":{\"@id\":\"http:\\\/\\\/vamosporlaliberacion.org\\\/crpmlm\\\/brutal-represion-al-comedor-infantil-cartoneritos-en-lanus\\\/#breadcrumb\"},\"inLanguage\":\"es\",\"potentialAction\":[{\"@type\":\"ReadAction\",\"target\":[\"http:\\\/\\\/vamosporlaliberacion.org\\\/crpmlm\\\/brutal-represion-al-comedor-infantil-cartoneritos-en-lanus\\\/\"]}]},{\"@type\":\"ImageObject\",\"inLanguage\":\"es\",\"@id\":\"http:\\\/\\\/vamosporlaliberacion.org\\\/crpmlm\\\/brutal-represion-al-comedor-infantil-cartoneritos-en-lanus\\\/#primaryimage\",\"url\":\"https:\\\/\\\/i0.wp.com\\\/vamosporlaliberacion.org\\\/crpmlm\\\/wp-content\\\/uploads\\\/2017\\\/03\\\/0331comisarialanusg-01.jpg?fit=728%2C500&ssl=1\",\"contentUrl\":\"https:\\\/\\\/i0.wp.com\\\/vamosporlaliberacion.org\\\/crpmlm\\\/wp-content\\\/uploads\\\/2017\\\/03\\\/0331comisarialanusg-01.jpg?fit=728%2C500&ssl=1\",\"width\":728,\"height\":500},{\"@type\":\"BreadcrumbList\",\"@id\":\"http:\\\/\\\/vamosporlaliberacion.org\\\/crpmlm\\\/brutal-represion-al-comedor-infantil-cartoneritos-en-lanus\\\/#breadcrumb\",\"itemListElement\":[{\"@type\":\"ListItem\",\"position\":1,\"name\":\"Portada\",\"item\":\"https:\\\/\\\/vamosporlaliberacion.org\\\/crpmlm\\\/\"},{\"@type\":\"ListItem\",\"position\":2,\"name\":\"Brutal represi\u00f3n en el comedor infantil Cartoneritos en Lan\u00fas\"}]},{\"@type\":\"WebSite\",\"@id\":\"https:\\\/\\\/vamosporlaliberacion.org\\\/crpmlm\\\/#website\",\"url\":\"https:\\\/\\\/vamosporlaliberacion.org\\\/crpmlm\\\/\",\"name\":\"Vamos por la Liberaci\u00f3n\",\"description\":\"Prensa CR\",\"potentialAction\":[{\"@type\":\"SearchAction\",\"target\":{\"@type\":\"EntryPoint\",\"urlTemplate\":\"https:\\\/\\\/vamosporlaliberacion.org\\\/crpmlm\\\/?s={search_term_string}\"},\"query-input\":{\"@type\":\"PropertyValueSpecification\",\"valueRequired\":true,\"valueName\":\"search_term_string\"}}],\"inLanguage\":\"es\"},{\"@type\":\"Person\",\"@id\":\"\",\"url\":\"http:\\\/\\\/vamosporlaliberacion.org\\\/crpmlm\\\/author\\\/\"}]}<\/script>\n<!-- \/ Yoast SEO plugin. -->","yoast_head_json":{"title":"Brutal represi\u00f3n en el comedor infantil Cartoneritos en Lan\u00fas - Vamos por la Liberaci\u00f3n","robots":{"index":"index","follow":"follow","max-snippet":"max-snippet:-1","max-image-preview":"max-image-preview:large","max-video-preview":"max-video-preview:-1"},"canonical":"http:\/\/vamosporlaliberacion.org\/crpmlm\/brutal-represion-al-comedor-infantil-cartoneritos-en-lanus\/","twitter_misc":{"Escrito por":""},"schema":{"@context":"https:\/\/schema.org","@graph":[{"@type":"Article","@id":"http:\/\/vamosporlaliberacion.org\/crpmlm\/brutal-represion-al-comedor-infantil-cartoneritos-en-lanus\/#article","isPartOf":{"@id":"http:\/\/vamosporlaliberacion.org\/crpmlm\/brutal-represion-al-comedor-infantil-cartoneritos-en-lanus\/"},"author":{"name":"","@id":""},"headline":"Brutal represi\u00f3n en el comedor infantil Cartoneritos en Lan\u00fas","datePublished":"2017-03-31T18:20:06+00:00","dateModified":"2017-03-31T18:20:48+00:00","mainEntityOfPage":{"@id":"http:\/\/vamosporlaliberacion.org\/crpmlm\/brutal-represion-al-comedor-infantil-cartoneritos-en-lanus\/"},"wordCount":53,"commentCount":0,"image":{"@id":"http:\/\/vamosporlaliberacion.org\/crpmlm\/brutal-represion-al-comedor-infantil-cartoneritos-en-lanus\/#primaryimage"},"thumbnailUrl":"https:\/\/i0.wp.com\/vamosporlaliberacion.org\/crpmlm\/wp-content\/uploads\/2017\/03\/0331comisarialanusg-01.jpg?fit=728%2C500&ssl=1","keywords":["destacado 2","lan\u00fas","Represi\u00f3n"],"articleSection":["Noticias"],"inLanguage":"es","potentialAction":[{"@type":"CommentAction","name":"Comment","target":["http:\/\/vamosporlaliberacion.org\/crpmlm\/brutal-represion-al-comedor-infantil-cartoneritos-en-lanus\/#respond"]}]},{"@type":"WebPage","@id":"http:\/\/vamosporlaliberacion.org\/crpmlm\/brutal-represion-al-comedor-infantil-cartoneritos-en-lanus\/","url":"http:\/\/vamosporlaliberacion.org\/crpmlm\/brutal-represion-al-comedor-infantil-cartoneritos-en-lanus\/","name":"Brutal represi\u00f3n en el comedor infantil Cartoneritos en Lan\u00fas - Vamos por la Liberaci\u00f3n","isPartOf":{"@id":"https:\/\/vamosporlaliberacion.org\/crpmlm\/#website"},"primaryImageOfPage":{"@id":"http:\/\/vamosporlaliberacion.org\/crpmlm\/brutal-represion-al-comedor-infantil-cartoneritos-en-lanus\/#primaryimage"},"image":{"@id":"http:\/\/vamosporlaliberacion.org\/crpmlm\/brutal-represion-al-comedor-infantil-cartoneritos-en-lanus\/#primaryimage"},"thumbnailUrl":"https:\/\/i0.wp.com\/vamosporlaliberacion.org\/crpmlm\/wp-content\/uploads\/2017\/03\/0331comisarialanusg-01.jpg?fit=728%2C500&ssl=1","datePublished":"2017-03-31T18:20:06+00:00","dateModified":"2017-03-31T18:20:48+00:00","author":{"@id":""},"breadcrumb":{"@id":"http:\/\/vamosporlaliberacion.org\/crpmlm\/brutal-represion-al-comedor-infantil-cartoneritos-en-lanus\/#breadcrumb"},"inLanguage":"es","potentialAction":[{"@type":"ReadAction","target":["http:\/\/vamosporlaliberacion.org\/crpmlm\/brutal-represion-al-comedor-infantil-cartoneritos-en-lanus\/"]}]},{"@type":"ImageObject","inLanguage":"es","@id":"http:\/\/vamosporlaliberacion.org\/crpmlm\/brutal-represion-al-comedor-infantil-cartoneritos-en-lanus\/#primaryimage","url":"https:\/\/i0.wp.com\/vamosporlaliberacion.org\/crpmlm\/wp-content\/uploads\/2017\/03\/0331comisarialanusg-01.jpg?fit=728%2C500&ssl=1","contentUrl":"https:\/\/i0.wp.com\/vamosporlaliberacion.org\/crpmlm\/wp-content\/uploads\/2017\/03\/0331comisarialanusg-01.jpg?fit=728%2C500&ssl=1","width":728,"height":500},{"@type":"BreadcrumbList","@id":"http:\/\/vamosporlaliberacion.org\/crpmlm\/brutal-represion-al-comedor-infantil-cartoneritos-en-lanus\/#breadcrumb","itemListElement":[{"@type":"ListItem","position":1,"name":"Portada","item":"https:\/\/vamosporlaliberacion.org\/crpmlm\/"},{"@type":"ListItem","position":2,"name":"Brutal represi\u00f3n en el comedor infantil Cartoneritos en Lan\u00fas"}]},{"@type":"WebSite","@id":"https:\/\/vamosporlaliberacion.org\/crpmlm\/#website","url":"https:\/\/vamosporlaliberacion.org\/crpmlm\/","name":"Vamos por la Liberaci\u00f3n","description":"Prensa CR","potentialAction":[{"@type":"SearchAction","target":{"@type":"EntryPoint","urlTemplate":"https:\/\/vamosporlaliberacion.org\/crpmlm\/?s={search_term_string}"},"query-input":{"@type":"PropertyValueSpecification","valueRequired":true,"valueName":"search_term_string"}}],"inLanguage":"es"},{"@type":"Person","@id":"","url":"http:\/\/vamosporlaliberacion.org\/crpmlm\/author\/"}]}},"jetpack_featured_media_url":"https:\/\/i0.wp.com\/vamosporlaliberacion.org\/crpmlm\/wp-content\/uploads\/2017\/03\/0331comisarialanusg-01.jpg?fit=728%2C500&ssl=1","jetpack_sharing_enabled":true,"_links":{"self":[{"href":"http:\/\/vamosporlaliberacion.org\/crpmlm\/wp-json\/wp\/v2\/posts\/8883","targetHints":{"allow":["GET"]}}],"collection":[{"href":"http:\/\/vamosporlaliberacion.org\/crpmlm\/wp-json\/wp\/v2\/posts"}],"about":[{"href":"http:\/\/vamosporlaliberacion.org\/crpmlm\/wp-json\/wp\/v2\/types\/post"}],"author":[{"embeddable":true,"href":"http:\/\/vamosporlaliberacion.org\/crpmlm\/wp-json\/wp\/v2\/users\/5"}],"replies":[{"embeddable":true,"href":"http:\/\/vamosporlaliberacion.org\/crpmlm\/wp-json\/wp\/v2\/comments?post=8883"}],"version-history":[{"count":0,"href":"http:\/\/vamosporlaliberacion.org\/crpmlm\/wp-json\/wp\/v2\/posts\/8883\/revisions"}],"wp:featuredmedia":[{"embeddable":true,"href":"http:\/\/vamosporlaliberacion.org\/crpmlm\/wp-json\/wp\/v2\/media\/8884"}],"wp:attachment":[{"href":"http:\/\/vamosporlaliberacion.org\/crpmlm\/wp-json\/wp\/v2\/media?parent=8883"}],"wp:term":[{"taxonomy":"category","embeddable":true,"href":"http:\/\/vamosporlaliberacion.org\/crpmlm\/wp-json\/wp\/v2\/categories?post=8883"},{"taxonomy":"post_tag","embeddable":true,"href":"http:\/\/vamosporlaliberacion.org\/crpmlm\/wp-json\/wp\/v2\/tags?post=8883"}],"curies":[{"name":"wp","href":"https:\/\/api.w.org\/{rel}","templated":true}]}}