{"id":8880,"date":"2017-03-29T11:00:08","date_gmt":"2017-03-29T14:00:08","guid":{"rendered":"http:\/\/vamosporlaliberacion.org\/crpmlm\/?p=8880"},"modified":"2017-03-29T11:00:08","modified_gmt":"2017-03-29T14:00:08","slug":"nueva-provocacion-a-los-docentes-y-maniobras-del-gobierno-nacional","status":"publish","type":"post","link":"http:\/\/vamosporlaliberacion.org\/crpmlm\/nueva-provocacion-a-los-docentes-y-maniobras-del-gobierno-nacional\/","title":{"rendered":"Nueva provocaci\u00f3n a los docentes y maniobras del gobierno nacional"},"content":{"rendered":"<p>El gobierno nacional viene siendo muy golpeado por los paros docentes, la marcha de la CGT, los acampes piqueteros, la hist\u00f3rica marcha nacional educativa y las gigantescas movilizaciones en todo el pa\u00eds el pasado 24 de Marzo repudiando la pol\u00edtica del gobierno de negar el genocidio. Se evidencia as\u00ed una situaci\u00f3n donde el gobierno ha perdido la iniciativa pol\u00edtica.<\/p>\n<p>Desde esta realidad, intenta retomar la iniciativa aprovechando las vacilaciones y el doble blanco del massismo, la tregua del \u201ctr\u00edo piquetero\u201d y amenaza con reprimir en acuerdo con gobernadores aliados. As\u00ed mont\u00f3 la provocaci\u00f3n de ayer a los docentes bonaerenses donde, planteando no moverse del 19%, le suma sueldos por productividad. Lanz\u00f3 una campa\u00f1a contra el ausentismo.<\/p>\n<p>La no-propuesta del gobierno es una provocaci\u00f3n que busca instalar un eje que es el de la \u00abdesestabilizaci\u00f3n\u00bb con centro en el kirchnerismo. Atizan en Buenos Aires porque all\u00ed la gobernadora Vidal es la que m\u00e1s mide, todav\u00eda, en las encuestas. Y la confrontan con Roberto Baradel. Van al eje \u00abestabilidad o desestabilizaci\u00f3n kirchnerista\u00bb. Aprovechan para ese plan el acuerdo de Estela Carlotto con Mar\u00eda Eugenia Vidal, que introduce una fractura en las filas kirchneristas tal como se evidenci\u00f3 en los dos actos de esta corriente en Plaza de Mayo. Tambi\u00e9n aprovechan la contestaci\u00f3n de Hebe de Bonafini, que trat\u00f3 p\u00fablicamente de\u201d traidora\u201d a Carlotto y de \u201casesina\u201d a Vidal; sumado a su \u201cbasta de ser democr\u00e1ticos\u2026\u201d que lanz\u00f3 en su discurso del 24 de Marzo, aisl\u00e1ndola al n\u00facleo m\u00e1s duro K. En ese acto de la ve a Bonafini con el impresentable de An\u00edbal Fern\u00e1ndez y tambi\u00e9n estaba Baradel.<\/p>\n<p>El gobierno y Clar\u00edn tratan de aprovechar esa divisi\u00f3n y a\u00edslan al n\u00facleo duro K. As\u00ed aprovechan el momento y meten esa marcha pro gobierno el 1\u00ba de abril con el eje \u201cqueremos vivir en paz\u201d. Pero lo hacen desde un escritorio y con profunda subestimaci\u00f3n a los docentes y el pueblo, ya que el 24 de Marzo fue masivo, tuvo un blanco en el gobierno y no fue \u201cdel\u201d kirchnerismo. Del mismo modo, el conflicto en provincia de Buenos Aires y el interior tampoco es \u201cdel\u201d kirchnerismo. Justamente, hay que romper esta maniobra que busca instalar otro eje para avanzar con su pol\u00edtica donde todo aquel que se levante contra esta pol\u00edtica ser\u00e1 \u00abkirchnerista\u00bb y por lo tanto \u00abdesestabilizador\u00bb.<\/p>\n<p>Por eso hay que seguir la lucha contra las exoneraciones de los docentes fueguinos y la avanzada represiva. Si se pierde de vista esto, o sea el blanco en Macri y los gobiernos que aplican su pol\u00edtica de ajustes y entrega, entramos en su juego. Por el contrario, hay que apuntalar la lucha y masificarla porque est\u00e1 demostrado que la lucha introduce grietas y divisiones por arriba y une al pueblo. Por eso hay que ir al encuentro del debate en cada lugar de trabajo o estudio, sosteniendo que el gobierno va por m\u00e1s ajuste, represi\u00f3n y flexibilizaci\u00f3n con sueldos por productividad y presentismo en los docentes y estatales. Vamos con todo al paro de 48hs, por una gran marcha y acto en Plaza de Mayo, y un parazo de la CGT y las CTA\u2019s el 6 de abril.<\/p>\n<!-- AddThis Advanced Settings generic via filter on the_content --><!-- AddThis Share Buttons generic via filter on the_content -->","protected":false},"excerpt":{"rendered":"<p>El gobierno nacional viene siendo muy golpeado por los paros docentes, la marcha de la CGT, los acampes piqueteros, la hist\u00f3rica marcha nacional educativa y las gigantescas movilizaciones en todo el pa\u00eds el pasado 24 de Marzo repudiando la pol\u00edtica del gobierno de negar el genocidio. Se evidencia as\u00ed una situaci\u00f3n donde el gobierno ha [&hellip;]<!-- AddThis Advanced Settings generic via filter on get_the_excerpt --><!-- AddThis Share Buttons generic via filter on get_the_excerpt --><\/p>\n","protected":false},"author":5,"featured_media":8881,"comment_status":"open","ping_status":"open","sticky":false,"template":"","format":"standard","meta":{"_jetpack_memberships_contains_paid_content":false,"footnotes":""},"categories":[1699],"tags":[943,521,620],"class_list":{"0":"post-8880","1":"post","2":"type-post","3":"status-publish","4":"format-standard","5":"has-post-thumbnail","7":"category-noticias","8":"tag-yoapoyoalosdocentes","9":"tag-destacado-1","10":"tag-paro-nacional"},"yoast_head":"<!-- This site is optimized with the Yoast SEO plugin v27.4 - https:\/\/yoast.com\/product\/yoast-seo-wordpress\/ -->\n<title>Nueva provocaci\u00f3n a los docentes y maniobras del gobierno nacional - Vamos por la Liberaci\u00f3n<\/title>\n<meta name=\"robots\" content=\"index, follow, max-snippet:-1, max-image-preview:large, max-video-preview:-1\" \/>\n<link rel=\"canonical\" href=\"http:\/\/vamosporlaliberacion.org\/crpmlm\/nueva-provocacion-a-los-docentes-y-maniobras-del-gobierno-nacional\/\" \/>\n<meta name=\"twitter:label1\" content=\"Escrito por\" \/>\n\t<meta name=\"twitter:data1\" content=\"\" \/>\n\t<meta name=\"twitter:label2\" content=\"Tiempo de lectura\" \/>\n\t<meta name=\"twitter:data2\" content=\"3 minutos\" \/>\n<script type=\"application\/ld+json\" class=\"yoast-schema-graph\">{\"@context\":\"https:\\\/\\\/schema.org\",\"@graph\":[{\"@type\":\"Article\",\"@id\":\"http:\\\/\\\/vamosporlaliberacion.org\\\/crpmlm\\\/nueva-provocacion-a-los-docentes-y-maniobras-del-gobierno-nacional\\\/#article\",\"isPartOf\":{\"@id\":\"http:\\\/\\\/vamosporlaliberacion.org\\\/crpmlm\\\/nueva-provocacion-a-los-docentes-y-maniobras-del-gobierno-nacional\\\/\"},\"author\":{\"name\":\"\",\"@id\":\"\"},\"headline\":\"Nueva provocaci\u00f3n a los docentes y maniobras del gobierno nacional\",\"datePublished\":\"2017-03-29T14:00:08+00:00\",\"mainEntityOfPage\":{\"@id\":\"http:\\\/\\\/vamosporlaliberacion.org\\\/crpmlm\\\/nueva-provocacion-a-los-docentes-y-maniobras-del-gobierno-nacional\\\/\"},\"wordCount\":566,\"commentCount\":0,\"image\":{\"@id\":\"http:\\\/\\\/vamosporlaliberacion.org\\\/crpmlm\\\/nueva-provocacion-a-los-docentes-y-maniobras-del-gobierno-nacional\\\/#primaryimage\"},\"thumbnailUrl\":\"https:\\\/\\\/i0.wp.com\\\/vamosporlaliberacion.org\\\/crpmlm\\\/wp-content\\\/uploads\\\/2017\\\/03\\\/maria-eugenia-vidal-2396968w948.jpg?fit=948%2C533&ssl=1\",\"keywords\":[\"#YoApoyoalosDocentes\",\"destacado 1\",\"paro nacional\"],\"articleSection\":[\"Noticias\"],\"inLanguage\":\"es\",\"potentialAction\":[{\"@type\":\"CommentAction\",\"name\":\"Comment\",\"target\":[\"http:\\\/\\\/vamosporlaliberacion.org\\\/crpmlm\\\/nueva-provocacion-a-los-docentes-y-maniobras-del-gobierno-nacional\\\/#respond\"]}]},{\"@type\":\"WebPage\",\"@id\":\"http:\\\/\\\/vamosporlaliberacion.org\\\/crpmlm\\\/nueva-provocacion-a-los-docentes-y-maniobras-del-gobierno-nacional\\\/\",\"url\":\"http:\\\/\\\/vamosporlaliberacion.org\\\/crpmlm\\\/nueva-provocacion-a-los-docentes-y-maniobras-del-gobierno-nacional\\\/\",\"name\":\"Nueva provocaci\u00f3n a los docentes y maniobras del gobierno nacional - Vamos por la Liberaci\u00f3n\",\"isPartOf\":{\"@id\":\"https:\\\/\\\/vamosporlaliberacion.org\\\/crpmlm\\\/#website\"},\"primaryImageOfPage\":{\"@id\":\"http:\\\/\\\/vamosporlaliberacion.org\\\/crpmlm\\\/nueva-provocacion-a-los-docentes-y-maniobras-del-gobierno-nacional\\\/#primaryimage\"},\"image\":{\"@id\":\"http:\\\/\\\/vamosporlaliberacion.org\\\/crpmlm\\\/nueva-provocacion-a-los-docentes-y-maniobras-del-gobierno-nacional\\\/#primaryimage\"},\"thumbnailUrl\":\"https:\\\/\\\/i0.wp.com\\\/vamosporlaliberacion.org\\\/crpmlm\\\/wp-content\\\/uploads\\\/2017\\\/03\\\/maria-eugenia-vidal-2396968w948.jpg?fit=948%2C533&ssl=1\",\"datePublished\":\"2017-03-29T14:00:08+00:00\",\"author\":{\"@id\":\"\"},\"breadcrumb\":{\"@id\":\"http:\\\/\\\/vamosporlaliberacion.org\\\/crpmlm\\\/nueva-provocacion-a-los-docentes-y-maniobras-del-gobierno-nacional\\\/#breadcrumb\"},\"inLanguage\":\"es\",\"potentialAction\":[{\"@type\":\"ReadAction\",\"target\":[\"http:\\\/\\\/vamosporlaliberacion.org\\\/crpmlm\\\/nueva-provocacion-a-los-docentes-y-maniobras-del-gobierno-nacional\\\/\"]}]},{\"@type\":\"ImageObject\",\"inLanguage\":\"es\",\"@id\":\"http:\\\/\\\/vamosporlaliberacion.org\\\/crpmlm\\\/nueva-provocacion-a-los-docentes-y-maniobras-del-gobierno-nacional\\\/#primaryimage\",\"url\":\"https:\\\/\\\/i0.wp.com\\\/vamosporlaliberacion.org\\\/crpmlm\\\/wp-content\\\/uploads\\\/2017\\\/03\\\/maria-eugenia-vidal-2396968w948.jpg?fit=948%2C533&ssl=1\",\"contentUrl\":\"https:\\\/\\\/i0.wp.com\\\/vamosporlaliberacion.org\\\/crpmlm\\\/wp-content\\\/uploads\\\/2017\\\/03\\\/maria-eugenia-vidal-2396968w948.jpg?fit=948%2C533&ssl=1\",\"width\":948,\"height\":533},{\"@type\":\"BreadcrumbList\",\"@id\":\"http:\\\/\\\/vamosporlaliberacion.org\\\/crpmlm\\\/nueva-provocacion-a-los-docentes-y-maniobras-del-gobierno-nacional\\\/#breadcrumb\",\"itemListElement\":[{\"@type\":\"ListItem\",\"position\":1,\"name\":\"Portada\",\"item\":\"https:\\\/\\\/vamosporlaliberacion.org\\\/crpmlm\\\/\"},{\"@type\":\"ListItem\",\"position\":2,\"name\":\"Nueva provocaci\u00f3n a los docentes y maniobras del gobierno nacional\"}]},{\"@type\":\"WebSite\",\"@id\":\"https:\\\/\\\/vamosporlaliberacion.org\\\/crpmlm\\\/#website\",\"url\":\"https:\\\/\\\/vamosporlaliberacion.org\\\/crpmlm\\\/\",\"name\":\"Vamos por la Liberaci\u00f3n\",\"description\":\"Prensa CR\",\"potentialAction\":[{\"@type\":\"SearchAction\",\"target\":{\"@type\":\"EntryPoint\",\"urlTemplate\":\"https:\\\/\\\/vamosporlaliberacion.org\\\/crpmlm\\\/?s={search_term_string}\"},\"query-input\":{\"@type\":\"PropertyValueSpecification\",\"valueRequired\":true,\"valueName\":\"search_term_string\"}}],\"inLanguage\":\"es\"},{\"@type\":\"Person\",\"@id\":\"\",\"url\":\"http:\\\/\\\/vamosporlaliberacion.org\\\/crpmlm\\\/author\\\/\"}]}<\/script>\n<!-- \/ Yoast SEO plugin. -->","yoast_head_json":{"title":"Nueva provocaci\u00f3n a los docentes y maniobras del gobierno nacional - Vamos por la Liberaci\u00f3n","robots":{"index":"index","follow":"follow","max-snippet":"max-snippet:-1","max-image-preview":"max-image-preview:large","max-video-preview":"max-video-preview:-1"},"canonical":"http:\/\/vamosporlaliberacion.org\/crpmlm\/nueva-provocacion-a-los-docentes-y-maniobras-del-gobierno-nacional\/","twitter_misc":{"Escrito por":"","Tiempo de lectura":"3 minutos"},"schema":{"@context":"https:\/\/schema.org","@graph":[{"@type":"Article","@id":"http:\/\/vamosporlaliberacion.org\/crpmlm\/nueva-provocacion-a-los-docentes-y-maniobras-del-gobierno-nacional\/#article","isPartOf":{"@id":"http:\/\/vamosporlaliberacion.org\/crpmlm\/nueva-provocacion-a-los-docentes-y-maniobras-del-gobierno-nacional\/"},"author":{"name":"","@id":""},"headline":"Nueva provocaci\u00f3n a los docentes y maniobras del gobierno nacional","datePublished":"2017-03-29T14:00:08+00:00","mainEntityOfPage":{"@id":"http:\/\/vamosporlaliberacion.org\/crpmlm\/nueva-provocacion-a-los-docentes-y-maniobras-del-gobierno-nacional\/"},"wordCount":566,"commentCount":0,"image":{"@id":"http:\/\/vamosporlaliberacion.org\/crpmlm\/nueva-provocacion-a-los-docentes-y-maniobras-del-gobierno-nacional\/#primaryimage"},"thumbnailUrl":"https:\/\/i0.wp.com\/vamosporlaliberacion.org\/crpmlm\/wp-content\/uploads\/2017\/03\/maria-eugenia-vidal-2396968w948.jpg?fit=948%2C533&ssl=1","keywords":["#YoApoyoalosDocentes","destacado 1","paro nacional"],"articleSection":["Noticias"],"inLanguage":"es","potentialAction":[{"@type":"CommentAction","name":"Comment","target":["http:\/\/vamosporlaliberacion.org\/crpmlm\/nueva-provocacion-a-los-docentes-y-maniobras-del-gobierno-nacional\/#respond"]}]},{"@type":"WebPage","@id":"http:\/\/vamosporlaliberacion.org\/crpmlm\/nueva-provocacion-a-los-docentes-y-maniobras-del-gobierno-nacional\/","url":"http:\/\/vamosporlaliberacion.org\/crpmlm\/nueva-provocacion-a-los-docentes-y-maniobras-del-gobierno-nacional\/","name":"Nueva provocaci\u00f3n a los docentes y maniobras del gobierno nacional - Vamos por la Liberaci\u00f3n","isPartOf":{"@id":"https:\/\/vamosporlaliberacion.org\/crpmlm\/#website"},"primaryImageOfPage":{"@id":"http:\/\/vamosporlaliberacion.org\/crpmlm\/nueva-provocacion-a-los-docentes-y-maniobras-del-gobierno-nacional\/#primaryimage"},"image":{"@id":"http:\/\/vamosporlaliberacion.org\/crpmlm\/nueva-provocacion-a-los-docentes-y-maniobras-del-gobierno-nacional\/#primaryimage"},"thumbnailUrl":"https:\/\/i0.wp.com\/vamosporlaliberacion.org\/crpmlm\/wp-content\/uploads\/2017\/03\/maria-eugenia-vidal-2396968w948.jpg?fit=948%2C533&ssl=1","datePublished":"2017-03-29T14:00:08+00:00","author":{"@id":""},"breadcrumb":{"@id":"http:\/\/vamosporlaliberacion.org\/crpmlm\/nueva-provocacion-a-los-docentes-y-maniobras-del-gobierno-nacional\/#breadcrumb"},"inLanguage":"es","potentialAction":[{"@type":"ReadAction","target":["http:\/\/vamosporlaliberacion.org\/crpmlm\/nueva-provocacion-a-los-docentes-y-maniobras-del-gobierno-nacional\/"]}]},{"@type":"ImageObject","inLanguage":"es","@id":"http:\/\/vamosporlaliberacion.org\/crpmlm\/nueva-provocacion-a-los-docentes-y-maniobras-del-gobierno-nacional\/#primaryimage","url":"https:\/\/i0.wp.com\/vamosporlaliberacion.org\/crpmlm\/wp-content\/uploads\/2017\/03\/maria-eugenia-vidal-2396968w948.jpg?fit=948%2C533&ssl=1","contentUrl":"https:\/\/i0.wp.com\/vamosporlaliberacion.org\/crpmlm\/wp-content\/uploads\/2017\/03\/maria-eugenia-vidal-2396968w948.jpg?fit=948%2C533&ssl=1","width":948,"height":533},{"@type":"BreadcrumbList","@id":"http:\/\/vamosporlaliberacion.org\/crpmlm\/nueva-provocacion-a-los-docentes-y-maniobras-del-gobierno-nacional\/#breadcrumb","itemListElement":[{"@type":"ListItem","position":1,"name":"Portada","item":"https:\/\/vamosporlaliberacion.org\/crpmlm\/"},{"@type":"ListItem","position":2,"name":"Nueva provocaci\u00f3n a los docentes y maniobras del gobierno nacional"}]},{"@type":"WebSite","@id":"https:\/\/vamosporlaliberacion.org\/crpmlm\/#website","url":"https:\/\/vamosporlaliberacion.org\/crpmlm\/","name":"Vamos por la Liberaci\u00f3n","description":"Prensa CR","potentialAction":[{"@type":"SearchAction","target":{"@type":"EntryPoint","urlTemplate":"https:\/\/vamosporlaliberacion.org\/crpmlm\/?s={search_term_string}"},"query-input":{"@type":"PropertyValueSpecification","valueRequired":true,"valueName":"search_term_string"}}],"inLanguage":"es"},{"@type":"Person","@id":"","url":"http:\/\/vamosporlaliberacion.org\/crpmlm\/author\/"}]}},"jetpack_featured_media_url":"https:\/\/i0.wp.com\/vamosporlaliberacion.org\/crpmlm\/wp-content\/uploads\/2017\/03\/maria-eugenia-vidal-2396968w948.jpg?fit=948%2C533&ssl=1","jetpack_sharing_enabled":true,"_links":{"self":[{"href":"http:\/\/vamosporlaliberacion.org\/crpmlm\/wp-json\/wp\/v2\/posts\/8880","targetHints":{"allow":["GET"]}}],"collection":[{"href":"http:\/\/vamosporlaliberacion.org\/crpmlm\/wp-json\/wp\/v2\/posts"}],"about":[{"href":"http:\/\/vamosporlaliberacion.org\/crpmlm\/wp-json\/wp\/v2\/types\/post"}],"author":[{"embeddable":true,"href":"http:\/\/vamosporlaliberacion.org\/crpmlm\/wp-json\/wp\/v2\/users\/5"}],"replies":[{"embeddable":true,"href":"http:\/\/vamosporlaliberacion.org\/crpmlm\/wp-json\/wp\/v2\/comments?post=8880"}],"version-history":[{"count":0,"href":"http:\/\/vamosporlaliberacion.org\/crpmlm\/wp-json\/wp\/v2\/posts\/8880\/revisions"}],"wp:featuredmedia":[{"embeddable":true,"href":"http:\/\/vamosporlaliberacion.org\/crpmlm\/wp-json\/wp\/v2\/media\/8881"}],"wp:attachment":[{"href":"http:\/\/vamosporlaliberacion.org\/crpmlm\/wp-json\/wp\/v2\/media?parent=8880"}],"wp:term":[{"taxonomy":"category","embeddable":true,"href":"http:\/\/vamosporlaliberacion.org\/crpmlm\/wp-json\/wp\/v2\/categories?post=8880"},{"taxonomy":"post_tag","embeddable":true,"href":"http:\/\/vamosporlaliberacion.org\/crpmlm\/wp-json\/wp\/v2\/tags?post=8880"}],"curies":[{"name":"wp","href":"https:\/\/api.w.org\/{rel}","templated":true}]}}