{"id":8672,"date":"2017-03-03T21:21:51","date_gmt":"2017-03-04T00:21:51","guid":{"rendered":"http:\/\/vamosporlaliberacion.org\/crpmlm\/?p=8672"},"modified":"2017-03-04T11:01:37","modified_gmt":"2017-03-04T14:01:37","slug":"cortes-de-ruta-y-ocupacion-de-yacimientos","status":"publish","type":"post","link":"http:\/\/vamosporlaliberacion.org\/crpmlm\/cortes-de-ruta-y-ocupacion-de-yacimientos\/","title":{"rendered":"Cortes de ruta y ocupaci\u00f3n de yacimientos"},"content":{"rendered":"<p>En la madrugada del pasado 21 de febrero, alrededor de 200 trabajadores de SP Argentina y OPS (empresas de servicios petroleros contratadas por YPF) cortaron la ruta 6 a la altura de Rinc\u00f3n de los Sauces, bloqueando el paso a los principales yacimientos petrol\u00edferos de la zona. Reclamaron por sueldos adeudados desde noviembre e indemnizaciones a trabajadores despedidos.<\/p>\n<p>Mientras tanto, el secretario general del Sindicato de Petroleros Privados, el jerarca-empresario-legislador Guillermo Pereyra, acompa\u00f1aba a Macri en su gira por Espa\u00f1a, donde fue a promocionar la flexibilizaci\u00f3n y precarizaci\u00f3n que garantiz\u00f3 con la adenda al convenio colectivo de trabajo.<\/p>\n<p>Luego de tres d\u00edas de corte de ruta y de paro total de la producci\u00f3n petrolera en Rinc\u00f3n, YPF ofreci\u00f3 el pago de parte de lo adeudado. Pero una masiva asamblea rechaz\u00f3 la propuesta y se trasladaron a 80km para ocupar El Orejano: principal yacimiento de gas de Vaca Muerta.<br \/>\nEsta profundizaci\u00f3n de la lucha oblig\u00f3 al gobierno nacional y a Pereyra a buscar una r\u00e1pida soluci\u00f3n, que consisti\u00f3 en que YPF pagar\u00e1 la liquidaci\u00f3n de los trabajadores de ambas empresas de manera excepcional. Con esta conquista parcial, los petroleros decidieron, por ahora, levantar el piquete.<\/p>\n<p style=\"text-align: right;\">Corresponsal<\/p>\n<!-- AddThis Advanced Settings generic via filter on the_content --><!-- AddThis Share Buttons generic via filter on the_content -->","protected":false},"excerpt":{"rendered":"<p>En la madrugada del pasado 21 de febrero, alrededor de 200 trabajadores de SP Argentina y OPS (empresas de servicios petroleros contratadas por YPF) cortaron la ruta 6 a la altura de Rinc\u00f3n de los Sauces, bloqueando el paso a los principales yacimientos petrol\u00edferos de la zona. Reclamaron por sueldos adeudados desde noviembre e indemnizaciones [&hellip;]<!-- AddThis Advanced Settings generic via filter on get_the_excerpt --><!-- AddThis Share Buttons generic via filter on get_the_excerpt --><\/p>\n","protected":false},"author":5,"featured_media":8682,"comment_status":"open","ping_status":"open","sticky":false,"template":"","format":"standard","meta":{"_jetpack_memberships_contains_paid_content":false,"footnotes":""},"categories":[1699],"tags":[319,207,921],"class_list":{"0":"post-8672","1":"post","2":"type-post","3":"status-publish","4":"format-standard","5":"has-post-thumbnail","7":"category-noticias","8":"tag-neuquen","9":"tag-petroleros","10":"tag-vxl-92"},"yoast_head":"<!-- This site is optimized with the Yoast SEO plugin v27.4 - https:\/\/yoast.com\/product\/yoast-seo-wordpress\/ -->\n<title>Cortes de ruta y ocupaci\u00f3n de yacimientos - Vamos por la Liberaci\u00f3n<\/title>\n<meta name=\"robots\" content=\"index, follow, max-snippet:-1, max-image-preview:large, max-video-preview:-1\" \/>\n<link rel=\"canonical\" href=\"http:\/\/vamosporlaliberacion.org\/crpmlm\/cortes-de-ruta-y-ocupacion-de-yacimientos\/\" \/>\n<meta name=\"twitter:label1\" content=\"Escrito por\" \/>\n\t<meta name=\"twitter:data1\" content=\"\" \/>\n\t<meta name=\"twitter:label2\" content=\"Tiempo de lectura\" \/>\n\t<meta name=\"twitter:data2\" content=\"1 minuto\" \/>\n<script type=\"application\/ld+json\" class=\"yoast-schema-graph\">{\"@context\":\"https:\\\/\\\/schema.org\",\"@graph\":[{\"@type\":\"Article\",\"@id\":\"http:\\\/\\\/vamosporlaliberacion.org\\\/crpmlm\\\/cortes-de-ruta-y-ocupacion-de-yacimientos\\\/#article\",\"isPartOf\":{\"@id\":\"http:\\\/\\\/vamosporlaliberacion.org\\\/crpmlm\\\/cortes-de-ruta-y-ocupacion-de-yacimientos\\\/\"},\"author\":{\"name\":\"\",\"@id\":\"\"},\"headline\":\"Cortes de ruta y ocupaci\u00f3n de yacimientos\",\"datePublished\":\"2017-03-04T00:21:51+00:00\",\"dateModified\":\"2017-03-04T14:01:37+00:00\",\"mainEntityOfPage\":{\"@id\":\"http:\\\/\\\/vamosporlaliberacion.org\\\/crpmlm\\\/cortes-de-ruta-y-ocupacion-de-yacimientos\\\/\"},\"wordCount\":213,\"commentCount\":0,\"image\":{\"@id\":\"http:\\\/\\\/vamosporlaliberacion.org\\\/crpmlm\\\/cortes-de-ruta-y-ocupacion-de-yacimientos\\\/#primaryimage\"},\"thumbnailUrl\":\"https:\\\/\\\/i0.wp.com\\\/vamosporlaliberacion.org\\\/crpmlm\\\/wp-content\\\/uploads\\\/2017\\\/03\\\/petroleros.jpg?fit=696%2C392&ssl=1\",\"keywords\":[\"Neuqu\u00e9n\",\"Petroleros\",\"vxl 92\"],\"articleSection\":[\"Noticias\"],\"inLanguage\":\"es\",\"potentialAction\":[{\"@type\":\"CommentAction\",\"name\":\"Comment\",\"target\":[\"http:\\\/\\\/vamosporlaliberacion.org\\\/crpmlm\\\/cortes-de-ruta-y-ocupacion-de-yacimientos\\\/#respond\"]}]},{\"@type\":\"WebPage\",\"@id\":\"http:\\\/\\\/vamosporlaliberacion.org\\\/crpmlm\\\/cortes-de-ruta-y-ocupacion-de-yacimientos\\\/\",\"url\":\"http:\\\/\\\/vamosporlaliberacion.org\\\/crpmlm\\\/cortes-de-ruta-y-ocupacion-de-yacimientos\\\/\",\"name\":\"Cortes de ruta y ocupaci\u00f3n de yacimientos - Vamos por la Liberaci\u00f3n\",\"isPartOf\":{\"@id\":\"https:\\\/\\\/vamosporlaliberacion.org\\\/crpmlm\\\/#website\"},\"primaryImageOfPage\":{\"@id\":\"http:\\\/\\\/vamosporlaliberacion.org\\\/crpmlm\\\/cortes-de-ruta-y-ocupacion-de-yacimientos\\\/#primaryimage\"},\"image\":{\"@id\":\"http:\\\/\\\/vamosporlaliberacion.org\\\/crpmlm\\\/cortes-de-ruta-y-ocupacion-de-yacimientos\\\/#primaryimage\"},\"thumbnailUrl\":\"https:\\\/\\\/i0.wp.com\\\/vamosporlaliberacion.org\\\/crpmlm\\\/wp-content\\\/uploads\\\/2017\\\/03\\\/petroleros.jpg?fit=696%2C392&ssl=1\",\"datePublished\":\"2017-03-04T00:21:51+00:00\",\"dateModified\":\"2017-03-04T14:01:37+00:00\",\"author\":{\"@id\":\"\"},\"breadcrumb\":{\"@id\":\"http:\\\/\\\/vamosporlaliberacion.org\\\/crpmlm\\\/cortes-de-ruta-y-ocupacion-de-yacimientos\\\/#breadcrumb\"},\"inLanguage\":\"es\",\"potentialAction\":[{\"@type\":\"ReadAction\",\"target\":[\"http:\\\/\\\/vamosporlaliberacion.org\\\/crpmlm\\\/cortes-de-ruta-y-ocupacion-de-yacimientos\\\/\"]}]},{\"@type\":\"ImageObject\",\"inLanguage\":\"es\",\"@id\":\"http:\\\/\\\/vamosporlaliberacion.org\\\/crpmlm\\\/cortes-de-ruta-y-ocupacion-de-yacimientos\\\/#primaryimage\",\"url\":\"https:\\\/\\\/i0.wp.com\\\/vamosporlaliberacion.org\\\/crpmlm\\\/wp-content\\\/uploads\\\/2017\\\/03\\\/petroleros.jpg?fit=696%2C392&ssl=1\",\"contentUrl\":\"https:\\\/\\\/i0.wp.com\\\/vamosporlaliberacion.org\\\/crpmlm\\\/wp-content\\\/uploads\\\/2017\\\/03\\\/petroleros.jpg?fit=696%2C392&ssl=1\",\"width\":696,\"height\":392},{\"@type\":\"BreadcrumbList\",\"@id\":\"http:\\\/\\\/vamosporlaliberacion.org\\\/crpmlm\\\/cortes-de-ruta-y-ocupacion-de-yacimientos\\\/#breadcrumb\",\"itemListElement\":[{\"@type\":\"ListItem\",\"position\":1,\"name\":\"Portada\",\"item\":\"https:\\\/\\\/vamosporlaliberacion.org\\\/crpmlm\\\/\"},{\"@type\":\"ListItem\",\"position\":2,\"name\":\"Cortes de ruta y ocupaci\u00f3n de yacimientos\"}]},{\"@type\":\"WebSite\",\"@id\":\"https:\\\/\\\/vamosporlaliberacion.org\\\/crpmlm\\\/#website\",\"url\":\"https:\\\/\\\/vamosporlaliberacion.org\\\/crpmlm\\\/\",\"name\":\"Vamos por la Liberaci\u00f3n\",\"description\":\"Prensa CR\",\"potentialAction\":[{\"@type\":\"SearchAction\",\"target\":{\"@type\":\"EntryPoint\",\"urlTemplate\":\"https:\\\/\\\/vamosporlaliberacion.org\\\/crpmlm\\\/?s={search_term_string}\"},\"query-input\":{\"@type\":\"PropertyValueSpecification\",\"valueRequired\":true,\"valueName\":\"search_term_string\"}}],\"inLanguage\":\"es\"},{\"@type\":\"Person\",\"@id\":\"\",\"url\":\"http:\\\/\\\/vamosporlaliberacion.org\\\/crpmlm\\\/author\\\/\"}]}<\/script>\n<!-- \/ Yoast SEO plugin. -->","yoast_head_json":{"title":"Cortes de ruta y ocupaci\u00f3n de yacimientos - Vamos por la Liberaci\u00f3n","robots":{"index":"index","follow":"follow","max-snippet":"max-snippet:-1","max-image-preview":"max-image-preview:large","max-video-preview":"max-video-preview:-1"},"canonical":"http:\/\/vamosporlaliberacion.org\/crpmlm\/cortes-de-ruta-y-ocupacion-de-yacimientos\/","twitter_misc":{"Escrito por":"","Tiempo de lectura":"1 minuto"},"schema":{"@context":"https:\/\/schema.org","@graph":[{"@type":"Article","@id":"http:\/\/vamosporlaliberacion.org\/crpmlm\/cortes-de-ruta-y-ocupacion-de-yacimientos\/#article","isPartOf":{"@id":"http:\/\/vamosporlaliberacion.org\/crpmlm\/cortes-de-ruta-y-ocupacion-de-yacimientos\/"},"author":{"name":"","@id":""},"headline":"Cortes de ruta y ocupaci\u00f3n de yacimientos","datePublished":"2017-03-04T00:21:51+00:00","dateModified":"2017-03-04T14:01:37+00:00","mainEntityOfPage":{"@id":"http:\/\/vamosporlaliberacion.org\/crpmlm\/cortes-de-ruta-y-ocupacion-de-yacimientos\/"},"wordCount":213,"commentCount":0,"image":{"@id":"http:\/\/vamosporlaliberacion.org\/crpmlm\/cortes-de-ruta-y-ocupacion-de-yacimientos\/#primaryimage"},"thumbnailUrl":"https:\/\/i0.wp.com\/vamosporlaliberacion.org\/crpmlm\/wp-content\/uploads\/2017\/03\/petroleros.jpg?fit=696%2C392&ssl=1","keywords":["Neuqu\u00e9n","Petroleros","vxl 92"],"articleSection":["Noticias"],"inLanguage":"es","potentialAction":[{"@type":"CommentAction","name":"Comment","target":["http:\/\/vamosporlaliberacion.org\/crpmlm\/cortes-de-ruta-y-ocupacion-de-yacimientos\/#respond"]}]},{"@type":"WebPage","@id":"http:\/\/vamosporlaliberacion.org\/crpmlm\/cortes-de-ruta-y-ocupacion-de-yacimientos\/","url":"http:\/\/vamosporlaliberacion.org\/crpmlm\/cortes-de-ruta-y-ocupacion-de-yacimientos\/","name":"Cortes de ruta y ocupaci\u00f3n de yacimientos - Vamos por la Liberaci\u00f3n","isPartOf":{"@id":"https:\/\/vamosporlaliberacion.org\/crpmlm\/#website"},"primaryImageOfPage":{"@id":"http:\/\/vamosporlaliberacion.org\/crpmlm\/cortes-de-ruta-y-ocupacion-de-yacimientos\/#primaryimage"},"image":{"@id":"http:\/\/vamosporlaliberacion.org\/crpmlm\/cortes-de-ruta-y-ocupacion-de-yacimientos\/#primaryimage"},"thumbnailUrl":"https:\/\/i0.wp.com\/vamosporlaliberacion.org\/crpmlm\/wp-content\/uploads\/2017\/03\/petroleros.jpg?fit=696%2C392&ssl=1","datePublished":"2017-03-04T00:21:51+00:00","dateModified":"2017-03-04T14:01:37+00:00","author":{"@id":""},"breadcrumb":{"@id":"http:\/\/vamosporlaliberacion.org\/crpmlm\/cortes-de-ruta-y-ocupacion-de-yacimientos\/#breadcrumb"},"inLanguage":"es","potentialAction":[{"@type":"ReadAction","target":["http:\/\/vamosporlaliberacion.org\/crpmlm\/cortes-de-ruta-y-ocupacion-de-yacimientos\/"]}]},{"@type":"ImageObject","inLanguage":"es","@id":"http:\/\/vamosporlaliberacion.org\/crpmlm\/cortes-de-ruta-y-ocupacion-de-yacimientos\/#primaryimage","url":"https:\/\/i0.wp.com\/vamosporlaliberacion.org\/crpmlm\/wp-content\/uploads\/2017\/03\/petroleros.jpg?fit=696%2C392&ssl=1","contentUrl":"https:\/\/i0.wp.com\/vamosporlaliberacion.org\/crpmlm\/wp-content\/uploads\/2017\/03\/petroleros.jpg?fit=696%2C392&ssl=1","width":696,"height":392},{"@type":"BreadcrumbList","@id":"http:\/\/vamosporlaliberacion.org\/crpmlm\/cortes-de-ruta-y-ocupacion-de-yacimientos\/#breadcrumb","itemListElement":[{"@type":"ListItem","position":1,"name":"Portada","item":"https:\/\/vamosporlaliberacion.org\/crpmlm\/"},{"@type":"ListItem","position":2,"name":"Cortes de ruta y ocupaci\u00f3n de yacimientos"}]},{"@type":"WebSite","@id":"https:\/\/vamosporlaliberacion.org\/crpmlm\/#website","url":"https:\/\/vamosporlaliberacion.org\/crpmlm\/","name":"Vamos por la Liberaci\u00f3n","description":"Prensa CR","potentialAction":[{"@type":"SearchAction","target":{"@type":"EntryPoint","urlTemplate":"https:\/\/vamosporlaliberacion.org\/crpmlm\/?s={search_term_string}"},"query-input":{"@type":"PropertyValueSpecification","valueRequired":true,"valueName":"search_term_string"}}],"inLanguage":"es"},{"@type":"Person","@id":"","url":"http:\/\/vamosporlaliberacion.org\/crpmlm\/author\/"}]}},"jetpack_featured_media_url":"https:\/\/i0.wp.com\/vamosporlaliberacion.org\/crpmlm\/wp-content\/uploads\/2017\/03\/petroleros.jpg?fit=696%2C392&ssl=1","jetpack_sharing_enabled":true,"_links":{"self":[{"href":"http:\/\/vamosporlaliberacion.org\/crpmlm\/wp-json\/wp\/v2\/posts\/8672","targetHints":{"allow":["GET"]}}],"collection":[{"href":"http:\/\/vamosporlaliberacion.org\/crpmlm\/wp-json\/wp\/v2\/posts"}],"about":[{"href":"http:\/\/vamosporlaliberacion.org\/crpmlm\/wp-json\/wp\/v2\/types\/post"}],"author":[{"embeddable":true,"href":"http:\/\/vamosporlaliberacion.org\/crpmlm\/wp-json\/wp\/v2\/users\/5"}],"replies":[{"embeddable":true,"href":"http:\/\/vamosporlaliberacion.org\/crpmlm\/wp-json\/wp\/v2\/comments?post=8672"}],"version-history":[{"count":0,"href":"http:\/\/vamosporlaliberacion.org\/crpmlm\/wp-json\/wp\/v2\/posts\/8672\/revisions"}],"wp:featuredmedia":[{"embeddable":true,"href":"http:\/\/vamosporlaliberacion.org\/crpmlm\/wp-json\/wp\/v2\/media\/8682"}],"wp:attachment":[{"href":"http:\/\/vamosporlaliberacion.org\/crpmlm\/wp-json\/wp\/v2\/media?parent=8672"}],"wp:term":[{"taxonomy":"category","embeddable":true,"href":"http:\/\/vamosporlaliberacion.org\/crpmlm\/wp-json\/wp\/v2\/categories?post=8672"},{"taxonomy":"post_tag","embeddable":true,"href":"http:\/\/vamosporlaliberacion.org\/crpmlm\/wp-json\/wp\/v2\/tags?post=8672"}],"curies":[{"name":"wp","href":"https:\/\/api.w.org\/{rel}","templated":true}]}}