{"id":8629,"date":"2017-03-03T21:20:36","date_gmt":"2017-03-04T00:20:36","guid":{"rendered":"http:\/\/vamosporlaliberacion.org\/crpmlm\/?p=8629"},"modified":"2017-03-04T11:01:30","modified_gmt":"2017-03-04T14:01:30","slug":"milani-por-que-cfk-lo-sostuvo","status":"publish","type":"post","link":"http:\/\/vamosporlaliberacion.org\/crpmlm\/milani-por-que-cfk-lo-sostuvo\/","title":{"rendered":"Milani: \u00bfPor qu\u00e9 CFK lo sostuvo?"},"content":{"rendered":"<p>Cristina Fern\u00e1ndez de Kirchner sostuvo a C\u00e9sar Milani al frente del Ej\u00e9rcito durante dos a\u00f1os a pesar de las denuncias en su contra. En julio de 2013 firm\u00f3 su nombramiento incluso cuando hasta el CELS cambi\u00f3 su postura y pas\u00f3 a impugnarlo. Y si en junio de 2015 fue pasado a retiro, fue simplemente porque busc\u00f3 evitar que las denuncias contra el entonces Jefe del Ej\u00e9rcito sean parte de la campa\u00f1a electoral.<\/p>\n<p>Ahora, la detenci\u00f3n del teniente general y el silencio herm\u00e9tico de \u201cla Jefa\u201d han generado un d\u00e9j\u00e0 vu de desconcierto en el kirchnerismo. Algunos han expresado una retardada y tibia celebraci\u00f3n. Otros han reproducido ese silencio. Y hasta hubo tambi\u00e9n qui\u00e9n ensay\u00f3 una fallida defensa, como su socio Guillermo Moreno que nos record\u00f3 la lamentable foto de Hebe Bonafini con el teniente general.<\/p>\n<p>Ha sido y es un costo enorme para una fuerza que ha buscado desde el inicio de su gobierno acumular pol\u00edticamente con los juicios contra los genocidas. \u00bfPor qu\u00e9 lo ha sostenido a cualquier costo?<\/p>\n<p>Seguramente existen varias razones. Pero hay una que se destaca por su propio peso y se ha hecho m\u00e1s evidente tras quedar expuesta la pelea frontal con el servicio Stiuso: su necesidad de armar su propia red de espionaje. Por eso no eligi\u00f3 a cualquiera: eligi\u00f3 a un militar que ya ven\u00eda desarrollando actividades de inteligencia\u2026 \u00a1desde la dictadura! Seg\u00fan su propio curr\u00edculum ha sido parte del equipo de inteligencia del nefasto Batall\u00f3n 601 desde 1984, lo que no es m\u00e1s que un blanqueo de la funci\u00f3n que ya ven\u00eda ejerciendo.<\/p>\n<p>Es impensable que CFK haya depositado alguna vez la conducci\u00f3n real del aparato de inteligencia en el \u201cboludo\u201d de Oscar Parrilli \u2013seg\u00fan sus propias palabras\u2013. Entonces se encarg\u00f3 de destinarle a la estructura bajo el mando de Milani jugosas partidas presupuestarias, empezando en 2013 con una reasignaci\u00f3n de 1325 millones de pesos para equipamiento y lo que sea necesario.<\/p>\n<p>Luego vino la dudosa muerte del fiscal Nisman, la desestructuraci\u00f3n de la SIDE para rearmarse en la AFI bajo otros mandos, el \u201cexilio\u201d de Stiuso, y toda una guerra de esp\u00edas que no es otra cosa que la expresi\u00f3n de disputas entre distintos sectores dentro de las clases dominantes. Mientras, se reafirmaba tambi\u00e9n la pol\u00edtica de espionaje e infiltraci\u00f3n a organizaciones populares, como Proyecto X y la aprobaci\u00f3n de la Ley Antiterrorista. En esto los sucesivos gobiernos no han evidenciado grandes diferencias. Y evidentemente, Cristina Kirchner ha mostrado que para cuestiones que considera estrat\u00e9gicas puede prescindir del maquillaje progresista.<\/p>\n<!-- AddThis Advanced Settings generic via filter on the_content --><!-- AddThis Share Buttons generic via filter on the_content -->","protected":false},"excerpt":{"rendered":"<p>Cristina Fern\u00e1ndez de Kirchner sostuvo a C\u00e9sar Milani al frente del Ej\u00e9rcito durante dos a\u00f1os a pesar de las denuncias en su contra. En julio de 2013 firm\u00f3 su nombramiento incluso cuando hasta el CELS cambi\u00f3 su postura y pas\u00f3 a impugnarlo. Y si en junio de 2015 fue pasado a retiro, fue simplemente porque [&hellip;]<!-- AddThis Advanced Settings generic via filter on get_the_excerpt --><!-- AddThis Share Buttons generic via filter on get_the_excerpt --><\/p>\n","protected":false},"author":5,"featured_media":8681,"comment_status":"open","ping_status":"open","sticky":false,"template":"","format":"standard","meta":{"_jetpack_memberships_contains_paid_content":false,"footnotes":""},"categories":[1699],"tags":[50,640,537,921],"class_list":{"0":"post-8629","1":"post","2":"type-post","3":"status-publish","4":"format-standard","5":"has-post-thumbnail","7":"category-noticias","8":"tag-cesar-milani","9":"tag-cristina-fernandez-de-kirchner","10":"tag-libertades-democraticas","11":"tag-vxl-92"},"yoast_head":"<!-- This site is optimized with the Yoast SEO plugin v27.4 - https:\/\/yoast.com\/product\/yoast-seo-wordpress\/ -->\n<title>Milani: \u00bfPor qu\u00e9 CFK lo sostuvo? - Vamos por la Liberaci\u00f3n<\/title>\n<meta name=\"robots\" content=\"index, follow, max-snippet:-1, max-image-preview:large, max-video-preview:-1\" \/>\n<link rel=\"canonical\" href=\"http:\/\/vamosporlaliberacion.org\/crpmlm\/milani-por-que-cfk-lo-sostuvo\/\" \/>\n<meta name=\"twitter:label1\" content=\"Escrito por\" \/>\n\t<meta name=\"twitter:data1\" content=\"\" \/>\n\t<meta name=\"twitter:label2\" content=\"Tiempo de lectura\" \/>\n\t<meta name=\"twitter:data2\" content=\"2 minutos\" \/>\n<script type=\"application\/ld+json\" class=\"yoast-schema-graph\">{\"@context\":\"https:\\\/\\\/schema.org\",\"@graph\":[{\"@type\":\"Article\",\"@id\":\"http:\\\/\\\/vamosporlaliberacion.org\\\/crpmlm\\\/milani-por-que-cfk-lo-sostuvo\\\/#article\",\"isPartOf\":{\"@id\":\"http:\\\/\\\/vamosporlaliberacion.org\\\/crpmlm\\\/milani-por-que-cfk-lo-sostuvo\\\/\"},\"author\":{\"name\":\"\",\"@id\":\"\"},\"headline\":\"Milani: \u00bfPor qu\u00e9 CFK lo sostuvo?\",\"datePublished\":\"2017-03-04T00:20:36+00:00\",\"dateModified\":\"2017-03-04T14:01:30+00:00\",\"mainEntityOfPage\":{\"@id\":\"http:\\\/\\\/vamosporlaliberacion.org\\\/crpmlm\\\/milani-por-que-cfk-lo-sostuvo\\\/\"},\"wordCount\":451,\"commentCount\":0,\"image\":{\"@id\":\"http:\\\/\\\/vamosporlaliberacion.org\\\/crpmlm\\\/milani-por-que-cfk-lo-sostuvo\\\/#primaryimage\"},\"thumbnailUrl\":\"https:\\\/\\\/i0.wp.com\\\/vamosporlaliberacion.org\\\/crpmlm\\\/wp-content\\\/uploads\\\/2017\\\/03\\\/milani.jpg?fit=696%2C392&ssl=1\",\"keywords\":[\"C\u00e9sar Milani\",\"Cristina Fern\u00e1ndez de Kirchner\",\"Libertades democr\u00e1ticas\",\"vxl 92\"],\"articleSection\":[\"Noticias\"],\"inLanguage\":\"es\",\"potentialAction\":[{\"@type\":\"CommentAction\",\"name\":\"Comment\",\"target\":[\"http:\\\/\\\/vamosporlaliberacion.org\\\/crpmlm\\\/milani-por-que-cfk-lo-sostuvo\\\/#respond\"]}]},{\"@type\":\"WebPage\",\"@id\":\"http:\\\/\\\/vamosporlaliberacion.org\\\/crpmlm\\\/milani-por-que-cfk-lo-sostuvo\\\/\",\"url\":\"http:\\\/\\\/vamosporlaliberacion.org\\\/crpmlm\\\/milani-por-que-cfk-lo-sostuvo\\\/\",\"name\":\"Milani: \u00bfPor qu\u00e9 CFK lo sostuvo? - Vamos por la Liberaci\u00f3n\",\"isPartOf\":{\"@id\":\"https:\\\/\\\/vamosporlaliberacion.org\\\/crpmlm\\\/#website\"},\"primaryImageOfPage\":{\"@id\":\"http:\\\/\\\/vamosporlaliberacion.org\\\/crpmlm\\\/milani-por-que-cfk-lo-sostuvo\\\/#primaryimage\"},\"image\":{\"@id\":\"http:\\\/\\\/vamosporlaliberacion.org\\\/crpmlm\\\/milani-por-que-cfk-lo-sostuvo\\\/#primaryimage\"},\"thumbnailUrl\":\"https:\\\/\\\/i0.wp.com\\\/vamosporlaliberacion.org\\\/crpmlm\\\/wp-content\\\/uploads\\\/2017\\\/03\\\/milani.jpg?fit=696%2C392&ssl=1\",\"datePublished\":\"2017-03-04T00:20:36+00:00\",\"dateModified\":\"2017-03-04T14:01:30+00:00\",\"author\":{\"@id\":\"\"},\"breadcrumb\":{\"@id\":\"http:\\\/\\\/vamosporlaliberacion.org\\\/crpmlm\\\/milani-por-que-cfk-lo-sostuvo\\\/#breadcrumb\"},\"inLanguage\":\"es\",\"potentialAction\":[{\"@type\":\"ReadAction\",\"target\":[\"http:\\\/\\\/vamosporlaliberacion.org\\\/crpmlm\\\/milani-por-que-cfk-lo-sostuvo\\\/\"]}]},{\"@type\":\"ImageObject\",\"inLanguage\":\"es\",\"@id\":\"http:\\\/\\\/vamosporlaliberacion.org\\\/crpmlm\\\/milani-por-que-cfk-lo-sostuvo\\\/#primaryimage\",\"url\":\"https:\\\/\\\/i0.wp.com\\\/vamosporlaliberacion.org\\\/crpmlm\\\/wp-content\\\/uploads\\\/2017\\\/03\\\/milani.jpg?fit=696%2C392&ssl=1\",\"contentUrl\":\"https:\\\/\\\/i0.wp.com\\\/vamosporlaliberacion.org\\\/crpmlm\\\/wp-content\\\/uploads\\\/2017\\\/03\\\/milani.jpg?fit=696%2C392&ssl=1\",\"width\":696,\"height\":392},{\"@type\":\"BreadcrumbList\",\"@id\":\"http:\\\/\\\/vamosporlaliberacion.org\\\/crpmlm\\\/milani-por-que-cfk-lo-sostuvo\\\/#breadcrumb\",\"itemListElement\":[{\"@type\":\"ListItem\",\"position\":1,\"name\":\"Portada\",\"item\":\"https:\\\/\\\/vamosporlaliberacion.org\\\/crpmlm\\\/\"},{\"@type\":\"ListItem\",\"position\":2,\"name\":\"Milani: \u00bfPor qu\u00e9 CFK lo sostuvo?\"}]},{\"@type\":\"WebSite\",\"@id\":\"https:\\\/\\\/vamosporlaliberacion.org\\\/crpmlm\\\/#website\",\"url\":\"https:\\\/\\\/vamosporlaliberacion.org\\\/crpmlm\\\/\",\"name\":\"Vamos por la Liberaci\u00f3n\",\"description\":\"Prensa CR\",\"potentialAction\":[{\"@type\":\"SearchAction\",\"target\":{\"@type\":\"EntryPoint\",\"urlTemplate\":\"https:\\\/\\\/vamosporlaliberacion.org\\\/crpmlm\\\/?s={search_term_string}\"},\"query-input\":{\"@type\":\"PropertyValueSpecification\",\"valueRequired\":true,\"valueName\":\"search_term_string\"}}],\"inLanguage\":\"es\"},{\"@type\":\"Person\",\"@id\":\"\",\"url\":\"http:\\\/\\\/vamosporlaliberacion.org\\\/crpmlm\\\/author\\\/\"}]}<\/script>\n<!-- \/ Yoast SEO plugin. -->","yoast_head_json":{"title":"Milani: \u00bfPor qu\u00e9 CFK lo sostuvo? - Vamos por la Liberaci\u00f3n","robots":{"index":"index","follow":"follow","max-snippet":"max-snippet:-1","max-image-preview":"max-image-preview:large","max-video-preview":"max-video-preview:-1"},"canonical":"http:\/\/vamosporlaliberacion.org\/crpmlm\/milani-por-que-cfk-lo-sostuvo\/","twitter_misc":{"Escrito por":"","Tiempo de lectura":"2 minutos"},"schema":{"@context":"https:\/\/schema.org","@graph":[{"@type":"Article","@id":"http:\/\/vamosporlaliberacion.org\/crpmlm\/milani-por-que-cfk-lo-sostuvo\/#article","isPartOf":{"@id":"http:\/\/vamosporlaliberacion.org\/crpmlm\/milani-por-que-cfk-lo-sostuvo\/"},"author":{"name":"","@id":""},"headline":"Milani: \u00bfPor qu\u00e9 CFK lo sostuvo?","datePublished":"2017-03-04T00:20:36+00:00","dateModified":"2017-03-04T14:01:30+00:00","mainEntityOfPage":{"@id":"http:\/\/vamosporlaliberacion.org\/crpmlm\/milani-por-que-cfk-lo-sostuvo\/"},"wordCount":451,"commentCount":0,"image":{"@id":"http:\/\/vamosporlaliberacion.org\/crpmlm\/milani-por-que-cfk-lo-sostuvo\/#primaryimage"},"thumbnailUrl":"https:\/\/i0.wp.com\/vamosporlaliberacion.org\/crpmlm\/wp-content\/uploads\/2017\/03\/milani.jpg?fit=696%2C392&ssl=1","keywords":["C\u00e9sar Milani","Cristina Fern\u00e1ndez de Kirchner","Libertades democr\u00e1ticas","vxl 92"],"articleSection":["Noticias"],"inLanguage":"es","potentialAction":[{"@type":"CommentAction","name":"Comment","target":["http:\/\/vamosporlaliberacion.org\/crpmlm\/milani-por-que-cfk-lo-sostuvo\/#respond"]}]},{"@type":"WebPage","@id":"http:\/\/vamosporlaliberacion.org\/crpmlm\/milani-por-que-cfk-lo-sostuvo\/","url":"http:\/\/vamosporlaliberacion.org\/crpmlm\/milani-por-que-cfk-lo-sostuvo\/","name":"Milani: \u00bfPor qu\u00e9 CFK lo sostuvo? - Vamos por la Liberaci\u00f3n","isPartOf":{"@id":"https:\/\/vamosporlaliberacion.org\/crpmlm\/#website"},"primaryImageOfPage":{"@id":"http:\/\/vamosporlaliberacion.org\/crpmlm\/milani-por-que-cfk-lo-sostuvo\/#primaryimage"},"image":{"@id":"http:\/\/vamosporlaliberacion.org\/crpmlm\/milani-por-que-cfk-lo-sostuvo\/#primaryimage"},"thumbnailUrl":"https:\/\/i0.wp.com\/vamosporlaliberacion.org\/crpmlm\/wp-content\/uploads\/2017\/03\/milani.jpg?fit=696%2C392&ssl=1","datePublished":"2017-03-04T00:20:36+00:00","dateModified":"2017-03-04T14:01:30+00:00","author":{"@id":""},"breadcrumb":{"@id":"http:\/\/vamosporlaliberacion.org\/crpmlm\/milani-por-que-cfk-lo-sostuvo\/#breadcrumb"},"inLanguage":"es","potentialAction":[{"@type":"ReadAction","target":["http:\/\/vamosporlaliberacion.org\/crpmlm\/milani-por-que-cfk-lo-sostuvo\/"]}]},{"@type":"ImageObject","inLanguage":"es","@id":"http:\/\/vamosporlaliberacion.org\/crpmlm\/milani-por-que-cfk-lo-sostuvo\/#primaryimage","url":"https:\/\/i0.wp.com\/vamosporlaliberacion.org\/crpmlm\/wp-content\/uploads\/2017\/03\/milani.jpg?fit=696%2C392&ssl=1","contentUrl":"https:\/\/i0.wp.com\/vamosporlaliberacion.org\/crpmlm\/wp-content\/uploads\/2017\/03\/milani.jpg?fit=696%2C392&ssl=1","width":696,"height":392},{"@type":"BreadcrumbList","@id":"http:\/\/vamosporlaliberacion.org\/crpmlm\/milani-por-que-cfk-lo-sostuvo\/#breadcrumb","itemListElement":[{"@type":"ListItem","position":1,"name":"Portada","item":"https:\/\/vamosporlaliberacion.org\/crpmlm\/"},{"@type":"ListItem","position":2,"name":"Milani: \u00bfPor qu\u00e9 CFK lo sostuvo?"}]},{"@type":"WebSite","@id":"https:\/\/vamosporlaliberacion.org\/crpmlm\/#website","url":"https:\/\/vamosporlaliberacion.org\/crpmlm\/","name":"Vamos por la Liberaci\u00f3n","description":"Prensa CR","potentialAction":[{"@type":"SearchAction","target":{"@type":"EntryPoint","urlTemplate":"https:\/\/vamosporlaliberacion.org\/crpmlm\/?s={search_term_string}"},"query-input":{"@type":"PropertyValueSpecification","valueRequired":true,"valueName":"search_term_string"}}],"inLanguage":"es"},{"@type":"Person","@id":"","url":"http:\/\/vamosporlaliberacion.org\/crpmlm\/author\/"}]}},"jetpack_featured_media_url":"https:\/\/i0.wp.com\/vamosporlaliberacion.org\/crpmlm\/wp-content\/uploads\/2017\/03\/milani.jpg?fit=696%2C392&ssl=1","jetpack_sharing_enabled":true,"_links":{"self":[{"href":"http:\/\/vamosporlaliberacion.org\/crpmlm\/wp-json\/wp\/v2\/posts\/8629","targetHints":{"allow":["GET"]}}],"collection":[{"href":"http:\/\/vamosporlaliberacion.org\/crpmlm\/wp-json\/wp\/v2\/posts"}],"about":[{"href":"http:\/\/vamosporlaliberacion.org\/crpmlm\/wp-json\/wp\/v2\/types\/post"}],"author":[{"embeddable":true,"href":"http:\/\/vamosporlaliberacion.org\/crpmlm\/wp-json\/wp\/v2\/users\/5"}],"replies":[{"embeddable":true,"href":"http:\/\/vamosporlaliberacion.org\/crpmlm\/wp-json\/wp\/v2\/comments?post=8629"}],"version-history":[{"count":0,"href":"http:\/\/vamosporlaliberacion.org\/crpmlm\/wp-json\/wp\/v2\/posts\/8629\/revisions"}],"wp:featuredmedia":[{"embeddable":true,"href":"http:\/\/vamosporlaliberacion.org\/crpmlm\/wp-json\/wp\/v2\/media\/8681"}],"wp:attachment":[{"href":"http:\/\/vamosporlaliberacion.org\/crpmlm\/wp-json\/wp\/v2\/media?parent=8629"}],"wp:term":[{"taxonomy":"category","embeddable":true,"href":"http:\/\/vamosporlaliberacion.org\/crpmlm\/wp-json\/wp\/v2\/categories?post=8629"},{"taxonomy":"post_tag","embeddable":true,"href":"http:\/\/vamosporlaliberacion.org\/crpmlm\/wp-json\/wp\/v2\/tags?post=8629"}],"curies":[{"name":"wp","href":"https:\/\/api.w.org\/{rel}","templated":true}]}}