{"id":8626,"date":"2017-03-03T21:13:43","date_gmt":"2017-03-04T00:13:43","guid":{"rendered":"http:\/\/vamosporlaliberacion.org\/crpmlm\/?p=8626"},"modified":"2017-03-03T23:26:23","modified_gmt":"2017-03-04T02:26:23","slug":"llamativas-conversaciones-con-la-nacion","status":"publish","type":"post","link":"http:\/\/vamosporlaliberacion.org\/crpmlm\/llamativas-conversaciones-con-la-nacion\/","title":{"rendered":"Llamativas Conversaciones con La Naci\u00f3n"},"content":{"rendered":"<p>Fue llamativa la entrevista del secretario general del PTP-PCR, Otto Vargas, realizada por el diario La Naci\u00f3n en su programa Conversaciones. Ciertamente no es la primera vez que un dirigente de este partido tiene una cita con este peri\u00f3dico olig\u00e1rquico o escriben para el mismo. Pero llama la atenci\u00f3n no s\u00f3lo la destacada difusi\u00f3n de este medio, sino tambi\u00e9n el tono fraternal de Vargas para este diario que desde sus editoriales ha hecho punta en la campa\u00f1a de \u00a1defensa de los genocidas presos!<\/p>\n<p>A fines del a\u00f1o pasado, tras la firma de la \u201cpaz social\u201d por la CTEP, CCC y Barrios de Pie con el gobierno y la posterior aprobaci\u00f3n de la Ley de Emergencia Social, hab\u00eda sido entrevistado tambi\u00e9n Juan Carlos Alderete, camarada de Vargas y principal referente de la CCC. Con \u00e1nimo de mostrar voluntad conciliadora tuvo frases como que \u201cprefer\u00edamos ser bomberos en ese momento\u201d (en referencia a diciembre del 2001); o que acordaron la Emergencia Social para que \u201ccon una ley buscar alternativas para empezar a salir de la pobreza\u201d. \u00bfY la liberaci\u00f3n nacional y social? \u201cBien, gracias\u2026\u201d<\/p>\n<p>Ahora, Vargas defini\u00f3 a este agrupamiento que se lanz\u00f3 en San Cayetano (la CCC, CTEP y Barrios de Pie) como la \u201cnueva izquierda\u201d; explic\u00f3 que ahora est\u00e1n reclamando la reglamentaci\u00f3n de la Ley de Emergencia Social; neg\u00f3 una vez m\u00e1s que los terratenientes hayan hegemonizado la Mesa de Enlace durante el conflicto agrario de 2008; plante\u00f3 la posibilidad de alianza con La C\u00e1mpora; habl\u00f3 del Che Guevara y de mucho m\u00e1s\u2026 Pero evit\u00f3 cuestionar o siquiera hacer menci\u00f3n a la campa\u00f1a de relativizaci\u00f3n del genocidio de la dictadura sostenida por el gobierno de Cambiemos y por\u2026 el diario La Naci\u00f3n.<\/p>\n<!-- AddThis Advanced Settings generic via filter on the_content --><!-- AddThis Share Buttons generic via filter on the_content -->","protected":false},"excerpt":{"rendered":"<p>Fue llamativa la entrevista del secretario general del PTP-PCR, Otto Vargas, realizada por el diario La Naci\u00f3n en su programa Conversaciones. Ciertamente no es la primera vez que un dirigente de este partido tiene una cita con este peri\u00f3dico olig\u00e1rquico o escriben para el mismo. Pero llama la atenci\u00f3n no s\u00f3lo la destacada difusi\u00f3n de [&hellip;]<!-- AddThis Advanced Settings generic via filter on get_the_excerpt --><!-- AddThis Share Buttons generic via filter on get_the_excerpt --><\/p>\n","protected":false},"author":5,"featured_media":8627,"comment_status":"open","ping_status":"open","sticky":false,"template":"","format":"standard","meta":{"_jetpack_memberships_contains_paid_content":false,"footnotes":""},"categories":[1699],"tags":[925,509,921],"class_list":{"0":"post-8626","1":"post","2":"type-post","3":"status-publish","4":"format-standard","5":"has-post-thumbnail","7":"category-noticias","8":"tag-otto-vargas","9":"tag-ptp-pcr","10":"tag-vxl-92"},"yoast_head":"<!-- This site is optimized with the Yoast SEO plugin v27.4 - https:\/\/yoast.com\/product\/yoast-seo-wordpress\/ -->\n<title>Llamativas Conversaciones con La Naci\u00f3n - Vamos por la Liberaci\u00f3n<\/title>\n<meta name=\"robots\" content=\"index, follow, max-snippet:-1, max-image-preview:large, max-video-preview:-1\" \/>\n<link rel=\"canonical\" href=\"http:\/\/vamosporlaliberacion.org\/crpmlm\/llamativas-conversaciones-con-la-nacion\/\" \/>\n<meta name=\"twitter:label1\" content=\"Escrito por\" \/>\n\t<meta name=\"twitter:data1\" content=\"\" \/>\n\t<meta name=\"twitter:label2\" content=\"Tiempo de lectura\" \/>\n\t<meta name=\"twitter:data2\" content=\"2 minutos\" \/>\n<script type=\"application\/ld+json\" class=\"yoast-schema-graph\">{\"@context\":\"https:\\\/\\\/schema.org\",\"@graph\":[{\"@type\":\"Article\",\"@id\":\"http:\\\/\\\/vamosporlaliberacion.org\\\/crpmlm\\\/llamativas-conversaciones-con-la-nacion\\\/#article\",\"isPartOf\":{\"@id\":\"http:\\\/\\\/vamosporlaliberacion.org\\\/crpmlm\\\/llamativas-conversaciones-con-la-nacion\\\/\"},\"author\":{\"name\":\"\",\"@id\":\"\"},\"headline\":\"Llamativas Conversaciones con La Naci\u00f3n\",\"datePublished\":\"2017-03-04T00:13:43+00:00\",\"dateModified\":\"2017-03-04T02:26:23+00:00\",\"mainEntityOfPage\":{\"@id\":\"http:\\\/\\\/vamosporlaliberacion.org\\\/crpmlm\\\/llamativas-conversaciones-con-la-nacion\\\/\"},\"wordCount\":309,\"commentCount\":0,\"image\":{\"@id\":\"http:\\\/\\\/vamosporlaliberacion.org\\\/crpmlm\\\/llamativas-conversaciones-con-la-nacion\\\/#primaryimage\"},\"thumbnailUrl\":\"https:\\\/\\\/i0.wp.com\\\/vamosporlaliberacion.org\\\/crpmlm\\\/wp-content\\\/uploads\\\/2017\\\/03\\\/2017-02-24.png?fit=800%2C450&ssl=1\",\"keywords\":[\"Otto Vargas\",\"PTP PCR\",\"vxl 92\"],\"articleSection\":[\"Noticias\"],\"inLanguage\":\"es\",\"potentialAction\":[{\"@type\":\"CommentAction\",\"name\":\"Comment\",\"target\":[\"http:\\\/\\\/vamosporlaliberacion.org\\\/crpmlm\\\/llamativas-conversaciones-con-la-nacion\\\/#respond\"]}]},{\"@type\":\"WebPage\",\"@id\":\"http:\\\/\\\/vamosporlaliberacion.org\\\/crpmlm\\\/llamativas-conversaciones-con-la-nacion\\\/\",\"url\":\"http:\\\/\\\/vamosporlaliberacion.org\\\/crpmlm\\\/llamativas-conversaciones-con-la-nacion\\\/\",\"name\":\"Llamativas Conversaciones con La Naci\u00f3n - Vamos por la Liberaci\u00f3n\",\"isPartOf\":{\"@id\":\"https:\\\/\\\/vamosporlaliberacion.org\\\/crpmlm\\\/#website\"},\"primaryImageOfPage\":{\"@id\":\"http:\\\/\\\/vamosporlaliberacion.org\\\/crpmlm\\\/llamativas-conversaciones-con-la-nacion\\\/#primaryimage\"},\"image\":{\"@id\":\"http:\\\/\\\/vamosporlaliberacion.org\\\/crpmlm\\\/llamativas-conversaciones-con-la-nacion\\\/#primaryimage\"},\"thumbnailUrl\":\"https:\\\/\\\/i0.wp.com\\\/vamosporlaliberacion.org\\\/crpmlm\\\/wp-content\\\/uploads\\\/2017\\\/03\\\/2017-02-24.png?fit=800%2C450&ssl=1\",\"datePublished\":\"2017-03-04T00:13:43+00:00\",\"dateModified\":\"2017-03-04T02:26:23+00:00\",\"author\":{\"@id\":\"\"},\"breadcrumb\":{\"@id\":\"http:\\\/\\\/vamosporlaliberacion.org\\\/crpmlm\\\/llamativas-conversaciones-con-la-nacion\\\/#breadcrumb\"},\"inLanguage\":\"es\",\"potentialAction\":[{\"@type\":\"ReadAction\",\"target\":[\"http:\\\/\\\/vamosporlaliberacion.org\\\/crpmlm\\\/llamativas-conversaciones-con-la-nacion\\\/\"]}]},{\"@type\":\"ImageObject\",\"inLanguage\":\"es\",\"@id\":\"http:\\\/\\\/vamosporlaliberacion.org\\\/crpmlm\\\/llamativas-conversaciones-con-la-nacion\\\/#primaryimage\",\"url\":\"https:\\\/\\\/i0.wp.com\\\/vamosporlaliberacion.org\\\/crpmlm\\\/wp-content\\\/uploads\\\/2017\\\/03\\\/2017-02-24.png?fit=800%2C450&ssl=1\",\"contentUrl\":\"https:\\\/\\\/i0.wp.com\\\/vamosporlaliberacion.org\\\/crpmlm\\\/wp-content\\\/uploads\\\/2017\\\/03\\\/2017-02-24.png?fit=800%2C450&ssl=1\",\"width\":800,\"height\":450},{\"@type\":\"BreadcrumbList\",\"@id\":\"http:\\\/\\\/vamosporlaliberacion.org\\\/crpmlm\\\/llamativas-conversaciones-con-la-nacion\\\/#breadcrumb\",\"itemListElement\":[{\"@type\":\"ListItem\",\"position\":1,\"name\":\"Portada\",\"item\":\"https:\\\/\\\/vamosporlaliberacion.org\\\/crpmlm\\\/\"},{\"@type\":\"ListItem\",\"position\":2,\"name\":\"Llamativas Conversaciones con La Naci\u00f3n\"}]},{\"@type\":\"WebSite\",\"@id\":\"https:\\\/\\\/vamosporlaliberacion.org\\\/crpmlm\\\/#website\",\"url\":\"https:\\\/\\\/vamosporlaliberacion.org\\\/crpmlm\\\/\",\"name\":\"Vamos por la Liberaci\u00f3n\",\"description\":\"Prensa CR\",\"potentialAction\":[{\"@type\":\"SearchAction\",\"target\":{\"@type\":\"EntryPoint\",\"urlTemplate\":\"https:\\\/\\\/vamosporlaliberacion.org\\\/crpmlm\\\/?s={search_term_string}\"},\"query-input\":{\"@type\":\"PropertyValueSpecification\",\"valueRequired\":true,\"valueName\":\"search_term_string\"}}],\"inLanguage\":\"es\"},{\"@type\":\"Person\",\"@id\":\"\",\"url\":\"http:\\\/\\\/vamosporlaliberacion.org\\\/crpmlm\\\/author\\\/\"}]}<\/script>\n<!-- \/ Yoast SEO plugin. -->","yoast_head_json":{"title":"Llamativas Conversaciones con La Naci\u00f3n - Vamos por la Liberaci\u00f3n","robots":{"index":"index","follow":"follow","max-snippet":"max-snippet:-1","max-image-preview":"max-image-preview:large","max-video-preview":"max-video-preview:-1"},"canonical":"http:\/\/vamosporlaliberacion.org\/crpmlm\/llamativas-conversaciones-con-la-nacion\/","twitter_misc":{"Escrito por":"","Tiempo de lectura":"2 minutos"},"schema":{"@context":"https:\/\/schema.org","@graph":[{"@type":"Article","@id":"http:\/\/vamosporlaliberacion.org\/crpmlm\/llamativas-conversaciones-con-la-nacion\/#article","isPartOf":{"@id":"http:\/\/vamosporlaliberacion.org\/crpmlm\/llamativas-conversaciones-con-la-nacion\/"},"author":{"name":"","@id":""},"headline":"Llamativas Conversaciones con La Naci\u00f3n","datePublished":"2017-03-04T00:13:43+00:00","dateModified":"2017-03-04T02:26:23+00:00","mainEntityOfPage":{"@id":"http:\/\/vamosporlaliberacion.org\/crpmlm\/llamativas-conversaciones-con-la-nacion\/"},"wordCount":309,"commentCount":0,"image":{"@id":"http:\/\/vamosporlaliberacion.org\/crpmlm\/llamativas-conversaciones-con-la-nacion\/#primaryimage"},"thumbnailUrl":"https:\/\/i0.wp.com\/vamosporlaliberacion.org\/crpmlm\/wp-content\/uploads\/2017\/03\/2017-02-24.png?fit=800%2C450&ssl=1","keywords":["Otto Vargas","PTP PCR","vxl 92"],"articleSection":["Noticias"],"inLanguage":"es","potentialAction":[{"@type":"CommentAction","name":"Comment","target":["http:\/\/vamosporlaliberacion.org\/crpmlm\/llamativas-conversaciones-con-la-nacion\/#respond"]}]},{"@type":"WebPage","@id":"http:\/\/vamosporlaliberacion.org\/crpmlm\/llamativas-conversaciones-con-la-nacion\/","url":"http:\/\/vamosporlaliberacion.org\/crpmlm\/llamativas-conversaciones-con-la-nacion\/","name":"Llamativas Conversaciones con La Naci\u00f3n - Vamos por la Liberaci\u00f3n","isPartOf":{"@id":"https:\/\/vamosporlaliberacion.org\/crpmlm\/#website"},"primaryImageOfPage":{"@id":"http:\/\/vamosporlaliberacion.org\/crpmlm\/llamativas-conversaciones-con-la-nacion\/#primaryimage"},"image":{"@id":"http:\/\/vamosporlaliberacion.org\/crpmlm\/llamativas-conversaciones-con-la-nacion\/#primaryimage"},"thumbnailUrl":"https:\/\/i0.wp.com\/vamosporlaliberacion.org\/crpmlm\/wp-content\/uploads\/2017\/03\/2017-02-24.png?fit=800%2C450&ssl=1","datePublished":"2017-03-04T00:13:43+00:00","dateModified":"2017-03-04T02:26:23+00:00","author":{"@id":""},"breadcrumb":{"@id":"http:\/\/vamosporlaliberacion.org\/crpmlm\/llamativas-conversaciones-con-la-nacion\/#breadcrumb"},"inLanguage":"es","potentialAction":[{"@type":"ReadAction","target":["http:\/\/vamosporlaliberacion.org\/crpmlm\/llamativas-conversaciones-con-la-nacion\/"]}]},{"@type":"ImageObject","inLanguage":"es","@id":"http:\/\/vamosporlaliberacion.org\/crpmlm\/llamativas-conversaciones-con-la-nacion\/#primaryimage","url":"https:\/\/i0.wp.com\/vamosporlaliberacion.org\/crpmlm\/wp-content\/uploads\/2017\/03\/2017-02-24.png?fit=800%2C450&ssl=1","contentUrl":"https:\/\/i0.wp.com\/vamosporlaliberacion.org\/crpmlm\/wp-content\/uploads\/2017\/03\/2017-02-24.png?fit=800%2C450&ssl=1","width":800,"height":450},{"@type":"BreadcrumbList","@id":"http:\/\/vamosporlaliberacion.org\/crpmlm\/llamativas-conversaciones-con-la-nacion\/#breadcrumb","itemListElement":[{"@type":"ListItem","position":1,"name":"Portada","item":"https:\/\/vamosporlaliberacion.org\/crpmlm\/"},{"@type":"ListItem","position":2,"name":"Llamativas Conversaciones con La Naci\u00f3n"}]},{"@type":"WebSite","@id":"https:\/\/vamosporlaliberacion.org\/crpmlm\/#website","url":"https:\/\/vamosporlaliberacion.org\/crpmlm\/","name":"Vamos por la Liberaci\u00f3n","description":"Prensa CR","potentialAction":[{"@type":"SearchAction","target":{"@type":"EntryPoint","urlTemplate":"https:\/\/vamosporlaliberacion.org\/crpmlm\/?s={search_term_string}"},"query-input":{"@type":"PropertyValueSpecification","valueRequired":true,"valueName":"search_term_string"}}],"inLanguage":"es"},{"@type":"Person","@id":"","url":"http:\/\/vamosporlaliberacion.org\/crpmlm\/author\/"}]}},"jetpack_featured_media_url":"https:\/\/i0.wp.com\/vamosporlaliberacion.org\/crpmlm\/wp-content\/uploads\/2017\/03\/2017-02-24.png?fit=800%2C450&ssl=1","jetpack_sharing_enabled":true,"_links":{"self":[{"href":"http:\/\/vamosporlaliberacion.org\/crpmlm\/wp-json\/wp\/v2\/posts\/8626","targetHints":{"allow":["GET"]}}],"collection":[{"href":"http:\/\/vamosporlaliberacion.org\/crpmlm\/wp-json\/wp\/v2\/posts"}],"about":[{"href":"http:\/\/vamosporlaliberacion.org\/crpmlm\/wp-json\/wp\/v2\/types\/post"}],"author":[{"embeddable":true,"href":"http:\/\/vamosporlaliberacion.org\/crpmlm\/wp-json\/wp\/v2\/users\/5"}],"replies":[{"embeddable":true,"href":"http:\/\/vamosporlaliberacion.org\/crpmlm\/wp-json\/wp\/v2\/comments?post=8626"}],"version-history":[{"count":0,"href":"http:\/\/vamosporlaliberacion.org\/crpmlm\/wp-json\/wp\/v2\/posts\/8626\/revisions"}],"wp:featuredmedia":[{"embeddable":true,"href":"http:\/\/vamosporlaliberacion.org\/crpmlm\/wp-json\/wp\/v2\/media\/8627"}],"wp:attachment":[{"href":"http:\/\/vamosporlaliberacion.org\/crpmlm\/wp-json\/wp\/v2\/media?parent=8626"}],"wp:term":[{"taxonomy":"category","embeddable":true,"href":"http:\/\/vamosporlaliberacion.org\/crpmlm\/wp-json\/wp\/v2\/categories?post=8626"},{"taxonomy":"post_tag","embeddable":true,"href":"http:\/\/vamosporlaliberacion.org\/crpmlm\/wp-json\/wp\/v2\/tags?post=8626"}],"curies":[{"name":"wp","href":"https:\/\/api.w.org\/{rel}","templated":true}]}}