{"id":8623,"date":"2017-03-03T21:08:18","date_gmt":"2017-03-04T00:08:18","guid":{"rendered":"http:\/\/vamosporlaliberacion.org\/crpmlm\/?p=8623"},"modified":"2017-03-03T21:09:25","modified_gmt":"2017-03-04T00:09:25","slug":"ctas-unidad-formal-o-real","status":"publish","type":"post","link":"http:\/\/vamosporlaliberacion.org\/crpmlm\/ctas-unidad-formal-o-real\/","title":{"rendered":"CTA\u2019s: \u00bfUnidad formal o real?"},"content":{"rendered":"<p>Seg\u00fan analizamos en Vamos! N\u00ba91, la unidad de acci\u00f3n de las CTA\u2019s ser\u00e1 positiva en tanto contribuya al protagonismo de los trabajadores contra el brutal ajuste y persecuci\u00f3n que se viene impulsando desde el gobierno nacional. Naturalmente que, para que esto ocurra, no alcanza con reunir a dirigentes de ambas centrales. Es necesario darle contenido, que hasta cierto punto se le dio con el documento suscripto por ambas centrales el 9 de febrero. Pero adem\u00e1s deben puntualizarse algunas cuestiones que deben zanjarse para alcanzar efectivamente una unidad contra la pol\u00edtica de Macri y los gobernadores ajustadores.<\/p>\n<p>Uno de estos puntos tiene que ver, desde ya, con el balance de la conducci\u00f3n de la CTA de los Trabajadores sobre gobierno kirchnerista. Merecer\u00eda alguna autocr\u00edtica frente a situaciones tales como la intervenci\u00f3n al INDEC, la corrupci\u00f3n K, el Proyecto X, etc. O al menos, m\u00ednimamente, la situaci\u00f3n demanda alg\u00fan pronunciamiento ante el encarcelamiento del teniente general C\u00e9sar Milani por delitos de lesa humanidad.<\/p>\n<p>Otra cuesti\u00f3n central es la persecuci\u00f3n a los luchadores y dirigentes sindicales. El documento mencionado repudia con justeza el encarcelamiento de Milagros Salas. Y menciona impl\u00edcitamente el caso de los 17 docentes fueguinos en proceso de exoneraci\u00f3n al rechazar la \u201cexoneraci\u00f3n de los dirigentes sindicales\u201d. Es un paso. Pero, si lo que se quiere es fortalecer la unidad de los trabajadores contra el ajuste, ambas CTA\u2019s deben ser expl\u00edcitas y activas en la denuncia de cada persecuci\u00f3n contra los trabajadores y sus dirigentes. El Congreso de CTERA, por ejemplo, no se ubic\u00f3 por encima de las contradicciones que pueda tener su conducci\u00f3n Celeste con los docentes fueguinos frente a la ofensiva de los poderes del Estado que condenan y exoneran a los 17 docentes y no hizo menci\u00f3n \u2013ni expl\u00edcita ni impl\u00edcita\u2013 a la exoneraci\u00f3n de los docentes fueguinos.<\/p>\n<p>La ConaduH resolvi\u00f3 recientemente dejar de pasar la cuota sindical a la CTA Aut\u00f3noma en rechazo al camino de unidad iniciado. Pero es un error negar de plano la posibilidad de que la reunificaci\u00f3n de ambas CTA\u2019s pueda significar un avance. Partiendo de la necesaria unidad para hacer frente a cada batalla que se nos presenta con los gobiernos, es justo luchar por darle contenido al proceso iniciado. Esto no implica resignar ninguna posici\u00f3n en los debates con el kirchnerismo, sino darse una t\u00e1ctica para que los trabajadores y trabajadoras tengamos m\u00e1s fuerza contra la pol\u00edtica macrista y de los gobernadores ajustadores.<\/p>\n<!-- AddThis Advanced Settings generic via filter on the_content --><!-- AddThis Share Buttons generic via filter on the_content -->","protected":false},"excerpt":{"rendered":"<p>Seg\u00fan analizamos en Vamos! N\u00ba91, la unidad de acci\u00f3n de las CTA\u2019s ser\u00e1 positiva en tanto contribuya al protagonismo de los trabajadores contra el brutal ajuste y persecuci\u00f3n que se viene impulsando desde el gobierno nacional. Naturalmente que, para que esto ocurra, no alcanza con reunir a dirigentes de ambas centrales. Es necesario darle contenido, [&hellip;]<!-- AddThis Advanced Settings generic via filter on get_the_excerpt --><!-- AddThis Share Buttons generic via filter on get_the_excerpt --><\/p>\n","protected":false},"author":5,"featured_media":8624,"comment_status":"open","ping_status":"open","sticky":false,"template":"","format":"standard","meta":{"_jetpack_memberships_contains_paid_content":false,"footnotes":""},"categories":[1699],"tags":[316,632,698,520,921],"class_list":{"0":"post-8623","1":"post","2":"type-post","3":"status-publish","4":"format-standard","5":"has-post-thumbnail","7":"category-noticias","8":"tag-cta","9":"tag-cta-autonoma","10":"tag-cta-de-los-trabajadores","11":"tag-destacado-2","12":"tag-vxl-92"},"yoast_head":"<!-- This site is optimized with the Yoast SEO plugin v27.4 - https:\/\/yoast.com\/product\/yoast-seo-wordpress\/ -->\n<title>CTA\u2019s: \u00bfUnidad formal o real? - Vamos por la Liberaci\u00f3n<\/title>\n<meta name=\"robots\" content=\"index, follow, max-snippet:-1, max-image-preview:large, max-video-preview:-1\" \/>\n<link rel=\"canonical\" href=\"http:\/\/vamosporlaliberacion.org\/crpmlm\/ctas-unidad-formal-o-real\/\" \/>\n<meta name=\"twitter:label1\" content=\"Escrito por\" \/>\n\t<meta name=\"twitter:data1\" content=\"\" \/>\n\t<meta name=\"twitter:label2\" content=\"Tiempo de lectura\" \/>\n\t<meta name=\"twitter:data2\" content=\"2 minutos\" \/>\n<script type=\"application\/ld+json\" class=\"yoast-schema-graph\">{\"@context\":\"https:\\\/\\\/schema.org\",\"@graph\":[{\"@type\":\"Article\",\"@id\":\"http:\\\/\\\/vamosporlaliberacion.org\\\/crpmlm\\\/ctas-unidad-formal-o-real\\\/#article\",\"isPartOf\":{\"@id\":\"http:\\\/\\\/vamosporlaliberacion.org\\\/crpmlm\\\/ctas-unidad-formal-o-real\\\/\"},\"author\":{\"name\":\"\",\"@id\":\"\"},\"headline\":\"CTA\u2019s: \u00bfUnidad formal o real?\",\"datePublished\":\"2017-03-04T00:08:18+00:00\",\"dateModified\":\"2017-03-04T00:09:25+00:00\",\"mainEntityOfPage\":{\"@id\":\"http:\\\/\\\/vamosporlaliberacion.org\\\/crpmlm\\\/ctas-unidad-formal-o-real\\\/\"},\"wordCount\":440,\"commentCount\":0,\"image\":{\"@id\":\"http:\\\/\\\/vamosporlaliberacion.org\\\/crpmlm\\\/ctas-unidad-formal-o-real\\\/#primaryimage\"},\"thumbnailUrl\":\"https:\\\/\\\/i0.wp.com\\\/vamosporlaliberacion.org\\\/crpmlm\\\/wp-content\\\/uploads\\\/2017\\\/03\\\/377039_20160602201307.jpg?fit=970%2C491&ssl=1\",\"keywords\":[\"CTA\",\"CTA Aut\u00f3noma\",\"CTA de los Trabajadores\",\"destacado 2\",\"vxl 92\"],\"articleSection\":[\"Noticias\"],\"inLanguage\":\"es\",\"potentialAction\":[{\"@type\":\"CommentAction\",\"name\":\"Comment\",\"target\":[\"http:\\\/\\\/vamosporlaliberacion.org\\\/crpmlm\\\/ctas-unidad-formal-o-real\\\/#respond\"]}]},{\"@type\":\"WebPage\",\"@id\":\"http:\\\/\\\/vamosporlaliberacion.org\\\/crpmlm\\\/ctas-unidad-formal-o-real\\\/\",\"url\":\"http:\\\/\\\/vamosporlaliberacion.org\\\/crpmlm\\\/ctas-unidad-formal-o-real\\\/\",\"name\":\"CTA\u2019s: \u00bfUnidad formal o real? - Vamos por la Liberaci\u00f3n\",\"isPartOf\":{\"@id\":\"https:\\\/\\\/vamosporlaliberacion.org\\\/crpmlm\\\/#website\"},\"primaryImageOfPage\":{\"@id\":\"http:\\\/\\\/vamosporlaliberacion.org\\\/crpmlm\\\/ctas-unidad-formal-o-real\\\/#primaryimage\"},\"image\":{\"@id\":\"http:\\\/\\\/vamosporlaliberacion.org\\\/crpmlm\\\/ctas-unidad-formal-o-real\\\/#primaryimage\"},\"thumbnailUrl\":\"https:\\\/\\\/i0.wp.com\\\/vamosporlaliberacion.org\\\/crpmlm\\\/wp-content\\\/uploads\\\/2017\\\/03\\\/377039_20160602201307.jpg?fit=970%2C491&ssl=1\",\"datePublished\":\"2017-03-04T00:08:18+00:00\",\"dateModified\":\"2017-03-04T00:09:25+00:00\",\"author\":{\"@id\":\"\"},\"breadcrumb\":{\"@id\":\"http:\\\/\\\/vamosporlaliberacion.org\\\/crpmlm\\\/ctas-unidad-formal-o-real\\\/#breadcrumb\"},\"inLanguage\":\"es\",\"potentialAction\":[{\"@type\":\"ReadAction\",\"target\":[\"http:\\\/\\\/vamosporlaliberacion.org\\\/crpmlm\\\/ctas-unidad-formal-o-real\\\/\"]}]},{\"@type\":\"ImageObject\",\"inLanguage\":\"es\",\"@id\":\"http:\\\/\\\/vamosporlaliberacion.org\\\/crpmlm\\\/ctas-unidad-formal-o-real\\\/#primaryimage\",\"url\":\"https:\\\/\\\/i0.wp.com\\\/vamosporlaliberacion.org\\\/crpmlm\\\/wp-content\\\/uploads\\\/2017\\\/03\\\/377039_20160602201307.jpg?fit=970%2C491&ssl=1\",\"contentUrl\":\"https:\\\/\\\/i0.wp.com\\\/vamosporlaliberacion.org\\\/crpmlm\\\/wp-content\\\/uploads\\\/2017\\\/03\\\/377039_20160602201307.jpg?fit=970%2C491&ssl=1\",\"width\":970,\"height\":491},{\"@type\":\"BreadcrumbList\",\"@id\":\"http:\\\/\\\/vamosporlaliberacion.org\\\/crpmlm\\\/ctas-unidad-formal-o-real\\\/#breadcrumb\",\"itemListElement\":[{\"@type\":\"ListItem\",\"position\":1,\"name\":\"Portada\",\"item\":\"https:\\\/\\\/vamosporlaliberacion.org\\\/crpmlm\\\/\"},{\"@type\":\"ListItem\",\"position\":2,\"name\":\"CTA\u2019s: \u00bfUnidad formal o real?\"}]},{\"@type\":\"WebSite\",\"@id\":\"https:\\\/\\\/vamosporlaliberacion.org\\\/crpmlm\\\/#website\",\"url\":\"https:\\\/\\\/vamosporlaliberacion.org\\\/crpmlm\\\/\",\"name\":\"Vamos por la Liberaci\u00f3n\",\"description\":\"Prensa CR\",\"potentialAction\":[{\"@type\":\"SearchAction\",\"target\":{\"@type\":\"EntryPoint\",\"urlTemplate\":\"https:\\\/\\\/vamosporlaliberacion.org\\\/crpmlm\\\/?s={search_term_string}\"},\"query-input\":{\"@type\":\"PropertyValueSpecification\",\"valueRequired\":true,\"valueName\":\"search_term_string\"}}],\"inLanguage\":\"es\"},{\"@type\":\"Person\",\"@id\":\"\",\"url\":\"http:\\\/\\\/vamosporlaliberacion.org\\\/crpmlm\\\/author\\\/\"}]}<\/script>\n<!-- \/ Yoast SEO plugin. -->","yoast_head_json":{"title":"CTA\u2019s: \u00bfUnidad formal o real? - Vamos por la Liberaci\u00f3n","robots":{"index":"index","follow":"follow","max-snippet":"max-snippet:-1","max-image-preview":"max-image-preview:large","max-video-preview":"max-video-preview:-1"},"canonical":"http:\/\/vamosporlaliberacion.org\/crpmlm\/ctas-unidad-formal-o-real\/","twitter_misc":{"Escrito por":"","Tiempo de lectura":"2 minutos"},"schema":{"@context":"https:\/\/schema.org","@graph":[{"@type":"Article","@id":"http:\/\/vamosporlaliberacion.org\/crpmlm\/ctas-unidad-formal-o-real\/#article","isPartOf":{"@id":"http:\/\/vamosporlaliberacion.org\/crpmlm\/ctas-unidad-formal-o-real\/"},"author":{"name":"","@id":""},"headline":"CTA\u2019s: \u00bfUnidad formal o real?","datePublished":"2017-03-04T00:08:18+00:00","dateModified":"2017-03-04T00:09:25+00:00","mainEntityOfPage":{"@id":"http:\/\/vamosporlaliberacion.org\/crpmlm\/ctas-unidad-formal-o-real\/"},"wordCount":440,"commentCount":0,"image":{"@id":"http:\/\/vamosporlaliberacion.org\/crpmlm\/ctas-unidad-formal-o-real\/#primaryimage"},"thumbnailUrl":"https:\/\/i0.wp.com\/vamosporlaliberacion.org\/crpmlm\/wp-content\/uploads\/2017\/03\/377039_20160602201307.jpg?fit=970%2C491&ssl=1","keywords":["CTA","CTA Aut\u00f3noma","CTA de los Trabajadores","destacado 2","vxl 92"],"articleSection":["Noticias"],"inLanguage":"es","potentialAction":[{"@type":"CommentAction","name":"Comment","target":["http:\/\/vamosporlaliberacion.org\/crpmlm\/ctas-unidad-formal-o-real\/#respond"]}]},{"@type":"WebPage","@id":"http:\/\/vamosporlaliberacion.org\/crpmlm\/ctas-unidad-formal-o-real\/","url":"http:\/\/vamosporlaliberacion.org\/crpmlm\/ctas-unidad-formal-o-real\/","name":"CTA\u2019s: \u00bfUnidad formal o real? - Vamos por la Liberaci\u00f3n","isPartOf":{"@id":"https:\/\/vamosporlaliberacion.org\/crpmlm\/#website"},"primaryImageOfPage":{"@id":"http:\/\/vamosporlaliberacion.org\/crpmlm\/ctas-unidad-formal-o-real\/#primaryimage"},"image":{"@id":"http:\/\/vamosporlaliberacion.org\/crpmlm\/ctas-unidad-formal-o-real\/#primaryimage"},"thumbnailUrl":"https:\/\/i0.wp.com\/vamosporlaliberacion.org\/crpmlm\/wp-content\/uploads\/2017\/03\/377039_20160602201307.jpg?fit=970%2C491&ssl=1","datePublished":"2017-03-04T00:08:18+00:00","dateModified":"2017-03-04T00:09:25+00:00","author":{"@id":""},"breadcrumb":{"@id":"http:\/\/vamosporlaliberacion.org\/crpmlm\/ctas-unidad-formal-o-real\/#breadcrumb"},"inLanguage":"es","potentialAction":[{"@type":"ReadAction","target":["http:\/\/vamosporlaliberacion.org\/crpmlm\/ctas-unidad-formal-o-real\/"]}]},{"@type":"ImageObject","inLanguage":"es","@id":"http:\/\/vamosporlaliberacion.org\/crpmlm\/ctas-unidad-formal-o-real\/#primaryimage","url":"https:\/\/i0.wp.com\/vamosporlaliberacion.org\/crpmlm\/wp-content\/uploads\/2017\/03\/377039_20160602201307.jpg?fit=970%2C491&ssl=1","contentUrl":"https:\/\/i0.wp.com\/vamosporlaliberacion.org\/crpmlm\/wp-content\/uploads\/2017\/03\/377039_20160602201307.jpg?fit=970%2C491&ssl=1","width":970,"height":491},{"@type":"BreadcrumbList","@id":"http:\/\/vamosporlaliberacion.org\/crpmlm\/ctas-unidad-formal-o-real\/#breadcrumb","itemListElement":[{"@type":"ListItem","position":1,"name":"Portada","item":"https:\/\/vamosporlaliberacion.org\/crpmlm\/"},{"@type":"ListItem","position":2,"name":"CTA\u2019s: \u00bfUnidad formal o real?"}]},{"@type":"WebSite","@id":"https:\/\/vamosporlaliberacion.org\/crpmlm\/#website","url":"https:\/\/vamosporlaliberacion.org\/crpmlm\/","name":"Vamos por la Liberaci\u00f3n","description":"Prensa CR","potentialAction":[{"@type":"SearchAction","target":{"@type":"EntryPoint","urlTemplate":"https:\/\/vamosporlaliberacion.org\/crpmlm\/?s={search_term_string}"},"query-input":{"@type":"PropertyValueSpecification","valueRequired":true,"valueName":"search_term_string"}}],"inLanguage":"es"},{"@type":"Person","@id":"","url":"http:\/\/vamosporlaliberacion.org\/crpmlm\/author\/"}]}},"jetpack_featured_media_url":"https:\/\/i0.wp.com\/vamosporlaliberacion.org\/crpmlm\/wp-content\/uploads\/2017\/03\/377039_20160602201307.jpg?fit=970%2C491&ssl=1","jetpack_sharing_enabled":true,"_links":{"self":[{"href":"http:\/\/vamosporlaliberacion.org\/crpmlm\/wp-json\/wp\/v2\/posts\/8623","targetHints":{"allow":["GET"]}}],"collection":[{"href":"http:\/\/vamosporlaliberacion.org\/crpmlm\/wp-json\/wp\/v2\/posts"}],"about":[{"href":"http:\/\/vamosporlaliberacion.org\/crpmlm\/wp-json\/wp\/v2\/types\/post"}],"author":[{"embeddable":true,"href":"http:\/\/vamosporlaliberacion.org\/crpmlm\/wp-json\/wp\/v2\/users\/5"}],"replies":[{"embeddable":true,"href":"http:\/\/vamosporlaliberacion.org\/crpmlm\/wp-json\/wp\/v2\/comments?post=8623"}],"version-history":[{"count":0,"href":"http:\/\/vamosporlaliberacion.org\/crpmlm\/wp-json\/wp\/v2\/posts\/8623\/revisions"}],"wp:featuredmedia":[{"embeddable":true,"href":"http:\/\/vamosporlaliberacion.org\/crpmlm\/wp-json\/wp\/v2\/media\/8624"}],"wp:attachment":[{"href":"http:\/\/vamosporlaliberacion.org\/crpmlm\/wp-json\/wp\/v2\/media?parent=8623"}],"wp:term":[{"taxonomy":"category","embeddable":true,"href":"http:\/\/vamosporlaliberacion.org\/crpmlm\/wp-json\/wp\/v2\/categories?post=8623"},{"taxonomy":"post_tag","embeddable":true,"href":"http:\/\/vamosporlaliberacion.org\/crpmlm\/wp-json\/wp\/v2\/tags?post=8623"}],"curies":[{"name":"wp","href":"https:\/\/api.w.org\/{rel}","templated":true}]}}