{"id":8620,"date":"2017-03-03T21:02:11","date_gmt":"2017-03-04T00:02:11","guid":{"rendered":"http:\/\/vamosporlaliberacion.org\/crpmlm\/?p=8620"},"modified":"2017-03-04T11:31:50","modified_gmt":"2017-03-04T14:31:50","slug":"consejo-social-una-cuna-en-el-movimiento-piquetero-y-una-iniciativa-contra-el-movimiento-obrero","status":"publish","type":"post","link":"http:\/\/vamosporlaliberacion.org\/crpmlm\/consejo-social-una-cuna-en-el-movimiento-piquetero-y-una-iniciativa-contra-el-movimiento-obrero\/","title":{"rendered":"Consejo Social: Una cu\u00f1a en el movimiento piquetero y  una iniciativa contra el movimiento obrero"},"content":{"rendered":"<p>Cuando en noviembre de 2016 se aprob\u00f3 la Ley de Emergencia Social en el Congreso, se abri\u00f3 un gran debate pol\u00edtico. En primer lugar por la cl\u00e1usula de \u201cpaz social\u201d con que cerraba el acuerdo que suscrib\u00edan tres fuerzas: Movimiento Evita, CCC y Barrios de Pie. En segundo lugar, porque los 30.000 millones en tres a\u00f1os inclu\u00eda la asistencia social ya existente, por lo que no es realmente un incremento, y mucho menos si consideramos la inflaci\u00f3n venidera. Tambi\u00e9n por el contexto en que se aprobaba, que era el levantamiento del paro por parte de la CGT.<\/p>\n<p>El acuerdo y la Ley de Emergencia Social fue una salida mutua, tanto para el gobierno nacional que hab\u00eda perdido la iniciativa pol\u00edtica en el Parlamento y se preparaba para un nuevo veto antisocial, como para la direcci\u00f3n de la CGT, que necesitaba levantar el paro ya aprobado por el Confederal.<\/p>\n<p>Esta Ley crea el Consejo del Salario Social Complementario, integrado por tres representantes del gobierno y tres de las organizaciones sociales firmantes. Su funci\u00f3n es la implementaci\u00f3n del Salario Social Complementario, definido como una asignaci\u00f3n estatal adicional para los trabajadores de la econom\u00eda social, de manera de completar sus ingresos al nivel de un salario m\u00ednimo. El Consejo define el universo, las condiciones y los requisitos de los trabajadores de la econom\u00eda social que podr\u00e1n inscribirse en un Registro para acceder al Salario Social Complementario.<\/p>\n<p>As\u00ed la \u201cLey de Emergencia Social\u201d, si bien algo en lo econ\u00f3mico supuestamente arranca, es m\u00e1s en realidad lo que pol\u00edticamente entrega. Decimos \u201csupuestamente\u201d, porque en lo econ\u00f3mico y social esta ley puede salirle muy cara a los trabajadores ocupados y bajo convenio. Ya que reflota el mecanismo de \u201cVaucher\u201d, creado en los \u201890, por el que si una persona con asistencia social es empleada por una empresa, el trabajador sigue recibiendo como parte de su salario la asistencia estatal y la empresa solo paga la parte para completar un salario m\u00ednimo, dentro de un formato de relaci\u00f3n laboral de \u201cpasante\u201d. Esto apunta a la reconversi\u00f3n de la planta de trabajadores bajo convenio, o sea a bajar los costos laborales de los monopolios y quebrar el sistema de paritarias. Esto fue planteado p\u00fablicamente por el ministro Triaca como \u201cplan de empleo joven\u201d.<\/p>\n<p>A los pocos d\u00edas tambi\u00e9n se anunci\u00f3 la creaci\u00f3n de una obra social de los trabajadores informales que ser\u00eda manejada por el mismo tr\u00edo pol\u00edtico firmante. En realidad los trabajadores informales, forzados por el Estado a inscribirse bajo cooperativas, para recibir gran parte de la asistencia social de tipo laboral, al estar inscriptos como monotributistas sociales, de hecho hoy ya pueden acceder al sistema de obras sociales sindicales. Y probablemente con este nuevo r\u00e9gimen no puedan y queden atrapados en esta obra social exclusiva para \u201cinformales\u201d.<\/p>\n<p>O sea por todos lados surge lo mismo: la legalizaci\u00f3n, formalizaci\u00f3n y administraci\u00f3n del trabajo precario como tal, apunt\u00e1ndolo contra los convenios colectivos vigentes. Ninguna otra cosa pod\u00eda esperarse del gobierno de CEO\u2019s del macrismo.<br \/>\nPor eso desde el CR y la CCRS caracterizamos esta ley mirada en su conjunto como expresi\u00f3n de la tregua acordada con el gobierno y la direcci\u00f3n de la CGT, acompa\u00f1ada por algunas fuerzas pol\u00edticas como el Movimiento Evita, el PCR y Libres del Sur, en el marco tambi\u00e9n de un segundo recibimiento de Macri en el Vaticano en el que el Papa Francisco al menos no le gru\u00f1\u00f3.<\/p>\n<p>Pero la situaci\u00f3n pol\u00edtica fue cambiando y el macrismo cae en las encuestas porque la situaci\u00f3n econ\u00f3mica no s\u00f3lo no mejora, empeora con despidos, aumentos de tarifas y precios, de la mano de paritarias con un techo del 18%. Entonces ahora la direcci\u00f3n de la CGT llama a la movilizaci\u00f3n del 7 de marzo y amaga con la posibilidad de un paro nacional. As\u00ed las cosas, Macri tampoco termina de reglamentar la Ley mientras el Consejo Social ya se ha empezado a reunir integrado por el gobierno y el tr\u00edo de las fuerzas \u201cpiqueteras\u201d que lo suscribieron, y que podr\u00edan adem\u00e1s conformar un acuerdo electoral para las elecciones del 2017 \u2013anunciado como \u201cla nueva izquierda\u201d por el diario La Naci\u00f3n en entrevista a Otto Vargas\u2013.<\/p>\n<p>El problema del gobierno es que firm\u00f3 el pacto con una parte de las organizaciones piqueteras. Pero no con la mayor\u00eda de las organizaciones combativas; y por otro lado tampoco con las m\u00e1s voluminosas a nivel nacional como la Tupac Amaru o la CNCT, ambas engordadas durante doce a\u00f1os por el anterior gobierno.<\/p>\n<p>O sea, as\u00ed como est\u00e1n las cosas\u2026 El gobierno y el \u201ctr\u00edo piquetero\u201d que suscribi\u00f3 necesitan engordar el Consejo para que tenga perspectiva. Entonces durante estos meses han sonado los cantos de sirena y de que \u201ctodas las futuras negociaciones piqueteras pasar\u00e1n por all\u00ed\u201d, terminando con los innumerables canales existentes. Esto no parece muy f\u00e1cil de lograr porque detonar\u00eda justamente un innumerable volumen de conflictos, adem\u00e1s unific\u00e1ndolos contra el gobierno. El problema adicional que tienen para seducir a desprevenidos es que los tres votos \u201cpiqueteros\u201d en el Consejo ya est\u00e1n ocupados\u2026 As\u00ed que andan ofreciendo lugarcitos como \u201cintegrantes\u201d con voz y sin voto.<\/p>\n<p>Nuestra postura con todo esto ha sido clara desde un principio. Sin embargo, algunas fuerzas con las que venimos compartiendo la lucha han resuelto integrarse a\u00fan bajo estas condiciones al Consejo. Ante esta situaci\u00f3n otras plantean hacer \u201cel proceso\u201d de ir y comprobar que ah\u00ed no se abre ninguna puerta. El problema es que el \u00fanico proceso que se puede hacer por ese camino es un proceso de desgaste en un terreno cuanto menos, fangoso. Adem\u00e1s, la situaci\u00f3n y la perspectiva pol\u00edtica del gobierno est\u00e1n complicadas y ni saben si llegan a ganar las elecciones pr\u00f3ximas. El volumen del conflicto social no puede ser contenido por el Consejo.<\/p>\n<p>Para nosotros desde el CR y la CCRS la unidad t\u00e1ctica que venimos transitando en el Frente con los compa\u00f1eros del FOL y otras organizaciones continua en base a mantener la lucha en las calles y no abandonar las reivindicaciones, ni los canales que el Estado tuvo que abrir, producto de la lucha y no de la conciliaci\u00f3n.<\/p>\n<!-- AddThis Advanced Settings generic via filter on the_content --><!-- AddThis Share Buttons generic via filter on the_content -->","protected":false},"excerpt":{"rendered":"<p>Cuando en noviembre de 2016 se aprob\u00f3 la Ley de Emergencia Social en el Congreso, se abri\u00f3 un gran debate pol\u00edtico. En primer lugar por la cl\u00e1usula de \u201cpaz social\u201d con que cerraba el acuerdo que suscrib\u00edan tres fuerzas: Movimiento Evita, CCC y Barrios de Pie. En segundo lugar, porque los 30.000 millones en tres [&hellip;]<!-- AddThis Advanced Settings generic via filter on get_the_excerpt --><!-- AddThis Share Buttons generic via filter on get_the_excerpt --><\/p>\n","protected":false},"author":5,"featured_media":8621,"comment_status":"open","ping_status":"open","sticky":false,"template":"","format":"standard","meta":{"_jetpack_memberships_contains_paid_content":false,"footnotes":""},"categories":[1699],"tags":[31,924,71,520,921],"class_list":{"0":"post-8620","1":"post","2":"type-post","3":"status-publish","4":"format-standard","5":"has-post-thumbnail","7":"category-noticias","8":"tag-agrupacion-clasista-lucha-y-trabajo","9":"tag-consejo-social","10":"tag-corriente-clasista-rene-salamanca","11":"tag-destacado-2","12":"tag-vxl-92"},"yoast_head":"<!-- This site is optimized with the Yoast SEO plugin v27.4 - https:\/\/yoast.com\/product\/yoast-seo-wordpress\/ -->\n<title>Consejo Social: Una cu\u00f1a en el movimiento piquetero y una iniciativa contra el movimiento obrero - Vamos por la Liberaci\u00f3n<\/title>\n<meta name=\"robots\" content=\"index, follow, max-snippet:-1, max-image-preview:large, max-video-preview:-1\" \/>\n<link rel=\"canonical\" href=\"http:\/\/vamosporlaliberacion.org\/crpmlm\/consejo-social-una-cuna-en-el-movimiento-piquetero-y-una-iniciativa-contra-el-movimiento-obrero\/\" \/>\n<meta name=\"twitter:label1\" content=\"Escrito por\" \/>\n\t<meta name=\"twitter:data1\" content=\"\" \/>\n\t<meta name=\"twitter:label2\" content=\"Tiempo de lectura\" \/>\n\t<meta name=\"twitter:data2\" content=\"5 minutos\" \/>\n<script type=\"application\/ld+json\" class=\"yoast-schema-graph\">{\"@context\":\"https:\\\/\\\/schema.org\",\"@graph\":[{\"@type\":\"Article\",\"@id\":\"http:\\\/\\\/vamosporlaliberacion.org\\\/crpmlm\\\/consejo-social-una-cuna-en-el-movimiento-piquetero-y-una-iniciativa-contra-el-movimiento-obrero\\\/#article\",\"isPartOf\":{\"@id\":\"http:\\\/\\\/vamosporlaliberacion.org\\\/crpmlm\\\/consejo-social-una-cuna-en-el-movimiento-piquetero-y-una-iniciativa-contra-el-movimiento-obrero\\\/\"},\"author\":{\"name\":\"\",\"@id\":\"\"},\"headline\":\"Consejo Social: Una cu\u00f1a en el movimiento piquetero y una iniciativa contra el movimiento obrero\",\"datePublished\":\"2017-03-04T00:02:11+00:00\",\"dateModified\":\"2017-03-04T14:31:50+00:00\",\"mainEntityOfPage\":{\"@id\":\"http:\\\/\\\/vamosporlaliberacion.org\\\/crpmlm\\\/consejo-social-una-cuna-en-el-movimiento-piquetero-y-una-iniciativa-contra-el-movimiento-obrero\\\/\"},\"wordCount\":1097,\"commentCount\":0,\"image\":{\"@id\":\"http:\\\/\\\/vamosporlaliberacion.org\\\/crpmlm\\\/consejo-social-una-cuna-en-el-movimiento-piquetero-y-una-iniciativa-contra-el-movimiento-obrero\\\/#primaryimage\"},\"thumbnailUrl\":\"https:\\\/\\\/i0.wp.com\\\/vamosporlaliberacion.org\\\/crpmlm\\\/wp-content\\\/uploads\\\/2017\\\/03\\\/reunweb.jpg?fit=425%2C283&ssl=1\",\"keywords\":[\"Agrupaci\u00f3n Clasista Lucha y Trabajo\",\"Consejo Social\",\"Corriente Clasista Ren\u00e9 Salamanca\",\"destacado 2\",\"vxl 92\"],\"articleSection\":[\"Noticias\"],\"inLanguage\":\"es\",\"potentialAction\":[{\"@type\":\"CommentAction\",\"name\":\"Comment\",\"target\":[\"http:\\\/\\\/vamosporlaliberacion.org\\\/crpmlm\\\/consejo-social-una-cuna-en-el-movimiento-piquetero-y-una-iniciativa-contra-el-movimiento-obrero\\\/#respond\"]}]},{\"@type\":\"WebPage\",\"@id\":\"http:\\\/\\\/vamosporlaliberacion.org\\\/crpmlm\\\/consejo-social-una-cuna-en-el-movimiento-piquetero-y-una-iniciativa-contra-el-movimiento-obrero\\\/\",\"url\":\"http:\\\/\\\/vamosporlaliberacion.org\\\/crpmlm\\\/consejo-social-una-cuna-en-el-movimiento-piquetero-y-una-iniciativa-contra-el-movimiento-obrero\\\/\",\"name\":\"Consejo Social: Una cu\u00f1a en el movimiento piquetero y una iniciativa contra el movimiento obrero - Vamos por la Liberaci\u00f3n\",\"isPartOf\":{\"@id\":\"https:\\\/\\\/vamosporlaliberacion.org\\\/crpmlm\\\/#website\"},\"primaryImageOfPage\":{\"@id\":\"http:\\\/\\\/vamosporlaliberacion.org\\\/crpmlm\\\/consejo-social-una-cuna-en-el-movimiento-piquetero-y-una-iniciativa-contra-el-movimiento-obrero\\\/#primaryimage\"},\"image\":{\"@id\":\"http:\\\/\\\/vamosporlaliberacion.org\\\/crpmlm\\\/consejo-social-una-cuna-en-el-movimiento-piquetero-y-una-iniciativa-contra-el-movimiento-obrero\\\/#primaryimage\"},\"thumbnailUrl\":\"https:\\\/\\\/i0.wp.com\\\/vamosporlaliberacion.org\\\/crpmlm\\\/wp-content\\\/uploads\\\/2017\\\/03\\\/reunweb.jpg?fit=425%2C283&ssl=1\",\"datePublished\":\"2017-03-04T00:02:11+00:00\",\"dateModified\":\"2017-03-04T14:31:50+00:00\",\"author\":{\"@id\":\"\"},\"breadcrumb\":{\"@id\":\"http:\\\/\\\/vamosporlaliberacion.org\\\/crpmlm\\\/consejo-social-una-cuna-en-el-movimiento-piquetero-y-una-iniciativa-contra-el-movimiento-obrero\\\/#breadcrumb\"},\"inLanguage\":\"es\",\"potentialAction\":[{\"@type\":\"ReadAction\",\"target\":[\"http:\\\/\\\/vamosporlaliberacion.org\\\/crpmlm\\\/consejo-social-una-cuna-en-el-movimiento-piquetero-y-una-iniciativa-contra-el-movimiento-obrero\\\/\"]}]},{\"@type\":\"ImageObject\",\"inLanguage\":\"es\",\"@id\":\"http:\\\/\\\/vamosporlaliberacion.org\\\/crpmlm\\\/consejo-social-una-cuna-en-el-movimiento-piquetero-y-una-iniciativa-contra-el-movimiento-obrero\\\/#primaryimage\",\"url\":\"https:\\\/\\\/i0.wp.com\\\/vamosporlaliberacion.org\\\/crpmlm\\\/wp-content\\\/uploads\\\/2017\\\/03\\\/reunweb.jpg?fit=425%2C283&ssl=1\",\"contentUrl\":\"https:\\\/\\\/i0.wp.com\\\/vamosporlaliberacion.org\\\/crpmlm\\\/wp-content\\\/uploads\\\/2017\\\/03\\\/reunweb.jpg?fit=425%2C283&ssl=1\",\"width\":425,\"height\":283,\"caption\":\"Reuni\u00f3n en febrero del Consejo Social entre organizaciones sociales y el gobierno.\"},{\"@type\":\"BreadcrumbList\",\"@id\":\"http:\\\/\\\/vamosporlaliberacion.org\\\/crpmlm\\\/consejo-social-una-cuna-en-el-movimiento-piquetero-y-una-iniciativa-contra-el-movimiento-obrero\\\/#breadcrumb\",\"itemListElement\":[{\"@type\":\"ListItem\",\"position\":1,\"name\":\"Portada\",\"item\":\"https:\\\/\\\/vamosporlaliberacion.org\\\/crpmlm\\\/\"},{\"@type\":\"ListItem\",\"position\":2,\"name\":\"Consejo Social: Una cu\u00f1a en el movimiento piquetero y una iniciativa contra el movimiento obrero\"}]},{\"@type\":\"WebSite\",\"@id\":\"https:\\\/\\\/vamosporlaliberacion.org\\\/crpmlm\\\/#website\",\"url\":\"https:\\\/\\\/vamosporlaliberacion.org\\\/crpmlm\\\/\",\"name\":\"Vamos por la Liberaci\u00f3n\",\"description\":\"Prensa CR\",\"potentialAction\":[{\"@type\":\"SearchAction\",\"target\":{\"@type\":\"EntryPoint\",\"urlTemplate\":\"https:\\\/\\\/vamosporlaliberacion.org\\\/crpmlm\\\/?s={search_term_string}\"},\"query-input\":{\"@type\":\"PropertyValueSpecification\",\"valueRequired\":true,\"valueName\":\"search_term_string\"}}],\"inLanguage\":\"es\"},{\"@type\":\"Person\",\"@id\":\"\",\"url\":\"http:\\\/\\\/vamosporlaliberacion.org\\\/crpmlm\\\/author\\\/\"}]}<\/script>\n<!-- \/ Yoast SEO plugin. -->","yoast_head_json":{"title":"Consejo Social: Una cu\u00f1a en el movimiento piquetero y una iniciativa contra el movimiento obrero - Vamos por la Liberaci\u00f3n","robots":{"index":"index","follow":"follow","max-snippet":"max-snippet:-1","max-image-preview":"max-image-preview:large","max-video-preview":"max-video-preview:-1"},"canonical":"http:\/\/vamosporlaliberacion.org\/crpmlm\/consejo-social-una-cuna-en-el-movimiento-piquetero-y-una-iniciativa-contra-el-movimiento-obrero\/","twitter_misc":{"Escrito por":"","Tiempo de lectura":"5 minutos"},"schema":{"@context":"https:\/\/schema.org","@graph":[{"@type":"Article","@id":"http:\/\/vamosporlaliberacion.org\/crpmlm\/consejo-social-una-cuna-en-el-movimiento-piquetero-y-una-iniciativa-contra-el-movimiento-obrero\/#article","isPartOf":{"@id":"http:\/\/vamosporlaliberacion.org\/crpmlm\/consejo-social-una-cuna-en-el-movimiento-piquetero-y-una-iniciativa-contra-el-movimiento-obrero\/"},"author":{"name":"","@id":""},"headline":"Consejo Social: Una cu\u00f1a en el movimiento piquetero y una iniciativa contra el movimiento obrero","datePublished":"2017-03-04T00:02:11+00:00","dateModified":"2017-03-04T14:31:50+00:00","mainEntityOfPage":{"@id":"http:\/\/vamosporlaliberacion.org\/crpmlm\/consejo-social-una-cuna-en-el-movimiento-piquetero-y-una-iniciativa-contra-el-movimiento-obrero\/"},"wordCount":1097,"commentCount":0,"image":{"@id":"http:\/\/vamosporlaliberacion.org\/crpmlm\/consejo-social-una-cuna-en-el-movimiento-piquetero-y-una-iniciativa-contra-el-movimiento-obrero\/#primaryimage"},"thumbnailUrl":"https:\/\/i0.wp.com\/vamosporlaliberacion.org\/crpmlm\/wp-content\/uploads\/2017\/03\/reunweb.jpg?fit=425%2C283&ssl=1","keywords":["Agrupaci\u00f3n Clasista Lucha y Trabajo","Consejo Social","Corriente Clasista Ren\u00e9 Salamanca","destacado 2","vxl 92"],"articleSection":["Noticias"],"inLanguage":"es","potentialAction":[{"@type":"CommentAction","name":"Comment","target":["http:\/\/vamosporlaliberacion.org\/crpmlm\/consejo-social-una-cuna-en-el-movimiento-piquetero-y-una-iniciativa-contra-el-movimiento-obrero\/#respond"]}]},{"@type":"WebPage","@id":"http:\/\/vamosporlaliberacion.org\/crpmlm\/consejo-social-una-cuna-en-el-movimiento-piquetero-y-una-iniciativa-contra-el-movimiento-obrero\/","url":"http:\/\/vamosporlaliberacion.org\/crpmlm\/consejo-social-una-cuna-en-el-movimiento-piquetero-y-una-iniciativa-contra-el-movimiento-obrero\/","name":"Consejo Social: Una cu\u00f1a en el movimiento piquetero y una iniciativa contra el movimiento obrero - Vamos por la Liberaci\u00f3n","isPartOf":{"@id":"https:\/\/vamosporlaliberacion.org\/crpmlm\/#website"},"primaryImageOfPage":{"@id":"http:\/\/vamosporlaliberacion.org\/crpmlm\/consejo-social-una-cuna-en-el-movimiento-piquetero-y-una-iniciativa-contra-el-movimiento-obrero\/#primaryimage"},"image":{"@id":"http:\/\/vamosporlaliberacion.org\/crpmlm\/consejo-social-una-cuna-en-el-movimiento-piquetero-y-una-iniciativa-contra-el-movimiento-obrero\/#primaryimage"},"thumbnailUrl":"https:\/\/i0.wp.com\/vamosporlaliberacion.org\/crpmlm\/wp-content\/uploads\/2017\/03\/reunweb.jpg?fit=425%2C283&ssl=1","datePublished":"2017-03-04T00:02:11+00:00","dateModified":"2017-03-04T14:31:50+00:00","author":{"@id":""},"breadcrumb":{"@id":"http:\/\/vamosporlaliberacion.org\/crpmlm\/consejo-social-una-cuna-en-el-movimiento-piquetero-y-una-iniciativa-contra-el-movimiento-obrero\/#breadcrumb"},"inLanguage":"es","potentialAction":[{"@type":"ReadAction","target":["http:\/\/vamosporlaliberacion.org\/crpmlm\/consejo-social-una-cuna-en-el-movimiento-piquetero-y-una-iniciativa-contra-el-movimiento-obrero\/"]}]},{"@type":"ImageObject","inLanguage":"es","@id":"http:\/\/vamosporlaliberacion.org\/crpmlm\/consejo-social-una-cuna-en-el-movimiento-piquetero-y-una-iniciativa-contra-el-movimiento-obrero\/#primaryimage","url":"https:\/\/i0.wp.com\/vamosporlaliberacion.org\/crpmlm\/wp-content\/uploads\/2017\/03\/reunweb.jpg?fit=425%2C283&ssl=1","contentUrl":"https:\/\/i0.wp.com\/vamosporlaliberacion.org\/crpmlm\/wp-content\/uploads\/2017\/03\/reunweb.jpg?fit=425%2C283&ssl=1","width":425,"height":283,"caption":"Reuni\u00f3n en febrero del Consejo Social entre organizaciones sociales y el gobierno."},{"@type":"BreadcrumbList","@id":"http:\/\/vamosporlaliberacion.org\/crpmlm\/consejo-social-una-cuna-en-el-movimiento-piquetero-y-una-iniciativa-contra-el-movimiento-obrero\/#breadcrumb","itemListElement":[{"@type":"ListItem","position":1,"name":"Portada","item":"https:\/\/vamosporlaliberacion.org\/crpmlm\/"},{"@type":"ListItem","position":2,"name":"Consejo Social: Una cu\u00f1a en el movimiento piquetero y una iniciativa contra el movimiento obrero"}]},{"@type":"WebSite","@id":"https:\/\/vamosporlaliberacion.org\/crpmlm\/#website","url":"https:\/\/vamosporlaliberacion.org\/crpmlm\/","name":"Vamos por la Liberaci\u00f3n","description":"Prensa CR","potentialAction":[{"@type":"SearchAction","target":{"@type":"EntryPoint","urlTemplate":"https:\/\/vamosporlaliberacion.org\/crpmlm\/?s={search_term_string}"},"query-input":{"@type":"PropertyValueSpecification","valueRequired":true,"valueName":"search_term_string"}}],"inLanguage":"es"},{"@type":"Person","@id":"","url":"http:\/\/vamosporlaliberacion.org\/crpmlm\/author\/"}]}},"jetpack_featured_media_url":"https:\/\/i0.wp.com\/vamosporlaliberacion.org\/crpmlm\/wp-content\/uploads\/2017\/03\/reunweb.jpg?fit=425%2C283&ssl=1","jetpack_sharing_enabled":true,"_links":{"self":[{"href":"http:\/\/vamosporlaliberacion.org\/crpmlm\/wp-json\/wp\/v2\/posts\/8620","targetHints":{"allow":["GET"]}}],"collection":[{"href":"http:\/\/vamosporlaliberacion.org\/crpmlm\/wp-json\/wp\/v2\/posts"}],"about":[{"href":"http:\/\/vamosporlaliberacion.org\/crpmlm\/wp-json\/wp\/v2\/types\/post"}],"author":[{"embeddable":true,"href":"http:\/\/vamosporlaliberacion.org\/crpmlm\/wp-json\/wp\/v2\/users\/5"}],"replies":[{"embeddable":true,"href":"http:\/\/vamosporlaliberacion.org\/crpmlm\/wp-json\/wp\/v2\/comments?post=8620"}],"version-history":[{"count":0,"href":"http:\/\/vamosporlaliberacion.org\/crpmlm\/wp-json\/wp\/v2\/posts\/8620\/revisions"}],"wp:featuredmedia":[{"embeddable":true,"href":"http:\/\/vamosporlaliberacion.org\/crpmlm\/wp-json\/wp\/v2\/media\/8621"}],"wp:attachment":[{"href":"http:\/\/vamosporlaliberacion.org\/crpmlm\/wp-json\/wp\/v2\/media?parent=8620"}],"wp:term":[{"taxonomy":"category","embeddable":true,"href":"http:\/\/vamosporlaliberacion.org\/crpmlm\/wp-json\/wp\/v2\/categories?post=8620"},{"taxonomy":"post_tag","embeddable":true,"href":"http:\/\/vamosporlaliberacion.org\/crpmlm\/wp-json\/wp\/v2\/tags?post=8620"}],"curies":[{"name":"wp","href":"https:\/\/api.w.org\/{rel}","templated":true}]}}