{"id":8614,"date":"2017-03-03T20:50:30","date_gmt":"2017-03-03T23:50:30","guid":{"rendered":"http:\/\/vamosporlaliberacion.org\/crpmlm\/?p=8614"},"modified":"2020-10-28T20:03:29","modified_gmt":"2020-10-28T23:03:29","slug":"un-golpe-en-politica-al-tope-del-18-del-gobierno","status":"publish","type":"post","link":"http:\/\/vamosporlaliberacion.org\/crpmlm\/un-golpe-en-politica-al-tope-del-18-del-gobierno\/","title":{"rendered":"Un golpe en pol\u00edtica al tope del 18% del gobierno"},"content":{"rendered":"<p>El gobierno nacional, a trav\u00e9s del Banco Central, oper\u00f3 como nunca antes para que caiga el acuerdo pre-paritario firmado en noviembre \u00faltimo con las c\u00e1maras ABAPPRA (Banco Naci\u00f3n en particular), ADEBA y ABE. Hab\u00edan quedado afuera del acuerdo, la banca internacional de ABA y el BCRA.<\/p>\n<p>La necesidad del gobierno de imponer una discusi\u00f3n paritaria anual (sin esta suma puente habitual) y que \u00e9sta no supere el 18% (inflaci\u00f3n proyectada oficial para el 2017) lo llevaron a presionar con \u00e9xito para que la mayor\u00eda de los bancos comprendidos en ABAPPRA, ADEBA y ABE desconociera el acuerdo, salida de Melconian mediante.<\/p>\n<p>Fue as\u00ed que, luego de m\u00e1s de una semana de asambleas masivas y movilizaciones, con una cautelar que obligaba a los bancos a cumplir el acuerdo, con un fallo judicial que no daba lugar a la apelaci\u00f3n del gobierno y con una amenaza de paro por 72hs en puerta que promet\u00eda ser masivo, la Asociaci\u00f3n Bancaria, convocada al fin por el Ministerio, firm\u00f3 con todas las c\u00e1maras y el BCRA un acuerdo paritario anual definitivo.<\/p>\n<p>Finalmente, el acuerdo firmado en noviembre para las categor\u00edas inferiores fue hecho extensivo al resto de las jerarqu\u00edas a trav\u00e9s de este acuerdo. M\u00e1s all\u00e1 de c\u00f3mo sea presentado, el salario de los trabajadores bancarios sufrir\u00e1 un incremento desde el mes de enero 2017 de un 24,3%, ya que el acuerdo incluye nuevamente el 4% que en diciembre pasado hab\u00eda sido presentado como recuperaci\u00f3n de 2016. As\u00ed, al incremento del 4% se le suma el 19,5% (valor correspondiente a la paritaria 2017). Al mismo tiempo, y siguiendo con el esquema de la gobernadora Vidal en la Provincia de Buenos Aires, el acuerdo contempla una actualizaci\u00f3n autom\u00e1tica si la inflaci\u00f3n en 2017 supera el 19,5% seg\u00fan IPC INDEC.<\/p>\n<p>Este acuerdo, a\u00fan con sus l\u00edmites, no deja de ser un golpe en pol\u00edtica a la pretensi\u00f3n del gobierno de imponer un tope del 18%, y adquiere una importancia relativa por el contexto para varios sectores dadas las ofertas de incrementos en el orden del 18% y en 4 cuotas como repiten en estos d\u00edas con los docentes, llevando la situaci\u00f3n al l\u00edmite, haciendo peligrar el inicio de clases.<\/p>\n<p>Prepararnos para seguir la lucha<\/p>\n<p style=\"text-align: left;\">Sabemos, como bien dijo Carlos Marx que \u201c(\u2026) la suba de salarios sigue siempre a cambios anteriores y es el resultado necesario de los cambios previos operados en el volumen de producci\u00f3n, las fuerzas productivas del trabajo, el valor de \u00e9ste, el valor del dinero, la extensi\u00f3n o intensidad del trabajo arrancado, las fluctuaciones de los precios del mercado, que dependen de las fluctuaciones de la oferta y la demanda y se producen con arreglo a las diversas fases del ciclo industrial; en una palabra, es la reacci\u00f3n de los obreros contra la acci\u00f3n anterior del capital. (\u2026)\u201d. As\u00ed los trabajadores estamos enfrentando el ajuste feroz que busca imponer el gobierno luego de un a\u00f1o de un 40% de inflaci\u00f3n. Nos proponen dar vuelta la p\u00e1gina y mirar para adelante, meti\u00e9ndose en el bolsillo entre un 15 y 20% de nuestro poder adquisitivo. Y encuentran en la CGT y en la mayor\u00eda de los gremios un campo f\u00e9rtil para que florezcan estas ideas ajenas a los trabajadores, acept\u00e1ndolo, quien m\u00e1s, quien menos, d\u00f3cilmente. En este sentido, la marcha planteada para el 7 de marzo, puede ser un punto de inflexi\u00f3n para que dejen atr\u00e1s esta vergonzante tregua.<\/p>\n<p style=\"text-align: right;\">Corresponsal<\/p>\n<!-- AddThis Advanced Settings generic via filter on the_content --><!-- AddThis Share Buttons generic via filter on the_content -->","protected":false},"excerpt":{"rendered":"<p>El gobierno nacional, a trav\u00e9s del Banco Central, oper\u00f3 como nunca antes para que caiga el acuerdo pre-paritario firmado en noviembre \u00faltimo con las c\u00e1maras ABAPPRA (Banco Naci\u00f3n en particular), ADEBA y ABE. Hab\u00edan quedado afuera del acuerdo, la banca internacional de ABA y el BCRA. La necesidad del gobierno de imponer una discusi\u00f3n paritaria [&hellip;]<!-- AddThis Advanced Settings generic via filter on get_the_excerpt --><!-- AddThis Share Buttons generic via filter on get_the_excerpt --><\/p>\n","protected":false},"author":5,"featured_media":8679,"comment_status":"open","ping_status":"open","sticky":false,"template":"","format":"standard","meta":{"_jetpack_memberships_contains_paid_content":false,"footnotes":""},"categories":[1877],"tags":[38,521,542,921],"class_list":{"0":"post-8614","1":"post","2":"type-post","3":"status-publish","4":"format-standard","5":"has-post-thumbnail","7":"category-gremiales","8":"tag-bancarios","9":"tag-destacado-1","10":"tag-paritarias","11":"tag-vxl-92"},"yoast_head":"<!-- This site is optimized with the Yoast SEO plugin v27.4 - https:\/\/yoast.com\/product\/yoast-seo-wordpress\/ -->\n<title>Un golpe en pol\u00edtica al tope del 18% del gobierno - Vamos por la Liberaci\u00f3n<\/title>\n<meta name=\"robots\" content=\"index, follow, max-snippet:-1, max-image-preview:large, max-video-preview:-1\" \/>\n<link rel=\"canonical\" href=\"http:\/\/vamosporlaliberacion.org\/crpmlm\/un-golpe-en-politica-al-tope-del-18-del-gobierno\/\" \/>\n<meta name=\"twitter:label1\" content=\"Escrito por\" \/>\n\t<meta name=\"twitter:data1\" content=\"\" \/>\n\t<meta name=\"twitter:label2\" content=\"Tiempo de lectura\" \/>\n\t<meta name=\"twitter:data2\" content=\"3 minutos\" \/>\n<script type=\"application\/ld+json\" class=\"yoast-schema-graph\">{\"@context\":\"https:\\\/\\\/schema.org\",\"@graph\":[{\"@type\":\"Article\",\"@id\":\"http:\\\/\\\/vamosporlaliberacion.org\\\/crpmlm\\\/un-golpe-en-politica-al-tope-del-18-del-gobierno\\\/#article\",\"isPartOf\":{\"@id\":\"http:\\\/\\\/vamosporlaliberacion.org\\\/crpmlm\\\/un-golpe-en-politica-al-tope-del-18-del-gobierno\\\/\"},\"author\":{\"name\":\"\",\"@id\":\"\"},\"headline\":\"Un golpe en pol\u00edtica al tope del 18% del gobierno\",\"datePublished\":\"2017-03-03T23:50:30+00:00\",\"dateModified\":\"2020-10-28T23:03:29+00:00\",\"mainEntityOfPage\":{\"@id\":\"http:\\\/\\\/vamosporlaliberacion.org\\\/crpmlm\\\/un-golpe-en-politica-al-tope-del-18-del-gobierno\\\/\"},\"wordCount\":599,\"commentCount\":0,\"image\":{\"@id\":\"http:\\\/\\\/vamosporlaliberacion.org\\\/crpmlm\\\/un-golpe-en-politica-al-tope-del-18-del-gobierno\\\/#primaryimage\"},\"thumbnailUrl\":\"https:\\\/\\\/i0.wp.com\\\/vamosporlaliberacion.org\\\/crpmlm\\\/wp-content\\\/uploads\\\/2017\\\/03\\\/BANCARIOS.jpg?fit=696%2C392&ssl=1\",\"keywords\":[\"Bancarios\",\"destacado 1\",\"paritarias\",\"vxl 92\"],\"articleSection\":[\"Actualidad e historia del movimiento obrero\"],\"inLanguage\":\"es\",\"potentialAction\":[{\"@type\":\"CommentAction\",\"name\":\"Comment\",\"target\":[\"http:\\\/\\\/vamosporlaliberacion.org\\\/crpmlm\\\/un-golpe-en-politica-al-tope-del-18-del-gobierno\\\/#respond\"]}]},{\"@type\":\"WebPage\",\"@id\":\"http:\\\/\\\/vamosporlaliberacion.org\\\/crpmlm\\\/un-golpe-en-politica-al-tope-del-18-del-gobierno\\\/\",\"url\":\"http:\\\/\\\/vamosporlaliberacion.org\\\/crpmlm\\\/un-golpe-en-politica-al-tope-del-18-del-gobierno\\\/\",\"name\":\"Un golpe en pol\u00edtica al tope del 18% del gobierno - Vamos por la Liberaci\u00f3n\",\"isPartOf\":{\"@id\":\"https:\\\/\\\/vamosporlaliberacion.org\\\/crpmlm\\\/#website\"},\"primaryImageOfPage\":{\"@id\":\"http:\\\/\\\/vamosporlaliberacion.org\\\/crpmlm\\\/un-golpe-en-politica-al-tope-del-18-del-gobierno\\\/#primaryimage\"},\"image\":{\"@id\":\"http:\\\/\\\/vamosporlaliberacion.org\\\/crpmlm\\\/un-golpe-en-politica-al-tope-del-18-del-gobierno\\\/#primaryimage\"},\"thumbnailUrl\":\"https:\\\/\\\/i0.wp.com\\\/vamosporlaliberacion.org\\\/crpmlm\\\/wp-content\\\/uploads\\\/2017\\\/03\\\/BANCARIOS.jpg?fit=696%2C392&ssl=1\",\"datePublished\":\"2017-03-03T23:50:30+00:00\",\"dateModified\":\"2020-10-28T23:03:29+00:00\",\"author\":{\"@id\":\"\"},\"breadcrumb\":{\"@id\":\"http:\\\/\\\/vamosporlaliberacion.org\\\/crpmlm\\\/un-golpe-en-politica-al-tope-del-18-del-gobierno\\\/#breadcrumb\"},\"inLanguage\":\"es\",\"potentialAction\":[{\"@type\":\"ReadAction\",\"target\":[\"http:\\\/\\\/vamosporlaliberacion.org\\\/crpmlm\\\/un-golpe-en-politica-al-tope-del-18-del-gobierno\\\/\"]}]},{\"@type\":\"ImageObject\",\"inLanguage\":\"es\",\"@id\":\"http:\\\/\\\/vamosporlaliberacion.org\\\/crpmlm\\\/un-golpe-en-politica-al-tope-del-18-del-gobierno\\\/#primaryimage\",\"url\":\"https:\\\/\\\/i0.wp.com\\\/vamosporlaliberacion.org\\\/crpmlm\\\/wp-content\\\/uploads\\\/2017\\\/03\\\/BANCARIOS.jpg?fit=696%2C392&ssl=1\",\"contentUrl\":\"https:\\\/\\\/i0.wp.com\\\/vamosporlaliberacion.org\\\/crpmlm\\\/wp-content\\\/uploads\\\/2017\\\/03\\\/BANCARIOS.jpg?fit=696%2C392&ssl=1\",\"width\":696,\"height\":392},{\"@type\":\"BreadcrumbList\",\"@id\":\"http:\\\/\\\/vamosporlaliberacion.org\\\/crpmlm\\\/un-golpe-en-politica-al-tope-del-18-del-gobierno\\\/#breadcrumb\",\"itemListElement\":[{\"@type\":\"ListItem\",\"position\":1,\"name\":\"Portada\",\"item\":\"https:\\\/\\\/vamosporlaliberacion.org\\\/crpmlm\\\/\"},{\"@type\":\"ListItem\",\"position\":2,\"name\":\"Un golpe en pol\u00edtica al tope del 18% del gobierno\"}]},{\"@type\":\"WebSite\",\"@id\":\"https:\\\/\\\/vamosporlaliberacion.org\\\/crpmlm\\\/#website\",\"url\":\"https:\\\/\\\/vamosporlaliberacion.org\\\/crpmlm\\\/\",\"name\":\"Vamos por la Liberaci\u00f3n\",\"description\":\"Prensa CR\",\"potentialAction\":[{\"@type\":\"SearchAction\",\"target\":{\"@type\":\"EntryPoint\",\"urlTemplate\":\"https:\\\/\\\/vamosporlaliberacion.org\\\/crpmlm\\\/?s={search_term_string}\"},\"query-input\":{\"@type\":\"PropertyValueSpecification\",\"valueRequired\":true,\"valueName\":\"search_term_string\"}}],\"inLanguage\":\"es\"},{\"@type\":\"Person\",\"@id\":\"\",\"url\":\"http:\\\/\\\/vamosporlaliberacion.org\\\/crpmlm\\\/author\\\/\"}]}<\/script>\n<!-- \/ Yoast SEO plugin. -->","yoast_head_json":{"title":"Un golpe en pol\u00edtica al tope del 18% del gobierno - Vamos por la Liberaci\u00f3n","robots":{"index":"index","follow":"follow","max-snippet":"max-snippet:-1","max-image-preview":"max-image-preview:large","max-video-preview":"max-video-preview:-1"},"canonical":"http:\/\/vamosporlaliberacion.org\/crpmlm\/un-golpe-en-politica-al-tope-del-18-del-gobierno\/","twitter_misc":{"Escrito por":"","Tiempo de lectura":"3 minutos"},"schema":{"@context":"https:\/\/schema.org","@graph":[{"@type":"Article","@id":"http:\/\/vamosporlaliberacion.org\/crpmlm\/un-golpe-en-politica-al-tope-del-18-del-gobierno\/#article","isPartOf":{"@id":"http:\/\/vamosporlaliberacion.org\/crpmlm\/un-golpe-en-politica-al-tope-del-18-del-gobierno\/"},"author":{"name":"","@id":""},"headline":"Un golpe en pol\u00edtica al tope del 18% del gobierno","datePublished":"2017-03-03T23:50:30+00:00","dateModified":"2020-10-28T23:03:29+00:00","mainEntityOfPage":{"@id":"http:\/\/vamosporlaliberacion.org\/crpmlm\/un-golpe-en-politica-al-tope-del-18-del-gobierno\/"},"wordCount":599,"commentCount":0,"image":{"@id":"http:\/\/vamosporlaliberacion.org\/crpmlm\/un-golpe-en-politica-al-tope-del-18-del-gobierno\/#primaryimage"},"thumbnailUrl":"https:\/\/i0.wp.com\/vamosporlaliberacion.org\/crpmlm\/wp-content\/uploads\/2017\/03\/BANCARIOS.jpg?fit=696%2C392&ssl=1","keywords":["Bancarios","destacado 1","paritarias","vxl 92"],"articleSection":["Actualidad e historia del movimiento obrero"],"inLanguage":"es","potentialAction":[{"@type":"CommentAction","name":"Comment","target":["http:\/\/vamosporlaliberacion.org\/crpmlm\/un-golpe-en-politica-al-tope-del-18-del-gobierno\/#respond"]}]},{"@type":"WebPage","@id":"http:\/\/vamosporlaliberacion.org\/crpmlm\/un-golpe-en-politica-al-tope-del-18-del-gobierno\/","url":"http:\/\/vamosporlaliberacion.org\/crpmlm\/un-golpe-en-politica-al-tope-del-18-del-gobierno\/","name":"Un golpe en pol\u00edtica al tope del 18% del gobierno - Vamos por la Liberaci\u00f3n","isPartOf":{"@id":"https:\/\/vamosporlaliberacion.org\/crpmlm\/#website"},"primaryImageOfPage":{"@id":"http:\/\/vamosporlaliberacion.org\/crpmlm\/un-golpe-en-politica-al-tope-del-18-del-gobierno\/#primaryimage"},"image":{"@id":"http:\/\/vamosporlaliberacion.org\/crpmlm\/un-golpe-en-politica-al-tope-del-18-del-gobierno\/#primaryimage"},"thumbnailUrl":"https:\/\/i0.wp.com\/vamosporlaliberacion.org\/crpmlm\/wp-content\/uploads\/2017\/03\/BANCARIOS.jpg?fit=696%2C392&ssl=1","datePublished":"2017-03-03T23:50:30+00:00","dateModified":"2020-10-28T23:03:29+00:00","author":{"@id":""},"breadcrumb":{"@id":"http:\/\/vamosporlaliberacion.org\/crpmlm\/un-golpe-en-politica-al-tope-del-18-del-gobierno\/#breadcrumb"},"inLanguage":"es","potentialAction":[{"@type":"ReadAction","target":["http:\/\/vamosporlaliberacion.org\/crpmlm\/un-golpe-en-politica-al-tope-del-18-del-gobierno\/"]}]},{"@type":"ImageObject","inLanguage":"es","@id":"http:\/\/vamosporlaliberacion.org\/crpmlm\/un-golpe-en-politica-al-tope-del-18-del-gobierno\/#primaryimage","url":"https:\/\/i0.wp.com\/vamosporlaliberacion.org\/crpmlm\/wp-content\/uploads\/2017\/03\/BANCARIOS.jpg?fit=696%2C392&ssl=1","contentUrl":"https:\/\/i0.wp.com\/vamosporlaliberacion.org\/crpmlm\/wp-content\/uploads\/2017\/03\/BANCARIOS.jpg?fit=696%2C392&ssl=1","width":696,"height":392},{"@type":"BreadcrumbList","@id":"http:\/\/vamosporlaliberacion.org\/crpmlm\/un-golpe-en-politica-al-tope-del-18-del-gobierno\/#breadcrumb","itemListElement":[{"@type":"ListItem","position":1,"name":"Portada","item":"https:\/\/vamosporlaliberacion.org\/crpmlm\/"},{"@type":"ListItem","position":2,"name":"Un golpe en pol\u00edtica al tope del 18% del gobierno"}]},{"@type":"WebSite","@id":"https:\/\/vamosporlaliberacion.org\/crpmlm\/#website","url":"https:\/\/vamosporlaliberacion.org\/crpmlm\/","name":"Vamos por la Liberaci\u00f3n","description":"Prensa CR","potentialAction":[{"@type":"SearchAction","target":{"@type":"EntryPoint","urlTemplate":"https:\/\/vamosporlaliberacion.org\/crpmlm\/?s={search_term_string}"},"query-input":{"@type":"PropertyValueSpecification","valueRequired":true,"valueName":"search_term_string"}}],"inLanguage":"es"},{"@type":"Person","@id":"","url":"http:\/\/vamosporlaliberacion.org\/crpmlm\/author\/"}]}},"jetpack_featured_media_url":"https:\/\/i0.wp.com\/vamosporlaliberacion.org\/crpmlm\/wp-content\/uploads\/2017\/03\/BANCARIOS.jpg?fit=696%2C392&ssl=1","jetpack_sharing_enabled":true,"_links":{"self":[{"href":"http:\/\/vamosporlaliberacion.org\/crpmlm\/wp-json\/wp\/v2\/posts\/8614","targetHints":{"allow":["GET"]}}],"collection":[{"href":"http:\/\/vamosporlaliberacion.org\/crpmlm\/wp-json\/wp\/v2\/posts"}],"about":[{"href":"http:\/\/vamosporlaliberacion.org\/crpmlm\/wp-json\/wp\/v2\/types\/post"}],"author":[{"embeddable":true,"href":"http:\/\/vamosporlaliberacion.org\/crpmlm\/wp-json\/wp\/v2\/users\/5"}],"replies":[{"embeddable":true,"href":"http:\/\/vamosporlaliberacion.org\/crpmlm\/wp-json\/wp\/v2\/comments?post=8614"}],"version-history":[{"count":1,"href":"http:\/\/vamosporlaliberacion.org\/crpmlm\/wp-json\/wp\/v2\/posts\/8614\/revisions"}],"predecessor-version":[{"id":21311,"href":"http:\/\/vamosporlaliberacion.org\/crpmlm\/wp-json\/wp\/v2\/posts\/8614\/revisions\/21311"}],"wp:featuredmedia":[{"embeddable":true,"href":"http:\/\/vamosporlaliberacion.org\/crpmlm\/wp-json\/wp\/v2\/media\/8679"}],"wp:attachment":[{"href":"http:\/\/vamosporlaliberacion.org\/crpmlm\/wp-json\/wp\/v2\/media?parent=8614"}],"wp:term":[{"taxonomy":"category","embeddable":true,"href":"http:\/\/vamosporlaliberacion.org\/crpmlm\/wp-json\/wp\/v2\/categories?post=8614"},{"taxonomy":"post_tag","embeddable":true,"href":"http:\/\/vamosporlaliberacion.org\/crpmlm\/wp-json\/wp\/v2\/tags?post=8614"}],"curies":[{"name":"wp","href":"https:\/\/api.w.org\/{rel}","templated":true}]}}