{"id":8599,"date":"2017-03-03T19:52:03","date_gmt":"2017-03-03T22:52:03","guid":{"rendered":"http:\/\/vamosporlaliberacion.org\/crpmlm\/?p=8599"},"modified":"2017-03-03T19:54:04","modified_gmt":"2017-03-03T22:54:04","slug":"carta-de-agr-clarin-y-fgb-a-macri","status":"publish","type":"post","link":"http:\/\/vamosporlaliberacion.org\/crpmlm\/carta-de-agr-clarin-y-fgb-a-macri\/","title":{"rendered":"Carta de AGR-Clar\u00edn y FGB a Macri"},"content":{"rendered":"<p>En el marco de la movilizaci\u00f3n del mi\u00e9rcoles 22 de febrero, los trabajadores de AGR-Clar\u00edn que enfrentan los despidos le dejaron esta carta al presidente Macri, suscripta tambi\u00e9n por la conducci\u00f3n de la\u00a0Federaci\u00f3n Gr\u00e1fica Bonaerense.<\/p>\n<p>&nbsp;<\/p>\n<p>Bs As, Mi\u00e9rcoles 22 de febrero 2017<br \/>\nPresidencia de la Naci\u00f3n<br \/>\nSr Presidente Mauricio Macri<\/p>\n<p>S&#8230;&#8230;\/&#8230;&#8230;D<\/p>\n<p>Los trabajadores de Artes Gr\u00e1ficas Rioplatenses (AGR-Clar\u00edn) y el Sindicato Federaci\u00f3n Gr\u00e1fica Bonaerense nos dirigimos a usted para reclamar que el estado cumpla su obligaci\u00f3n e intervenga de para que el Grupo Clar\u00edn levante el lockout empresarial que se encuentra realizando contra los trabajadores y su organizaci\u00f3n gremial y garantice la inmediata reapertura de la f\u00e1brica.<\/p>\n<p>Hace treinta y ocho d\u00edas que nos encontramos en la planta resistiendo el cierre fraudulento de la gr\u00e1fica m\u00e1s importante del pa\u00eds que conlleva el despido de 384 trabajadores y sus familias. La empresa no tiene ning\u00fan tipo de d\u00e9ficit sino que al contrario est\u00e1 desbordada de trabajo, a las revistas que realiza habitualmente como las revistas dominicales Viva (Clar\u00edn) y Rumbos (que se distribuye con los diarios del interior del Grupo Clar\u00edn), las revistas Genios, Jard\u00edn, Tiki Tiki, Ser Padres, Elle, Susana, Juana Bonita, Gaturro, Liahonha, Running, Pyme, Ciudades a Pie, Automovil Club, la revista Miradas y todos los impresos de Cablevisi\u00f3n, la Gu\u00eda Telef\u00f3nica nacional y las P\u00e1ginas Amarillas, los manteles de Mc Donald, y la folleter\u00eda de la mayor\u00eda de las cadenas de supermercados del pa\u00eds y los coleccionables de Clar\u00edn, se ha sumado este a\u00f1o impresiones enviadas por su gobierno, a saber: los manuales escolares subsidiados por el Ministerio de Educaci\u00f3n as\u00ed como toda la evaluaci\u00f3n docente estudiantil nacional.<\/p>\n<p>El parque de m\u00e1quinas de la empresa \u2013de los m\u00e1s modernos y productivos de la regi\u00f3n- nunca qued\u00f3 inactivo durante todos estos a\u00f1os hasta el cierre fraudulento que busca reabrir la empresa con personal precarizado y sin organizaci\u00f3n gremial.<\/p>\n<p>Los trabajadores y el Sindicato Federaci\u00f3n Gr\u00e1fica Bonaerense nos hemos opuesto a esta enorme mediante las acciones gremiales necesarias para la protecci\u00f3n de la fuente de trabajo.<\/p>\n<p>Desde que se inici\u00f3 el conflicto nos hemos reunido cuatro veces con funcionarios del Ministerio de Trabajo, incluidos la Directora Nacional de Relaciones del Trabajo y el propio viceministro sin que ofrecieran soluci\u00f3n alguna. Durante la realizaci\u00f3n de la primera audiencia, y cuando esta a\u00fan no hab\u00eda concluido, los trabajadores y sus familias recibieron una brutal represi\u00f3n absolutamente ilegal, tanto como el espionaje que se realiza con sofisticados equipos de filmaci\u00f3n e intercepci\u00f3n de comunicaciones que se encuentran exhibidos en camionetas de la AFI en la puerta de la f\u00e1brica.<\/p>\n<p>En el \u00e1mbito del ministerio hemos exigido que la autoridad de aplicaci\u00f3n utilice las herramientas a su alcance para que se reabra la planta y ponga en funcionamiento y hemos reclamado que se infraccione el no pago de salarios por parte de Clar\u00edn, ante el silencio de la administraci\u00f3n ya hemos presentado varios Prono despachos. Los funcionarios del ministerio han declarado repetidas veces que, el conflicto los \u201cexcede\u201d. Incluso hemos tenido un compromiso de reuni\u00f3n con el ministro Jorge Triaca, que se incumpli\u00f3.<\/p>\n<p>Los trabajadores de AGR y su sindicato la Federaci\u00f3n Gr\u00e1fica Bonaerense nos pronunciamos en defensa del convenio colectivo, la organizaci\u00f3n gremial y los puestos de trabajo y reclamamos que el gobierno act\u00fae en forma inmediata para que el Grupo Clar\u00edn reanude la producci\u00f3n en la f\u00e1brica con los trabajadores, reincorpore a los trabajadores y que AGR pague las quincenas adeudadas. Los primeros fallos judiciales que ya han ordenado el embargo de cuentas bancarias del Grupo Clar\u00edn para asegurar el pago de salarios indebidamente retenidos, ponen a\u00fan m\u00e1s de relieve la completa pasividad del Ministerio de Trabajo.<br \/>\nSin otro particular.<\/p>\n<p>Saludan Atte<br \/>\nHector Amichetti Sec Gral SFGB<br \/>\nMario Abraham Sec Org SFGB<br \/>\nPor la Comision Directiva del Sindicato Federaci\u00f3n Gr\u00e1fica Bonaerense<br \/>\nPablo Vi\u00f1as Sec Gral AGR-Clar\u00edn<br \/>\nMarcelo Quinteros Sec Adj AGR Clarin<br \/>\nPor la Comisi\u00f3n Interna de AGR-Clar\u00edn<\/p>\n<!-- AddThis Advanced Settings generic via filter on the_content --><!-- AddThis Share Buttons generic via filter on the_content -->","protected":false},"excerpt":{"rendered":"<p>En el marco de la movilizaci\u00f3n del mi\u00e9rcoles 22 de febrero, los trabajadores de AGR-Clar\u00edn que enfrentan los despidos le dejaron esta carta al presidente Macri, suscripta tambi\u00e9n por la conducci\u00f3n de la\u00a0Federaci\u00f3n Gr\u00e1fica Bonaerense. &nbsp; Bs As, Mi\u00e9rcoles 22 de febrero 2017 Presidencia de la Naci\u00f3n Sr Presidente Mauricio Macri S&#8230;&#8230;\/&#8230;&#8230;D Los trabajadores de [&hellip;]<!-- AddThis Advanced Settings generic via filter on get_the_excerpt --><!-- AddThis Share Buttons generic via filter on get_the_excerpt --><\/p>\n","protected":false},"author":5,"featured_media":8600,"comment_status":"open","ping_status":"open","sticky":false,"template":"","format":"standard","meta":{"_jetpack_memberships_contains_paid_content":false,"footnotes":""},"categories":[1699],"tags":[901,81,921],"class_list":{"0":"post-8599","1":"post","2":"type-post","3":"status-publish","4":"format-standard","5":"has-post-thumbnail","7":"category-noticias","8":"tag-agr-clarin","9":"tag-despidos","10":"tag-vxl-92"},"yoast_head":"<!-- This site is optimized with the Yoast SEO plugin v27.4 - https:\/\/yoast.com\/product\/yoast-seo-wordpress\/ -->\n<title>Carta de AGR-Clar\u00edn y FGB a Macri - Vamos por la Liberaci\u00f3n<\/title>\n<meta name=\"robots\" content=\"index, follow, max-snippet:-1, max-image-preview:large, max-video-preview:-1\" \/>\n<link rel=\"canonical\" href=\"http:\/\/vamosporlaliberacion.org\/crpmlm\/carta-de-agr-clarin-y-fgb-a-macri\/\" \/>\n<meta name=\"twitter:label1\" content=\"Escrito por\" \/>\n\t<meta name=\"twitter:data1\" content=\"\" \/>\n\t<meta name=\"twitter:label2\" content=\"Tiempo de lectura\" \/>\n\t<meta name=\"twitter:data2\" content=\"4 minutos\" \/>\n<script type=\"application\/ld+json\" class=\"yoast-schema-graph\">{\"@context\":\"https:\\\/\\\/schema.org\",\"@graph\":[{\"@type\":\"Article\",\"@id\":\"http:\\\/\\\/vamosporlaliberacion.org\\\/crpmlm\\\/carta-de-agr-clarin-y-fgb-a-macri\\\/#article\",\"isPartOf\":{\"@id\":\"http:\\\/\\\/vamosporlaliberacion.org\\\/crpmlm\\\/carta-de-agr-clarin-y-fgb-a-macri\\\/\"},\"author\":{\"name\":\"\",\"@id\":\"\"},\"headline\":\"Carta de AGR-Clar\u00edn y FGB a Macri\",\"datePublished\":\"2017-03-03T22:52:03+00:00\",\"dateModified\":\"2017-03-03T22:54:04+00:00\",\"mainEntityOfPage\":{\"@id\":\"http:\\\/\\\/vamosporlaliberacion.org\\\/crpmlm\\\/carta-de-agr-clarin-y-fgb-a-macri\\\/\"},\"wordCount\":726,\"commentCount\":0,\"image\":{\"@id\":\"http:\\\/\\\/vamosporlaliberacion.org\\\/crpmlm\\\/carta-de-agr-clarin-y-fgb-a-macri\\\/#primaryimage\"},\"thumbnailUrl\":\"https:\\\/\\\/i0.wp.com\\\/vamosporlaliberacion.org\\\/crpmlm\\\/wp-content\\\/uploads\\\/2017\\\/03\\\/Foto-de-FB-Trabajadores-de-AGR-Clar%C3%ADn.jpg?fit=960%2C539&ssl=1\",\"keywords\":[\"AGR-Clar\u00edn\",\"Despidos\",\"vxl 92\"],\"articleSection\":[\"Noticias\"],\"inLanguage\":\"es\",\"potentialAction\":[{\"@type\":\"CommentAction\",\"name\":\"Comment\",\"target\":[\"http:\\\/\\\/vamosporlaliberacion.org\\\/crpmlm\\\/carta-de-agr-clarin-y-fgb-a-macri\\\/#respond\"]}]},{\"@type\":\"WebPage\",\"@id\":\"http:\\\/\\\/vamosporlaliberacion.org\\\/crpmlm\\\/carta-de-agr-clarin-y-fgb-a-macri\\\/\",\"url\":\"http:\\\/\\\/vamosporlaliberacion.org\\\/crpmlm\\\/carta-de-agr-clarin-y-fgb-a-macri\\\/\",\"name\":\"Carta de AGR-Clar\u00edn y FGB a Macri - Vamos por la Liberaci\u00f3n\",\"isPartOf\":{\"@id\":\"https:\\\/\\\/vamosporlaliberacion.org\\\/crpmlm\\\/#website\"},\"primaryImageOfPage\":{\"@id\":\"http:\\\/\\\/vamosporlaliberacion.org\\\/crpmlm\\\/carta-de-agr-clarin-y-fgb-a-macri\\\/#primaryimage\"},\"image\":{\"@id\":\"http:\\\/\\\/vamosporlaliberacion.org\\\/crpmlm\\\/carta-de-agr-clarin-y-fgb-a-macri\\\/#primaryimage\"},\"thumbnailUrl\":\"https:\\\/\\\/i0.wp.com\\\/vamosporlaliberacion.org\\\/crpmlm\\\/wp-content\\\/uploads\\\/2017\\\/03\\\/Foto-de-FB-Trabajadores-de-AGR-Clar%C3%ADn.jpg?fit=960%2C539&ssl=1\",\"datePublished\":\"2017-03-03T22:52:03+00:00\",\"dateModified\":\"2017-03-03T22:54:04+00:00\",\"author\":{\"@id\":\"\"},\"breadcrumb\":{\"@id\":\"http:\\\/\\\/vamosporlaliberacion.org\\\/crpmlm\\\/carta-de-agr-clarin-y-fgb-a-macri\\\/#breadcrumb\"},\"inLanguage\":\"es\",\"potentialAction\":[{\"@type\":\"ReadAction\",\"target\":[\"http:\\\/\\\/vamosporlaliberacion.org\\\/crpmlm\\\/carta-de-agr-clarin-y-fgb-a-macri\\\/\"]}]},{\"@type\":\"ImageObject\",\"inLanguage\":\"es\",\"@id\":\"http:\\\/\\\/vamosporlaliberacion.org\\\/crpmlm\\\/carta-de-agr-clarin-y-fgb-a-macri\\\/#primaryimage\",\"url\":\"https:\\\/\\\/i0.wp.com\\\/vamosporlaliberacion.org\\\/crpmlm\\\/wp-content\\\/uploads\\\/2017\\\/03\\\/Foto-de-FB-Trabajadores-de-AGR-Clar%C3%ADn.jpg?fit=960%2C539&ssl=1\",\"contentUrl\":\"https:\\\/\\\/i0.wp.com\\\/vamosporlaliberacion.org\\\/crpmlm\\\/wp-content\\\/uploads\\\/2017\\\/03\\\/Foto-de-FB-Trabajadores-de-AGR-Clar%C3%ADn.jpg?fit=960%2C539&ssl=1\",\"width\":960,\"height\":539},{\"@type\":\"BreadcrumbList\",\"@id\":\"http:\\\/\\\/vamosporlaliberacion.org\\\/crpmlm\\\/carta-de-agr-clarin-y-fgb-a-macri\\\/#breadcrumb\",\"itemListElement\":[{\"@type\":\"ListItem\",\"position\":1,\"name\":\"Portada\",\"item\":\"https:\\\/\\\/vamosporlaliberacion.org\\\/crpmlm\\\/\"},{\"@type\":\"ListItem\",\"position\":2,\"name\":\"Carta de AGR-Clar\u00edn y FGB a Macri\"}]},{\"@type\":\"WebSite\",\"@id\":\"https:\\\/\\\/vamosporlaliberacion.org\\\/crpmlm\\\/#website\",\"url\":\"https:\\\/\\\/vamosporlaliberacion.org\\\/crpmlm\\\/\",\"name\":\"Vamos por la Liberaci\u00f3n\",\"description\":\"Prensa CR\",\"potentialAction\":[{\"@type\":\"SearchAction\",\"target\":{\"@type\":\"EntryPoint\",\"urlTemplate\":\"https:\\\/\\\/vamosporlaliberacion.org\\\/crpmlm\\\/?s={search_term_string}\"},\"query-input\":{\"@type\":\"PropertyValueSpecification\",\"valueRequired\":true,\"valueName\":\"search_term_string\"}}],\"inLanguage\":\"es\"},{\"@type\":\"Person\",\"@id\":\"\",\"url\":\"http:\\\/\\\/vamosporlaliberacion.org\\\/crpmlm\\\/author\\\/\"}]}<\/script>\n<!-- \/ Yoast SEO plugin. -->","yoast_head_json":{"title":"Carta de AGR-Clar\u00edn y FGB a Macri - Vamos por la Liberaci\u00f3n","robots":{"index":"index","follow":"follow","max-snippet":"max-snippet:-1","max-image-preview":"max-image-preview:large","max-video-preview":"max-video-preview:-1"},"canonical":"http:\/\/vamosporlaliberacion.org\/crpmlm\/carta-de-agr-clarin-y-fgb-a-macri\/","twitter_misc":{"Escrito por":"","Tiempo de lectura":"4 minutos"},"schema":{"@context":"https:\/\/schema.org","@graph":[{"@type":"Article","@id":"http:\/\/vamosporlaliberacion.org\/crpmlm\/carta-de-agr-clarin-y-fgb-a-macri\/#article","isPartOf":{"@id":"http:\/\/vamosporlaliberacion.org\/crpmlm\/carta-de-agr-clarin-y-fgb-a-macri\/"},"author":{"name":"","@id":""},"headline":"Carta de AGR-Clar\u00edn y FGB a Macri","datePublished":"2017-03-03T22:52:03+00:00","dateModified":"2017-03-03T22:54:04+00:00","mainEntityOfPage":{"@id":"http:\/\/vamosporlaliberacion.org\/crpmlm\/carta-de-agr-clarin-y-fgb-a-macri\/"},"wordCount":726,"commentCount":0,"image":{"@id":"http:\/\/vamosporlaliberacion.org\/crpmlm\/carta-de-agr-clarin-y-fgb-a-macri\/#primaryimage"},"thumbnailUrl":"https:\/\/i0.wp.com\/vamosporlaliberacion.org\/crpmlm\/wp-content\/uploads\/2017\/03\/Foto-de-FB-Trabajadores-de-AGR-Clar%C3%ADn.jpg?fit=960%2C539&ssl=1","keywords":["AGR-Clar\u00edn","Despidos","vxl 92"],"articleSection":["Noticias"],"inLanguage":"es","potentialAction":[{"@type":"CommentAction","name":"Comment","target":["http:\/\/vamosporlaliberacion.org\/crpmlm\/carta-de-agr-clarin-y-fgb-a-macri\/#respond"]}]},{"@type":"WebPage","@id":"http:\/\/vamosporlaliberacion.org\/crpmlm\/carta-de-agr-clarin-y-fgb-a-macri\/","url":"http:\/\/vamosporlaliberacion.org\/crpmlm\/carta-de-agr-clarin-y-fgb-a-macri\/","name":"Carta de AGR-Clar\u00edn y FGB a Macri - Vamos por la Liberaci\u00f3n","isPartOf":{"@id":"https:\/\/vamosporlaliberacion.org\/crpmlm\/#website"},"primaryImageOfPage":{"@id":"http:\/\/vamosporlaliberacion.org\/crpmlm\/carta-de-agr-clarin-y-fgb-a-macri\/#primaryimage"},"image":{"@id":"http:\/\/vamosporlaliberacion.org\/crpmlm\/carta-de-agr-clarin-y-fgb-a-macri\/#primaryimage"},"thumbnailUrl":"https:\/\/i0.wp.com\/vamosporlaliberacion.org\/crpmlm\/wp-content\/uploads\/2017\/03\/Foto-de-FB-Trabajadores-de-AGR-Clar%C3%ADn.jpg?fit=960%2C539&ssl=1","datePublished":"2017-03-03T22:52:03+00:00","dateModified":"2017-03-03T22:54:04+00:00","author":{"@id":""},"breadcrumb":{"@id":"http:\/\/vamosporlaliberacion.org\/crpmlm\/carta-de-agr-clarin-y-fgb-a-macri\/#breadcrumb"},"inLanguage":"es","potentialAction":[{"@type":"ReadAction","target":["http:\/\/vamosporlaliberacion.org\/crpmlm\/carta-de-agr-clarin-y-fgb-a-macri\/"]}]},{"@type":"ImageObject","inLanguage":"es","@id":"http:\/\/vamosporlaliberacion.org\/crpmlm\/carta-de-agr-clarin-y-fgb-a-macri\/#primaryimage","url":"https:\/\/i0.wp.com\/vamosporlaliberacion.org\/crpmlm\/wp-content\/uploads\/2017\/03\/Foto-de-FB-Trabajadores-de-AGR-Clar%C3%ADn.jpg?fit=960%2C539&ssl=1","contentUrl":"https:\/\/i0.wp.com\/vamosporlaliberacion.org\/crpmlm\/wp-content\/uploads\/2017\/03\/Foto-de-FB-Trabajadores-de-AGR-Clar%C3%ADn.jpg?fit=960%2C539&ssl=1","width":960,"height":539},{"@type":"BreadcrumbList","@id":"http:\/\/vamosporlaliberacion.org\/crpmlm\/carta-de-agr-clarin-y-fgb-a-macri\/#breadcrumb","itemListElement":[{"@type":"ListItem","position":1,"name":"Portada","item":"https:\/\/vamosporlaliberacion.org\/crpmlm\/"},{"@type":"ListItem","position":2,"name":"Carta de AGR-Clar\u00edn y FGB a Macri"}]},{"@type":"WebSite","@id":"https:\/\/vamosporlaliberacion.org\/crpmlm\/#website","url":"https:\/\/vamosporlaliberacion.org\/crpmlm\/","name":"Vamos por la Liberaci\u00f3n","description":"Prensa CR","potentialAction":[{"@type":"SearchAction","target":{"@type":"EntryPoint","urlTemplate":"https:\/\/vamosporlaliberacion.org\/crpmlm\/?s={search_term_string}"},"query-input":{"@type":"PropertyValueSpecification","valueRequired":true,"valueName":"search_term_string"}}],"inLanguage":"es"},{"@type":"Person","@id":"","url":"http:\/\/vamosporlaliberacion.org\/crpmlm\/author\/"}]}},"jetpack_featured_media_url":"https:\/\/i0.wp.com\/vamosporlaliberacion.org\/crpmlm\/wp-content\/uploads\/2017\/03\/Foto-de-FB-Trabajadores-de-AGR-Clar%C3%ADn.jpg?fit=960%2C539&ssl=1","jetpack_sharing_enabled":true,"_links":{"self":[{"href":"http:\/\/vamosporlaliberacion.org\/crpmlm\/wp-json\/wp\/v2\/posts\/8599","targetHints":{"allow":["GET"]}}],"collection":[{"href":"http:\/\/vamosporlaliberacion.org\/crpmlm\/wp-json\/wp\/v2\/posts"}],"about":[{"href":"http:\/\/vamosporlaliberacion.org\/crpmlm\/wp-json\/wp\/v2\/types\/post"}],"author":[{"embeddable":true,"href":"http:\/\/vamosporlaliberacion.org\/crpmlm\/wp-json\/wp\/v2\/users\/5"}],"replies":[{"embeddable":true,"href":"http:\/\/vamosporlaliberacion.org\/crpmlm\/wp-json\/wp\/v2\/comments?post=8599"}],"version-history":[{"count":0,"href":"http:\/\/vamosporlaliberacion.org\/crpmlm\/wp-json\/wp\/v2\/posts\/8599\/revisions"}],"wp:featuredmedia":[{"embeddable":true,"href":"http:\/\/vamosporlaliberacion.org\/crpmlm\/wp-json\/wp\/v2\/media\/8600"}],"wp:attachment":[{"href":"http:\/\/vamosporlaliberacion.org\/crpmlm\/wp-json\/wp\/v2\/media?parent=8599"}],"wp:term":[{"taxonomy":"category","embeddable":true,"href":"http:\/\/vamosporlaliberacion.org\/crpmlm\/wp-json\/wp\/v2\/categories?post=8599"},{"taxonomy":"post_tag","embeddable":true,"href":"http:\/\/vamosporlaliberacion.org\/crpmlm\/wp-json\/wp\/v2\/tags?post=8599"}],"curies":[{"name":"wp","href":"https:\/\/api.w.org\/{rel}","templated":true}]}}