{"id":8594,"date":"2017-03-03T19:39:00","date_gmt":"2017-03-03T22:39:00","guid":{"rendered":"http:\/\/vamosporlaliberacion.org\/crpmlm\/?p=8594"},"modified":"2017-03-03T20:05:39","modified_gmt":"2017-03-03T23:05:39","slug":"no-inicio-de-clases-para-romper-el-techo-del-18","status":"publish","type":"post","link":"http:\/\/vamosporlaliberacion.org\/crpmlm\/no-inicio-de-clases-para-romper-el-techo-del-18\/","title":{"rendered":"No inicio de clases para romper el techo del 18%"},"content":{"rendered":"<p>La soberbia del gobierno es respondida con la firmeza de los docentes. Alcances y l\u00edmites de las resoluciones de las federaciones docentes.<\/p>\n<p>El ministro Bullrich aconseja lanzar muchas iniciativas simult\u00e1neas contra los docentes pero los docentes responden centralmente con una: el no inicio de clases a nivel nacional. Una medida que despu\u00e9s de muuucho tiempo volvi\u00f3 a ser resuelta por cinco federaciones nacionales: CTERA, UDA, CEA, Sadop y Amet. No es que antes no hab\u00eda motivos. Pero ahora se agrega un gobierno provocador \u2013que incumple la ley al levantar unilateralmente la paritaria nacional para imponer un techo del 18%\u2013 y sindicatos no alineados con el gobierno.<\/p>\n<p>En el caso de CTERA, el paro fue aprobado en el Congreso del jueves 23. La medida fue aprobada para los d\u00edas 6 y 7 de marzo. Tambi\u00e9n se aprob\u00f3 \u201cadherir activamente\u201d al paro internacional de mujeres del 8 de Marzo, aunque descartando la propuesta de paro de 72hs que hubiera garantizado verdaderamente la confluencia. Tambi\u00e9n se plantearon algunas pr\u00f3ximas medidas.<\/p>\n<p>El Congreso tambi\u00e9n se solidariz\u00f3 con Roberto Baradel (Suteba) por las amenazas recibidas y por los casos de espionaje denunciados por algunos dirigentes. Sin embargo, no hubo resoluci\u00f3n sobre el caso de los 17 docentes que est\u00e1n siendo exonerados en Tierra del Fuego; ni sobre la detenci\u00f3n del general C\u00e9sar Milani, acusado por delitos de lesa humanidad y tambi\u00e9n se\u00f1alado como cabeza de una red de espionaje. Es evidente que este sesgo de la conducci\u00f3n de CTERA no contribuye a la unidad de los docentes. Otra situaci\u00f3n preocupante es la paritaria acordada en Misiones del 14%.<\/p>\n<p>Donde s\u00ed se acord\u00f3 un repudio a las exoneraciones e impulsar el paro a 72 horas fue en el encuentro de conducciones combativas realizado el d\u00eda anterior. All\u00ed estuvieron docentes de la FND, del Espacio de Coordinaci\u00f3n Nacional Docente y de la lista Multicolor, sumando voluntades de diversas provincias, sindicatos y federaciones. Las medidas en definitiva ser\u00e1n resueltas en los sindicatos de base y en cada seccional.<\/p>\n<!-- AddThis Advanced Settings generic via filter on the_content --><!-- AddThis Share Buttons generic via filter on the_content -->","protected":false},"excerpt":{"rendered":"<p>La soberbia del gobierno es respondida con la firmeza de los docentes. Alcances y l\u00edmites de las resoluciones de las federaciones docentes. El ministro Bullrich aconseja lanzar muchas iniciativas simult\u00e1neas contra los docentes pero los docentes responden centralmente con una: el no inicio de clases a nivel nacional. Una medida que despu\u00e9s de muuucho tiempo [&hellip;]<!-- AddThis Advanced Settings generic via filter on get_the_excerpt --><!-- AddThis Share Buttons generic via filter on get_the_excerpt --><\/p>\n","protected":false},"author":5,"featured_media":8595,"comment_status":"open","ping_status":"open","sticky":false,"template":"","format":"standard","meta":{"_jetpack_memberships_contains_paid_content":false,"footnotes":""},"categories":[1699],"tags":[316,632,698,339,521,741,620,921],"class_list":{"0":"post-8594","1":"post","2":"type-post","3":"status-publish","4":"format-standard","5":"has-post-thumbnail","7":"category-noticias","8":"tag-cta","9":"tag-cta-autonoma","10":"tag-cta-de-los-trabajadores","11":"tag-ctera","12":"tag-destacado-1","13":"tag-paro-docente","14":"tag-paro-nacional","15":"tag-vxl-92"},"yoast_head":"<!-- This site is optimized with the Yoast SEO plugin v27.4 - https:\/\/yoast.com\/product\/yoast-seo-wordpress\/ -->\n<title>No inicio de clases para romper el techo del 18% - Vamos por la Liberaci\u00f3n<\/title>\n<meta name=\"robots\" content=\"index, follow, max-snippet:-1, max-image-preview:large, max-video-preview:-1\" \/>\n<link rel=\"canonical\" href=\"http:\/\/vamosporlaliberacion.org\/crpmlm\/no-inicio-de-clases-para-romper-el-techo-del-18\/\" \/>\n<meta name=\"twitter:label1\" content=\"Escrito por\" \/>\n\t<meta name=\"twitter:data1\" content=\"\" \/>\n\t<meta name=\"twitter:label2\" content=\"Tiempo de lectura\" \/>\n\t<meta name=\"twitter:data2\" content=\"2 minutos\" \/>\n<script type=\"application\/ld+json\" class=\"yoast-schema-graph\">{\"@context\":\"https:\\\/\\\/schema.org\",\"@graph\":[{\"@type\":\"Article\",\"@id\":\"http:\\\/\\\/vamosporlaliberacion.org\\\/crpmlm\\\/no-inicio-de-clases-para-romper-el-techo-del-18\\\/#article\",\"isPartOf\":{\"@id\":\"http:\\\/\\\/vamosporlaliberacion.org\\\/crpmlm\\\/no-inicio-de-clases-para-romper-el-techo-del-18\\\/\"},\"author\":{\"name\":\"\",\"@id\":\"\"},\"headline\":\"No inicio de clases para romper el techo del 18%\",\"datePublished\":\"2017-03-03T22:39:00+00:00\",\"dateModified\":\"2017-03-03T23:05:39+00:00\",\"mainEntityOfPage\":{\"@id\":\"http:\\\/\\\/vamosporlaliberacion.org\\\/crpmlm\\\/no-inicio-de-clases-para-romper-el-techo-del-18\\\/\"},\"wordCount\":351,\"commentCount\":0,\"image\":{\"@id\":\"http:\\\/\\\/vamosporlaliberacion.org\\\/crpmlm\\\/no-inicio-de-clases-para-romper-el-techo-del-18\\\/#primaryimage\"},\"thumbnailUrl\":\"https:\\\/\\\/i0.wp.com\\\/vamosporlaliberacion.org\\\/crpmlm\\\/wp-content\\\/uploads\\\/2017\\\/03\\\/sutef_1.jpg?fit=960%2C540&ssl=1\",\"keywords\":[\"CTA\",\"CTA Aut\u00f3noma\",\"CTA de los Trabajadores\",\"CTERA\",\"destacado 1\",\"paro docente\",\"paro nacional\",\"vxl 92\"],\"articleSection\":[\"Noticias\"],\"inLanguage\":\"es\",\"potentialAction\":[{\"@type\":\"CommentAction\",\"name\":\"Comment\",\"target\":[\"http:\\\/\\\/vamosporlaliberacion.org\\\/crpmlm\\\/no-inicio-de-clases-para-romper-el-techo-del-18\\\/#respond\"]}]},{\"@type\":\"WebPage\",\"@id\":\"http:\\\/\\\/vamosporlaliberacion.org\\\/crpmlm\\\/no-inicio-de-clases-para-romper-el-techo-del-18\\\/\",\"url\":\"http:\\\/\\\/vamosporlaliberacion.org\\\/crpmlm\\\/no-inicio-de-clases-para-romper-el-techo-del-18\\\/\",\"name\":\"No inicio de clases para romper el techo del 18% - Vamos por la Liberaci\u00f3n\",\"isPartOf\":{\"@id\":\"https:\\\/\\\/vamosporlaliberacion.org\\\/crpmlm\\\/#website\"},\"primaryImageOfPage\":{\"@id\":\"http:\\\/\\\/vamosporlaliberacion.org\\\/crpmlm\\\/no-inicio-de-clases-para-romper-el-techo-del-18\\\/#primaryimage\"},\"image\":{\"@id\":\"http:\\\/\\\/vamosporlaliberacion.org\\\/crpmlm\\\/no-inicio-de-clases-para-romper-el-techo-del-18\\\/#primaryimage\"},\"thumbnailUrl\":\"https:\\\/\\\/i0.wp.com\\\/vamosporlaliberacion.org\\\/crpmlm\\\/wp-content\\\/uploads\\\/2017\\\/03\\\/sutef_1.jpg?fit=960%2C540&ssl=1\",\"datePublished\":\"2017-03-03T22:39:00+00:00\",\"dateModified\":\"2017-03-03T23:05:39+00:00\",\"author\":{\"@id\":\"\"},\"breadcrumb\":{\"@id\":\"http:\\\/\\\/vamosporlaliberacion.org\\\/crpmlm\\\/no-inicio-de-clases-para-romper-el-techo-del-18\\\/#breadcrumb\"},\"inLanguage\":\"es\",\"potentialAction\":[{\"@type\":\"ReadAction\",\"target\":[\"http:\\\/\\\/vamosporlaliberacion.org\\\/crpmlm\\\/no-inicio-de-clases-para-romper-el-techo-del-18\\\/\"]}]},{\"@type\":\"ImageObject\",\"inLanguage\":\"es\",\"@id\":\"http:\\\/\\\/vamosporlaliberacion.org\\\/crpmlm\\\/no-inicio-de-clases-para-romper-el-techo-del-18\\\/#primaryimage\",\"url\":\"https:\\\/\\\/i0.wp.com\\\/vamosporlaliberacion.org\\\/crpmlm\\\/wp-content\\\/uploads\\\/2017\\\/03\\\/sutef_1.jpg?fit=960%2C540&ssl=1\",\"contentUrl\":\"https:\\\/\\\/i0.wp.com\\\/vamosporlaliberacion.org\\\/crpmlm\\\/wp-content\\\/uploads\\\/2017\\\/03\\\/sutef_1.jpg?fit=960%2C540&ssl=1\",\"width\":960,\"height\":540},{\"@type\":\"BreadcrumbList\",\"@id\":\"http:\\\/\\\/vamosporlaliberacion.org\\\/crpmlm\\\/no-inicio-de-clases-para-romper-el-techo-del-18\\\/#breadcrumb\",\"itemListElement\":[{\"@type\":\"ListItem\",\"position\":1,\"name\":\"Portada\",\"item\":\"https:\\\/\\\/vamosporlaliberacion.org\\\/crpmlm\\\/\"},{\"@type\":\"ListItem\",\"position\":2,\"name\":\"No inicio de clases para romper el techo del 18%\"}]},{\"@type\":\"WebSite\",\"@id\":\"https:\\\/\\\/vamosporlaliberacion.org\\\/crpmlm\\\/#website\",\"url\":\"https:\\\/\\\/vamosporlaliberacion.org\\\/crpmlm\\\/\",\"name\":\"Vamos por la Liberaci\u00f3n\",\"description\":\"Prensa CR\",\"potentialAction\":[{\"@type\":\"SearchAction\",\"target\":{\"@type\":\"EntryPoint\",\"urlTemplate\":\"https:\\\/\\\/vamosporlaliberacion.org\\\/crpmlm\\\/?s={search_term_string}\"},\"query-input\":{\"@type\":\"PropertyValueSpecification\",\"valueRequired\":true,\"valueName\":\"search_term_string\"}}],\"inLanguage\":\"es\"},{\"@type\":\"Person\",\"@id\":\"\",\"url\":\"http:\\\/\\\/vamosporlaliberacion.org\\\/crpmlm\\\/author\\\/\"}]}<\/script>\n<!-- \/ Yoast SEO plugin. -->","yoast_head_json":{"title":"No inicio de clases para romper el techo del 18% - Vamos por la Liberaci\u00f3n","robots":{"index":"index","follow":"follow","max-snippet":"max-snippet:-1","max-image-preview":"max-image-preview:large","max-video-preview":"max-video-preview:-1"},"canonical":"http:\/\/vamosporlaliberacion.org\/crpmlm\/no-inicio-de-clases-para-romper-el-techo-del-18\/","twitter_misc":{"Escrito por":"","Tiempo de lectura":"2 minutos"},"schema":{"@context":"https:\/\/schema.org","@graph":[{"@type":"Article","@id":"http:\/\/vamosporlaliberacion.org\/crpmlm\/no-inicio-de-clases-para-romper-el-techo-del-18\/#article","isPartOf":{"@id":"http:\/\/vamosporlaliberacion.org\/crpmlm\/no-inicio-de-clases-para-romper-el-techo-del-18\/"},"author":{"name":"","@id":""},"headline":"No inicio de clases para romper el techo del 18%","datePublished":"2017-03-03T22:39:00+00:00","dateModified":"2017-03-03T23:05:39+00:00","mainEntityOfPage":{"@id":"http:\/\/vamosporlaliberacion.org\/crpmlm\/no-inicio-de-clases-para-romper-el-techo-del-18\/"},"wordCount":351,"commentCount":0,"image":{"@id":"http:\/\/vamosporlaliberacion.org\/crpmlm\/no-inicio-de-clases-para-romper-el-techo-del-18\/#primaryimage"},"thumbnailUrl":"https:\/\/i0.wp.com\/vamosporlaliberacion.org\/crpmlm\/wp-content\/uploads\/2017\/03\/sutef_1.jpg?fit=960%2C540&ssl=1","keywords":["CTA","CTA Aut\u00f3noma","CTA de los Trabajadores","CTERA","destacado 1","paro docente","paro nacional","vxl 92"],"articleSection":["Noticias"],"inLanguage":"es","potentialAction":[{"@type":"CommentAction","name":"Comment","target":["http:\/\/vamosporlaliberacion.org\/crpmlm\/no-inicio-de-clases-para-romper-el-techo-del-18\/#respond"]}]},{"@type":"WebPage","@id":"http:\/\/vamosporlaliberacion.org\/crpmlm\/no-inicio-de-clases-para-romper-el-techo-del-18\/","url":"http:\/\/vamosporlaliberacion.org\/crpmlm\/no-inicio-de-clases-para-romper-el-techo-del-18\/","name":"No inicio de clases para romper el techo del 18% - Vamos por la Liberaci\u00f3n","isPartOf":{"@id":"https:\/\/vamosporlaliberacion.org\/crpmlm\/#website"},"primaryImageOfPage":{"@id":"http:\/\/vamosporlaliberacion.org\/crpmlm\/no-inicio-de-clases-para-romper-el-techo-del-18\/#primaryimage"},"image":{"@id":"http:\/\/vamosporlaliberacion.org\/crpmlm\/no-inicio-de-clases-para-romper-el-techo-del-18\/#primaryimage"},"thumbnailUrl":"https:\/\/i0.wp.com\/vamosporlaliberacion.org\/crpmlm\/wp-content\/uploads\/2017\/03\/sutef_1.jpg?fit=960%2C540&ssl=1","datePublished":"2017-03-03T22:39:00+00:00","dateModified":"2017-03-03T23:05:39+00:00","author":{"@id":""},"breadcrumb":{"@id":"http:\/\/vamosporlaliberacion.org\/crpmlm\/no-inicio-de-clases-para-romper-el-techo-del-18\/#breadcrumb"},"inLanguage":"es","potentialAction":[{"@type":"ReadAction","target":["http:\/\/vamosporlaliberacion.org\/crpmlm\/no-inicio-de-clases-para-romper-el-techo-del-18\/"]}]},{"@type":"ImageObject","inLanguage":"es","@id":"http:\/\/vamosporlaliberacion.org\/crpmlm\/no-inicio-de-clases-para-romper-el-techo-del-18\/#primaryimage","url":"https:\/\/i0.wp.com\/vamosporlaliberacion.org\/crpmlm\/wp-content\/uploads\/2017\/03\/sutef_1.jpg?fit=960%2C540&ssl=1","contentUrl":"https:\/\/i0.wp.com\/vamosporlaliberacion.org\/crpmlm\/wp-content\/uploads\/2017\/03\/sutef_1.jpg?fit=960%2C540&ssl=1","width":960,"height":540},{"@type":"BreadcrumbList","@id":"http:\/\/vamosporlaliberacion.org\/crpmlm\/no-inicio-de-clases-para-romper-el-techo-del-18\/#breadcrumb","itemListElement":[{"@type":"ListItem","position":1,"name":"Portada","item":"https:\/\/vamosporlaliberacion.org\/crpmlm\/"},{"@type":"ListItem","position":2,"name":"No inicio de clases para romper el techo del 18%"}]},{"@type":"WebSite","@id":"https:\/\/vamosporlaliberacion.org\/crpmlm\/#website","url":"https:\/\/vamosporlaliberacion.org\/crpmlm\/","name":"Vamos por la Liberaci\u00f3n","description":"Prensa CR","potentialAction":[{"@type":"SearchAction","target":{"@type":"EntryPoint","urlTemplate":"https:\/\/vamosporlaliberacion.org\/crpmlm\/?s={search_term_string}"},"query-input":{"@type":"PropertyValueSpecification","valueRequired":true,"valueName":"search_term_string"}}],"inLanguage":"es"},{"@type":"Person","@id":"","url":"http:\/\/vamosporlaliberacion.org\/crpmlm\/author\/"}]}},"jetpack_featured_media_url":"https:\/\/i0.wp.com\/vamosporlaliberacion.org\/crpmlm\/wp-content\/uploads\/2017\/03\/sutef_1.jpg?fit=960%2C540&ssl=1","jetpack_sharing_enabled":true,"_links":{"self":[{"href":"http:\/\/vamosporlaliberacion.org\/crpmlm\/wp-json\/wp\/v2\/posts\/8594","targetHints":{"allow":["GET"]}}],"collection":[{"href":"http:\/\/vamosporlaliberacion.org\/crpmlm\/wp-json\/wp\/v2\/posts"}],"about":[{"href":"http:\/\/vamosporlaliberacion.org\/crpmlm\/wp-json\/wp\/v2\/types\/post"}],"author":[{"embeddable":true,"href":"http:\/\/vamosporlaliberacion.org\/crpmlm\/wp-json\/wp\/v2\/users\/5"}],"replies":[{"embeddable":true,"href":"http:\/\/vamosporlaliberacion.org\/crpmlm\/wp-json\/wp\/v2\/comments?post=8594"}],"version-history":[{"count":0,"href":"http:\/\/vamosporlaliberacion.org\/crpmlm\/wp-json\/wp\/v2\/posts\/8594\/revisions"}],"wp:featuredmedia":[{"embeddable":true,"href":"http:\/\/vamosporlaliberacion.org\/crpmlm\/wp-json\/wp\/v2\/media\/8595"}],"wp:attachment":[{"href":"http:\/\/vamosporlaliberacion.org\/crpmlm\/wp-json\/wp\/v2\/media?parent=8594"}],"wp:term":[{"taxonomy":"category","embeddable":true,"href":"http:\/\/vamosporlaliberacion.org\/crpmlm\/wp-json\/wp\/v2\/categories?post=8594"},{"taxonomy":"post_tag","embeddable":true,"href":"http:\/\/vamosporlaliberacion.org\/crpmlm\/wp-json\/wp\/v2\/tags?post=8594"}],"curies":[{"name":"wp","href":"https:\/\/api.w.org\/{rel}","templated":true}]}}