{"id":8471,"date":"2017-02-12T23:32:10","date_gmt":"2017-02-13T02:32:10","guid":{"rendered":"http:\/\/vamosporlaliberacion.org\/crpmlm\/?p=8471"},"modified":"2017-02-14T16:32:54","modified_gmt":"2017-02-14T19:32:54","slug":"baranao-contra-los-trabajadores","status":"publish","type":"post","link":"http:\/\/vamosporlaliberacion.org\/crpmlm\/baranao-contra-los-trabajadores\/","title":{"rendered":"Bara\u00f1ao contra los trabajadores"},"content":{"rendered":"<p>En una seguidilla de notas period\u00edsticas, el Ministro de Ciencia y T\u00e9cnica Lino Bara\u00f1ao contin\u00faa defendiendo sin tapujos el ajuste en el Conicet con los m\u00e1s variados argumentos, algunos directamente falsos.<\/p>\n<p>Por ejemplo, Bara\u00f1ao plante\u00f3 en el programa <a href=\"https:\/\/www.youtube.com\/watch?v=0sBYoZllJDY\">Intratables<\/a> que en el Conicet se fij\u00f3 un tope de 14 mil investigadores,<em> \u201cque es m\u00e1s alto que el n\u00famero de investigadores que tiene el consejo de investigadores en Francia o Espa\u00f1a\u201d<\/em>. Resulta que efectivamente los Consejos de Investigadores de estos pa\u00edses tienen 11.000 y 4.000 investigadores respectivamente, pero lo que no dice Bara\u00f1ao es que en esos pa\u00edses hay much\u00edsimos otros institutos estatales y privados de investigaci\u00f3n. Sumados, en Francia hay 9 investigadores cada mil personas en edad de trabajar y en Espa\u00f1a 5,3, mientras que en la Argentina hay solo 3.<\/p>\n<p>Adem\u00e1s, el mismo d\u00eda del Plenario Nacional de trabajadores de CyT, Bara\u00f1ao sali\u00f3 en los medios planteando directamente que el gobierno buscar\u00e1 <em>\u00abpromover la investigaci\u00f3n en el sector privado\u00bb<\/em>. Esto, rechazado ya en las masivas asambleas de trabajadores del a\u00f1o pasado, desnuda su inter\u00e9s de que la ciencia sirva en definitiva a aumentar la rentabilidad del capital privado.<\/p>\n<!-- AddThis Advanced Settings generic via filter on the_content --><!-- AddThis Share Buttons generic via filter on the_content -->","protected":false},"excerpt":{"rendered":"<p>En una seguidilla de notas period\u00edsticas, el Ministro de Ciencia y T\u00e9cnica Lino Bara\u00f1ao contin\u00faa defendiendo sin tapujos el ajuste en el Conicet con los m\u00e1s variados argumentos, algunos directamente falsos. Por ejemplo, Bara\u00f1ao plante\u00f3 en el programa Intratables que en el Conicet se fij\u00f3 un tope de 14 mil investigadores, \u201cque es m\u00e1s alto [&hellip;]<!-- AddThis Advanced Settings generic via filter on get_the_excerpt --><!-- AddThis Share Buttons generic via filter on get_the_excerpt --><\/p>\n","protected":false},"author":5,"featured_media":8476,"comment_status":"open","ping_status":"open","sticky":false,"template":"","format":"standard","meta":{"_jetpack_memberships_contains_paid_content":false,"footnotes":""},"categories":[1699],"tags":[853,854,915],"class_list":{"0":"post-8471","1":"post","2":"type-post","3":"status-publish","4":"format-standard","5":"has-post-thumbnail","7":"category-noticias","8":"tag-baranao","9":"tag-conicet","10":"tag-vxl-91"},"yoast_head":"<!-- This site is optimized with the Yoast SEO plugin v27.4 - https:\/\/yoast.com\/product\/yoast-seo-wordpress\/ -->\n<title>Bara\u00f1ao contra los trabajadores - Vamos por la Liberaci\u00f3n<\/title>\n<meta name=\"robots\" content=\"index, follow, max-snippet:-1, max-image-preview:large, max-video-preview:-1\" \/>\n<link rel=\"canonical\" href=\"http:\/\/vamosporlaliberacion.org\/crpmlm\/baranao-contra-los-trabajadores\/\" \/>\n<meta name=\"twitter:label1\" content=\"Escrito por\" \/>\n\t<meta name=\"twitter:data1\" content=\"\" \/>\n\t<meta name=\"twitter:label2\" content=\"Tiempo de lectura\" \/>\n\t<meta name=\"twitter:data2\" content=\"1 minuto\" \/>\n<script type=\"application\/ld+json\" class=\"yoast-schema-graph\">{\"@context\":\"https:\\\/\\\/schema.org\",\"@graph\":[{\"@type\":\"Article\",\"@id\":\"http:\\\/\\\/vamosporlaliberacion.org\\\/crpmlm\\\/baranao-contra-los-trabajadores\\\/#article\",\"isPartOf\":{\"@id\":\"http:\\\/\\\/vamosporlaliberacion.org\\\/crpmlm\\\/baranao-contra-los-trabajadores\\\/\"},\"author\":{\"name\":\"\",\"@id\":\"\"},\"headline\":\"Bara\u00f1ao contra los trabajadores\",\"datePublished\":\"2017-02-13T02:32:10+00:00\",\"dateModified\":\"2017-02-14T19:32:54+00:00\",\"mainEntityOfPage\":{\"@id\":\"http:\\\/\\\/vamosporlaliberacion.org\\\/crpmlm\\\/baranao-contra-los-trabajadores\\\/\"},\"wordCount\":209,\"commentCount\":0,\"image\":{\"@id\":\"http:\\\/\\\/vamosporlaliberacion.org\\\/crpmlm\\\/baranao-contra-los-trabajadores\\\/#primaryimage\"},\"thumbnailUrl\":\"https:\\\/\\\/i0.wp.com\\\/vamosporlaliberacion.org\\\/crpmlm\\\/wp-content\\\/uploads\\\/2017\\\/02\\\/bara%C3%B1ao.jpg?fit=696%2C399&ssl=1\",\"keywords\":[\"Bara\u00f1ao\",\"CONICET\",\"vxl 91\"],\"articleSection\":[\"Noticias\"],\"inLanguage\":\"es\",\"potentialAction\":[{\"@type\":\"CommentAction\",\"name\":\"Comment\",\"target\":[\"http:\\\/\\\/vamosporlaliberacion.org\\\/crpmlm\\\/baranao-contra-los-trabajadores\\\/#respond\"]}]},{\"@type\":\"WebPage\",\"@id\":\"http:\\\/\\\/vamosporlaliberacion.org\\\/crpmlm\\\/baranao-contra-los-trabajadores\\\/\",\"url\":\"http:\\\/\\\/vamosporlaliberacion.org\\\/crpmlm\\\/baranao-contra-los-trabajadores\\\/\",\"name\":\"Bara\u00f1ao contra los trabajadores - Vamos por la Liberaci\u00f3n\",\"isPartOf\":{\"@id\":\"https:\\\/\\\/vamosporlaliberacion.org\\\/crpmlm\\\/#website\"},\"primaryImageOfPage\":{\"@id\":\"http:\\\/\\\/vamosporlaliberacion.org\\\/crpmlm\\\/baranao-contra-los-trabajadores\\\/#primaryimage\"},\"image\":{\"@id\":\"http:\\\/\\\/vamosporlaliberacion.org\\\/crpmlm\\\/baranao-contra-los-trabajadores\\\/#primaryimage\"},\"thumbnailUrl\":\"https:\\\/\\\/i0.wp.com\\\/vamosporlaliberacion.org\\\/crpmlm\\\/wp-content\\\/uploads\\\/2017\\\/02\\\/bara%C3%B1ao.jpg?fit=696%2C399&ssl=1\",\"datePublished\":\"2017-02-13T02:32:10+00:00\",\"dateModified\":\"2017-02-14T19:32:54+00:00\",\"author\":{\"@id\":\"\"},\"breadcrumb\":{\"@id\":\"http:\\\/\\\/vamosporlaliberacion.org\\\/crpmlm\\\/baranao-contra-los-trabajadores\\\/#breadcrumb\"},\"inLanguage\":\"es\",\"potentialAction\":[{\"@type\":\"ReadAction\",\"target\":[\"http:\\\/\\\/vamosporlaliberacion.org\\\/crpmlm\\\/baranao-contra-los-trabajadores\\\/\"]}]},{\"@type\":\"ImageObject\",\"inLanguage\":\"es\",\"@id\":\"http:\\\/\\\/vamosporlaliberacion.org\\\/crpmlm\\\/baranao-contra-los-trabajadores\\\/#primaryimage\",\"url\":\"https:\\\/\\\/i0.wp.com\\\/vamosporlaliberacion.org\\\/crpmlm\\\/wp-content\\\/uploads\\\/2017\\\/02\\\/bara%C3%B1ao.jpg?fit=696%2C399&ssl=1\",\"contentUrl\":\"https:\\\/\\\/i0.wp.com\\\/vamosporlaliberacion.org\\\/crpmlm\\\/wp-content\\\/uploads\\\/2017\\\/02\\\/bara%C3%B1ao.jpg?fit=696%2C399&ssl=1\",\"width\":696,\"height\":399},{\"@type\":\"BreadcrumbList\",\"@id\":\"http:\\\/\\\/vamosporlaliberacion.org\\\/crpmlm\\\/baranao-contra-los-trabajadores\\\/#breadcrumb\",\"itemListElement\":[{\"@type\":\"ListItem\",\"position\":1,\"name\":\"Portada\",\"item\":\"https:\\\/\\\/vamosporlaliberacion.org\\\/crpmlm\\\/\"},{\"@type\":\"ListItem\",\"position\":2,\"name\":\"Bara\u00f1ao contra los trabajadores\"}]},{\"@type\":\"WebSite\",\"@id\":\"https:\\\/\\\/vamosporlaliberacion.org\\\/crpmlm\\\/#website\",\"url\":\"https:\\\/\\\/vamosporlaliberacion.org\\\/crpmlm\\\/\",\"name\":\"Vamos por la Liberaci\u00f3n\",\"description\":\"Prensa CR\",\"potentialAction\":[{\"@type\":\"SearchAction\",\"target\":{\"@type\":\"EntryPoint\",\"urlTemplate\":\"https:\\\/\\\/vamosporlaliberacion.org\\\/crpmlm\\\/?s={search_term_string}\"},\"query-input\":{\"@type\":\"PropertyValueSpecification\",\"valueRequired\":true,\"valueName\":\"search_term_string\"}}],\"inLanguage\":\"es\"},{\"@type\":\"Person\",\"@id\":\"\",\"url\":\"http:\\\/\\\/vamosporlaliberacion.org\\\/crpmlm\\\/author\\\/\"}]}<\/script>\n<!-- \/ Yoast SEO plugin. -->","yoast_head_json":{"title":"Bara\u00f1ao contra los trabajadores - Vamos por la Liberaci\u00f3n","robots":{"index":"index","follow":"follow","max-snippet":"max-snippet:-1","max-image-preview":"max-image-preview:large","max-video-preview":"max-video-preview:-1"},"canonical":"http:\/\/vamosporlaliberacion.org\/crpmlm\/baranao-contra-los-trabajadores\/","twitter_misc":{"Escrito por":"","Tiempo de lectura":"1 minuto"},"schema":{"@context":"https:\/\/schema.org","@graph":[{"@type":"Article","@id":"http:\/\/vamosporlaliberacion.org\/crpmlm\/baranao-contra-los-trabajadores\/#article","isPartOf":{"@id":"http:\/\/vamosporlaliberacion.org\/crpmlm\/baranao-contra-los-trabajadores\/"},"author":{"name":"","@id":""},"headline":"Bara\u00f1ao contra los trabajadores","datePublished":"2017-02-13T02:32:10+00:00","dateModified":"2017-02-14T19:32:54+00:00","mainEntityOfPage":{"@id":"http:\/\/vamosporlaliberacion.org\/crpmlm\/baranao-contra-los-trabajadores\/"},"wordCount":209,"commentCount":0,"image":{"@id":"http:\/\/vamosporlaliberacion.org\/crpmlm\/baranao-contra-los-trabajadores\/#primaryimage"},"thumbnailUrl":"https:\/\/i0.wp.com\/vamosporlaliberacion.org\/crpmlm\/wp-content\/uploads\/2017\/02\/bara%C3%B1ao.jpg?fit=696%2C399&ssl=1","keywords":["Bara\u00f1ao","CONICET","vxl 91"],"articleSection":["Noticias"],"inLanguage":"es","potentialAction":[{"@type":"CommentAction","name":"Comment","target":["http:\/\/vamosporlaliberacion.org\/crpmlm\/baranao-contra-los-trabajadores\/#respond"]}]},{"@type":"WebPage","@id":"http:\/\/vamosporlaliberacion.org\/crpmlm\/baranao-contra-los-trabajadores\/","url":"http:\/\/vamosporlaliberacion.org\/crpmlm\/baranao-contra-los-trabajadores\/","name":"Bara\u00f1ao contra los trabajadores - Vamos por la Liberaci\u00f3n","isPartOf":{"@id":"https:\/\/vamosporlaliberacion.org\/crpmlm\/#website"},"primaryImageOfPage":{"@id":"http:\/\/vamosporlaliberacion.org\/crpmlm\/baranao-contra-los-trabajadores\/#primaryimage"},"image":{"@id":"http:\/\/vamosporlaliberacion.org\/crpmlm\/baranao-contra-los-trabajadores\/#primaryimage"},"thumbnailUrl":"https:\/\/i0.wp.com\/vamosporlaliberacion.org\/crpmlm\/wp-content\/uploads\/2017\/02\/bara%C3%B1ao.jpg?fit=696%2C399&ssl=1","datePublished":"2017-02-13T02:32:10+00:00","dateModified":"2017-02-14T19:32:54+00:00","author":{"@id":""},"breadcrumb":{"@id":"http:\/\/vamosporlaliberacion.org\/crpmlm\/baranao-contra-los-trabajadores\/#breadcrumb"},"inLanguage":"es","potentialAction":[{"@type":"ReadAction","target":["http:\/\/vamosporlaliberacion.org\/crpmlm\/baranao-contra-los-trabajadores\/"]}]},{"@type":"ImageObject","inLanguage":"es","@id":"http:\/\/vamosporlaliberacion.org\/crpmlm\/baranao-contra-los-trabajadores\/#primaryimage","url":"https:\/\/i0.wp.com\/vamosporlaliberacion.org\/crpmlm\/wp-content\/uploads\/2017\/02\/bara%C3%B1ao.jpg?fit=696%2C399&ssl=1","contentUrl":"https:\/\/i0.wp.com\/vamosporlaliberacion.org\/crpmlm\/wp-content\/uploads\/2017\/02\/bara%C3%B1ao.jpg?fit=696%2C399&ssl=1","width":696,"height":399},{"@type":"BreadcrumbList","@id":"http:\/\/vamosporlaliberacion.org\/crpmlm\/baranao-contra-los-trabajadores\/#breadcrumb","itemListElement":[{"@type":"ListItem","position":1,"name":"Portada","item":"https:\/\/vamosporlaliberacion.org\/crpmlm\/"},{"@type":"ListItem","position":2,"name":"Bara\u00f1ao contra los trabajadores"}]},{"@type":"WebSite","@id":"https:\/\/vamosporlaliberacion.org\/crpmlm\/#website","url":"https:\/\/vamosporlaliberacion.org\/crpmlm\/","name":"Vamos por la Liberaci\u00f3n","description":"Prensa CR","potentialAction":[{"@type":"SearchAction","target":{"@type":"EntryPoint","urlTemplate":"https:\/\/vamosporlaliberacion.org\/crpmlm\/?s={search_term_string}"},"query-input":{"@type":"PropertyValueSpecification","valueRequired":true,"valueName":"search_term_string"}}],"inLanguage":"es"},{"@type":"Person","@id":"","url":"http:\/\/vamosporlaliberacion.org\/crpmlm\/author\/"}]}},"jetpack_featured_media_url":"https:\/\/i0.wp.com\/vamosporlaliberacion.org\/crpmlm\/wp-content\/uploads\/2017\/02\/bara%C3%B1ao.jpg?fit=696%2C399&ssl=1","jetpack_sharing_enabled":true,"_links":{"self":[{"href":"http:\/\/vamosporlaliberacion.org\/crpmlm\/wp-json\/wp\/v2\/posts\/8471","targetHints":{"allow":["GET"]}}],"collection":[{"href":"http:\/\/vamosporlaliberacion.org\/crpmlm\/wp-json\/wp\/v2\/posts"}],"about":[{"href":"http:\/\/vamosporlaliberacion.org\/crpmlm\/wp-json\/wp\/v2\/types\/post"}],"author":[{"embeddable":true,"href":"http:\/\/vamosporlaliberacion.org\/crpmlm\/wp-json\/wp\/v2\/users\/5"}],"replies":[{"embeddable":true,"href":"http:\/\/vamosporlaliberacion.org\/crpmlm\/wp-json\/wp\/v2\/comments?post=8471"}],"version-history":[{"count":0,"href":"http:\/\/vamosporlaliberacion.org\/crpmlm\/wp-json\/wp\/v2\/posts\/8471\/revisions"}],"wp:featuredmedia":[{"embeddable":true,"href":"http:\/\/vamosporlaliberacion.org\/crpmlm\/wp-json\/wp\/v2\/media\/8476"}],"wp:attachment":[{"href":"http:\/\/vamosporlaliberacion.org\/crpmlm\/wp-json\/wp\/v2\/media?parent=8471"}],"wp:term":[{"taxonomy":"category","embeddable":true,"href":"http:\/\/vamosporlaliberacion.org\/crpmlm\/wp-json\/wp\/v2\/categories?post=8471"},{"taxonomy":"post_tag","embeddable":true,"href":"http:\/\/vamosporlaliberacion.org\/crpmlm\/wp-json\/wp\/v2\/tags?post=8471"}],"curies":[{"name":"wp","href":"https:\/\/api.w.org\/{rel}","templated":true}]}}