{"id":8352,"date":"2017-01-30T16:40:27","date_gmt":"2017-01-30T19:40:27","guid":{"rendered":"http:\/\/vamosporlaliberacion.org\/crpmlm\/?p=8352"},"modified":"2017-01-30T16:40:27","modified_gmt":"2017-01-30T19:40:27","slug":"emvyj-ante-una-nueva-provocacion-del-gobierno","status":"publish","type":"post","link":"http:\/\/vamosporlaliberacion.org\/crpmlm\/emvyj-ante-una-nueva-provocacion-del-gobierno\/","title":{"rendered":"El EMVyJ ante una nueva provocaci\u00f3n del Gobierno"},"content":{"rendered":"<p>Reproducimos la declaraci\u00f3n del Encuentro Memoria, Verdad y Justicia ante las declaraciones del funcionario macrista G\u00f3mez Centuri\u00f3n.<\/p>\n<p>\u00abANTE LA NUEVA PROVOCACI\u00d3N DEL GOBIERNO NACIONAL, DECIMOS:<br \/>\n\u200b<br \/>\n<strong>SON 30.\u200b000 Y FUE GENOCIDIO<\/strong><\/p>\n<p>Otra nueva provocaci\u00f3n del gobierno nacional<\/p>\n<p>El gobierno de Mauricio Macri pretende una y otra vez, desde su asunci\u00f3n, imponer su interpretaci\u00f3n nazi de la historia nacional.<\/p>\n<p>Despu\u00e9s de intentar hacer movible el feriado del 24 de marzo, nuevamente uno de sus funcionarios, el titular de la aduana y ex carapintada golpista, G\u00f3mez Centuri\u00f3n, neg\u00f3 que en la Argentina se haya desplegado un plan genocida y la existencia de 30.000 desaparecidos: \u201c8.000 verdades, 22.000 mentiras\u201d producto de una \u201cguerra sucia\u201d.<\/p>\n<p>No reconocer el car\u00e1cter genocida de la dictadura y su consecuencia de 30000 compa\u00f1eros detenidos-desaparecidos para implantar un modelo econ\u00f3mico y social, a favor de los grandes monopolios y gupos de poder se ha convertido en una necesidad para este gobierno que pretende despojar a nuestro pueblo de sus organizaciones sociales y gremiales.<br \/>\nNO SE TRATA DE UN FUNCIONARIO ES LA POL\u00cdTICA DEL GOBIERNO NACIONAL.<\/p>\n<p>Durante 40 a\u00f1os, nuestro pueblo en las calles ha luchado contra la impunidad de la dictadura genocida y contra las pol\u00edticas de olvido y perd\u00f3n. Por eso, desde el Encuentro Memoria Verdad y Justicia repudiamos los dichos y sostenemos:<\/p>\n<p>30.0000 COMPA\u00d1EROS DETENIDOS DESAPARECIDOS PRESENTE!!!!<br \/>\nC\u00c1RCEL YA A TODOS LOS GENOCIDAS!<\/p>\n<p>NO OLVIDAMOS, NO PERDONAMOS, NO NOS RECONCILIAMOS<\/p>\n<p>EL 24 DE MARZO CONVOCAMOS A MARCHAR DESDE CONGRESO HASTA PLAZA DE MAYO.<\/p>\n<p>\u200b<strong>ENCUENTRO MEMORIA VERDAD Y JUSTICIA<\/strong>\u200b\u00bb<\/p>\n<!-- AddThis Advanced Settings generic via filter on the_content --><!-- AddThis Share Buttons generic via filter on the_content -->","protected":false},"excerpt":{"rendered":"<p>Reproducimos la declaraci\u00f3n del Encuentro Memoria, Verdad y Justicia ante las declaraciones del funcionario macrista G\u00f3mez Centuri\u00f3n. \u00abANTE LA NUEVA PROVOCACI\u00d3N DEL GOBIERNO NACIONAL, DECIMOS: \u200b SON 30.\u200b000 Y FUE GENOCIDIO Otra nueva provocaci\u00f3n del gobierno nacional El gobierno de Mauricio Macri pretende una y otra vez, desde su asunci\u00f3n, imponer su interpretaci\u00f3n nazi de [&hellip;]<!-- AddThis Advanced Settings generic via filter on get_the_excerpt --><!-- AddThis Share Buttons generic via filter on get_the_excerpt --><\/p>\n","protected":false},"author":5,"featured_media":0,"comment_status":"open","ping_status":"open","sticky":false,"template":"","format":"standard","meta":{"_jetpack_memberships_contains_paid_content":false,"footnotes":""},"categories":[1699],"tags":[],"class_list":{"0":"post-8352","1":"post","2":"type-post","3":"status-publish","4":"format-standard","6":"category-noticias"},"yoast_head":"<!-- This site is optimized with the Yoast SEO plugin v27.4 - https:\/\/yoast.com\/product\/yoast-seo-wordpress\/ -->\n<title>El EMVyJ ante una nueva provocaci\u00f3n del Gobierno - Vamos por la Liberaci\u00f3n<\/title>\n<meta name=\"robots\" content=\"index, follow, max-snippet:-1, max-image-preview:large, max-video-preview:-1\" \/>\n<link rel=\"canonical\" href=\"http:\/\/vamosporlaliberacion.org\/crpmlm\/emvyj-ante-una-nueva-provocacion-del-gobierno\/\" \/>\n<meta name=\"twitter:label1\" content=\"Escrito por\" \/>\n\t<meta name=\"twitter:data1\" content=\"\" \/>\n\t<meta name=\"twitter:label2\" content=\"Tiempo de lectura\" \/>\n\t<meta name=\"twitter:data2\" content=\"1 minuto\" \/>\n<script type=\"application\/ld+json\" class=\"yoast-schema-graph\">{\"@context\":\"https:\\\/\\\/schema.org\",\"@graph\":[{\"@type\":\"Article\",\"@id\":\"http:\\\/\\\/vamosporlaliberacion.org\\\/crpmlm\\\/emvyj-ante-una-nueva-provocacion-del-gobierno\\\/#article\",\"isPartOf\":{\"@id\":\"http:\\\/\\\/vamosporlaliberacion.org\\\/crpmlm\\\/emvyj-ante-una-nueva-provocacion-del-gobierno\\\/\"},\"author\":{\"name\":\"\",\"@id\":\"\"},\"headline\":\"El EMVyJ ante una nueva provocaci\u00f3n del Gobierno\",\"datePublished\":\"2017-01-30T19:40:27+00:00\",\"mainEntityOfPage\":{\"@id\":\"http:\\\/\\\/vamosporlaliberacion.org\\\/crpmlm\\\/emvyj-ante-una-nueva-provocacion-del-gobierno\\\/\"},\"wordCount\":269,\"commentCount\":0,\"articleSection\":[\"Noticias\"],\"inLanguage\":\"es\",\"potentialAction\":[{\"@type\":\"CommentAction\",\"name\":\"Comment\",\"target\":[\"http:\\\/\\\/vamosporlaliberacion.org\\\/crpmlm\\\/emvyj-ante-una-nueva-provocacion-del-gobierno\\\/#respond\"]}]},{\"@type\":\"WebPage\",\"@id\":\"http:\\\/\\\/vamosporlaliberacion.org\\\/crpmlm\\\/emvyj-ante-una-nueva-provocacion-del-gobierno\\\/\",\"url\":\"http:\\\/\\\/vamosporlaliberacion.org\\\/crpmlm\\\/emvyj-ante-una-nueva-provocacion-del-gobierno\\\/\",\"name\":\"El EMVyJ ante una nueva provocaci\u00f3n del Gobierno - Vamos por la Liberaci\u00f3n\",\"isPartOf\":{\"@id\":\"https:\\\/\\\/vamosporlaliberacion.org\\\/crpmlm\\\/#website\"},\"datePublished\":\"2017-01-30T19:40:27+00:00\",\"author\":{\"@id\":\"\"},\"breadcrumb\":{\"@id\":\"http:\\\/\\\/vamosporlaliberacion.org\\\/crpmlm\\\/emvyj-ante-una-nueva-provocacion-del-gobierno\\\/#breadcrumb\"},\"inLanguage\":\"es\",\"potentialAction\":[{\"@type\":\"ReadAction\",\"target\":[\"http:\\\/\\\/vamosporlaliberacion.org\\\/crpmlm\\\/emvyj-ante-una-nueva-provocacion-del-gobierno\\\/\"]}]},{\"@type\":\"BreadcrumbList\",\"@id\":\"http:\\\/\\\/vamosporlaliberacion.org\\\/crpmlm\\\/emvyj-ante-una-nueva-provocacion-del-gobierno\\\/#breadcrumb\",\"itemListElement\":[{\"@type\":\"ListItem\",\"position\":1,\"name\":\"Portada\",\"item\":\"https:\\\/\\\/vamosporlaliberacion.org\\\/crpmlm\\\/\"},{\"@type\":\"ListItem\",\"position\":2,\"name\":\"El EMVyJ ante una nueva provocaci\u00f3n del Gobierno\"}]},{\"@type\":\"WebSite\",\"@id\":\"https:\\\/\\\/vamosporlaliberacion.org\\\/crpmlm\\\/#website\",\"url\":\"https:\\\/\\\/vamosporlaliberacion.org\\\/crpmlm\\\/\",\"name\":\"Vamos por la Liberaci\u00f3n\",\"description\":\"Prensa CR\",\"potentialAction\":[{\"@type\":\"SearchAction\",\"target\":{\"@type\":\"EntryPoint\",\"urlTemplate\":\"https:\\\/\\\/vamosporlaliberacion.org\\\/crpmlm\\\/?s={search_term_string}\"},\"query-input\":{\"@type\":\"PropertyValueSpecification\",\"valueRequired\":true,\"valueName\":\"search_term_string\"}}],\"inLanguage\":\"es\"},{\"@type\":\"Person\",\"@id\":\"\",\"url\":\"http:\\\/\\\/vamosporlaliberacion.org\\\/crpmlm\\\/author\\\/\"}]}<\/script>\n<!-- \/ Yoast SEO plugin. -->","yoast_head_json":{"title":"El EMVyJ ante una nueva provocaci\u00f3n del Gobierno - Vamos por la Liberaci\u00f3n","robots":{"index":"index","follow":"follow","max-snippet":"max-snippet:-1","max-image-preview":"max-image-preview:large","max-video-preview":"max-video-preview:-1"},"canonical":"http:\/\/vamosporlaliberacion.org\/crpmlm\/emvyj-ante-una-nueva-provocacion-del-gobierno\/","twitter_misc":{"Escrito por":"","Tiempo de lectura":"1 minuto"},"schema":{"@context":"https:\/\/schema.org","@graph":[{"@type":"Article","@id":"http:\/\/vamosporlaliberacion.org\/crpmlm\/emvyj-ante-una-nueva-provocacion-del-gobierno\/#article","isPartOf":{"@id":"http:\/\/vamosporlaliberacion.org\/crpmlm\/emvyj-ante-una-nueva-provocacion-del-gobierno\/"},"author":{"name":"","@id":""},"headline":"El EMVyJ ante una nueva provocaci\u00f3n del Gobierno","datePublished":"2017-01-30T19:40:27+00:00","mainEntityOfPage":{"@id":"http:\/\/vamosporlaliberacion.org\/crpmlm\/emvyj-ante-una-nueva-provocacion-del-gobierno\/"},"wordCount":269,"commentCount":0,"articleSection":["Noticias"],"inLanguage":"es","potentialAction":[{"@type":"CommentAction","name":"Comment","target":["http:\/\/vamosporlaliberacion.org\/crpmlm\/emvyj-ante-una-nueva-provocacion-del-gobierno\/#respond"]}]},{"@type":"WebPage","@id":"http:\/\/vamosporlaliberacion.org\/crpmlm\/emvyj-ante-una-nueva-provocacion-del-gobierno\/","url":"http:\/\/vamosporlaliberacion.org\/crpmlm\/emvyj-ante-una-nueva-provocacion-del-gobierno\/","name":"El EMVyJ ante una nueva provocaci\u00f3n del Gobierno - Vamos por la Liberaci\u00f3n","isPartOf":{"@id":"https:\/\/vamosporlaliberacion.org\/crpmlm\/#website"},"datePublished":"2017-01-30T19:40:27+00:00","author":{"@id":""},"breadcrumb":{"@id":"http:\/\/vamosporlaliberacion.org\/crpmlm\/emvyj-ante-una-nueva-provocacion-del-gobierno\/#breadcrumb"},"inLanguage":"es","potentialAction":[{"@type":"ReadAction","target":["http:\/\/vamosporlaliberacion.org\/crpmlm\/emvyj-ante-una-nueva-provocacion-del-gobierno\/"]}]},{"@type":"BreadcrumbList","@id":"http:\/\/vamosporlaliberacion.org\/crpmlm\/emvyj-ante-una-nueva-provocacion-del-gobierno\/#breadcrumb","itemListElement":[{"@type":"ListItem","position":1,"name":"Portada","item":"https:\/\/vamosporlaliberacion.org\/crpmlm\/"},{"@type":"ListItem","position":2,"name":"El EMVyJ ante una nueva provocaci\u00f3n del Gobierno"}]},{"@type":"WebSite","@id":"https:\/\/vamosporlaliberacion.org\/crpmlm\/#website","url":"https:\/\/vamosporlaliberacion.org\/crpmlm\/","name":"Vamos por la Liberaci\u00f3n","description":"Prensa CR","potentialAction":[{"@type":"SearchAction","target":{"@type":"EntryPoint","urlTemplate":"https:\/\/vamosporlaliberacion.org\/crpmlm\/?s={search_term_string}"},"query-input":{"@type":"PropertyValueSpecification","valueRequired":true,"valueName":"search_term_string"}}],"inLanguage":"es"},{"@type":"Person","@id":"","url":"http:\/\/vamosporlaliberacion.org\/crpmlm\/author\/"}]}},"jetpack_featured_media_url":"","jetpack_sharing_enabled":true,"_links":{"self":[{"href":"http:\/\/vamosporlaliberacion.org\/crpmlm\/wp-json\/wp\/v2\/posts\/8352","targetHints":{"allow":["GET"]}}],"collection":[{"href":"http:\/\/vamosporlaliberacion.org\/crpmlm\/wp-json\/wp\/v2\/posts"}],"about":[{"href":"http:\/\/vamosporlaliberacion.org\/crpmlm\/wp-json\/wp\/v2\/types\/post"}],"author":[{"embeddable":true,"href":"http:\/\/vamosporlaliberacion.org\/crpmlm\/wp-json\/wp\/v2\/users\/5"}],"replies":[{"embeddable":true,"href":"http:\/\/vamosporlaliberacion.org\/crpmlm\/wp-json\/wp\/v2\/comments?post=8352"}],"version-history":[{"count":0,"href":"http:\/\/vamosporlaliberacion.org\/crpmlm\/wp-json\/wp\/v2\/posts\/8352\/revisions"}],"wp:attachment":[{"href":"http:\/\/vamosporlaliberacion.org\/crpmlm\/wp-json\/wp\/v2\/media?parent=8352"}],"wp:term":[{"taxonomy":"category","embeddable":true,"href":"http:\/\/vamosporlaliberacion.org\/crpmlm\/wp-json\/wp\/v2\/categories?post=8352"},{"taxonomy":"post_tag","embeddable":true,"href":"http:\/\/vamosporlaliberacion.org\/crpmlm\/wp-json\/wp\/v2\/tags?post=8352"}],"curies":[{"name":"wp","href":"https:\/\/api.w.org\/{rel}","templated":true}]}}