{"id":8345,"date":"2017-01-27T11:53:07","date_gmt":"2017-01-27T14:53:07","guid":{"rendered":"http:\/\/vamosporlaliberacion.org\/crpmlm\/?p=8345"},"modified":"2017-02-02T20:46:10","modified_gmt":"2017-02-02T23:46:10","slug":"bolson-amparo-solo-una-partecita-la-lucha","status":"publish","type":"post","link":"http:\/\/vamosporlaliberacion.org\/crpmlm\/bolson-amparo-solo-una-partecita-la-lucha\/","title":{"rendered":"El Bols\u00f3n: \u201cEl amparo es s\u00f3lo una partecita de la lucha\u201d"},"content":{"rendered":"<p>Tras frenar en la Justicia el proyecto de la empresa Laderas, ahora se prepara una nueva movilizaci\u00f3n para el 11 de febrero. Entrevistamos a uno de los protagonistas.<\/p>\n<p>Por un lado, m\u00e1s de 12 mil personas marcharon el pasado s\u00e1bado 7 de enero contra el proyecto de la empresa Laderas. Por el otro, el intendente y el Consejo Deliberante intentan darle aprobaci\u00f3n al mega emprendimiento. El presidente Macri tampoco fue neutral, sino que sali\u00f3 a la defensa de \u201csu amigo\u201d Joe Lewis, que est\u00e1 detr\u00e1s de este y otros proyectos en la zona. Por el momento, el proyecto fue trabado en la Justicia con un amparo presentado al lunes siguiente de aquella movilizaci\u00f3n.<\/p>\n<p>Pero, como dice Javier: \u201cla lucha sigue\u201d. Javier vive en El Bols\u00f3n hace 23 a\u00f1os, trabaja en la radio FM La Negra y participa de la asamblea Soberan\u00eda Popular, que viene funcionando como instancia resolutiva.<\/p>\n<p><strong>-\u00bfCu\u00e1l es el alcance del amparo logrado?<\/strong><\/p>\n<p>-El amparo es s\u00f3lo una partecita de la lucha y sali\u00f3 a partir de que el viernes anterior [6\/1] hubo una movilizaci\u00f3n de 12.500 personas en El Bols\u00f3n, lo cual es como decir 8 millones de personas en Capital Federal en porcentaje. Entonces de alguna manera la Justicia no pudo deso\u00edr el reclamo que adem\u00e1s fue acompa\u00f1ado por 6 mil firmas. Y el amparo ped\u00eda una medida cautelar, que es lo que se dict\u00f3, que proh\u00edbe todo tipo de construcci\u00f3n en ese lote fiscal donde se quiere hacer el loteo y este barrio privado. Pero adem\u00e1s, lo interesante es que el juez investiga m\u00ednimamente y descubre que ese lote ya cuando fue adjudicado a un particular hubo un litigio que todav\u00eda no est\u00e1 resuelto. Entonces lo que plantea el juez en este amparo es no permitir ning\u00fan tipo de construcci\u00f3n hasta tanto no se resuelva si ese lote fue bien asignado o no. Y te puedo adelantar que fue mal asignado, incumpliendo la ley provincial de tierras. (&#8230;) Va en contra de la ley en varios puntos. Y lo que dice la ley de tierras es que si se incumpliera, el Estado tiene el derecho a volver a recuperar la tierra sin derecho a indemnizaci\u00f3n alguna. Con lo cual, lo que est\u00e1 todav\u00eda en juego en un juzgado de Bariloche, es que toda esa tierra vuelva al Estado provincial. Pero adem\u00e1s toda esa zona es una zona de reserva declarada de inter\u00e9s por la UNESCO, con lo cual no hay por donde entrar a construir en ese lugar porque est\u00e1 vedado por todos los costados legalmente.<br \/>\nLo que est\u00e1 claro es que\u2026 imaginate que a Lewis la Justicia lo obliga a construir un paso de acceso al Lago Escondido hace ya varios a\u00f1os y todav\u00eda no lo hace&#8230; Y no lo hace porque evidentemente hay un poder que se imprime por sobre la Justicia; y un gobierno que permite que ese poder se imprima por sobre la Justicia. En este caso, 12.500 personas en la calle hicieron que la Justicia tuviera que por lo menos o\u00edr que no iba a poder empezar a construir Lewis ah\u00ed porque lo que se iba a generar ac\u00e1 era una batalla campal. De hecho es lo que casi sucedi\u00f3 cuando el intendente y el Consejo Deliberante intentaron darle la aprobaci\u00f3n legal a trav\u00e9s de una sesi\u00f3n de Consejo y una audiencia que tuvieron que sesionar protegidas por un triple vallado policial; y con matones a sueldo que no estaban uniformados y estaban detr\u00e1s del cord\u00f3n policial.<\/p>\n<p><strong>-Macri sali\u00f3 en defensa de Lewis a decir que no tiene nada que ver con Laderas. \u00bfCu\u00e1les son los elementos que vinculan a Lewis con Laderas?<\/strong><\/p>\n<p>-Nicol\u00e1s Van Ditmar, el testaferro y administrador de Lago Escondido (que es la empresa de Lewis), es cu\u00f1ado de Maximiliano Mazza, que es quien est\u00e1 a cargo de este proyecto. Y que adem\u00e1s los personajes a nivel pueblo que defienden el negociado del loteo son los mismos que trabajan y son funcionarios de Lago Escondido. Y ac\u00e1 hay una cuesti\u00f3n grave: el intendente actual, que es el que intent\u00f3 habilitar legalmente la construcci\u00f3n del loteo, es un contador cuyo estudio contable trabaja para Lewis. Entonces hay una relaci\u00f3n estrecha.<br \/>\nY con respecto a Macri, \u00e9l mismo se escupe encima cuando sale a decir que es amigo y que es un hombre bueno, que no ha pedido absolutamente nada y no es verdad. Lewis no s\u00f3lo ha pedido sino que ha hecho un mont\u00f3n de cuestiones que no estaban permitidas. La hidroel\u00e9ctrica que construy\u00f3 est\u00e1 con un mont\u00f3n de vicios legales. El trazado del tendido el\u00e9ctrico para esa hidroel\u00e9ctrica est\u00e1 fuera de donde ten\u00eda que ir y el Estado nacional no le dice absolutamente nada. Y es un trazado que va a estar conectado al interconectado nacional.<\/p>\n<p><strong>-\u00bfQu\u00e9 relaci\u00f3n aparece entre el emprendimiento energ\u00e9tico de Lewis y este loteo inmobiliario?<\/strong><\/p>\n<p>-En realidad la modificaci\u00f3n del trazado del tendido el\u00e9ctrico est\u00e1 cuestionado por las asambleas populares y hace pasar el tendido por este loteo con la intenci\u00f3n de llevar energ\u00eda a ese loteo, que sino no habr\u00eda forma. Porque imaginate que es un megacountry que est\u00e1 previsto para mil lotes, con cancha de golf, aeropuerto y con un mont\u00f3n de instalaciones que van a requerir un consumo energ\u00e9tico que ni siquiera la misma hidroel\u00e9ctrica de Lewis podr\u00eda abastecer. Con lo cual la conexi\u00f3n de la hidroel\u00e9ctrica al interconectado nacional podr\u00eda no ser para venderle energ\u00eda sino para poder llevar hacia el loteo la energ\u00eda que necesitar\u00eda para ese proyecto.<\/p>\n<p><strong>-\u00bfY qu\u00e9 otros interese puede tener Lewis en esta zona?<\/strong><\/p>\n<p>-Est\u00e1 claro que llevar una l\u00ednea de semejante dimensiones hacia el medio de la cordillera en la experiencia popular nos hace tener casi la certeza de que otros emprendimientos, del tipo minero sobre todo, est\u00e1n pensandose en esa regi\u00f3n. Es el l\u00edmite con Chile, en lo alto de la cordillera. Los proyectos mineros, la biodiversidad patentable, todos estas cuestiones son cuestiones que nosotros sospechamos que Lewis tiene en la mira.<\/p>\n<p><strong>-\u00bfPor qu\u00e9 la compra por parte de Lewis de las 14.000 hect\u00e1reas donde est\u00e1 Lago Escondido es ilegal?<\/strong><\/p>\n<p>-Es ilegal porque las leyes nacionales proh\u00edben la venta a extranjeros de propiedades de semejante dimensi\u00f3n en zona de frontera; inclusive la zona de frontera con el Atl\u00e1ntico. Y \u00e9l tiene 14 mil hect\u00e1reas que est\u00e1n en zona lim\u00edtrofe. Y del otro lado est\u00e1 Tompkins, extranjero tambi\u00e9n, que tiene una buena cantidad de tierras.<\/p>\n<!-- AddThis Advanced Settings generic via filter on the_content --><!-- AddThis Share Buttons generic via filter on the_content -->","protected":false},"excerpt":{"rendered":"<p>Tras frenar en la Justicia el proyecto de la empresa Laderas, ahora se prepara una nueva movilizaci\u00f3n para el 11 de febrero. Entrevistamos a uno de los protagonistas. Por un lado, m\u00e1s de 12 mil personas marcharon el pasado s\u00e1bado 7 de enero contra el proyecto de la empresa Laderas. Por el otro, el intendente [&hellip;]<!-- AddThis Advanced Settings generic via filter on get_the_excerpt --><!-- AddThis Share Buttons generic via filter on get_the_excerpt --><\/p>\n","protected":false},"author":5,"featured_media":8346,"comment_status":"open","ping_status":"open","sticky":false,"template":"","format":"standard","meta":{"_jetpack_memberships_contains_paid_content":false,"footnotes":""},"categories":[1699],"tags":[903,902,904,219,905],"class_list":{"0":"post-8345","1":"post","2":"type-post","3":"status-publish","4":"format-standard","5":"has-post-thumbnail","7":"category-noticias","8":"tag-el-bolson","9":"tag-joe-lewis","10":"tag-reserva-pampa-de-ludden","11":"tag-rio-negro","12":"tag-vxl-90"},"yoast_head":"<!-- This site is optimized with the Yoast SEO plugin v27.4 - https:\/\/yoast.com\/product\/yoast-seo-wordpress\/ -->\n<title>El Bols\u00f3n: \u201cEl amparo es s\u00f3lo una partecita de la lucha\u201d - Vamos por la Liberaci\u00f3n<\/title>\n<meta name=\"robots\" content=\"index, follow, max-snippet:-1, max-image-preview:large, max-video-preview:-1\" \/>\n<link rel=\"canonical\" href=\"http:\/\/vamosporlaliberacion.org\/crpmlm\/bolson-amparo-solo-una-partecita-la-lucha\/\" \/>\n<meta name=\"twitter:label1\" content=\"Escrito por\" \/>\n\t<meta name=\"twitter:data1\" content=\"\" \/>\n\t<meta name=\"twitter:label2\" content=\"Tiempo de lectura\" \/>\n\t<meta name=\"twitter:data2\" content=\"6 minutos\" \/>\n<script type=\"application\/ld+json\" class=\"yoast-schema-graph\">{\"@context\":\"https:\\\/\\\/schema.org\",\"@graph\":[{\"@type\":\"Article\",\"@id\":\"http:\\\/\\\/vamosporlaliberacion.org\\\/crpmlm\\\/bolson-amparo-solo-una-partecita-la-lucha\\\/#article\",\"isPartOf\":{\"@id\":\"http:\\\/\\\/vamosporlaliberacion.org\\\/crpmlm\\\/bolson-amparo-solo-una-partecita-la-lucha\\\/\"},\"author\":{\"name\":\"\",\"@id\":\"\"},\"headline\":\"El Bols\u00f3n: \u201cEl amparo es s\u00f3lo una partecita de la lucha\u201d\",\"datePublished\":\"2017-01-27T14:53:07+00:00\",\"dateModified\":\"2017-02-02T23:46:10+00:00\",\"mainEntityOfPage\":{\"@id\":\"http:\\\/\\\/vamosporlaliberacion.org\\\/crpmlm\\\/bolson-amparo-solo-una-partecita-la-lucha\\\/\"},\"wordCount\":1146,\"commentCount\":0,\"image\":{\"@id\":\"http:\\\/\\\/vamosporlaliberacion.org\\\/crpmlm\\\/bolson-amparo-solo-una-partecita-la-lucha\\\/#primaryimage\"},\"thumbnailUrl\":\"https:\\\/\\\/i0.wp.com\\\/vamosporlaliberacion.org\\\/crpmlm\\\/wp-content\\\/uploads\\\/2017\\\/01\\\/Soberan%C3%ADa-popular-marcha.jpg?fit=750%2C500&ssl=1\",\"keywords\":[\"El Bols\u00f3n\",\"Joe Lewis\",\"reserva Pampa de Ludden\",\"R\u00edo Negro\",\"vxl 90\"],\"articleSection\":[\"Noticias\"],\"inLanguage\":\"es\",\"potentialAction\":[{\"@type\":\"CommentAction\",\"name\":\"Comment\",\"target\":[\"http:\\\/\\\/vamosporlaliberacion.org\\\/crpmlm\\\/bolson-amparo-solo-una-partecita-la-lucha\\\/#respond\"]}]},{\"@type\":\"WebPage\",\"@id\":\"http:\\\/\\\/vamosporlaliberacion.org\\\/crpmlm\\\/bolson-amparo-solo-una-partecita-la-lucha\\\/\",\"url\":\"http:\\\/\\\/vamosporlaliberacion.org\\\/crpmlm\\\/bolson-amparo-solo-una-partecita-la-lucha\\\/\",\"name\":\"El Bols\u00f3n: \u201cEl amparo es s\u00f3lo una partecita de la lucha\u201d - Vamos por la Liberaci\u00f3n\",\"isPartOf\":{\"@id\":\"https:\\\/\\\/vamosporlaliberacion.org\\\/crpmlm\\\/#website\"},\"primaryImageOfPage\":{\"@id\":\"http:\\\/\\\/vamosporlaliberacion.org\\\/crpmlm\\\/bolson-amparo-solo-una-partecita-la-lucha\\\/#primaryimage\"},\"image\":{\"@id\":\"http:\\\/\\\/vamosporlaliberacion.org\\\/crpmlm\\\/bolson-amparo-solo-una-partecita-la-lucha\\\/#primaryimage\"},\"thumbnailUrl\":\"https:\\\/\\\/i0.wp.com\\\/vamosporlaliberacion.org\\\/crpmlm\\\/wp-content\\\/uploads\\\/2017\\\/01\\\/Soberan%C3%ADa-popular-marcha.jpg?fit=750%2C500&ssl=1\",\"datePublished\":\"2017-01-27T14:53:07+00:00\",\"dateModified\":\"2017-02-02T23:46:10+00:00\",\"author\":{\"@id\":\"\"},\"breadcrumb\":{\"@id\":\"http:\\\/\\\/vamosporlaliberacion.org\\\/crpmlm\\\/bolson-amparo-solo-una-partecita-la-lucha\\\/#breadcrumb\"},\"inLanguage\":\"es\",\"potentialAction\":[{\"@type\":\"ReadAction\",\"target\":[\"http:\\\/\\\/vamosporlaliberacion.org\\\/crpmlm\\\/bolson-amparo-solo-una-partecita-la-lucha\\\/\"]}]},{\"@type\":\"ImageObject\",\"inLanguage\":\"es\",\"@id\":\"http:\\\/\\\/vamosporlaliberacion.org\\\/crpmlm\\\/bolson-amparo-solo-una-partecita-la-lucha\\\/#primaryimage\",\"url\":\"https:\\\/\\\/i0.wp.com\\\/vamosporlaliberacion.org\\\/crpmlm\\\/wp-content\\\/uploads\\\/2017\\\/01\\\/Soberan%C3%ADa-popular-marcha.jpg?fit=750%2C500&ssl=1\",\"contentUrl\":\"https:\\\/\\\/i0.wp.com\\\/vamosporlaliberacion.org\\\/crpmlm\\\/wp-content\\\/uploads\\\/2017\\\/01\\\/Soberan%C3%ADa-popular-marcha.jpg?fit=750%2C500&ssl=1\",\"width\":750,\"height\":500},{\"@type\":\"BreadcrumbList\",\"@id\":\"http:\\\/\\\/vamosporlaliberacion.org\\\/crpmlm\\\/bolson-amparo-solo-una-partecita-la-lucha\\\/#breadcrumb\",\"itemListElement\":[{\"@type\":\"ListItem\",\"position\":1,\"name\":\"Portada\",\"item\":\"https:\\\/\\\/vamosporlaliberacion.org\\\/crpmlm\\\/\"},{\"@type\":\"ListItem\",\"position\":2,\"name\":\"El Bols\u00f3n: \u201cEl amparo es s\u00f3lo una partecita de la lucha\u201d\"}]},{\"@type\":\"WebSite\",\"@id\":\"https:\\\/\\\/vamosporlaliberacion.org\\\/crpmlm\\\/#website\",\"url\":\"https:\\\/\\\/vamosporlaliberacion.org\\\/crpmlm\\\/\",\"name\":\"Vamos por la Liberaci\u00f3n\",\"description\":\"Prensa CR\",\"potentialAction\":[{\"@type\":\"SearchAction\",\"target\":{\"@type\":\"EntryPoint\",\"urlTemplate\":\"https:\\\/\\\/vamosporlaliberacion.org\\\/crpmlm\\\/?s={search_term_string}\"},\"query-input\":{\"@type\":\"PropertyValueSpecification\",\"valueRequired\":true,\"valueName\":\"search_term_string\"}}],\"inLanguage\":\"es\"},{\"@type\":\"Person\",\"@id\":\"\",\"url\":\"http:\\\/\\\/vamosporlaliberacion.org\\\/crpmlm\\\/author\\\/\"}]}<\/script>\n<!-- \/ Yoast SEO plugin. -->","yoast_head_json":{"title":"El Bols\u00f3n: \u201cEl amparo es s\u00f3lo una partecita de la lucha\u201d - Vamos por la Liberaci\u00f3n","robots":{"index":"index","follow":"follow","max-snippet":"max-snippet:-1","max-image-preview":"max-image-preview:large","max-video-preview":"max-video-preview:-1"},"canonical":"http:\/\/vamosporlaliberacion.org\/crpmlm\/bolson-amparo-solo-una-partecita-la-lucha\/","twitter_misc":{"Escrito por":"","Tiempo de lectura":"6 minutos"},"schema":{"@context":"https:\/\/schema.org","@graph":[{"@type":"Article","@id":"http:\/\/vamosporlaliberacion.org\/crpmlm\/bolson-amparo-solo-una-partecita-la-lucha\/#article","isPartOf":{"@id":"http:\/\/vamosporlaliberacion.org\/crpmlm\/bolson-amparo-solo-una-partecita-la-lucha\/"},"author":{"name":"","@id":""},"headline":"El Bols\u00f3n: \u201cEl amparo es s\u00f3lo una partecita de la lucha\u201d","datePublished":"2017-01-27T14:53:07+00:00","dateModified":"2017-02-02T23:46:10+00:00","mainEntityOfPage":{"@id":"http:\/\/vamosporlaliberacion.org\/crpmlm\/bolson-amparo-solo-una-partecita-la-lucha\/"},"wordCount":1146,"commentCount":0,"image":{"@id":"http:\/\/vamosporlaliberacion.org\/crpmlm\/bolson-amparo-solo-una-partecita-la-lucha\/#primaryimage"},"thumbnailUrl":"https:\/\/i0.wp.com\/vamosporlaliberacion.org\/crpmlm\/wp-content\/uploads\/2017\/01\/Soberan%C3%ADa-popular-marcha.jpg?fit=750%2C500&ssl=1","keywords":["El Bols\u00f3n","Joe Lewis","reserva Pampa de Ludden","R\u00edo Negro","vxl 90"],"articleSection":["Noticias"],"inLanguage":"es","potentialAction":[{"@type":"CommentAction","name":"Comment","target":["http:\/\/vamosporlaliberacion.org\/crpmlm\/bolson-amparo-solo-una-partecita-la-lucha\/#respond"]}]},{"@type":"WebPage","@id":"http:\/\/vamosporlaliberacion.org\/crpmlm\/bolson-amparo-solo-una-partecita-la-lucha\/","url":"http:\/\/vamosporlaliberacion.org\/crpmlm\/bolson-amparo-solo-una-partecita-la-lucha\/","name":"El Bols\u00f3n: \u201cEl amparo es s\u00f3lo una partecita de la lucha\u201d - Vamos por la Liberaci\u00f3n","isPartOf":{"@id":"https:\/\/vamosporlaliberacion.org\/crpmlm\/#website"},"primaryImageOfPage":{"@id":"http:\/\/vamosporlaliberacion.org\/crpmlm\/bolson-amparo-solo-una-partecita-la-lucha\/#primaryimage"},"image":{"@id":"http:\/\/vamosporlaliberacion.org\/crpmlm\/bolson-amparo-solo-una-partecita-la-lucha\/#primaryimage"},"thumbnailUrl":"https:\/\/i0.wp.com\/vamosporlaliberacion.org\/crpmlm\/wp-content\/uploads\/2017\/01\/Soberan%C3%ADa-popular-marcha.jpg?fit=750%2C500&ssl=1","datePublished":"2017-01-27T14:53:07+00:00","dateModified":"2017-02-02T23:46:10+00:00","author":{"@id":""},"breadcrumb":{"@id":"http:\/\/vamosporlaliberacion.org\/crpmlm\/bolson-amparo-solo-una-partecita-la-lucha\/#breadcrumb"},"inLanguage":"es","potentialAction":[{"@type":"ReadAction","target":["http:\/\/vamosporlaliberacion.org\/crpmlm\/bolson-amparo-solo-una-partecita-la-lucha\/"]}]},{"@type":"ImageObject","inLanguage":"es","@id":"http:\/\/vamosporlaliberacion.org\/crpmlm\/bolson-amparo-solo-una-partecita-la-lucha\/#primaryimage","url":"https:\/\/i0.wp.com\/vamosporlaliberacion.org\/crpmlm\/wp-content\/uploads\/2017\/01\/Soberan%C3%ADa-popular-marcha.jpg?fit=750%2C500&ssl=1","contentUrl":"https:\/\/i0.wp.com\/vamosporlaliberacion.org\/crpmlm\/wp-content\/uploads\/2017\/01\/Soberan%C3%ADa-popular-marcha.jpg?fit=750%2C500&ssl=1","width":750,"height":500},{"@type":"BreadcrumbList","@id":"http:\/\/vamosporlaliberacion.org\/crpmlm\/bolson-amparo-solo-una-partecita-la-lucha\/#breadcrumb","itemListElement":[{"@type":"ListItem","position":1,"name":"Portada","item":"https:\/\/vamosporlaliberacion.org\/crpmlm\/"},{"@type":"ListItem","position":2,"name":"El Bols\u00f3n: \u201cEl amparo es s\u00f3lo una partecita de la lucha\u201d"}]},{"@type":"WebSite","@id":"https:\/\/vamosporlaliberacion.org\/crpmlm\/#website","url":"https:\/\/vamosporlaliberacion.org\/crpmlm\/","name":"Vamos por la Liberaci\u00f3n","description":"Prensa CR","potentialAction":[{"@type":"SearchAction","target":{"@type":"EntryPoint","urlTemplate":"https:\/\/vamosporlaliberacion.org\/crpmlm\/?s={search_term_string}"},"query-input":{"@type":"PropertyValueSpecification","valueRequired":true,"valueName":"search_term_string"}}],"inLanguage":"es"},{"@type":"Person","@id":"","url":"http:\/\/vamosporlaliberacion.org\/crpmlm\/author\/"}]}},"jetpack_featured_media_url":"https:\/\/i0.wp.com\/vamosporlaliberacion.org\/crpmlm\/wp-content\/uploads\/2017\/01\/Soberan%C3%ADa-popular-marcha.jpg?fit=750%2C500&ssl=1","jetpack_sharing_enabled":true,"_links":{"self":[{"href":"http:\/\/vamosporlaliberacion.org\/crpmlm\/wp-json\/wp\/v2\/posts\/8345","targetHints":{"allow":["GET"]}}],"collection":[{"href":"http:\/\/vamosporlaliberacion.org\/crpmlm\/wp-json\/wp\/v2\/posts"}],"about":[{"href":"http:\/\/vamosporlaliberacion.org\/crpmlm\/wp-json\/wp\/v2\/types\/post"}],"author":[{"embeddable":true,"href":"http:\/\/vamosporlaliberacion.org\/crpmlm\/wp-json\/wp\/v2\/users\/5"}],"replies":[{"embeddable":true,"href":"http:\/\/vamosporlaliberacion.org\/crpmlm\/wp-json\/wp\/v2\/comments?post=8345"}],"version-history":[{"count":0,"href":"http:\/\/vamosporlaliberacion.org\/crpmlm\/wp-json\/wp\/v2\/posts\/8345\/revisions"}],"wp:featuredmedia":[{"embeddable":true,"href":"http:\/\/vamosporlaliberacion.org\/crpmlm\/wp-json\/wp\/v2\/media\/8346"}],"wp:attachment":[{"href":"http:\/\/vamosporlaliberacion.org\/crpmlm\/wp-json\/wp\/v2\/media?parent=8345"}],"wp:term":[{"taxonomy":"category","embeddable":true,"href":"http:\/\/vamosporlaliberacion.org\/crpmlm\/wp-json\/wp\/v2\/categories?post=8345"},{"taxonomy":"post_tag","embeddable":true,"href":"http:\/\/vamosporlaliberacion.org\/crpmlm\/wp-json\/wp\/v2\/tags?post=8345"}],"curies":[{"name":"wp","href":"https:\/\/api.w.org\/{rel}","templated":true}]}}