{"id":8313,"date":"2017-01-18T00:08:46","date_gmt":"2017-01-18T03:08:46","guid":{"rendered":"http:\/\/vamosporlaliberacion.org\/crpmlm\/?p=8313"},"modified":"2017-02-03T19:28:57","modified_gmt":"2017-02-03T22:28:57","slug":"acuerdo-vaca-muerta-mas-saqueo-imperialista-precarizacion","status":"publish","type":"post","link":"http:\/\/vamosporlaliberacion.org\/crpmlm\/acuerdo-vaca-muerta-mas-saqueo-imperialista-precarizacion\/","title":{"rendered":"El acuerdo de Vaca Muerta: M\u00e1s saqueo imperialista y precarizaci\u00f3n"},"content":{"rendered":"<p>Un exultante Macri calific\u00f3 como \u201cuna revoluci\u00f3n del empleo\u201d al acuerdo alcanzado entre el Sindicato de Petroleros Privados, que conduce el jerarca-empresario Guillermo Pereyra, y los principales exponentes de los monopolios petroleros y el gobierno de Neuqu\u00e9n. Un acuerdo que otorga un salto en la penetraci\u00f3n de los monopolios y la expoliaci\u00f3n de nuestras riquezas estrat\u00e9gicas en materia energ\u00e9tica.<\/p>\n<p>Vaca Muerta es la segunda reserva m\u00e1s importante del mundo de gas no convencional y la cuarta de petr\u00f3leo no convencional. Su importancia econ\u00f3mica radica en que es la principal formaci\u00f3n geol\u00f3gica de shale (un tipo de formaci\u00f3n sedimentaria) en Argentina. El desarrollo de la producci\u00f3n de gas es a largo plazo, con ciclos de exploraci\u00f3n, delineaci\u00f3n y producci\u00f3n de a\u00f1os, y de un alto riesgo. En el caso de los desarrollos no convencionales, el ciclo de vida es de unos 35 a\u00f1os, y al menos 5 a\u00f1os de pilotos para delimitar las \u00e1reas de formaci\u00f3n. Los anuncios de las \u201cinversiones\u201d tambi\u00e9n implican adecuarlas en todo caso a esos tiempos.<\/p>\n<p>La paralizaci\u00f3n del acuerdo entreguista que hizo en su momento el kirchnerismo en Vaca Muerta tuvo el trasfondo de la crisis de sobreproducci\u00f3n de este tipo de gas y petr\u00f3leo, ya que no es el que se usa en la mayor\u00eda de los pa\u00edses industriales, agravado por la crisis econ\u00f3mica internacional. Ahora el gobierno especula con esa mejor\u00eda pero necesita dar nuevas garant\u00edas entreguistas.<\/p>\n<p>El abanico de monopolios que se ofrecen aparte de YPF para extraer gas son en principio la Total, Pan American Energy, Chevr\u00f3n, Shell y Dow; tambi\u00e9n est\u00e1 interesadas la rusa Gazpron y la china Cnocc que controla el 50% de Bridas. Se hablan de planes de inversi\u00f3n que, combinados, superan los 10.000 millones de d\u00f3lares por a\u00f1o, a excepci\u00f3n del primer a\u00f1o que ser\u00e1n 5.000 millones de d\u00f3lares.<\/p>\n<p>A cambio de estos anuncios, el Estado nacional extender\u00e1 el \u201cPlan Gas\u201d (creado a principios del 2013, que triplica el precio del gas en boca de pozo para la nueva oferta adicional del hidrocarburo) hasta 2020, brindando garant\u00edas al sector sobre el precio del gas en boca de pozo. La provincia de Neuqu\u00e9n, por su parte, garantizar\u00e1 la estabilidad tributaria y se compromete a no aumentar los impuestos y a mejorar la infraestructura vial en la regi\u00f3n. Todo a \u201cpedir de boca\u201d de las petroleras.<\/p>\n<h2>\u201cRevoluci\u00f3n\u2026\u201d de precarizaci\u00f3n<\/h2>\n<p>El gobierno nacional presentar\u00e1 a los sindicatos y empresarios petroleros una adenda (notas agregadas) preliminar a los Convenios Colectivos de Trabajo (CCT) que introducir\u00e1 un nuevo marco regulatorio para la extracci\u00f3n de hidrocarburos en los yacimientos que abarcan a todos los trabajadores y personal jer\u00e1rquico que desarrolla tareas en yacimientos no convencionales de las provincias de R\u00edo Negro, Neuqu\u00e9n y La Pampa.<\/p>\n<p>El acuerdo ser\u00e1 por 48 meses y est\u00e1 destinado a lograr la rentabilidad de los proyectos no convencionales de hidrocarburos, que se espera tengan un costo de extracci\u00f3n inferior a los US$ 35 por barril en los pr\u00f3ximos a\u00f1os.<\/p>\n<p>El gobierno, los monopolios y el sindicato ven\u00edan trabajando durante el a\u00f1o pasado y aprovecharon este \u201cnuevo anuncio\u201d sobre el yacimiento de Vaca Muerta para avanzar en la modificaci\u00f3n de los convenios colectivos. Y nada mejor para una plataforma flexibilizadora de lanzamiento que un acuerdo con un viejo traidor del movimiento obrero como Guillermo Pereyra de Petroleros Privados, qui\u00e9n accedi\u00f3 al acuerdo afirmando que \u201cel tema principal no es el costo laboral, sino el costo de log\u00edstica para que las empresas petroleras inviertan en los yacimientos\u201d. O sea, accede a la flexibilizaci\u00f3n y modificar el CCT ni si quiera por el argumento de \u201clos costos laborales\u201d.<\/p>\n<p>Y para graficar la mayor super-explotaci\u00f3n de 12 horas de trabajo diario sostuvo \u201chay actividades en las que hay que hacer modificaciones, sin resignar los salarios de los trabajadores\u201d. Y se sincer\u00f3: \u201cpara que los dirigentes busquemos la forma para que haya m\u00e1s trabajo, hay que buscar las condiciones para que ello ocurra\u201d. Miente, ya que acord\u00f3 mantener los salarios con mayores horas trabajadas y sin coberturas que antes pagaban las empresas como las \u201choras taxis\u201d o las \u201choras de descanso\u201d.<\/p>\n<p>Este traidor fue justificando cada una de las conquistas que se perder\u00e1n: como<br \/>\nlas \u201choras taxis\u201d, ya que con el nuevo CCT el tiempo de traslado de los trabajadores al lugar de trabajo no ser\u00e1 m\u00e1s remunerado.<\/p>\n<p>Respecto a la contrataci\u00f3n, el acuerdo prever\u00e1 contratos de trabajo a plazos determinados con posibilidad de suspensi\u00f3n o cancelaci\u00f3n en caso que el proyecto lo demande, situaci\u00f3n ante la cual los trabajadores s\u00f3lo podr\u00e1n reclamar sus respectivas indemnizaciones legales.<\/p>\n<p>Se \u201cblanquer\u00e1\u201d y regular\u00e1 la \u201cmultifuncionalidad\u201d en las operaciones en equipos de torre y en las actividades de operaci\u00f3n y mantenimiento, que podr\u00e1 ser exigida por los empleadores para maximizar el rendimiento del proyecto, sin necesidad de modificar la categor\u00eda del personal del equipo.<\/p>\n<p>Mayor flexibilidad horaria para disponer de los empleados; se podr\u00e1n implementar rotaciones de los trabajadores por distintos puestos; se reducir\u00e1 la cantidad de trabajadores en los equipos de perforaci\u00f3n; se implementar\u00e1 el turno nocturno.\u00a0Tambi\u00e9n para los equipos de torre y operaciones especiales, se establecer\u00e1 dotaciones m\u00e1ximas y la carga horaria de cada turno, seg\u00fan la tarea a realizar.<\/p>\n<p>Las operaciones tendr\u00e1n un diagrama de trabajo de dos d\u00edas de actividad por uno de descanso, que no ser\u00e1 remunerado. Las empresas s\u00f3lo pagar\u00e1n las horas trabajadas.<\/p>\n<p>Para el personal que trabaje en equipos de dotaci\u00f3n ininterrumpida, el acuerdo establecer\u00e1 jornadas de 8 horas durante seis d\u00edas corridos de trabajo, con un descanso de 48 horas (no pagas).<\/p>\n<h2>La CGT dividida y la lucha por abajo<\/h2>\n<p>Estos acuerdos pusieron presi\u00f3n en sectores de la CGT, donde avanzan las divisiones ya que unos acusan a otros de tener voluntad de acuerdo en extender esta \u201crevoluci\u00f3n en el trabajado\u201d a otras ramas y sindicatos. Sin ir m\u00e1s lejos, el propio Macri busca ahora un acuerdo con un sector de navegantes mar\u00edtimos; y hay otros como rurales que est\u00e1n en tratativas para avanzar en la \u201cadecuaci\u00f3n\u201d de los convenios.<\/p>\n<p>La realidad dice que estos avances de este gobierno en materia laboral son pura y exclusivamente por la tregua que se le garantiza, ya que es un gobierno d\u00e9bil que tiene intereses opuestos con el movimiento obrero pero sabe usar a su favor el desprestigio de los jerarcas sindicales y el tiempo que se le da en cuanto al desprestigio del peronismo y su divisi\u00f3n.<\/p>\n<p>Pero el camino es el del paro y movilizaci\u00f3n que ha demostrado eficaz para hacer retroceder al gobierno, como la Marcha Federal, la demostraci\u00f3n de fuerzas obreras que se mostr\u00f3 el 1\u00b0 de mayo del 2016, la lucha de los trabajadores y trabajadoras en el Ministerio de Ciencia y T\u00e9cnica que obtuvieron un triunfo, en el Ministerio de Educaci\u00f3n con un triunfo parcial, la movilizaci\u00f3n popular que detuvo el mega-emprendimiento tur\u00edstico con entrega de tierras y lagos de Lewis en El Bols\u00f3n, la de los Mapuches que resisten con su vida los desalojos de sus tierras enfrentando la represi\u00f3n de Das Neves-Macri, la de los trabajadores del Ingenio \u201cLa Esperanza\u201d con paros y corte de rutas por la liquidaci\u00f3n de los sueldos de diciembre, el medio aguinaldo y el \u201cpremio zafra\u201d y rodeando la lucha de los gr\u00e1ficos de AGR-Clar\u00edn contra el cierre y la fuente de trabajo, porque si ganan dan un gran estimulo al movimiento obrero contra el ajuste e impondr\u00e1 una agenda de paro nacional a la CGT y las CTA\u2019s para echar por tierra la idea de \u201cimparable\u201d que quiere instalar el gobierno y los medios a su servicio.<\/p>\n<!-- AddThis Advanced Settings generic via filter on the_content --><!-- AddThis Share Buttons generic via filter on the_content -->","protected":false},"excerpt":{"rendered":"<p>Un exultante Macri calific\u00f3 como \u201cuna revoluci\u00f3n del empleo\u201d al acuerdo alcanzado entre el Sindicato de Petroleros Privados, que conduce el jerarca-empresario Guillermo Pereyra, y los principales exponentes de los monopolios petroleros y el gobierno de Neuqu\u00e9n. Un acuerdo que otorga un salto en la penetraci\u00f3n de los monopolios y la expoliaci\u00f3n de nuestras riquezas [&hellip;]<!-- AddThis Advanced Settings generic via filter on get_the_excerpt --><!-- AddThis Share Buttons generic via filter on get_the_excerpt --><\/p>\n","protected":false},"author":5,"featured_media":8315,"comment_status":"open","ping_status":"open","sticky":false,"template":"","format":"standard","meta":{"_jetpack_memberships_contains_paid_content":false,"footnotes":""},"categories":[1699],"tags":[521,319,827,905],"class_list":{"0":"post-8313","1":"post","2":"type-post","3":"status-publish","4":"format-standard","5":"has-post-thumbnail","7":"category-noticias","8":"tag-destacado-1","9":"tag-neuquen","10":"tag-vaca-muerta","11":"tag-vxl-90"},"yoast_head":"<!-- This site is optimized with the Yoast SEO plugin v27.4 - https:\/\/yoast.com\/product\/yoast-seo-wordpress\/ -->\n<title>El acuerdo de Vaca Muerta: M\u00e1s saqueo imperialista y precarizaci\u00f3n - Vamos por la Liberaci\u00f3n<\/title>\n<meta name=\"robots\" content=\"index, follow, max-snippet:-1, max-image-preview:large, max-video-preview:-1\" \/>\n<link rel=\"canonical\" href=\"http:\/\/vamosporlaliberacion.org\/crpmlm\/acuerdo-vaca-muerta-mas-saqueo-imperialista-precarizacion\/\" \/>\n<meta name=\"twitter:label1\" content=\"Escrito por\" \/>\n\t<meta name=\"twitter:data1\" content=\"\" \/>\n\t<meta name=\"twitter:label2\" content=\"Tiempo de lectura\" \/>\n\t<meta name=\"twitter:data2\" content=\"7 minutos\" \/>\n<script type=\"application\/ld+json\" class=\"yoast-schema-graph\">{\"@context\":\"https:\\\/\\\/schema.org\",\"@graph\":[{\"@type\":\"Article\",\"@id\":\"http:\\\/\\\/vamosporlaliberacion.org\\\/crpmlm\\\/acuerdo-vaca-muerta-mas-saqueo-imperialista-precarizacion\\\/#article\",\"isPartOf\":{\"@id\":\"http:\\\/\\\/vamosporlaliberacion.org\\\/crpmlm\\\/acuerdo-vaca-muerta-mas-saqueo-imperialista-precarizacion\\\/\"},\"author\":{\"name\":\"\",\"@id\":\"\"},\"headline\":\"El acuerdo de Vaca Muerta: M\u00e1s saqueo imperialista y precarizaci\u00f3n\",\"datePublished\":\"2017-01-18T03:08:46+00:00\",\"dateModified\":\"2017-02-03T22:28:57+00:00\",\"mainEntityOfPage\":{\"@id\":\"http:\\\/\\\/vamosporlaliberacion.org\\\/crpmlm\\\/acuerdo-vaca-muerta-mas-saqueo-imperialista-precarizacion\\\/\"},\"wordCount\":1347,\"commentCount\":0,\"image\":{\"@id\":\"http:\\\/\\\/vamosporlaliberacion.org\\\/crpmlm\\\/acuerdo-vaca-muerta-mas-saqueo-imperialista-precarizacion\\\/#primaryimage\"},\"thumbnailUrl\":\"https:\\\/\\\/i0.wp.com\\\/vamosporlaliberacion.org\\\/crpmlm\\\/wp-content\\\/uploads\\\/2017\\\/01\\\/HkB2_dGLx_930x525.jpg?fit=930%2C525&ssl=1\",\"keywords\":[\"destacado 1\",\"Neuqu\u00e9n\",\"Vaca Muerta\",\"vxl 90\"],\"articleSection\":[\"Noticias\"],\"inLanguage\":\"es\",\"potentialAction\":[{\"@type\":\"CommentAction\",\"name\":\"Comment\",\"target\":[\"http:\\\/\\\/vamosporlaliberacion.org\\\/crpmlm\\\/acuerdo-vaca-muerta-mas-saqueo-imperialista-precarizacion\\\/#respond\"]}]},{\"@type\":\"WebPage\",\"@id\":\"http:\\\/\\\/vamosporlaliberacion.org\\\/crpmlm\\\/acuerdo-vaca-muerta-mas-saqueo-imperialista-precarizacion\\\/\",\"url\":\"http:\\\/\\\/vamosporlaliberacion.org\\\/crpmlm\\\/acuerdo-vaca-muerta-mas-saqueo-imperialista-precarizacion\\\/\",\"name\":\"El acuerdo de Vaca Muerta: M\u00e1s saqueo imperialista y precarizaci\u00f3n - Vamos por la Liberaci\u00f3n\",\"isPartOf\":{\"@id\":\"https:\\\/\\\/vamosporlaliberacion.org\\\/crpmlm\\\/#website\"},\"primaryImageOfPage\":{\"@id\":\"http:\\\/\\\/vamosporlaliberacion.org\\\/crpmlm\\\/acuerdo-vaca-muerta-mas-saqueo-imperialista-precarizacion\\\/#primaryimage\"},\"image\":{\"@id\":\"http:\\\/\\\/vamosporlaliberacion.org\\\/crpmlm\\\/acuerdo-vaca-muerta-mas-saqueo-imperialista-precarizacion\\\/#primaryimage\"},\"thumbnailUrl\":\"https:\\\/\\\/i0.wp.com\\\/vamosporlaliberacion.org\\\/crpmlm\\\/wp-content\\\/uploads\\\/2017\\\/01\\\/HkB2_dGLx_930x525.jpg?fit=930%2C525&ssl=1\",\"datePublished\":\"2017-01-18T03:08:46+00:00\",\"dateModified\":\"2017-02-03T22:28:57+00:00\",\"author\":{\"@id\":\"\"},\"breadcrumb\":{\"@id\":\"http:\\\/\\\/vamosporlaliberacion.org\\\/crpmlm\\\/acuerdo-vaca-muerta-mas-saqueo-imperialista-precarizacion\\\/#breadcrumb\"},\"inLanguage\":\"es\",\"potentialAction\":[{\"@type\":\"ReadAction\",\"target\":[\"http:\\\/\\\/vamosporlaliberacion.org\\\/crpmlm\\\/acuerdo-vaca-muerta-mas-saqueo-imperialista-precarizacion\\\/\"]}]},{\"@type\":\"ImageObject\",\"inLanguage\":\"es\",\"@id\":\"http:\\\/\\\/vamosporlaliberacion.org\\\/crpmlm\\\/acuerdo-vaca-muerta-mas-saqueo-imperialista-precarizacion\\\/#primaryimage\",\"url\":\"https:\\\/\\\/i0.wp.com\\\/vamosporlaliberacion.org\\\/crpmlm\\\/wp-content\\\/uploads\\\/2017\\\/01\\\/HkB2_dGLx_930x525.jpg?fit=930%2C525&ssl=1\",\"contentUrl\":\"https:\\\/\\\/i0.wp.com\\\/vamosporlaliberacion.org\\\/crpmlm\\\/wp-content\\\/uploads\\\/2017\\\/01\\\/HkB2_dGLx_930x525.jpg?fit=930%2C525&ssl=1\",\"width\":930,\"height\":525,\"caption\":\"El gobernador de Neuqu\u00e9n, Omar Guti\u00e9rrez, el presidente Macri, Guillermo Pereyra, y el ministro de Energ\u00eda, Juan Jos\u00e9 Aranguren.\"},{\"@type\":\"BreadcrumbList\",\"@id\":\"http:\\\/\\\/vamosporlaliberacion.org\\\/crpmlm\\\/acuerdo-vaca-muerta-mas-saqueo-imperialista-precarizacion\\\/#breadcrumb\",\"itemListElement\":[{\"@type\":\"ListItem\",\"position\":1,\"name\":\"Portada\",\"item\":\"https:\\\/\\\/vamosporlaliberacion.org\\\/crpmlm\\\/\"},{\"@type\":\"ListItem\",\"position\":2,\"name\":\"El acuerdo de Vaca Muerta: M\u00e1s saqueo imperialista y precarizaci\u00f3n\"}]},{\"@type\":\"WebSite\",\"@id\":\"https:\\\/\\\/vamosporlaliberacion.org\\\/crpmlm\\\/#website\",\"url\":\"https:\\\/\\\/vamosporlaliberacion.org\\\/crpmlm\\\/\",\"name\":\"Vamos por la Liberaci\u00f3n\",\"description\":\"Prensa CR\",\"potentialAction\":[{\"@type\":\"SearchAction\",\"target\":{\"@type\":\"EntryPoint\",\"urlTemplate\":\"https:\\\/\\\/vamosporlaliberacion.org\\\/crpmlm\\\/?s={search_term_string}\"},\"query-input\":{\"@type\":\"PropertyValueSpecification\",\"valueRequired\":true,\"valueName\":\"search_term_string\"}}],\"inLanguage\":\"es\"},{\"@type\":\"Person\",\"@id\":\"\",\"url\":\"http:\\\/\\\/vamosporlaliberacion.org\\\/crpmlm\\\/author\\\/\"}]}<\/script>\n<!-- \/ Yoast SEO plugin. -->","yoast_head_json":{"title":"El acuerdo de Vaca Muerta: M\u00e1s saqueo imperialista y precarizaci\u00f3n - Vamos por la Liberaci\u00f3n","robots":{"index":"index","follow":"follow","max-snippet":"max-snippet:-1","max-image-preview":"max-image-preview:large","max-video-preview":"max-video-preview:-1"},"canonical":"http:\/\/vamosporlaliberacion.org\/crpmlm\/acuerdo-vaca-muerta-mas-saqueo-imperialista-precarizacion\/","twitter_misc":{"Escrito por":"","Tiempo de lectura":"7 minutos"},"schema":{"@context":"https:\/\/schema.org","@graph":[{"@type":"Article","@id":"http:\/\/vamosporlaliberacion.org\/crpmlm\/acuerdo-vaca-muerta-mas-saqueo-imperialista-precarizacion\/#article","isPartOf":{"@id":"http:\/\/vamosporlaliberacion.org\/crpmlm\/acuerdo-vaca-muerta-mas-saqueo-imperialista-precarizacion\/"},"author":{"name":"","@id":""},"headline":"El acuerdo de Vaca Muerta: M\u00e1s saqueo imperialista y precarizaci\u00f3n","datePublished":"2017-01-18T03:08:46+00:00","dateModified":"2017-02-03T22:28:57+00:00","mainEntityOfPage":{"@id":"http:\/\/vamosporlaliberacion.org\/crpmlm\/acuerdo-vaca-muerta-mas-saqueo-imperialista-precarizacion\/"},"wordCount":1347,"commentCount":0,"image":{"@id":"http:\/\/vamosporlaliberacion.org\/crpmlm\/acuerdo-vaca-muerta-mas-saqueo-imperialista-precarizacion\/#primaryimage"},"thumbnailUrl":"https:\/\/i0.wp.com\/vamosporlaliberacion.org\/crpmlm\/wp-content\/uploads\/2017\/01\/HkB2_dGLx_930x525.jpg?fit=930%2C525&ssl=1","keywords":["destacado 1","Neuqu\u00e9n","Vaca Muerta","vxl 90"],"articleSection":["Noticias"],"inLanguage":"es","potentialAction":[{"@type":"CommentAction","name":"Comment","target":["http:\/\/vamosporlaliberacion.org\/crpmlm\/acuerdo-vaca-muerta-mas-saqueo-imperialista-precarizacion\/#respond"]}]},{"@type":"WebPage","@id":"http:\/\/vamosporlaliberacion.org\/crpmlm\/acuerdo-vaca-muerta-mas-saqueo-imperialista-precarizacion\/","url":"http:\/\/vamosporlaliberacion.org\/crpmlm\/acuerdo-vaca-muerta-mas-saqueo-imperialista-precarizacion\/","name":"El acuerdo de Vaca Muerta: M\u00e1s saqueo imperialista y precarizaci\u00f3n - Vamos por la Liberaci\u00f3n","isPartOf":{"@id":"https:\/\/vamosporlaliberacion.org\/crpmlm\/#website"},"primaryImageOfPage":{"@id":"http:\/\/vamosporlaliberacion.org\/crpmlm\/acuerdo-vaca-muerta-mas-saqueo-imperialista-precarizacion\/#primaryimage"},"image":{"@id":"http:\/\/vamosporlaliberacion.org\/crpmlm\/acuerdo-vaca-muerta-mas-saqueo-imperialista-precarizacion\/#primaryimage"},"thumbnailUrl":"https:\/\/i0.wp.com\/vamosporlaliberacion.org\/crpmlm\/wp-content\/uploads\/2017\/01\/HkB2_dGLx_930x525.jpg?fit=930%2C525&ssl=1","datePublished":"2017-01-18T03:08:46+00:00","dateModified":"2017-02-03T22:28:57+00:00","author":{"@id":""},"breadcrumb":{"@id":"http:\/\/vamosporlaliberacion.org\/crpmlm\/acuerdo-vaca-muerta-mas-saqueo-imperialista-precarizacion\/#breadcrumb"},"inLanguage":"es","potentialAction":[{"@type":"ReadAction","target":["http:\/\/vamosporlaliberacion.org\/crpmlm\/acuerdo-vaca-muerta-mas-saqueo-imperialista-precarizacion\/"]}]},{"@type":"ImageObject","inLanguage":"es","@id":"http:\/\/vamosporlaliberacion.org\/crpmlm\/acuerdo-vaca-muerta-mas-saqueo-imperialista-precarizacion\/#primaryimage","url":"https:\/\/i0.wp.com\/vamosporlaliberacion.org\/crpmlm\/wp-content\/uploads\/2017\/01\/HkB2_dGLx_930x525.jpg?fit=930%2C525&ssl=1","contentUrl":"https:\/\/i0.wp.com\/vamosporlaliberacion.org\/crpmlm\/wp-content\/uploads\/2017\/01\/HkB2_dGLx_930x525.jpg?fit=930%2C525&ssl=1","width":930,"height":525,"caption":"El gobernador de Neuqu\u00e9n, Omar Guti\u00e9rrez, el presidente Macri, Guillermo Pereyra, y el ministro de Energ\u00eda, Juan Jos\u00e9 Aranguren."},{"@type":"BreadcrumbList","@id":"http:\/\/vamosporlaliberacion.org\/crpmlm\/acuerdo-vaca-muerta-mas-saqueo-imperialista-precarizacion\/#breadcrumb","itemListElement":[{"@type":"ListItem","position":1,"name":"Portada","item":"https:\/\/vamosporlaliberacion.org\/crpmlm\/"},{"@type":"ListItem","position":2,"name":"El acuerdo de Vaca Muerta: M\u00e1s saqueo imperialista y precarizaci\u00f3n"}]},{"@type":"WebSite","@id":"https:\/\/vamosporlaliberacion.org\/crpmlm\/#website","url":"https:\/\/vamosporlaliberacion.org\/crpmlm\/","name":"Vamos por la Liberaci\u00f3n","description":"Prensa CR","potentialAction":[{"@type":"SearchAction","target":{"@type":"EntryPoint","urlTemplate":"https:\/\/vamosporlaliberacion.org\/crpmlm\/?s={search_term_string}"},"query-input":{"@type":"PropertyValueSpecification","valueRequired":true,"valueName":"search_term_string"}}],"inLanguage":"es"},{"@type":"Person","@id":"","url":"http:\/\/vamosporlaliberacion.org\/crpmlm\/author\/"}]}},"jetpack_featured_media_url":"https:\/\/i0.wp.com\/vamosporlaliberacion.org\/crpmlm\/wp-content\/uploads\/2017\/01\/HkB2_dGLx_930x525.jpg?fit=930%2C525&ssl=1","jetpack_sharing_enabled":true,"_links":{"self":[{"href":"http:\/\/vamosporlaliberacion.org\/crpmlm\/wp-json\/wp\/v2\/posts\/8313","targetHints":{"allow":["GET"]}}],"collection":[{"href":"http:\/\/vamosporlaliberacion.org\/crpmlm\/wp-json\/wp\/v2\/posts"}],"about":[{"href":"http:\/\/vamosporlaliberacion.org\/crpmlm\/wp-json\/wp\/v2\/types\/post"}],"author":[{"embeddable":true,"href":"http:\/\/vamosporlaliberacion.org\/crpmlm\/wp-json\/wp\/v2\/users\/5"}],"replies":[{"embeddable":true,"href":"http:\/\/vamosporlaliberacion.org\/crpmlm\/wp-json\/wp\/v2\/comments?post=8313"}],"version-history":[{"count":0,"href":"http:\/\/vamosporlaliberacion.org\/crpmlm\/wp-json\/wp\/v2\/posts\/8313\/revisions"}],"wp:featuredmedia":[{"embeddable":true,"href":"http:\/\/vamosporlaliberacion.org\/crpmlm\/wp-json\/wp\/v2\/media\/8315"}],"wp:attachment":[{"href":"http:\/\/vamosporlaliberacion.org\/crpmlm\/wp-json\/wp\/v2\/media?parent=8313"}],"wp:term":[{"taxonomy":"category","embeddable":true,"href":"http:\/\/vamosporlaliberacion.org\/crpmlm\/wp-json\/wp\/v2\/categories?post=8313"},{"taxonomy":"post_tag","embeddable":true,"href":"http:\/\/vamosporlaliberacion.org\/crpmlm\/wp-json\/wp\/v2\/tags?post=8313"}],"curies":[{"name":"wp","href":"https:\/\/api.w.org\/{rel}","templated":true}]}}