{"id":8192,"date":"2016-12-15T22:11:14","date_gmt":"2016-12-16T01:11:14","guid":{"rendered":"http:\/\/vamosporlaliberacion.org\/crpmlm\/?p=8192"},"modified":"2016-12-16T11:15:35","modified_gmt":"2016-12-16T14:15:35","slug":"tierra-del-fuego-la-union-gremios-jubilados-gano-las-elecciones-del-ipauss","status":"publish","type":"post","link":"http:\/\/vamosporlaliberacion.org\/crpmlm\/tierra-del-fuego-la-union-gremios-jubilados-gano-las-elecciones-del-ipauss\/","title":{"rendered":"Tierra del Fuego: La Uni\u00f3n de Gremios y Jubilados gan\u00f3 las elecciones del IPAUSS"},"content":{"rendered":"<p><span class=\"char-style-override-4\">P<\/span>or los trabajadores activos para la Obra Social la Lista 89 Multicolor obtuvo m\u00e1s de 3200 votos contra menos de 1400 votos de la Lista Naranja. De esta forma el trabajador municipal de Ushuaia Anibal Torres del SOEM ser\u00e1 el Director para la Obra Social por los activos, mientras que por los jubilados Gustavo Caicheo, jubilado municipal de R\u00edo Grande ser\u00e1 el Director de la Obra social por los pasivos. En jubilados la Lista Multicolor obtuvo m\u00e1s de 600 votos contra 430 votos de la Lista Violeta formada por los Centro de Jubilados de Akainik y 244.<\/p>\n<div class=\"Marco-de-texto-b-sico\">\n<p class=\"Texto-base\">Para la Caja Previsional el Director por los trabajadores activos ser\u00e1 el docente de R\u00edo Grande, H\u00e9ctor L\u00f3pez Auil del SUTEF, en este estamento la Lista 89 Multicolor se impuso con m\u00e1s de 3200 votos contra menos de 1200 de la Lista Naranja. En tanto en jubilados, la Lista 89 Multicolor obtuvo cerca de 700 votos contra 487 de la Lista Violeta por lo cual la Directora para la Caja Previsional por los pasivos ser\u00e1 Elisa Dietrich, Jubilada del Tribunal de Cuentas de Ushuaia, Secretaria General de APOC y vocera de la Uni\u00f3n.<\/p>\n<p class=\"Texto-base\">En los festejos, los dirigentes destacaron \u201cel rechazo al paquete de leyes\u201d por parte de los estatales y el esfuerzo de los compa\u00f1eros que fueron a votar, el hecho de no bajar los brazos y poder, en unidad, \u201chaberle ganado al aparato estatal y a los obsecuentes\u201d.<\/p>\n<p class=\"Texto-base\">El Secretario General de la CTA Aut\u00f3noma de Tierra del Fuego, Horacio Catena afirm\u00f3 \u201cno solo que no nos han podido sacar de la calle, no solo que no van poder borrar como los marcamos a fuego por ajustadores, por represores, por lacayos del Poder Ejecutivo Nacional; sino que se demostr\u00f3 contundentemente el triunfo de la Multicolor en los 4 estamentos en las elecciones de estos d\u00edas\u201d<\/p>\n<p class=\"Texto-base\">\u201cEs un d\u00eda muy especial porque hace un a\u00f1o atr\u00e1s, junto con otros trabajadores, \u00e9ramos condenados por esta Justicia que todav\u00eda no ha resuelto la inconstitucionalidad de las leyes, no ha resuelto los planteos que se han hecho con respecto a las personas con discapacidad, no han resuelto los reclamo por el 82% m\u00f3vil, no han resuelto el reclamo por paritarias del gremio al que me toca representar, pero s\u00ed resolvieron adelantado m\u00e1s 6 meses el juicio, violando todo tipo de garant\u00edas constitucionales\u201d, se\u00f1al\u00f3 Horacio Catena tras finalizar la marcha de la Uni\u00f3n de Gremios del viernes a la noche en Ushuaia y a\u00f1adi\u00f3, \u201cy esto est\u00e1 \u00edntimamente ligado a lo que pas\u00f3 el 8 y 9 de enero, porque con muchos compa\u00f1eros hab\u00edamos parado en agosto del a\u00f1o pasado el paquete de leyes de Myriam Mart\u00ednez en la transici\u00f3n y eso no lo perdonaron nunca, y pensaron que conden\u00e1ndonos, no solo que iba a surgir efecto en las filas del sector docente quebrando a la conducci\u00f3n, sac\u00e1ndonos de la calle, evitando que reclamemos, y que iba a ser algo ejemplificador para el conjunto de los trabajadores estatales de Tierra del Fuego\u201d.<\/p>\n<p class=\"Texto-base\">Catena remarc\u00f3, \u201clejos de eso, tuvieron despu\u00e9s del 8 y 9 la rebeli\u00f3n estatal m\u00e1s importante de Tierra del Fuego y de la Argentina, pero que todav\u00eda no ha terminado, y no ha terminado porque no hemos recuperado lo que nos sacaron, y porque ellos vienen por m\u00e1s ajuste, como lo demostraron el otro d\u00eda mientras nosotros defend\u00edamos nuestras posiciones en las urnas, ellos mandaban los proyectos de ley de creaci\u00f3n de la empresa provincial de aguas, tambi\u00e9n la creaci\u00f3n, con la complicidad de un sindicato entreguista como el SATSAID, la empresa estatal de comunicaci\u00f3n; y vienen por m\u00e1s, porque el pasqu\u00edn de este Gobierno y de todos los Gobiernos, que el due\u00f1o es quien era Jefe de Gobierno del Gobierno de Estabillo cuando se orden\u00f3 la represi\u00f3n de Continental, estoy hablando del Diario del Fin del Mundo, dec\u00eda que es dudoso que lleguen los fondos prometidos desde el ANSES porque piden m\u00e1s ajustes, porque piden elevar a\u00fan m\u00e1s la edad jubilatoria, en un nuevo intento de provocaci\u00f3n\u201d.<\/p>\n<p class=\"Texto-base\">\u201cEstamos orgullosos de haber constituido esta Uni\u00f3n de Gremios, ahora tenemos entre todos el gran desaf\u00edo de conservar y de engrandecer\u201d, sostuvo finalmente Horacio Catena.<\/p>\n<\/div>\n<!-- AddThis Advanced Settings generic via filter on the_content --><!-- AddThis Share Buttons generic via filter on the_content -->","protected":false},"excerpt":{"rendered":"<p>Por los trabajadores activos para la Obra Social la Lista 89 Multicolor obtuvo m\u00e1s de 3200 votos contra menos de 1400 votos de la Lista Naranja. De esta forma el trabajador municipal de Ushuaia Anibal Torres del SOEM ser\u00e1 el Director para la Obra Social por los activos, mientras que por los jubilados Gustavo Caicheo, [&hellip;]<!-- AddThis Advanced Settings generic via filter on get_the_excerpt --><!-- AddThis Share Buttons generic via filter on get_the_excerpt --><\/p>\n","protected":false},"author":5,"featured_media":8236,"comment_status":"open","ping_status":"open","sticky":false,"template":"","format":"standard","meta":{"_jetpack_memberships_contains_paid_content":false,"footnotes":""},"categories":[1699],"tags":[251,894,890],"class_list":{"0":"post-8192","1":"post","2":"type-post","3":"status-publish","4":"format-standard","5":"has-post-thumbnail","7":"category-noticias","8":"tag-tierra-del-fuego","9":"tag-unio-de-gremios-y-jubilados","10":"tag-vxl-89"},"yoast_head":"<!-- This site is optimized with the Yoast SEO plugin v27.4 - https:\/\/yoast.com\/product\/yoast-seo-wordpress\/ -->\n<title>Tierra del Fuego: La Uni\u00f3n de Gremios y Jubilados gan\u00f3 las elecciones del IPAUSS - Vamos por la Liberaci\u00f3n<\/title>\n<meta name=\"robots\" content=\"index, follow, max-snippet:-1, max-image-preview:large, max-video-preview:-1\" \/>\n<link rel=\"canonical\" href=\"http:\/\/vamosporlaliberacion.org\/crpmlm\/tierra-del-fuego-la-union-gremios-jubilados-gano-las-elecciones-del-ipauss\/\" \/>\n<meta name=\"twitter:label1\" content=\"Escrito por\" \/>\n\t<meta name=\"twitter:data1\" content=\"\" \/>\n\t<meta name=\"twitter:label2\" content=\"Tiempo de lectura\" \/>\n\t<meta name=\"twitter:data2\" content=\"4 minutos\" \/>\n<script type=\"application\/ld+json\" class=\"yoast-schema-graph\">{\"@context\":\"https:\\\/\\\/schema.org\",\"@graph\":[{\"@type\":\"Article\",\"@id\":\"http:\\\/\\\/vamosporlaliberacion.org\\\/crpmlm\\\/tierra-del-fuego-la-union-gremios-jubilados-gano-las-elecciones-del-ipauss\\\/#article\",\"isPartOf\":{\"@id\":\"http:\\\/\\\/vamosporlaliberacion.org\\\/crpmlm\\\/tierra-del-fuego-la-union-gremios-jubilados-gano-las-elecciones-del-ipauss\\\/\"},\"author\":{\"name\":\"\",\"@id\":\"\"},\"headline\":\"Tierra del Fuego: La Uni\u00f3n de Gremios y Jubilados gan\u00f3 las elecciones del IPAUSS\",\"datePublished\":\"2016-12-16T01:11:14+00:00\",\"dateModified\":\"2016-12-16T14:15:35+00:00\",\"mainEntityOfPage\":{\"@id\":\"http:\\\/\\\/vamosporlaliberacion.org\\\/crpmlm\\\/tierra-del-fuego-la-union-gremios-jubilados-gano-las-elecciones-del-ipauss\\\/\"},\"wordCount\":736,\"commentCount\":0,\"image\":{\"@id\":\"http:\\\/\\\/vamosporlaliberacion.org\\\/crpmlm\\\/tierra-del-fuego-la-union-gremios-jubilados-gano-las-elecciones-del-ipauss\\\/#primaryimage\"},\"thumbnailUrl\":\"https:\\\/\\\/i0.wp.com\\\/vamosporlaliberacion.org\\\/crpmlm\\\/wp-content\\\/uploads\\\/2016\\\/12\\\/ipauss.jpg?fit=696%2C392&ssl=1\",\"keywords\":[\"Tierra del Fuego\",\"Uni\u00f3 de Gremios y Jubilados\",\"vxl 89\"],\"articleSection\":[\"Noticias\"],\"inLanguage\":\"es\",\"potentialAction\":[{\"@type\":\"CommentAction\",\"name\":\"Comment\",\"target\":[\"http:\\\/\\\/vamosporlaliberacion.org\\\/crpmlm\\\/tierra-del-fuego-la-union-gremios-jubilados-gano-las-elecciones-del-ipauss\\\/#respond\"]}]},{\"@type\":\"WebPage\",\"@id\":\"http:\\\/\\\/vamosporlaliberacion.org\\\/crpmlm\\\/tierra-del-fuego-la-union-gremios-jubilados-gano-las-elecciones-del-ipauss\\\/\",\"url\":\"http:\\\/\\\/vamosporlaliberacion.org\\\/crpmlm\\\/tierra-del-fuego-la-union-gremios-jubilados-gano-las-elecciones-del-ipauss\\\/\",\"name\":\"Tierra del Fuego: La Uni\u00f3n de Gremios y Jubilados gan\u00f3 las elecciones del IPAUSS - Vamos por la Liberaci\u00f3n\",\"isPartOf\":{\"@id\":\"https:\\\/\\\/vamosporlaliberacion.org\\\/crpmlm\\\/#website\"},\"primaryImageOfPage\":{\"@id\":\"http:\\\/\\\/vamosporlaliberacion.org\\\/crpmlm\\\/tierra-del-fuego-la-union-gremios-jubilados-gano-las-elecciones-del-ipauss\\\/#primaryimage\"},\"image\":{\"@id\":\"http:\\\/\\\/vamosporlaliberacion.org\\\/crpmlm\\\/tierra-del-fuego-la-union-gremios-jubilados-gano-las-elecciones-del-ipauss\\\/#primaryimage\"},\"thumbnailUrl\":\"https:\\\/\\\/i0.wp.com\\\/vamosporlaliberacion.org\\\/crpmlm\\\/wp-content\\\/uploads\\\/2016\\\/12\\\/ipauss.jpg?fit=696%2C392&ssl=1\",\"datePublished\":\"2016-12-16T01:11:14+00:00\",\"dateModified\":\"2016-12-16T14:15:35+00:00\",\"author\":{\"@id\":\"\"},\"breadcrumb\":{\"@id\":\"http:\\\/\\\/vamosporlaliberacion.org\\\/crpmlm\\\/tierra-del-fuego-la-union-gremios-jubilados-gano-las-elecciones-del-ipauss\\\/#breadcrumb\"},\"inLanguage\":\"es\",\"potentialAction\":[{\"@type\":\"ReadAction\",\"target\":[\"http:\\\/\\\/vamosporlaliberacion.org\\\/crpmlm\\\/tierra-del-fuego-la-union-gremios-jubilados-gano-las-elecciones-del-ipauss\\\/\"]}]},{\"@type\":\"ImageObject\",\"inLanguage\":\"es\",\"@id\":\"http:\\\/\\\/vamosporlaliberacion.org\\\/crpmlm\\\/tierra-del-fuego-la-union-gremios-jubilados-gano-las-elecciones-del-ipauss\\\/#primaryimage\",\"url\":\"https:\\\/\\\/i0.wp.com\\\/vamosporlaliberacion.org\\\/crpmlm\\\/wp-content\\\/uploads\\\/2016\\\/12\\\/ipauss.jpg?fit=696%2C392&ssl=1\",\"contentUrl\":\"https:\\\/\\\/i0.wp.com\\\/vamosporlaliberacion.org\\\/crpmlm\\\/wp-content\\\/uploads\\\/2016\\\/12\\\/ipauss.jpg?fit=696%2C392&ssl=1\",\"width\":696,\"height\":392},{\"@type\":\"BreadcrumbList\",\"@id\":\"http:\\\/\\\/vamosporlaliberacion.org\\\/crpmlm\\\/tierra-del-fuego-la-union-gremios-jubilados-gano-las-elecciones-del-ipauss\\\/#breadcrumb\",\"itemListElement\":[{\"@type\":\"ListItem\",\"position\":1,\"name\":\"Portada\",\"item\":\"https:\\\/\\\/vamosporlaliberacion.org\\\/crpmlm\\\/\"},{\"@type\":\"ListItem\",\"position\":2,\"name\":\"Tierra del Fuego: La Uni\u00f3n de Gremios y Jubilados gan\u00f3 las elecciones del IPAUSS\"}]},{\"@type\":\"WebSite\",\"@id\":\"https:\\\/\\\/vamosporlaliberacion.org\\\/crpmlm\\\/#website\",\"url\":\"https:\\\/\\\/vamosporlaliberacion.org\\\/crpmlm\\\/\",\"name\":\"Vamos por la Liberaci\u00f3n\",\"description\":\"Prensa CR\",\"potentialAction\":[{\"@type\":\"SearchAction\",\"target\":{\"@type\":\"EntryPoint\",\"urlTemplate\":\"https:\\\/\\\/vamosporlaliberacion.org\\\/crpmlm\\\/?s={search_term_string}\"},\"query-input\":{\"@type\":\"PropertyValueSpecification\",\"valueRequired\":true,\"valueName\":\"search_term_string\"}}],\"inLanguage\":\"es\"},{\"@type\":\"Person\",\"@id\":\"\",\"url\":\"http:\\\/\\\/vamosporlaliberacion.org\\\/crpmlm\\\/author\\\/\"}]}<\/script>\n<!-- \/ Yoast SEO plugin. -->","yoast_head_json":{"title":"Tierra del Fuego: La Uni\u00f3n de Gremios y Jubilados gan\u00f3 las elecciones del IPAUSS - Vamos por la Liberaci\u00f3n","robots":{"index":"index","follow":"follow","max-snippet":"max-snippet:-1","max-image-preview":"max-image-preview:large","max-video-preview":"max-video-preview:-1"},"canonical":"http:\/\/vamosporlaliberacion.org\/crpmlm\/tierra-del-fuego-la-union-gremios-jubilados-gano-las-elecciones-del-ipauss\/","twitter_misc":{"Escrito por":"","Tiempo de lectura":"4 minutos"},"schema":{"@context":"https:\/\/schema.org","@graph":[{"@type":"Article","@id":"http:\/\/vamosporlaliberacion.org\/crpmlm\/tierra-del-fuego-la-union-gremios-jubilados-gano-las-elecciones-del-ipauss\/#article","isPartOf":{"@id":"http:\/\/vamosporlaliberacion.org\/crpmlm\/tierra-del-fuego-la-union-gremios-jubilados-gano-las-elecciones-del-ipauss\/"},"author":{"name":"","@id":""},"headline":"Tierra del Fuego: La Uni\u00f3n de Gremios y Jubilados gan\u00f3 las elecciones del IPAUSS","datePublished":"2016-12-16T01:11:14+00:00","dateModified":"2016-12-16T14:15:35+00:00","mainEntityOfPage":{"@id":"http:\/\/vamosporlaliberacion.org\/crpmlm\/tierra-del-fuego-la-union-gremios-jubilados-gano-las-elecciones-del-ipauss\/"},"wordCount":736,"commentCount":0,"image":{"@id":"http:\/\/vamosporlaliberacion.org\/crpmlm\/tierra-del-fuego-la-union-gremios-jubilados-gano-las-elecciones-del-ipauss\/#primaryimage"},"thumbnailUrl":"https:\/\/i0.wp.com\/vamosporlaliberacion.org\/crpmlm\/wp-content\/uploads\/2016\/12\/ipauss.jpg?fit=696%2C392&ssl=1","keywords":["Tierra del Fuego","Uni\u00f3 de Gremios y Jubilados","vxl 89"],"articleSection":["Noticias"],"inLanguage":"es","potentialAction":[{"@type":"CommentAction","name":"Comment","target":["http:\/\/vamosporlaliberacion.org\/crpmlm\/tierra-del-fuego-la-union-gremios-jubilados-gano-las-elecciones-del-ipauss\/#respond"]}]},{"@type":"WebPage","@id":"http:\/\/vamosporlaliberacion.org\/crpmlm\/tierra-del-fuego-la-union-gremios-jubilados-gano-las-elecciones-del-ipauss\/","url":"http:\/\/vamosporlaliberacion.org\/crpmlm\/tierra-del-fuego-la-union-gremios-jubilados-gano-las-elecciones-del-ipauss\/","name":"Tierra del Fuego: La Uni\u00f3n de Gremios y Jubilados gan\u00f3 las elecciones del IPAUSS - Vamos por la Liberaci\u00f3n","isPartOf":{"@id":"https:\/\/vamosporlaliberacion.org\/crpmlm\/#website"},"primaryImageOfPage":{"@id":"http:\/\/vamosporlaliberacion.org\/crpmlm\/tierra-del-fuego-la-union-gremios-jubilados-gano-las-elecciones-del-ipauss\/#primaryimage"},"image":{"@id":"http:\/\/vamosporlaliberacion.org\/crpmlm\/tierra-del-fuego-la-union-gremios-jubilados-gano-las-elecciones-del-ipauss\/#primaryimage"},"thumbnailUrl":"https:\/\/i0.wp.com\/vamosporlaliberacion.org\/crpmlm\/wp-content\/uploads\/2016\/12\/ipauss.jpg?fit=696%2C392&ssl=1","datePublished":"2016-12-16T01:11:14+00:00","dateModified":"2016-12-16T14:15:35+00:00","author":{"@id":""},"breadcrumb":{"@id":"http:\/\/vamosporlaliberacion.org\/crpmlm\/tierra-del-fuego-la-union-gremios-jubilados-gano-las-elecciones-del-ipauss\/#breadcrumb"},"inLanguage":"es","potentialAction":[{"@type":"ReadAction","target":["http:\/\/vamosporlaliberacion.org\/crpmlm\/tierra-del-fuego-la-union-gremios-jubilados-gano-las-elecciones-del-ipauss\/"]}]},{"@type":"ImageObject","inLanguage":"es","@id":"http:\/\/vamosporlaliberacion.org\/crpmlm\/tierra-del-fuego-la-union-gremios-jubilados-gano-las-elecciones-del-ipauss\/#primaryimage","url":"https:\/\/i0.wp.com\/vamosporlaliberacion.org\/crpmlm\/wp-content\/uploads\/2016\/12\/ipauss.jpg?fit=696%2C392&ssl=1","contentUrl":"https:\/\/i0.wp.com\/vamosporlaliberacion.org\/crpmlm\/wp-content\/uploads\/2016\/12\/ipauss.jpg?fit=696%2C392&ssl=1","width":696,"height":392},{"@type":"BreadcrumbList","@id":"http:\/\/vamosporlaliberacion.org\/crpmlm\/tierra-del-fuego-la-union-gremios-jubilados-gano-las-elecciones-del-ipauss\/#breadcrumb","itemListElement":[{"@type":"ListItem","position":1,"name":"Portada","item":"https:\/\/vamosporlaliberacion.org\/crpmlm\/"},{"@type":"ListItem","position":2,"name":"Tierra del Fuego: La Uni\u00f3n de Gremios y Jubilados gan\u00f3 las elecciones del IPAUSS"}]},{"@type":"WebSite","@id":"https:\/\/vamosporlaliberacion.org\/crpmlm\/#website","url":"https:\/\/vamosporlaliberacion.org\/crpmlm\/","name":"Vamos por la Liberaci\u00f3n","description":"Prensa CR","potentialAction":[{"@type":"SearchAction","target":{"@type":"EntryPoint","urlTemplate":"https:\/\/vamosporlaliberacion.org\/crpmlm\/?s={search_term_string}"},"query-input":{"@type":"PropertyValueSpecification","valueRequired":true,"valueName":"search_term_string"}}],"inLanguage":"es"},{"@type":"Person","@id":"","url":"http:\/\/vamosporlaliberacion.org\/crpmlm\/author\/"}]}},"jetpack_featured_media_url":"https:\/\/i0.wp.com\/vamosporlaliberacion.org\/crpmlm\/wp-content\/uploads\/2016\/12\/ipauss.jpg?fit=696%2C392&ssl=1","jetpack_sharing_enabled":true,"_links":{"self":[{"href":"http:\/\/vamosporlaliberacion.org\/crpmlm\/wp-json\/wp\/v2\/posts\/8192","targetHints":{"allow":["GET"]}}],"collection":[{"href":"http:\/\/vamosporlaliberacion.org\/crpmlm\/wp-json\/wp\/v2\/posts"}],"about":[{"href":"http:\/\/vamosporlaliberacion.org\/crpmlm\/wp-json\/wp\/v2\/types\/post"}],"author":[{"embeddable":true,"href":"http:\/\/vamosporlaliberacion.org\/crpmlm\/wp-json\/wp\/v2\/users\/5"}],"replies":[{"embeddable":true,"href":"http:\/\/vamosporlaliberacion.org\/crpmlm\/wp-json\/wp\/v2\/comments?post=8192"}],"version-history":[{"count":0,"href":"http:\/\/vamosporlaliberacion.org\/crpmlm\/wp-json\/wp\/v2\/posts\/8192\/revisions"}],"wp:featuredmedia":[{"embeddable":true,"href":"http:\/\/vamosporlaliberacion.org\/crpmlm\/wp-json\/wp\/v2\/media\/8236"}],"wp:attachment":[{"href":"http:\/\/vamosporlaliberacion.org\/crpmlm\/wp-json\/wp\/v2\/media?parent=8192"}],"wp:term":[{"taxonomy":"category","embeddable":true,"href":"http:\/\/vamosporlaliberacion.org\/crpmlm\/wp-json\/wp\/v2\/categories?post=8192"},{"taxonomy":"post_tag","embeddable":true,"href":"http:\/\/vamosporlaliberacion.org\/crpmlm\/wp-json\/wp\/v2\/tags?post=8192"}],"curies":[{"name":"wp","href":"https:\/\/api.w.org\/{rel}","templated":true}]}}