{"id":8063,"date":"2016-11-30T18:36:29","date_gmt":"2016-11-30T21:36:29","guid":{"rendered":"http:\/\/vamosporlaliberacion.org\/crpmlm\/?p=8063"},"modified":"2016-12-01T10:23:40","modified_gmt":"2016-12-01T13:23:40","slug":"ante-acuerdo-la-ley-emergencia-social","status":"publish","type":"post","link":"http:\/\/vamosporlaliberacion.org\/crpmlm\/ante-acuerdo-la-ley-emergencia-social\/","title":{"rendered":"Ante el acuerdo por la Ley de Emergencia Social"},"content":{"rendered":"<p class=\"Parrafo-inicial\"><span class=\"char-style-override-1\">R<\/span>eproducimos parte de la declaraci\u00f3n de la Agrupaci\u00f3n Clasista Lucha y Trabajo, parte de la Corriente Clasista Ren\u00e9 Salamanca:<\/p>\n<p class=\"Texto-base\">\u201cA lo largo del a\u00f1o, un conjunto de organizaciones sociales (CTEP, BARRIOS DE PIE Y CCC) articulando sus pol\u00edticas con las posiciones papales y una notoria movilizaci\u00f3n el d\u00eda de San Cayetano, fueron proyectando la propuesta de Ley de Emergencia Social que ten\u00eda como centro la creaci\u00f3n de 1 mill\u00f3n de puestos en el Programa Argentina Trabaja al valor de un salario m\u00ednimo de $8000. Lograron que tomaran el Proyecto los senadores opositores y la CGT, que buscaron el momento m\u00e1s propicio para avanzar en la media sanci\u00f3n a partir de la debilidad oficialista sobre todo en esa c\u00e1mara del Congreso. Este proyecto implicaba un presupuesto de 125 mil millones de pesos con la estructura actual del Programa Argentina Trabaja, financiado parcialmente con impuestos a la renta financiera, al juego y a la miner\u00eda.<\/p>\n<p class=\"Texto-base\">Con la media sanci\u00f3n en el senado de la ley y con la necesidad pol\u00edtica del Gobierno de un \u201cdiciembre tranquilo\u201d, se llega al acto del 18 de noviembre en el Congreso donde la CGT se convierte en principal convocante y movilizando importantes columnas de trabajadores. Esto le sirvi\u00f3 a la CGT para descomprimir ante el reclamo de paro general.<\/p>\n<p class=\"Texto-base\">Nuestro frente de lucha particip\u00f3 de la jornada con un corte desde la ma\u00f1ana en las Av. Callao y Corrientes y un acto al mediod\u00eda, moviliz\u00e1ndose varias organizaciones del frente al Congreso con la consigna \u201cAnte la Emergencia Social, Paro General por Trabajo de Verdad\u201d.<\/p>\n<p class=\"Texto-base\">La convocatoria a sesi\u00f3n especial de la c\u00e1mara de diputados por parte de la oposici\u00f3n encabezados por el Masismo para la sanci\u00f3n de la Ley de Emergencia Social y la Ley del Impuesto a las Ganancias puso al gobierno ante la posibilidad de tener que vetar las leyes con la consiguiente respuesta popular esfum\u00e1ndose el \u201cdiciembre tranquilo\u201d necesario para arrancar la campa\u00f1a electoral en el verano.<\/p>\n<p class=\"Texto-base\">Ante esta situaci\u00f3n el Gobierno convoc\u00f3 a dichas organizaciones a negociar un nuevo proyecto de Ley de Emergencia Social y con el resto de los bloques del Congreso las leyes a tratar en el per\u00edodo de sesiones extraordinarias.<\/p>\n<p class=\"Texto-base\">El acta acuerdo firmada por los Ministerios de Trabajo y de Desarrollo Social y por la CTEP, BARRIOS DE PIE y la CCC establece la declaraci\u00f3n de la Emergencia Social hasta el 31\/12\/2019; la creaci\u00f3n del Consejo de la Econom\u00eda Popular y el Salario Social Complementario y del Registro de la Econom\u00eda Popular; implementaci\u00f3n progresiva del Salario Social Complementario; llevar la retribuci\u00f3n de los Programas Argentina Trabaja, Ellas Hacen y de Trabajo Autogestionado a $4.000 desde diciembre; medio aguinaldo social de $2.030 a cobrar antes del 29\/12 para los programas Argentina Trabaja y Ellas Hacen; 40% de aumento de alimentos a comedores comunitarios y de 63% a merenderos; 1 mill\u00f3n de canastas navide\u00f1as; $1.000 por grupo familiar m\u00e1s $250 por hijo a los beneficiarios de la Asignaci\u00f3n Universal por Hijo; reasignar en los presupuestos por parte del Poder Ejecutivo a lo largo de los 3 a\u00f1os de la Emergencia Social 30.000 millones de pesos en programas de trabajo.<\/p>\n<p class=\"Texto-base\">Para tomar dimensi\u00f3n del significado de los 30.000 millones de pesos en 3 a\u00f1os frente a la crisis social que profundiza la pol\u00edtica de Macri, veamos la magnitud que implican al d\u00eda de hoy estos programas.<\/p>\n<p class=\"Texto-base\">En los Programas Argentina Trabaja y Ellas Hacen existen unos 200.000 inscriptos (reconocido oficialmente) que han pasado de 2600 pesos a fin del 2015 a 3100 pesos al comienzo 2016 y a 3400 pesos actualmente, lo que implica unos 10.000 millones de pesos incluyendo a los recursos necesarios para los proyectos. Llevando este programa a 4000 pesos con los recursos necesarios para los proyectos, en el 2017 implicar\u00eda para la misma cantidad de beneficiarios un presupuesto de 13.200 millones sin tener en cuenta actualizaciones inflacionarias. En el Ministerio de Trabajo sus programas (PTA, Construir Empleo, Entrenamiento Laboral) abarcan a unas 320.000 personas e implican un presupuesto anual de unos 10.000 millones de pesos en el 2016, yendo a unos 13.000 millones en el 2017.<\/p>\n<p class=\"Texto-base\">En resumen, estos programas involucran a unas 520.000 personas que con ingresos de 4000 pesos (no en todos los programas) sumar\u00edan un presupuesto de m\u00e1s de 26.000 millones de pesos en un a\u00f1o. Con una modesta actualizaci\u00f3n inflacionaria del 25% en el 2017, estos programas superar\u00edan los 33.000 millones de pesos en un a\u00f1o. Descontando la actualizaci\u00f3n inflacionaria de los 10.000 millones anuales, ya que la reasignaci\u00f3n de esos quedan a discreci\u00f3n de la Jefatura de Gabinete, el resultado es no m\u00e1s de 3.000 millones por a\u00f1o para el ingreso de nuevas personas a los programas, lo que equivale a unas 40.000 personas al a\u00f1o.<\/p>\n<p class=\"Texto-base\">Frente a la realidad de 13 millones de personas en la pobreza y la indigencia, sin trabajo o con trabajo precario, donde la canasta b\u00e1sica de alimentos est\u00e1 en 13.000 pesos y una situaci\u00f3n inflacionaria (40% anual) sin control hasta ahora, el ingreso de s\u00f3lo 40.000 personas anuales en programas de trabajo bajo la Emergencia Social parece una aspirina que intenta curar el c\u00e1ncer.<\/p>\n<p class=\"Texto-base\">Aun as\u00ed, los puntos reivindicativos contenidos en el acta acuerdo son un avance de todos los trabajadores precarizados y desocupados que han luchado a lo largo del a\u00f1o contra la pol\u00edtica de Macri y los gobernadores ajustadores, y no de quienes se atribuyen la representaci\u00f3n del conjunto.<\/p>\n<p class=\"Texto-base\">Habiendo analizado hasta aqu\u00ed la verdadera dimensi\u00f3n de lo expresado en el acta acuerdo con respecto a las reivindicaciones y el compromiso presupuestario asumido por el gobierno, tambi\u00e9n hay que se\u00f1alar el costo que estas organizaciones le hacen pagar al pueblo cuando firman seguido al p\u00e1rrafo final del acta que dice: \u201cHabiendo alcanzado un acuerdo, las organizaciones presentes con la finalidad de colaborar en la conciliaci\u00f3n aqu\u00ed alcanzada se abstendr\u00e1n de cualquier situaci\u00f3n conflictiva cualquiera sea su naturaleza. Dicha obligaci\u00f3n alcanza a las partes firmantes de acuerdo con la representaci\u00f3n que ostentan, y estas se obligan, en su propio nombre y en el de sus representantes\u201d.<\/p>\n<p class=\"Texto-base\">La firma de la tregua para la paz social por parte de estas organizaciones, expresada en ese p\u00e1rrafo final del acta, es una gran contribuci\u00f3n que hacen a la gobernabilidad de un gobierno hambreador y un gran favor a las clases dominantes que se preparan para avanzar con todo sobre el movimiento obrero descargando la crisis. Y lo que es peor a\u00fan, en una actitud vergonzante publican el acta acuerdo como solicitada en diarios ocultando el p\u00e1rrafo final de \u201cpaz social\u201d, buscando de forma enga\u00f1osa que otras organizaciones sociales firmen de buena fe.<\/p>\n<p class=\"Texto-base\">El alto costo de su claudicaci\u00f3n, que pretenden hacerle pagar el pueblo, deber\u00e1 ser revertido con la lucha de todos aquellos que no est\u00e1n representados por dichas posiciones.\u201d<\/p>\n<p class=\"Texto-base\">\n<!-- AddThis Advanced Settings generic via filter on the_content --><!-- AddThis Share Buttons generic via filter on the_content -->","protected":false},"excerpt":{"rendered":"<p>Reproducimos parte de la declaraci\u00f3n de la Agrupaci\u00f3n Clasista Lucha y Trabajo, parte de la Corriente Clasista Ren\u00e9 Salamanca: \u201cA lo largo del a\u00f1o, un conjunto de organizaciones sociales (CTEP, BARRIOS DE PIE Y CCC) articulando sus pol\u00edticas con las posiciones papales y una notoria movilizaci\u00f3n el d\u00eda de San Cayetano, fueron proyectando la propuesta [&hellip;]<!-- AddThis Advanced Settings generic via filter on get_the_excerpt --><!-- AddThis Share Buttons generic via filter on get_the_excerpt --><\/p>\n","protected":false},"author":5,"featured_media":8135,"comment_status":"open","ping_status":"open","sticky":false,"template":"","format":"standard","meta":{"_jetpack_memberships_contains_paid_content":false,"footnotes":""},"categories":[1699],"tags":[519,879,878],"class_list":{"0":"post-8063","1":"post","2":"type-post","3":"status-publish","4":"format-standard","5":"has-post-thumbnail","7":"category-noticias","8":"tag-destacado","9":"tag-emergencia-social","10":"tag-vxl-88"},"yoast_head":"<!-- This site is optimized with the Yoast SEO plugin v27.4 - https:\/\/yoast.com\/product\/yoast-seo-wordpress\/ -->\n<title>Ante el acuerdo por la Ley de Emergencia Social - Vamos por la Liberaci\u00f3n<\/title>\n<meta name=\"robots\" content=\"index, follow, max-snippet:-1, max-image-preview:large, max-video-preview:-1\" \/>\n<link rel=\"canonical\" href=\"http:\/\/vamosporlaliberacion.org\/crpmlm\/ante-acuerdo-la-ley-emergencia-social\/\" \/>\n<meta name=\"twitter:label1\" content=\"Escrito por\" \/>\n\t<meta name=\"twitter:data1\" content=\"\" \/>\n\t<meta name=\"twitter:label2\" content=\"Tiempo de lectura\" \/>\n\t<meta name=\"twitter:data2\" content=\"6 minutos\" \/>\n<script type=\"application\/ld+json\" class=\"yoast-schema-graph\">{\"@context\":\"https:\\\/\\\/schema.org\",\"@graph\":[{\"@type\":\"Article\",\"@id\":\"http:\\\/\\\/vamosporlaliberacion.org\\\/crpmlm\\\/ante-acuerdo-la-ley-emergencia-social\\\/#article\",\"isPartOf\":{\"@id\":\"http:\\\/\\\/vamosporlaliberacion.org\\\/crpmlm\\\/ante-acuerdo-la-ley-emergencia-social\\\/\"},\"author\":{\"name\":\"\",\"@id\":\"\"},\"headline\":\"Ante el acuerdo por la Ley de Emergencia Social\",\"datePublished\":\"2016-11-30T21:36:29+00:00\",\"dateModified\":\"2016-12-01T13:23:40+00:00\",\"mainEntityOfPage\":{\"@id\":\"http:\\\/\\\/vamosporlaliberacion.org\\\/crpmlm\\\/ante-acuerdo-la-ley-emergencia-social\\\/\"},\"wordCount\":1165,\"commentCount\":0,\"image\":{\"@id\":\"http:\\\/\\\/vamosporlaliberacion.org\\\/crpmlm\\\/ante-acuerdo-la-ley-emergencia-social\\\/#primaryimage\"},\"thumbnailUrl\":\"https:\\\/\\\/i0.wp.com\\\/vamosporlaliberacion.org\\\/crpmlm\\\/wp-content\\\/uploads\\\/2016\\\/11\\\/ccrs-1.jpg?fit=696%2C392&ssl=1\",\"keywords\":[\"destacado\",\"emergencia social\",\"vxl 88\"],\"articleSection\":[\"Noticias\"],\"inLanguage\":\"es\",\"potentialAction\":[{\"@type\":\"CommentAction\",\"name\":\"Comment\",\"target\":[\"http:\\\/\\\/vamosporlaliberacion.org\\\/crpmlm\\\/ante-acuerdo-la-ley-emergencia-social\\\/#respond\"]}]},{\"@type\":\"WebPage\",\"@id\":\"http:\\\/\\\/vamosporlaliberacion.org\\\/crpmlm\\\/ante-acuerdo-la-ley-emergencia-social\\\/\",\"url\":\"http:\\\/\\\/vamosporlaliberacion.org\\\/crpmlm\\\/ante-acuerdo-la-ley-emergencia-social\\\/\",\"name\":\"Ante el acuerdo por la Ley de Emergencia Social - Vamos por la Liberaci\u00f3n\",\"isPartOf\":{\"@id\":\"https:\\\/\\\/vamosporlaliberacion.org\\\/crpmlm\\\/#website\"},\"primaryImageOfPage\":{\"@id\":\"http:\\\/\\\/vamosporlaliberacion.org\\\/crpmlm\\\/ante-acuerdo-la-ley-emergencia-social\\\/#primaryimage\"},\"image\":{\"@id\":\"http:\\\/\\\/vamosporlaliberacion.org\\\/crpmlm\\\/ante-acuerdo-la-ley-emergencia-social\\\/#primaryimage\"},\"thumbnailUrl\":\"https:\\\/\\\/i0.wp.com\\\/vamosporlaliberacion.org\\\/crpmlm\\\/wp-content\\\/uploads\\\/2016\\\/11\\\/ccrs-1.jpg?fit=696%2C392&ssl=1\",\"datePublished\":\"2016-11-30T21:36:29+00:00\",\"dateModified\":\"2016-12-01T13:23:40+00:00\",\"author\":{\"@id\":\"\"},\"breadcrumb\":{\"@id\":\"http:\\\/\\\/vamosporlaliberacion.org\\\/crpmlm\\\/ante-acuerdo-la-ley-emergencia-social\\\/#breadcrumb\"},\"inLanguage\":\"es\",\"potentialAction\":[{\"@type\":\"ReadAction\",\"target\":[\"http:\\\/\\\/vamosporlaliberacion.org\\\/crpmlm\\\/ante-acuerdo-la-ley-emergencia-social\\\/\"]}]},{\"@type\":\"ImageObject\",\"inLanguage\":\"es\",\"@id\":\"http:\\\/\\\/vamosporlaliberacion.org\\\/crpmlm\\\/ante-acuerdo-la-ley-emergencia-social\\\/#primaryimage\",\"url\":\"https:\\\/\\\/i0.wp.com\\\/vamosporlaliberacion.org\\\/crpmlm\\\/wp-content\\\/uploads\\\/2016\\\/11\\\/ccrs-1.jpg?fit=696%2C392&ssl=1\",\"contentUrl\":\"https:\\\/\\\/i0.wp.com\\\/vamosporlaliberacion.org\\\/crpmlm\\\/wp-content\\\/uploads\\\/2016\\\/11\\\/ccrs-1.jpg?fit=696%2C392&ssl=1\",\"width\":696,\"height\":392},{\"@type\":\"BreadcrumbList\",\"@id\":\"http:\\\/\\\/vamosporlaliberacion.org\\\/crpmlm\\\/ante-acuerdo-la-ley-emergencia-social\\\/#breadcrumb\",\"itemListElement\":[{\"@type\":\"ListItem\",\"position\":1,\"name\":\"Portada\",\"item\":\"https:\\\/\\\/vamosporlaliberacion.org\\\/crpmlm\\\/\"},{\"@type\":\"ListItem\",\"position\":2,\"name\":\"Ante el acuerdo por la Ley de Emergencia Social\"}]},{\"@type\":\"WebSite\",\"@id\":\"https:\\\/\\\/vamosporlaliberacion.org\\\/crpmlm\\\/#website\",\"url\":\"https:\\\/\\\/vamosporlaliberacion.org\\\/crpmlm\\\/\",\"name\":\"Vamos por la Liberaci\u00f3n\",\"description\":\"Prensa CR\",\"potentialAction\":[{\"@type\":\"SearchAction\",\"target\":{\"@type\":\"EntryPoint\",\"urlTemplate\":\"https:\\\/\\\/vamosporlaliberacion.org\\\/crpmlm\\\/?s={search_term_string}\"},\"query-input\":{\"@type\":\"PropertyValueSpecification\",\"valueRequired\":true,\"valueName\":\"search_term_string\"}}],\"inLanguage\":\"es\"},{\"@type\":\"Person\",\"@id\":\"\",\"url\":\"http:\\\/\\\/vamosporlaliberacion.org\\\/crpmlm\\\/author\\\/\"}]}<\/script>\n<!-- \/ Yoast SEO plugin. -->","yoast_head_json":{"title":"Ante el acuerdo por la Ley de Emergencia Social - Vamos por la Liberaci\u00f3n","robots":{"index":"index","follow":"follow","max-snippet":"max-snippet:-1","max-image-preview":"max-image-preview:large","max-video-preview":"max-video-preview:-1"},"canonical":"http:\/\/vamosporlaliberacion.org\/crpmlm\/ante-acuerdo-la-ley-emergencia-social\/","twitter_misc":{"Escrito por":"","Tiempo de lectura":"6 minutos"},"schema":{"@context":"https:\/\/schema.org","@graph":[{"@type":"Article","@id":"http:\/\/vamosporlaliberacion.org\/crpmlm\/ante-acuerdo-la-ley-emergencia-social\/#article","isPartOf":{"@id":"http:\/\/vamosporlaliberacion.org\/crpmlm\/ante-acuerdo-la-ley-emergencia-social\/"},"author":{"name":"","@id":""},"headline":"Ante el acuerdo por la Ley de Emergencia Social","datePublished":"2016-11-30T21:36:29+00:00","dateModified":"2016-12-01T13:23:40+00:00","mainEntityOfPage":{"@id":"http:\/\/vamosporlaliberacion.org\/crpmlm\/ante-acuerdo-la-ley-emergencia-social\/"},"wordCount":1165,"commentCount":0,"image":{"@id":"http:\/\/vamosporlaliberacion.org\/crpmlm\/ante-acuerdo-la-ley-emergencia-social\/#primaryimage"},"thumbnailUrl":"https:\/\/i0.wp.com\/vamosporlaliberacion.org\/crpmlm\/wp-content\/uploads\/2016\/11\/ccrs-1.jpg?fit=696%2C392&ssl=1","keywords":["destacado","emergencia social","vxl 88"],"articleSection":["Noticias"],"inLanguage":"es","potentialAction":[{"@type":"CommentAction","name":"Comment","target":["http:\/\/vamosporlaliberacion.org\/crpmlm\/ante-acuerdo-la-ley-emergencia-social\/#respond"]}]},{"@type":"WebPage","@id":"http:\/\/vamosporlaliberacion.org\/crpmlm\/ante-acuerdo-la-ley-emergencia-social\/","url":"http:\/\/vamosporlaliberacion.org\/crpmlm\/ante-acuerdo-la-ley-emergencia-social\/","name":"Ante el acuerdo por la Ley de Emergencia Social - Vamos por la Liberaci\u00f3n","isPartOf":{"@id":"https:\/\/vamosporlaliberacion.org\/crpmlm\/#website"},"primaryImageOfPage":{"@id":"http:\/\/vamosporlaliberacion.org\/crpmlm\/ante-acuerdo-la-ley-emergencia-social\/#primaryimage"},"image":{"@id":"http:\/\/vamosporlaliberacion.org\/crpmlm\/ante-acuerdo-la-ley-emergencia-social\/#primaryimage"},"thumbnailUrl":"https:\/\/i0.wp.com\/vamosporlaliberacion.org\/crpmlm\/wp-content\/uploads\/2016\/11\/ccrs-1.jpg?fit=696%2C392&ssl=1","datePublished":"2016-11-30T21:36:29+00:00","dateModified":"2016-12-01T13:23:40+00:00","author":{"@id":""},"breadcrumb":{"@id":"http:\/\/vamosporlaliberacion.org\/crpmlm\/ante-acuerdo-la-ley-emergencia-social\/#breadcrumb"},"inLanguage":"es","potentialAction":[{"@type":"ReadAction","target":["http:\/\/vamosporlaliberacion.org\/crpmlm\/ante-acuerdo-la-ley-emergencia-social\/"]}]},{"@type":"ImageObject","inLanguage":"es","@id":"http:\/\/vamosporlaliberacion.org\/crpmlm\/ante-acuerdo-la-ley-emergencia-social\/#primaryimage","url":"https:\/\/i0.wp.com\/vamosporlaliberacion.org\/crpmlm\/wp-content\/uploads\/2016\/11\/ccrs-1.jpg?fit=696%2C392&ssl=1","contentUrl":"https:\/\/i0.wp.com\/vamosporlaliberacion.org\/crpmlm\/wp-content\/uploads\/2016\/11\/ccrs-1.jpg?fit=696%2C392&ssl=1","width":696,"height":392},{"@type":"BreadcrumbList","@id":"http:\/\/vamosporlaliberacion.org\/crpmlm\/ante-acuerdo-la-ley-emergencia-social\/#breadcrumb","itemListElement":[{"@type":"ListItem","position":1,"name":"Portada","item":"https:\/\/vamosporlaliberacion.org\/crpmlm\/"},{"@type":"ListItem","position":2,"name":"Ante el acuerdo por la Ley de Emergencia Social"}]},{"@type":"WebSite","@id":"https:\/\/vamosporlaliberacion.org\/crpmlm\/#website","url":"https:\/\/vamosporlaliberacion.org\/crpmlm\/","name":"Vamos por la Liberaci\u00f3n","description":"Prensa CR","potentialAction":[{"@type":"SearchAction","target":{"@type":"EntryPoint","urlTemplate":"https:\/\/vamosporlaliberacion.org\/crpmlm\/?s={search_term_string}"},"query-input":{"@type":"PropertyValueSpecification","valueRequired":true,"valueName":"search_term_string"}}],"inLanguage":"es"},{"@type":"Person","@id":"","url":"http:\/\/vamosporlaliberacion.org\/crpmlm\/author\/"}]}},"jetpack_featured_media_url":"https:\/\/i0.wp.com\/vamosporlaliberacion.org\/crpmlm\/wp-content\/uploads\/2016\/11\/ccrs-1.jpg?fit=696%2C392&ssl=1","jetpack_sharing_enabled":true,"_links":{"self":[{"href":"http:\/\/vamosporlaliberacion.org\/crpmlm\/wp-json\/wp\/v2\/posts\/8063","targetHints":{"allow":["GET"]}}],"collection":[{"href":"http:\/\/vamosporlaliberacion.org\/crpmlm\/wp-json\/wp\/v2\/posts"}],"about":[{"href":"http:\/\/vamosporlaliberacion.org\/crpmlm\/wp-json\/wp\/v2\/types\/post"}],"author":[{"embeddable":true,"href":"http:\/\/vamosporlaliberacion.org\/crpmlm\/wp-json\/wp\/v2\/users\/5"}],"replies":[{"embeddable":true,"href":"http:\/\/vamosporlaliberacion.org\/crpmlm\/wp-json\/wp\/v2\/comments?post=8063"}],"version-history":[{"count":0,"href":"http:\/\/vamosporlaliberacion.org\/crpmlm\/wp-json\/wp\/v2\/posts\/8063\/revisions"}],"wp:featuredmedia":[{"embeddable":true,"href":"http:\/\/vamosporlaliberacion.org\/crpmlm\/wp-json\/wp\/v2\/media\/8135"}],"wp:attachment":[{"href":"http:\/\/vamosporlaliberacion.org\/crpmlm\/wp-json\/wp\/v2\/media?parent=8063"}],"wp:term":[{"taxonomy":"category","embeddable":true,"href":"http:\/\/vamosporlaliberacion.org\/crpmlm\/wp-json\/wp\/v2\/categories?post=8063"},{"taxonomy":"post_tag","embeddable":true,"href":"http:\/\/vamosporlaliberacion.org\/crpmlm\/wp-json\/wp\/v2\/tags?post=8063"}],"curies":[{"name":"wp","href":"https:\/\/api.w.org\/{rel}","templated":true}]}}